{"id":10177,"date":"2026-08-31T17:08:55","date_gmt":"2026-08-31T15:08:55","guid":{"rendered":"https:\/\/pulse-beziers.fr\/?p=10177"},"modified":"2026-08-31T17:08:57","modified_gmt":"2026-08-31T15:08:57","slug":"facturation-electronique-1er-septembre-2026-entreprises","status":"publish","type":"post","link":"https:\/\/pulse-beziers.fr\/index.php\/2026\/08\/31\/facturation-electronique-1er-septembre-2026-entreprises\/","title":{"rendered":"Facturation \u00e9lectronique : ce qui change d\u00e8s demain pour les entreprises"},"content":{"rendered":"\n<p><strong>C\u2019est l\u2019un des grands changements administratifs de la rentr\u00e9e.<\/strong><\/p>\n\n\n\n<p>\u00c0 partir du <strong>1er septembre 2026<\/strong>, toutes les entreprises assujetties \u00e0 la TVA devront \u00eatre capables de <strong>recevoir des factures \u00e9lectroniques<\/strong>.<\/p>\n\n\n\n<p>Les grandes entreprises et les ETI devront \u00e9galement commencer \u00e0 les \u00e9mettre \u00e9lectroniquement. Les TPE et PME auront jusqu\u2019au 1er septembre 2027 pour cette obligation d\u2019\u00e9mission.<\/p>\n\n\n\n<p>Attention : un simple PDF envoy\u00e9 par e-mail ne sera pas consid\u00e9r\u00e9 comme une facture \u00e9lectronique conforme. Les factures devront passer par une plateforme agr\u00e9\u00e9e ou une solution compatible.<\/p>\n\n\n\n<p>Pour les entreprises de l\u2019Agglo, le premier r\u00e9flexe est donc simple : v\u00e9rifier d\u00e8s maintenant sa plateforme de r\u00e9ception et la compatibilit\u00e9 de son logiciel de gestion.<\/p>\n\n\n\n<p>La facturation \u00e9lectronique ne concerne plus seulement les grandes entreprises : <strong>toutes les entreprises assujetties \u00e0 la TVA sont d\u00e9sormais dans le mouvement.<\/strong><\/p>\n\n\n\n<p>Pour plus d\u2019informations, contactez PULSE en cliquant ici : <a href=\"https:\/\/pulse-beziers.fr\/index.php\/contact\/\">https:\/\/pulse-beziers.fr\/index.php\/contact\/<\/a><\/p>\n","protected":false},"excerpt":{"rendered":"<p>C\u2019est l\u2019un des grands changements administratifs de la rentr\u00e9e. \u00c0 partir du 1er septembre 2026, toutes les entreprises assujetties \u00e0 la TVA devront \u00eatre capables de recevoir des factures \u00e9lectroniques. Les grandes entreprises et les ETI devront \u00e9galement commencer \u00e0 les \u00e9mettre \u00e9lectroniquement. Les TPE et PME auront jusqu\u2019au 1er septembre 2027 pour cette obligation [&hellip;]<\/p>\n","protected":false},"author":4,"featured_media":10179,"comment_status":"closed","ping_status":"open","sticky":false,"template":"","format":"standard","meta":{"_jetpack_memberships_contains_paid_content":false,"footnotes":""},"categories":[9,197],"tags":[],"class_list":["post-10177","post","type-post","status-publish","format-standard","has-post-thumbnail","hentry","category-information","category-lois"],"yoast_head":"<!-- This site is optimized with the Yoast SEO plugin v28.2 - https:\/\/yoast.com\/product\/yoast-seo-wordpress\/ -->\n<title>Facturation \u00e9lectronique : ce qui change d\u00e8s demain pour les entreprises - PULSE<\/title>\n<meta name=\"description\" content=\"D\u00e8s le 1er septembre 2026, toutes les entreprises assujetties \u00e0 la TVA devront pouvoir recevoir des factures \u00e9lectroniques.\" \/>\n<meta name=\"robots\" content=\"index, follow, max-snippet:-1, max-image-preview:large, max-video-preview:-1\" \/>\n<link rel=\"canonical\" href=\"https:\/\/pulse-beziers.fr\/index.php\/2026\/08\/31\/facturation-electronique-1er-septembre-2026-entreprises\/\" \/>\n<meta property=\"og:locale\" content=\"fr_FR\" \/>\n<meta property=\"og:type\" content=\"article\" \/>\n<meta property=\"og:title\" content=\"Facturation \u00e9lectronique : ce qui change d\u00e8s demain pour les entreprises - PULSE\" \/>\n<meta property=\"og:description\" content=\"D\u00e8s le 1er septembre 2026, toutes les entreprises assujetties \u00e0 la TVA devront pouvoir recevoir des factures \u00e9lectroniques.\" \/>\n<meta property=\"og:url\" content=\"https:\/\/pulse-beziers.fr\/index.php\/2026\/08\/31\/facturation-electronique-1er-septembre-2026-entreprises\/\" \/>\n<meta property=\"og:site_name\" content=\"PULSE\" \/>\n<meta property=\"article:published_time\" content=\"2026-08-31T15:08:55+00:00\" \/>\n<meta property=\"article:modified_time\" content=\"2026-08-31T15:08:57+00:00\" \/>\n<meta property=\"og:image\" content=\"https:\/\/pulse-beziers.fr\/wp-content\/uploads\/2026\/08\/ChatGPT-Image-31-aout-2026-16_59_38.png\" \/>\n\t<meta property=\"og:image:width\" content=\"1659\" \/>\n\t<meta property=\"og:image:height\" content=\"948\" \/>\n\t<meta property=\"og:image:type\" content=\"image\/png\" \/>\n<meta name=\"author\" content=\"Jordan\" \/>\n<meta name=\"twitter:card\" content=\"summary_large_image\" \/>\n<meta name=\"twitter:label1\" content=\"\u00c9crit par\" \/>\n\t<meta name=\"twitter:data1\" content=\"Jordan\" \/>\n\t<meta name=\"twitter:label2\" content=\"Dur\u00e9e de lecture estim\u00e9e\" \/>\n\t<meta name=\"twitter:data2\" content=\"1 minute\" \/>\n<script type=\"application\/ld+json\" class=\"yoast-schema-graph\">{\"@context\":\"https:\\\/\\\/schema.org\",\"@graph\":[{\"@type\":\"Article\",\"@id\":\"https:\\\/\\\/pulse-beziers.fr\\\/index.php\\\/2026\\\/08\\\/31\\\/facturation-electronique-1er-septembre-2026-entreprises\\\/#article\",\"isPartOf\":{\"@id\":\"https:\\\/\\\/pulse-beziers.fr\\\/index.php\\\/2026\\\/08\\\/31\\\/facturation-electronique-1er-septembre-2026-entreprises\\\/\"},\"author\":{\"name\":\"Jordan\",\"@id\":\"https:\\\/\\\/pulse-beziers.fr\\\/#\\\/schema\\\/person\\\/ce4160d5785562dc30723e520933e8e9\"},\"headline\":\"Facturation \u00e9lectronique : ce qui change d\u00e8s demain pour les entreprises\",\"datePublished\":\"2026-08-31T15:08:55+00:00\",\"dateModified\":\"2026-08-31T15:08:57+00:00\",\"mainEntityOfPage\":{\"@id\":\"https:\\\/\\\/pulse-beziers.fr\\\/index.php\\\/2026\\\/08\\\/31\\\/facturation-electronique-1er-septembre-2026-entreprises\\\/\"},\"wordCount\":165,\"publisher\":{\"@id\":\"https:\\\/\\\/pulse-beziers.fr\\\/#organization\"},\"image\":{\"@id\":\"https:\\\/\\\/pulse-beziers.fr\\\/index.php\\\/2026\\\/08\\\/31\\\/facturation-electronique-1er-septembre-2026-entreprises\\\/#primaryimage\"},\"thumbnailUrl\":\"https:\\\/\\\/pulse-beziers.fr\\\/wp-content\\\/uploads\\\/2026\\\/08\\\/ChatGPT-Image-31-aout-2026-16_59_38.png\",\"articleSection\":[\"INFORMATION\",\"LOIS\"],\"inLanguage\":\"fr-FR\"},{\"@type\":\"WebPage\",\"@id\":\"https:\\\/\\\/pulse-beziers.fr\\\/index.php\\\/2026\\\/08\\\/31\\\/facturation-electronique-1er-septembre-2026-entreprises\\\/\",\"url\":\"https:\\\/\\\/pulse-beziers.fr\\\/index.php\\\/2026\\\/08\\\/31\\\/facturation-electronique-1er-septembre-2026-entreprises\\\/\",\"name\":\"Facturation \u00e9lectronique : ce qui change d\u00e8s demain pour les entreprises - PULSE\",\"isPartOf\":{\"@id\":\"https:\\\/\\\/pulse-beziers.fr\\\/#website\"},\"primaryImageOfPage\":{\"@id\":\"https:\\\/\\\/pulse-beziers.fr\\\/index.php\\\/2026\\\/08\\\/31\\\/facturation-electronique-1er-septembre-2026-entreprises\\\/#primaryimage\"},\"image\":{\"@id\":\"https:\\\/\\\/pulse-beziers.fr\\\/index.php\\\/2026\\\/08\\\/31\\\/facturation-electronique-1er-septembre-2026-entreprises\\\/#primaryimage\"},\"thumbnailUrl\":\"https:\\\/\\\/pulse-beziers.fr\\\/wp-content\\\/uploads\\\/2026\\\/08\\\/ChatGPT-Image-31-aout-2026-16_59_38.png\",\"datePublished\":\"2026-08-31T15:08:55+00:00\",\"dateModified\":\"2026-08-31T15:08:57+00:00\",\"description\":\"D\u00e8s le 1er septembre 2026, toutes les entreprises assujetties \u00e0 la TVA devront pouvoir recevoir des factures \u00e9lectroniques.\",\"breadcrumb\":{\"@id\":\"https:\\\/\\\/pulse-beziers.fr\\\/index.php\\\/2026\\\/08\\\/31\\\/facturation-electronique-1er-septembre-2026-entreprises\\\/#breadcrumb\"},\"inLanguage\":\"fr-FR\",\"potentialAction\":[{\"@type\":\"ReadAction\",\"target\":[\"https:\\\/\\\/pulse-beziers.fr\\\/index.php\\\/2026\\\/08\\\/31\\\/facturation-electronique-1er-septembre-2026-entreprises\\\/\"]}]},{\"@type\":\"ImageObject\",\"inLanguage\":\"fr-FR\",\"@id\":\"https:\\\/\\\/pulse-beziers.fr\\\/index.php\\\/2026\\\/08\\\/31\\\/facturation-electronique-1er-septembre-2026-entreprises\\\/#primaryimage\",\"url\":\"https:\\\/\\\/pulse-beziers.fr\\\/wp-content\\\/uploads\\\/2026\\\/08\\\/ChatGPT-Image-31-aout-2026-16_59_38.png\",\"contentUrl\":\"https:\\\/\\\/pulse-beziers.fr\\\/wp-content\\\/uploads\\\/2026\\\/08\\\/ChatGPT-Image-31-aout-2026-16_59_38.png\",\"width\":1659,\"height\":948},{\"@type\":\"BreadcrumbList\",\"@id\":\"https:\\\/\\\/pulse-beziers.fr\\\/index.php\\\/2026\\\/08\\\/31\\\/facturation-electronique-1er-septembre-2026-entreprises\\\/#breadcrumb\",\"itemListElement\":[{\"@type\":\"ListItem\",\"position\":1,\"name\":\"Accueil\",\"item\":\"https:\\\/\\\/pulse-beziers.fr\\\/\"},{\"@type\":\"ListItem\",\"position\":2,\"name\":\"Facturation \u00e9lectronique : ce qui change d\u00e8s demain pour les entreprises\"}]},{\"@type\":\"WebSite\",\"@id\":\"https:\\\/\\\/pulse-beziers.fr\\\/#website\",\"url\":\"https:\\\/\\\/pulse-beziers.fr\\\/\",\"name\":\"PULSE\",\"description\":\"B\u00e9ziers M\u00e9diterran\u00e9e\",\"publisher\":{\"@id\":\"https:\\\/\\\/pulse-beziers.fr\\\/#organization\"},\"potentialAction\":[{\"@type\":\"SearchAction\",\"target\":{\"@type\":\"EntryPoint\",\"urlTemplate\":\"https:\\\/\\\/pulse-beziers.fr\\\/?s={search_term_string}\"},\"query-input\":{\"@type\":\"PropertyValueSpecification\",\"valueRequired\":true,\"valueName\":\"search_term_string\"}}],\"inLanguage\":\"fr-FR\"},{\"@type\":\"Organization\",\"@id\":\"https:\\\/\\\/pulse-beziers.fr\\\/#organization\",\"name\":\"PULSE\",\"url\":\"https:\\\/\\\/pulse-beziers.fr\\\/\",\"logo\":{\"@type\":\"ImageObject\",\"inLanguage\":\"fr-FR\",\"@id\":\"https:\\\/\\\/pulse-beziers.fr\\\/#\\\/schema\\\/logo\\\/image\\\/\",\"url\":\"https:\\\/\\\/pulse-beziers.fr\\\/wp-content\\\/uploads\\\/2023\\\/10\\\/PULSE_OK.png\",\"contentUrl\":\"https:\\\/\\\/pulse-beziers.fr\\\/wp-content\\\/uploads\\\/2023\\\/10\\\/PULSE_OK.png\",\"width\":1490,\"height\":506,\"caption\":\"PULSE\"},\"image\":{\"@id\":\"https:\\\/\\\/pulse-beziers.fr\\\/#\\\/schema\\\/logo\\\/image\\\/\"}},{\"@type\":\"Person\",\"@id\":\"https:\\\/\\\/pulse-beziers.fr\\\/#\\\/schema\\\/person\\\/ce4160d5785562dc30723e520933e8e9\",\"name\":\"Jordan\",\"image\":{\"@type\":\"ImageObject\",\"inLanguage\":\"fr-FR\",\"@id\":\"https:\\\/\\\/secure.gravatar.com\\\/avatar\\\/ae88e378bde730769fc25248bfc128d509bc64fc2fad4d6455517f85742a87fd?s=96&d=mm&r=g\",\"url\":\"https:\\\/\\\/secure.gravatar.com\\\/avatar\\\/ae88e378bde730769fc25248bfc128d509bc64fc2fad4d6455517f85742a87fd?s=96&d=mm&r=g\",\"contentUrl\":\"https:\\\/\\\/secure.gravatar.com\\\/avatar\\\/ae88e378bde730769fc25248bfc128d509bc64fc2fad4d6455517f85742a87fd?s=96&d=mm&r=g\",\"caption\":\"Jordan\"},\"url\":\"https:\\\/\\\/pulse-beziers.fr\\\/index.php\\\/author\\\/jordan\\\/\"}]}<\/script>\n<!-- \/ Yoast SEO plugin. -->","yoast_head_json":{"title":"Facturation \u00e9lectronique : ce qui change d\u00e8s demain pour les entreprises - PULSE","description":"D\u00e8s le 1er septembre 2026, toutes les entreprises assujetties \u00e0 la TVA devront pouvoir recevoir des factures \u00e9lectroniques.","robots":{"index":"index","follow":"follow","max-snippet":"max-snippet:-1","max-image-preview":"max-image-preview:large","max-video-preview":"max-video-preview:-1"},"canonical":"https:\/\/pulse-beziers.fr\/index.php\/2026\/08\/31\/facturation-electronique-1er-septembre-2026-entreprises\/","og_locale":"fr_FR","og_type":"article","og_title":"Facturation \u00e9lectronique : ce qui change d\u00e8s demain pour les entreprises - PULSE","og_description":"D\u00e8s le 1er septembre 2026, toutes les entreprises assujetties \u00e0 la TVA devront pouvoir recevoir des factures \u00e9lectroniques.","og_url":"https:\/\/pulse-beziers.fr\/index.php\/2026\/08\/31\/facturation-electronique-1er-septembre-2026-entreprises\/","og_site_name":"PULSE","article_published_time":"2026-08-31T15:08:55+00:00","article_modified_time":"2026-08-31T15:08:57+00:00","og_image":[{"width":1659,"height":948,"url":"https:\/\/pulse-beziers.fr\/wp-content\/uploads\/2026\/08\/ChatGPT-Image-31-aout-2026-16_59_38.png","type":"image\/png"}],"author":"Jordan","twitter_card":"summary_large_image","twitter_misc":{"\u00c9crit par":"Jordan","Dur\u00e9e de lecture estim\u00e9e":"1 minute"},"schema":{"@context":"https:\/\/schema.org","@graph":[{"@type":"Article","@id":"https:\/\/pulse-beziers.fr\/index.php\/2026\/08\/31\/facturation-electronique-1er-septembre-2026-entreprises\/#article","isPartOf":{"@id":"https:\/\/pulse-beziers.fr\/index.php\/2026\/08\/31\/facturation-electronique-1er-septembre-2026-entreprises\/"},"author":{"name":"Jordan","@id":"https:\/\/pulse-beziers.fr\/#\/schema\/person\/ce4160d5785562dc30723e520933e8e9"},"headline":"Facturation \u00e9lectronique : ce qui change d\u00e8s demain pour les entreprises","datePublished":"2026-08-31T15:08:55+00:00","dateModified":"2026-08-31T15:08:57+00:00","mainEntityOfPage":{"@id":"https:\/\/pulse-beziers.fr\/index.php\/2026\/08\/31\/facturation-electronique-1er-septembre-2026-entreprises\/"},"wordCount":165,"publisher":{"@id":"https:\/\/pulse-beziers.fr\/#organization"},"image":{"@id":"https:\/\/pulse-beziers.fr\/index.php\/2026\/08\/31\/facturation-electronique-1er-septembre-2026-entreprises\/#primaryimage"},"thumbnailUrl":"https:\/\/pulse-beziers.fr\/wp-content\/uploads\/2026\/08\/ChatGPT-Image-31-aout-2026-16_59_38.png","articleSection":["INFORMATION","LOIS"],"inLanguage":"fr-FR"},{"@type":"WebPage","@id":"https:\/\/pulse-beziers.fr\/index.php\/2026\/08\/31\/facturation-electronique-1er-septembre-2026-entreprises\/","url":"https:\/\/pulse-beziers.fr\/index.php\/2026\/08\/31\/facturation-electronique-1er-septembre-2026-entreprises\/","name":"Facturation \u00e9lectronique : ce qui change d\u00e8s demain pour les entreprises - PULSE","isPartOf":{"@id":"https:\/\/pulse-beziers.fr\/#website"},"primaryImageOfPage":{"@id":"https:\/\/pulse-beziers.fr\/index.php\/2026\/08\/31\/facturation-electronique-1er-septembre-2026-entreprises\/#primaryimage"},"image":{"@id":"https:\/\/pulse-beziers.fr\/index.php\/2026\/08\/31\/facturation-electronique-1er-septembre-2026-entreprises\/#primaryimage"},"thumbnailUrl":"https:\/\/pulse-beziers.fr\/wp-content\/uploads\/2026\/08\/ChatGPT-Image-31-aout-2026-16_59_38.png","datePublished":"2026-08-31T15:08:55+00:00","dateModified":"2026-08-31T15:08:57+00:00","description":"D\u00e8s le 1er septembre 2026, toutes les entreprises assujetties \u00e0 la TVA devront pouvoir recevoir des factures \u00e9lectroniques.","breadcrumb":{"@id":"https:\/\/pulse-beziers.fr\/index.php\/2026\/08\/31\/facturation-electronique-1er-septembre-2026-entreprises\/#breadcrumb"},"inLanguage":"fr-FR","potentialAction":[{"@type":"ReadAction","target":["https:\/\/pulse-beziers.fr\/index.php\/2026\/08\/31\/facturation-electronique-1er-septembre-2026-entreprises\/"]}]},{"@type":"ImageObject","inLanguage":"fr-FR","@id":"https:\/\/pulse-beziers.fr\/index.php\/2026\/08\/31\/facturation-electronique-1er-septembre-2026-entreprises\/#primaryimage","url":"https:\/\/pulse-beziers.fr\/wp-content\/uploads\/2026\/08\/ChatGPT-Image-31-aout-2026-16_59_38.png","contentUrl":"https:\/\/pulse-beziers.fr\/wp-content\/uploads\/2026\/08\/ChatGPT-Image-31-aout-2026-16_59_38.png","width":1659,"height":948},{"@type":"BreadcrumbList","@id":"https:\/\/pulse-beziers.fr\/index.php\/2026\/08\/31\/facturation-electronique-1er-septembre-2026-entreprises\/#breadcrumb","itemListElement":[{"@type":"ListItem","position":1,"name":"Accueil","item":"https:\/\/pulse-beziers.fr\/"},{"@type":"ListItem","position":2,"name":"Facturation \u00e9lectronique : ce qui change d\u00e8s demain pour les entreprises"}]},{"@type":"WebSite","@id":"https:\/\/pulse-beziers.fr\/#website","url":"https:\/\/pulse-beziers.fr\/","name":"PULSE","description":"B\u00e9ziers M\u00e9diterran\u00e9e","publisher":{"@id":"https:\/\/pulse-beziers.fr\/#organization"},"potentialAction":[{"@type":"SearchAction","target":{"@type":"EntryPoint","urlTemplate":"https:\/\/pulse-beziers.fr\/?s={search_term_string}"},"query-input":{"@type":"PropertyValueSpecification","valueRequired":true,"valueName":"search_term_string"}}],"inLanguage":"fr-FR"},{"@type":"Organization","@id":"https:\/\/pulse-beziers.fr\/#organization","name":"PULSE","url":"https:\/\/pulse-beziers.fr\/","logo":{"@type":"ImageObject","inLanguage":"fr-FR","@id":"https:\/\/pulse-beziers.fr\/#\/schema\/logo\/image\/","url":"https:\/\/pulse-beziers.fr\/wp-content\/uploads\/2023\/10\/PULSE_OK.png","contentUrl":"https:\/\/pulse-beziers.fr\/wp-content\/uploads\/2023\/10\/PULSE_OK.png","width":1490,"height":506,"caption":"PULSE"},"image":{"@id":"https:\/\/pulse-beziers.fr\/#\/schema\/logo\/image\/"}},{"@type":"Person","@id":"https:\/\/pulse-beziers.fr\/#\/schema\/person\/ce4160d5785562dc30723e520933e8e9","name":"Jordan","image":{"@type":"ImageObject","inLanguage":"fr-FR","@id":"https:\/\/secure.gravatar.com\/avatar\/ae88e378bde730769fc25248bfc128d509bc64fc2fad4d6455517f85742a87fd?s=96&d=mm&r=g","url":"https:\/\/secure.gravatar.com\/avatar\/ae88e378bde730769fc25248bfc128d509bc64fc2fad4d6455517f85742a87fd?s=96&d=mm&r=g","contentUrl":"https:\/\/secure.gravatar.com\/avatar\/ae88e378bde730769fc25248bfc128d509bc64fc2fad4d6455517f85742a87fd?s=96&d=mm&r=g","caption":"Jordan"},"url":"https:\/\/pulse-beziers.fr\/index.php\/author\/jordan\/"}]}},"jetpack_featured_media_url":"https:\/\/pulse-beziers.fr\/wp-content\/uploads\/2026\/08\/ChatGPT-Image-31-aout-2026-16_59_38.png","jetpack_sharing_enabled":true,"_links":{"self":[{"href":"https:\/\/pulse-beziers.fr\/index.php\/wp-json\/wp\/v2\/posts\/10177","targetHints":{"allow":["GET"]}}],"collection":[{"href":"https:\/\/pulse-beziers.fr\/index.php\/wp-json\/wp\/v2\/posts"}],"about":[{"href":"https:\/\/pulse-beziers.fr\/index.php\/wp-json\/wp\/v2\/types\/post"}],"author":[{"embeddable":true,"href":"https:\/\/pulse-beziers.fr\/index.php\/wp-json\/wp\/v2\/users\/4"}],"replies":[{"embeddable":true,"href":"https:\/\/pulse-beziers.fr\/index.php\/wp-json\/wp\/v2\/comments?post=10177"}],"version-history":[{"count":1,"href":"https:\/\/pulse-beziers.fr\/index.php\/wp-json\/wp\/v2\/posts\/10177\/revisions"}],"predecessor-version":[{"id":10180,"href":"https:\/\/pulse-beziers.fr\/index.php\/wp-json\/wp\/v2\/posts\/10177\/revisions\/10180"}],"wp:featuredmedia":[{"embeddable":true,"href":"https:\/\/pulse-beziers.fr\/index.php\/wp-json\/wp\/v2\/media\/10179"}],"wp:attachment":[{"href":"https:\/\/pulse-beziers.fr\/index.php\/wp-json\/wp\/v2\/media?parent=10177"}],"wp:term":[{"taxonomy":"category","embeddable":true,"href":"https:\/\/pulse-beziers.fr\/index.php\/wp-json\/wp\/v2\/categories?post=10177"},{"taxonomy":"post_tag","embeddable":true,"href":"https:\/\/pulse-beziers.fr\/index.php\/wp-json\/wp\/v2\/tags?post=10177"}],"curies":[{"name":"wp","href":"https:\/\/api.w.org\/{rel}","templated":true}]}}