{"id":10199,"date":"2026-09-02T15:17:21","date_gmt":"2026-09-02T13:17:21","guid":{"rendered":"https:\/\/pulse-beziers.fr\/?p=10199"},"modified":"2026-09-02T15:17:22","modified_gmt":"2026-09-02T13:17:22","slug":"primark-recrute-plus-de-70-personnes-a-beziers","status":"publish","type":"post","link":"https:\/\/pulse-beziers.fr\/index.php\/2026\/09\/02\/primark-recrute-plus-de-70-personnes-a-beziers\/","title":{"rendered":"Primark recrute plus de 70 personnes \u00e0 B\u00e9ziers"},"content":{"rendered":"\n<p>Le futur magasin Primark du Polygone de B\u00e9ziers pr\u00e9pare son ouverture avec une importante campagne de recrutement. Plus de 70 postes sont \u00e0 pourvoir, notamment des vendeurs polyvalents et des visual merchandisers.<\/p>\n\n\n\n<p>Les recrutements se d\u00e9rouleront lors de sessions organis\u00e9es du 2 septembre au 3 octobre 2026, en partenariat avec France Travail. Le magasin devrait ouvrir ses portes d\u2019ici la fin de l\u2019ann\u00e9e.<\/p>\n\n\n\n<p>Une nouvelle implantation qui devrait renforcer l\u2019attractivit\u00e9 commerciale du Polygone et g\u00e9n\u00e9rer plusieurs dizaines d\u2019emplois locaux.<\/p>\n\n\n\n<p>Si la date d\u2019ouverture officielle n\u2019ayant pas encore filtr\u00e9, elle devrait toutefois avoir lieu d\u2019ici la fin d\u2019ann\u00e9e.<\/p>\n\n\n\n<p>Pour plus d\u2019informations, contactez PULSE en cliquant ici : <a href=\"https:\/\/pulse-beziers.fr\/index.php\/contact\/?utm_source=chatgpt.com\" target=\"_blank\" rel=\"noreferrer noopener\">https:\/\/pulse-beziers.fr\/index.php\/contact\/<\/a><\/p>\n\n\n\n<p><\/p>\n","protected":false},"excerpt":{"rendered":"<p>Le futur magasin Primark du Polygone de B\u00e9ziers pr\u00e9pare son ouverture avec une importante campagne de recrutement. Plus de 70 postes sont \u00e0 pourvoir, notamment des vendeurs polyvalents et des visual merchandisers. Les recrutements se d\u00e9rouleront lors de sessions organis\u00e9es du 2 septembre au 3 octobre 2026, en partenariat avec France Travail. Le magasin devrait [&hellip;]<\/p>\n","protected":false},"author":4,"featured_media":10201,"comment_status":"closed","ping_status":"open","sticky":false,"template":"","format":"standard","meta":{"_jetpack_memberships_contains_paid_content":false,"footnotes":""},"categories":[157],"tags":[],"class_list":["post-10199","post","type-post","status-publish","format-standard","has-post-thumbnail","hentry","category-emploi"],"yoast_head":"<!-- This site is optimized with the Yoast SEO plugin v28.2 - https:\/\/yoast.com\/product\/yoast-seo-wordpress\/ -->\n<title>Primark recrute plus de 70 personnes \u00e0 B\u00e9ziers - PULSE<\/title>\n<meta name=\"robots\" content=\"index, follow, max-snippet:-1, max-image-preview:large, max-video-preview:-1\" \/>\n<link rel=\"canonical\" href=\"https:\/\/pulse-beziers.fr\/index.php\/2026\/09\/02\/primark-recrute-plus-de-70-personnes-a-beziers\/\" \/>\n<meta property=\"og:locale\" content=\"fr_FR\" \/>\n<meta property=\"og:type\" content=\"article\" \/>\n<meta property=\"og:title\" content=\"Primark recrute plus de 70 personnes \u00e0 B\u00e9ziers - PULSE\" \/>\n<meta property=\"og:description\" content=\"Le futur magasin Primark du Polygone de B\u00e9ziers pr\u00e9pare son ouverture avec une importante campagne de recrutement. Plus de 70 postes sont \u00e0 pourvoir, notamment des vendeurs polyvalents et des visual merchandisers. Les recrutements se d\u00e9rouleront lors de sessions organis\u00e9es du 2 septembre au 3 octobre 2026, en partenariat avec France Travail. Le magasin devrait [&hellip;]\" \/>\n<meta property=\"og:url\" content=\"https:\/\/pulse-beziers.fr\/index.php\/2026\/09\/02\/primark-recrute-plus-de-70-personnes-a-beziers\/\" \/>\n<meta property=\"og:site_name\" content=\"PULSE\" \/>\n<meta property=\"article:published_time\" content=\"2026-09-02T13:17:21+00:00\" \/>\n<meta property=\"article:modified_time\" content=\"2026-09-02T13:17:22+00:00\" \/>\n<meta property=\"og:image\" content=\"https:\/\/pulse-beziers.fr\/wp-content\/uploads\/2026\/09\/ChatGPT-Image-2-sept.-2026-12_25_09.png\" \/>\n\t<meta property=\"og:image:width\" content=\"1536\" \/>\n\t<meta property=\"og:image:height\" content=\"1024\" \/>\n\t<meta property=\"og:image:type\" content=\"image\/png\" \/>\n<meta name=\"author\" content=\"Jordan\" \/>\n<meta name=\"twitter:card\" content=\"summary_large_image\" \/>\n<meta name=\"twitter:label1\" content=\"\u00c9crit par\" \/>\n\t<meta name=\"twitter:data1\" content=\"Jordan\" \/>\n\t<meta name=\"twitter:label2\" content=\"Dur\u00e9e de lecture estim\u00e9e\" \/>\n\t<meta name=\"twitter:data2\" content=\"1 minute\" \/>\n<script type=\"application\/ld+json\" class=\"yoast-schema-graph\">{\"@context\":\"https:\\\/\\\/schema.org\",\"@graph\":[{\"@type\":\"Article\",\"@id\":\"https:\\\/\\\/pulse-beziers.fr\\\/index.php\\\/2026\\\/09\\\/02\\\/primark-recrute-plus-de-70-personnes-a-beziers\\\/#article\",\"isPartOf\":{\"@id\":\"https:\\\/\\\/pulse-beziers.fr\\\/index.php\\\/2026\\\/09\\\/02\\\/primark-recrute-plus-de-70-personnes-a-beziers\\\/\"},\"author\":{\"name\":\"Jordan\",\"@id\":\"https:\\\/\\\/pulse-beziers.fr\\\/#\\\/schema\\\/person\\\/ce4160d5785562dc30723e520933e8e9\"},\"headline\":\"Primark recrute plus de 70 personnes \u00e0 B\u00e9ziers\",\"datePublished\":\"2026-09-02T13:17:21+00:00\",\"dateModified\":\"2026-09-02T13:17:22+00:00\",\"mainEntityOfPage\":{\"@id\":\"https:\\\/\\\/pulse-beziers.fr\\\/index.php\\\/2026\\\/09\\\/02\\\/primark-recrute-plus-de-70-personnes-a-beziers\\\/\"},\"wordCount\":130,\"publisher\":{\"@id\":\"https:\\\/\\\/pulse-beziers.fr\\\/#organization\"},\"image\":{\"@id\":\"https:\\\/\\\/pulse-beziers.fr\\\/index.php\\\/2026\\\/09\\\/02\\\/primark-recrute-plus-de-70-personnes-a-beziers\\\/#primaryimage\"},\"thumbnailUrl\":\"https:\\\/\\\/pulse-beziers.fr\\\/wp-content\\\/uploads\\\/2026\\\/09\\\/ChatGPT-Image-2-sept.-2026-12_25_09.png\",\"articleSection\":[\"EMPLOI\"],\"inLanguage\":\"fr-FR\"},{\"@type\":\"WebPage\",\"@id\":\"https:\\\/\\\/pulse-beziers.fr\\\/index.php\\\/2026\\\/09\\\/02\\\/primark-recrute-plus-de-70-personnes-a-beziers\\\/\",\"url\":\"https:\\\/\\\/pulse-beziers.fr\\\/index.php\\\/2026\\\/09\\\/02\\\/primark-recrute-plus-de-70-personnes-a-beziers\\\/\",\"name\":\"Primark recrute plus de 70 personnes \u00e0 B\u00e9ziers - PULSE\",\"isPartOf\":{\"@id\":\"https:\\\/\\\/pulse-beziers.fr\\\/#website\"},\"primaryImageOfPage\":{\"@id\":\"https:\\\/\\\/pulse-beziers.fr\\\/index.php\\\/2026\\\/09\\\/02\\\/primark-recrute-plus-de-70-personnes-a-beziers\\\/#primaryimage\"},\"image\":{\"@id\":\"https:\\\/\\\/pulse-beziers.fr\\\/index.php\\\/2026\\\/09\\\/02\\\/primark-recrute-plus-de-70-personnes-a-beziers\\\/#primaryimage\"},\"thumbnailUrl\":\"https:\\\/\\\/pulse-beziers.fr\\\/wp-content\\\/uploads\\\/2026\\\/09\\\/ChatGPT-Image-2-sept.-2026-12_25_09.png\",\"datePublished\":\"2026-09-02T13:17:21+00:00\",\"dateModified\":\"2026-09-02T13:17:22+00:00\",\"breadcrumb\":{\"@id\":\"https:\\\/\\\/pulse-beziers.fr\\\/index.php\\\/2026\\\/09\\\/02\\\/primark-recrute-plus-de-70-personnes-a-beziers\\\/#breadcrumb\"},\"inLanguage\":\"fr-FR\",\"potentialAction\":[{\"@type\":\"ReadAction\",\"target\":[\"https:\\\/\\\/pulse-beziers.fr\\\/index.php\\\/2026\\\/09\\\/02\\\/primark-recrute-plus-de-70-personnes-a-beziers\\\/\"]}]},{\"@type\":\"ImageObject\",\"inLanguage\":\"fr-FR\",\"@id\":\"https:\\\/\\\/pulse-beziers.fr\\\/index.php\\\/2026\\\/09\\\/02\\\/primark-recrute-plus-de-70-personnes-a-beziers\\\/#primaryimage\",\"url\":\"https:\\\/\\\/pulse-beziers.fr\\\/wp-content\\\/uploads\\\/2026\\\/09\\\/ChatGPT-Image-2-sept.-2026-12_25_09.png\",\"contentUrl\":\"https:\\\/\\\/pulse-beziers.fr\\\/wp-content\\\/uploads\\\/2026\\\/09\\\/ChatGPT-Image-2-sept.-2026-12_25_09.png\",\"width\":1536,\"height\":1024},{\"@type\":\"BreadcrumbList\",\"@id\":\"https:\\\/\\\/pulse-beziers.fr\\\/index.php\\\/2026\\\/09\\\/02\\\/primark-recrute-plus-de-70-personnes-a-beziers\\\/#breadcrumb\",\"itemListElement\":[{\"@type\":\"ListItem\",\"position\":1,\"name\":\"Accueil\",\"item\":\"https:\\\/\\\/pulse-beziers.fr\\\/\"},{\"@type\":\"ListItem\",\"position\":2,\"name\":\"Primark recrute plus de 70 personnes \u00e0 B\u00e9ziers\"}]},{\"@type\":\"WebSite\",\"@id\":\"https:\\\/\\\/pulse-beziers.fr\\\/#website\",\"url\":\"https:\\\/\\\/pulse-beziers.fr\\\/\",\"name\":\"PULSE\",\"description\":\"B\u00e9ziers M\u00e9diterran\u00e9e\",\"publisher\":{\"@id\":\"https:\\\/\\\/pulse-beziers.fr\\\/#organization\"},\"potentialAction\":[{\"@type\":\"SearchAction\",\"target\":{\"@type\":\"EntryPoint\",\"urlTemplate\":\"https:\\\/\\\/pulse-beziers.fr\\\/?s={search_term_string}\"},\"query-input\":{\"@type\":\"PropertyValueSpecification\",\"valueRequired\":true,\"valueName\":\"search_term_string\"}}],\"inLanguage\":\"fr-FR\"},{\"@type\":\"Organization\",\"@id\":\"https:\\\/\\\/pulse-beziers.fr\\\/#organization\",\"name\":\"PULSE\",\"url\":\"https:\\\/\\\/pulse-beziers.fr\\\/\",\"logo\":{\"@type\":\"ImageObject\",\"inLanguage\":\"fr-FR\",\"@id\":\"https:\\\/\\\/pulse-beziers.fr\\\/#\\\/schema\\\/logo\\\/image\\\/\",\"url\":\"https:\\\/\\\/pulse-beziers.fr\\\/wp-content\\\/uploads\\\/2023\\\/10\\\/PULSE_OK.png\",\"contentUrl\":\"https:\\\/\\\/pulse-beziers.fr\\\/wp-content\\\/uploads\\\/2023\\\/10\\\/PULSE_OK.png\",\"width\":1490,\"height\":506,\"caption\":\"PULSE\"},\"image\":{\"@id\":\"https:\\\/\\\/pulse-beziers.fr\\\/#\\\/schema\\\/logo\\\/image\\\/\"}},{\"@type\":\"Person\",\"@id\":\"https:\\\/\\\/pulse-beziers.fr\\\/#\\\/schema\\\/person\\\/ce4160d5785562dc30723e520933e8e9\",\"name\":\"Jordan\",\"image\":{\"@type\":\"ImageObject\",\"inLanguage\":\"fr-FR\",\"@id\":\"https:\\\/\\\/secure.gravatar.com\\\/avatar\\\/ae88e378bde730769fc25248bfc128d509bc64fc2fad4d6455517f85742a87fd?s=96&d=mm&r=g\",\"url\":\"https:\\\/\\\/secure.gravatar.com\\\/avatar\\\/ae88e378bde730769fc25248bfc128d509bc64fc2fad4d6455517f85742a87fd?s=96&d=mm&r=g\",\"contentUrl\":\"https:\\\/\\\/secure.gravatar.com\\\/avatar\\\/ae88e378bde730769fc25248bfc128d509bc64fc2fad4d6455517f85742a87fd?s=96&d=mm&r=g\",\"caption\":\"Jordan\"},\"url\":\"https:\\\/\\\/pulse-beziers.fr\\\/index.php\\\/author\\\/jordan\\\/\"}]}<\/script>\n<!-- \/ Yoast SEO plugin. -->","yoast_head_json":{"title":"Primark recrute plus de 70 personnes \u00e0 B\u00e9ziers - PULSE","robots":{"index":"index","follow":"follow","max-snippet":"max-snippet:-1","max-image-preview":"max-image-preview:large","max-video-preview":"max-video-preview:-1"},"canonical":"https:\/\/pulse-beziers.fr\/index.php\/2026\/09\/02\/primark-recrute-plus-de-70-personnes-a-beziers\/","og_locale":"fr_FR","og_type":"article","og_title":"Primark recrute plus de 70 personnes \u00e0 B\u00e9ziers - PULSE","og_description":"Le futur magasin Primark du Polygone de B\u00e9ziers pr\u00e9pare son ouverture avec une importante campagne de recrutement. Plus de 70 postes sont \u00e0 pourvoir, notamment des vendeurs polyvalents et des visual merchandisers. Les recrutements se d\u00e9rouleront lors de sessions organis\u00e9es du 2 septembre au 3 octobre 2026, en partenariat avec France Travail. Le magasin devrait [&hellip;]","og_url":"https:\/\/pulse-beziers.fr\/index.php\/2026\/09\/02\/primark-recrute-plus-de-70-personnes-a-beziers\/","og_site_name":"PULSE","article_published_time":"2026-09-02T13:17:21+00:00","article_modified_time":"2026-09-02T13:17:22+00:00","og_image":[{"width":1536,"height":1024,"url":"https:\/\/pulse-beziers.fr\/wp-content\/uploads\/2026\/09\/ChatGPT-Image-2-sept.-2026-12_25_09.png","type":"image\/png"}],"author":"Jordan","twitter_card":"summary_large_image","twitter_misc":{"\u00c9crit par":"Jordan","Dur\u00e9e de lecture estim\u00e9e":"1 minute"},"schema":{"@context":"https:\/\/schema.org","@graph":[{"@type":"Article","@id":"https:\/\/pulse-beziers.fr\/index.php\/2026\/09\/02\/primark-recrute-plus-de-70-personnes-a-beziers\/#article","isPartOf":{"@id":"https:\/\/pulse-beziers.fr\/index.php\/2026\/09\/02\/primark-recrute-plus-de-70-personnes-a-beziers\/"},"author":{"name":"Jordan","@id":"https:\/\/pulse-beziers.fr\/#\/schema\/person\/ce4160d5785562dc30723e520933e8e9"},"headline":"Primark recrute plus de 70 personnes \u00e0 B\u00e9ziers","datePublished":"2026-09-02T13:17:21+00:00","dateModified":"2026-09-02T13:17:22+00:00","mainEntityOfPage":{"@id":"https:\/\/pulse-beziers.fr\/index.php\/2026\/09\/02\/primark-recrute-plus-de-70-personnes-a-beziers\/"},"wordCount":130,"publisher":{"@id":"https:\/\/pulse-beziers.fr\/#organization"},"image":{"@id":"https:\/\/pulse-beziers.fr\/index.php\/2026\/09\/02\/primark-recrute-plus-de-70-personnes-a-beziers\/#primaryimage"},"thumbnailUrl":"https:\/\/pulse-beziers.fr\/wp-content\/uploads\/2026\/09\/ChatGPT-Image-2-sept.-2026-12_25_09.png","articleSection":["EMPLOI"],"inLanguage":"fr-FR"},{"@type":"WebPage","@id":"https:\/\/pulse-beziers.fr\/index.php\/2026\/09\/02\/primark-recrute-plus-de-70-personnes-a-beziers\/","url":"https:\/\/pulse-beziers.fr\/index.php\/2026\/09\/02\/primark-recrute-plus-de-70-personnes-a-beziers\/","name":"Primark recrute plus de 70 personnes \u00e0 B\u00e9ziers - PULSE","isPartOf":{"@id":"https:\/\/pulse-beziers.fr\/#website"},"primaryImageOfPage":{"@id":"https:\/\/pulse-beziers.fr\/index.php\/2026\/09\/02\/primark-recrute-plus-de-70-personnes-a-beziers\/#primaryimage"},"image":{"@id":"https:\/\/pulse-beziers.fr\/index.php\/2026\/09\/02\/primark-recrute-plus-de-70-personnes-a-beziers\/#primaryimage"},"thumbnailUrl":"https:\/\/pulse-beziers.fr\/wp-content\/uploads\/2026\/09\/ChatGPT-Image-2-sept.-2026-12_25_09.png","datePublished":"2026-09-02T13:17:21+00:00","dateModified":"2026-09-02T13:17:22+00:00","breadcrumb":{"@id":"https:\/\/pulse-beziers.fr\/index.php\/2026\/09\/02\/primark-recrute-plus-de-70-personnes-a-beziers\/#breadcrumb"},"inLanguage":"fr-FR","potentialAction":[{"@type":"ReadAction","target":["https:\/\/pulse-beziers.fr\/index.php\/2026\/09\/02\/primark-recrute-plus-de-70-personnes-a-beziers\/"]}]},{"@type":"ImageObject","inLanguage":"fr-FR","@id":"https:\/\/pulse-beziers.fr\/index.php\/2026\/09\/02\/primark-recrute-plus-de-70-personnes-a-beziers\/#primaryimage","url":"https:\/\/pulse-beziers.fr\/wp-content\/uploads\/2026\/09\/ChatGPT-Image-2-sept.-2026-12_25_09.png","contentUrl":"https:\/\/pulse-beziers.fr\/wp-content\/uploads\/2026\/09\/ChatGPT-Image-2-sept.-2026-12_25_09.png","width":1536,"height":1024},{"@type":"BreadcrumbList","@id":"https:\/\/pulse-beziers.fr\/index.php\/2026\/09\/02\/primark-recrute-plus-de-70-personnes-a-beziers\/#breadcrumb","itemListElement":[{"@type":"ListItem","position":1,"name":"Accueil","item":"https:\/\/pulse-beziers.fr\/"},{"@type":"ListItem","position":2,"name":"Primark recrute plus de 70 personnes \u00e0 B\u00e9ziers"}]},{"@type":"WebSite","@id":"https:\/\/pulse-beziers.fr\/#website","url":"https:\/\/pulse-beziers.fr\/","name":"PULSE","description":"B\u00e9ziers M\u00e9diterran\u00e9e","publisher":{"@id":"https:\/\/pulse-beziers.fr\/#organization"},"potentialAction":[{"@type":"SearchAction","target":{"@type":"EntryPoint","urlTemplate":"https:\/\/pulse-beziers.fr\/?s={search_term_string}"},"query-input":{"@type":"PropertyValueSpecification","valueRequired":true,"valueName":"search_term_string"}}],"inLanguage":"fr-FR"},{"@type":"Organization","@id":"https:\/\/pulse-beziers.fr\/#organization","name":"PULSE","url":"https:\/\/pulse-beziers.fr\/","logo":{"@type":"ImageObject","inLanguage":"fr-FR","@id":"https:\/\/pulse-beziers.fr\/#\/schema\/logo\/image\/","url":"https:\/\/pulse-beziers.fr\/wp-content\/uploads\/2023\/10\/PULSE_OK.png","contentUrl":"https:\/\/pulse-beziers.fr\/wp-content\/uploads\/2023\/10\/PULSE_OK.png","width":1490,"height":506,"caption":"PULSE"},"image":{"@id":"https:\/\/pulse-beziers.fr\/#\/schema\/logo\/image\/"}},{"@type":"Person","@id":"https:\/\/pulse-beziers.fr\/#\/schema\/person\/ce4160d5785562dc30723e520933e8e9","name":"Jordan","image":{"@type":"ImageObject","inLanguage":"fr-FR","@id":"https:\/\/secure.gravatar.com\/avatar\/ae88e378bde730769fc25248bfc128d509bc64fc2fad4d6455517f85742a87fd?s=96&d=mm&r=g","url":"https:\/\/secure.gravatar.com\/avatar\/ae88e378bde730769fc25248bfc128d509bc64fc2fad4d6455517f85742a87fd?s=96&d=mm&r=g","contentUrl":"https:\/\/secure.gravatar.com\/avatar\/ae88e378bde730769fc25248bfc128d509bc64fc2fad4d6455517f85742a87fd?s=96&d=mm&r=g","caption":"Jordan"},"url":"https:\/\/pulse-beziers.fr\/index.php\/author\/jordan\/"}]}},"jetpack_featured_media_url":"https:\/\/pulse-beziers.fr\/wp-content\/uploads\/2026\/09\/ChatGPT-Image-2-sept.-2026-12_25_09.png","jetpack_sharing_enabled":true,"_links":{"self":[{"href":"https:\/\/pulse-beziers.fr\/index.php\/wp-json\/wp\/v2\/posts\/10199","targetHints":{"allow":["GET"]}}],"collection":[{"href":"https:\/\/pulse-beziers.fr\/index.php\/wp-json\/wp\/v2\/posts"}],"about":[{"href":"https:\/\/pulse-beziers.fr\/index.php\/wp-json\/wp\/v2\/types\/post"}],"author":[{"embeddable":true,"href":"https:\/\/pulse-beziers.fr\/index.php\/wp-json\/wp\/v2\/users\/4"}],"replies":[{"embeddable":true,"href":"https:\/\/pulse-beziers.fr\/index.php\/wp-json\/wp\/v2\/comments?post=10199"}],"version-history":[{"count":1,"href":"https:\/\/pulse-beziers.fr\/index.php\/wp-json\/wp\/v2\/posts\/10199\/revisions"}],"predecessor-version":[{"id":10202,"href":"https:\/\/pulse-beziers.fr\/index.php\/wp-json\/wp\/v2\/posts\/10199\/revisions\/10202"}],"wp:featuredmedia":[{"embeddable":true,"href":"https:\/\/pulse-beziers.fr\/index.php\/wp-json\/wp\/v2\/media\/10201"}],"wp:attachment":[{"href":"https:\/\/pulse-beziers.fr\/index.php\/wp-json\/wp\/v2\/media?parent=10199"}],"wp:term":[{"taxonomy":"category","embeddable":true,"href":"https:\/\/pulse-beziers.fr\/index.php\/wp-json\/wp\/v2\/categories?post=10199"},{"taxonomy":"post_tag","embeddable":true,"href":"https:\/\/pulse-beziers.fr\/index.php\/wp-json\/wp\/v2\/tags?post=10199"}],"curies":[{"name":"wp","href":"https:\/\/api.w.org\/{rel}","templated":true}]}}