{"id":2258,"date":"2023-10-05T14:38:12","date_gmt":"2023-10-05T12:38:12","guid":{"rendered":"https:\/\/pulse-beziers.fr\/?p=2258"},"modified":"2023-10-05T14:43:09","modified_gmt":"2023-10-05T12:43:09","slug":"inauguration-du-nouveau-palais-des-sports","status":"publish","type":"post","link":"https:\/\/pulse-beziers.fr\/index.php\/2023\/10\/05\/inauguration-du-nouveau-palais-des-sports\/","title":{"rendered":"Inauguration du nouveau palais des sports situ\u00e9 sur le parc d&#8217;activit\u00e9s de Mazeran \u00e0 B\u00e9ziers"},"content":{"rendered":"\t\t<div data-elementor-type=\"wp-post\" data-elementor-id=\"2258\" class=\"elementor elementor-2258\">\n\t\t\t\t\t\t<section class=\"elementor-section elementor-top-section elementor-element elementor-element-81cfdc2 elementor-section-boxed elementor-section-height-default elementor-section-height-default\" data-id=\"81cfdc2\" data-element_type=\"section\" data-e-type=\"section\">\n\t\t\t\t\t\t<div class=\"elementor-container elementor-column-gap-default\">\n\t\t\t\t\t<div class=\"elementor-column elementor-col-100 elementor-top-column elementor-element elementor-element-e9cf1b0\" data-id=\"e9cf1b0\" data-element_type=\"column\" data-e-type=\"column\">\n\t\t\t<div class=\"elementor-widget-wrap elementor-element-populated\">\n\t\t\t\t\t\t<div class=\"elementor-element elementor-element-c5ac837 elementor-widget elementor-widget-text-editor\" data-id=\"c5ac837\" data-element_type=\"widget\" data-e-type=\"widget\" data-widget_type=\"text-editor.default\">\n\t\t\t\t<div class=\"elementor-widget-container\">\n\t\t\t\t\t\t\t\t\t<p><\/p><p>Situ\u00e9 sur le parc d\u2019activit\u00e9s de Mazeran \u00e0 B\u00e9ziers, le palais des sports a \u00e9t\u00e9 officiellement inaugur\u00e9 vendredi 29 septembre 2023, avec le match de gala qui a oppos\u00e9 les volleyeuses des B\u00e9ziers Angels au Racing Club de Cannes.<\/p><p>Le nouvel \u00e9quipement sportif, de pr\u00e8s de 21 millions d\u2019euros, se veut \u00eatre un lieu adapt\u00e9 \u00e0 la dimension \u00e0 l\u2019ambition des B\u00e9ziers Angels. Il permettra aux joueuses biterroises de rayonner sur la sc\u00e8ne nationale et europ\u00e9enne du volley-ball f\u00e9minin. Il b\u00e9n\u00e9ficiera \u00e9galement \u00e0 l\u2019ensemble des clubs sportifs et des \u00e9coles de l\u2019agglom\u00e9ration.<\/p><p>Robert MENARD, Maire de B\u00e9ziers et Pr\u00e9sident de l\u2019Agglom\u00e9ration B\u00e9ziers M\u00e9diterran\u00e9e, a soulign\u00e9 que le nouveau palais des sports est une r\u00e9ussite. Il a \u00e9t\u00e9 r\u00e9alis\u00e9 en 18 mois seulement gr\u00e2ce aux nombreuses entreprises locales qui ont \u0153uvr\u00e9 \u00e0 sa construction.<\/p><p>Les B\u00e9ziers Angels ont livr\u00e9 un match r\u00e9ussi, \u00e0 l\u2019image de l\u2019\u00e9v\u00e9nement, dans une salle comble avec plus de 2000 supporters.<\/p><p><\/p>\t\t\t\t\t\t\t\t<\/div>\n\t\t\t\t<\/div>\n\t\t\t\t\t<\/div>\n\t\t<\/div>\n\t\t\t\t\t<\/div>\n\t\t<\/section>\n\t\t\t\t<section class=\"elementor-section elementor-top-section elementor-element elementor-element-b00204b elementor-section-boxed elementor-section-height-default elementor-section-height-default\" data-id=\"b00204b\" data-element_type=\"section\" data-e-type=\"section\">\n\t\t\t\t\t\t<div class=\"elementor-container elementor-column-gap-default\">\n\t\t\t\t\t<div class=\"elementor-column elementor-col-100 elementor-top-column elementor-element elementor-element-def7935\" data-id=\"def7935\" data-element_type=\"column\" data-e-type=\"column\">\n\t\t\t<div class=\"elementor-widget-wrap elementor-element-populated\">\n\t\t\t\t\t\t<div class=\"elementor-element elementor-element-98dfb55 elementor-widget elementor-widget-spacer\" data-id=\"98dfb55\" data-element_type=\"widget\" data-e-type=\"widget\" data-widget_type=\"spacer.default\">\n\t\t\t\t<div class=\"elementor-widget-container\">\n\t\t\t\t\t\t\t<div class=\"elementor-spacer\">\n\t\t\t<div class=\"elementor-spacer-inner\"><\/div>\n\t\t<\/div>\n\t\t\t\t\t\t<\/div>\n\t\t\t\t<\/div>\n\t\t\t\t\t<\/div>\n\t\t<\/div>\n\t\t\t\t\t<\/div>\n\t\t<\/section>\n\t\t\t\t<section class=\"elementor-section elementor-top-section elementor-element elementor-element-5ed027b elementor-section-boxed elementor-section-height-default elementor-section-height-default\" data-id=\"5ed027b\" data-element_type=\"section\" data-e-type=\"section\">\n\t\t\t\t\t\t<div class=\"elementor-container elementor-column-gap-default\">\n\t\t\t\t\t<div class=\"elementor-column elementor-col-50 elementor-top-column elementor-element elementor-element-42adc10\" data-id=\"42adc10\" data-element_type=\"column\" data-e-type=\"column\">\n\t\t\t<div class=\"elementor-widget-wrap elementor-element-populated\">\n\t\t\t\t\t\t<div class=\"elementor-element elementor-element-81065cd elementor-widget elementor-widget-image\" data-id=\"81065cd\" data-element_type=\"widget\" data-e-type=\"widget\" data-widget_type=\"image.default\">\n\t\t\t\t<div class=\"elementor-widget-container\">\n\t\t\t\t\t\t\t\t\t\t\t\t\t\t\t<img fetchpriority=\"high\" decoding=\"async\" width=\"1024\" height=\"683\" src=\"https:\/\/pulse-beziers.fr\/wp-content\/uploads\/2023\/10\/PALAIS-DES-SPORTS2-1024x683.jpeg\" class=\"attachment-large size-large wp-image-2260\" alt=\"\" srcset=\"https:\/\/pulse-beziers.fr\/wp-content\/uploads\/2023\/10\/PALAIS-DES-SPORTS2-1024x683.jpeg 1024w, https:\/\/pulse-beziers.fr\/wp-content\/uploads\/2023\/10\/PALAIS-DES-SPORTS2-600x400.jpeg 600w, https:\/\/pulse-beziers.fr\/wp-content\/uploads\/2023\/10\/PALAIS-DES-SPORTS2-300x200.jpeg 300w, https:\/\/pulse-beziers.fr\/wp-content\/uploads\/2023\/10\/PALAIS-DES-SPORTS2-768x512.jpeg 768w, https:\/\/pulse-beziers.fr\/wp-content\/uploads\/2023\/10\/PALAIS-DES-SPORTS2-1536x1024.jpeg 1536w, https:\/\/pulse-beziers.fr\/wp-content\/uploads\/2023\/10\/PALAIS-DES-SPORTS2.jpeg 2048w\" sizes=\"(max-width: 1024px) 100vw, 1024px\" \/>\t\t\t\t\t\t\t\t\t\t\t\t\t\t\t<\/div>\n\t\t\t\t<\/div>\n\t\t\t\t\t<\/div>\n\t\t<\/div>\n\t\t\t\t<div class=\"elementor-column elementor-col-50 elementor-top-column elementor-element elementor-element-b60acc2\" data-id=\"b60acc2\" data-element_type=\"column\" data-e-type=\"column\">\n\t\t\t<div class=\"elementor-widget-wrap elementor-element-populated\">\n\t\t\t\t\t\t<div class=\"elementor-element elementor-element-a1a4c19 elementor-widget elementor-widget-image\" data-id=\"a1a4c19\" data-element_type=\"widget\" data-e-type=\"widget\" data-widget_type=\"image.default\">\n\t\t\t\t<div class=\"elementor-widget-container\">\n\t\t\t\t\t\t\t\t\t\t\t\t\t\t\t<img decoding=\"async\" width=\"1024\" height=\"683\" src=\"https:\/\/pulse-beziers.fr\/wp-content\/uploads\/2023\/10\/PALAIS-DES-SPORTS-1024x683.jpeg\" class=\"attachment-large size-large wp-image-2262\" alt=\"\" srcset=\"https:\/\/pulse-beziers.fr\/wp-content\/uploads\/2023\/10\/PALAIS-DES-SPORTS-1024x683.jpeg 1024w, https:\/\/pulse-beziers.fr\/wp-content\/uploads\/2023\/10\/PALAIS-DES-SPORTS-600x400.jpeg 600w, https:\/\/pulse-beziers.fr\/wp-content\/uploads\/2023\/10\/PALAIS-DES-SPORTS-300x200.jpeg 300w, https:\/\/pulse-beziers.fr\/wp-content\/uploads\/2023\/10\/PALAIS-DES-SPORTS-768x512.jpeg 768w, https:\/\/pulse-beziers.fr\/wp-content\/uploads\/2023\/10\/PALAIS-DES-SPORTS-1536x1024.jpeg 1536w, https:\/\/pulse-beziers.fr\/wp-content\/uploads\/2023\/10\/PALAIS-DES-SPORTS.jpeg 2048w\" sizes=\"(max-width: 1024px) 100vw, 1024px\" \/>\t\t\t\t\t\t\t\t\t\t\t\t\t\t\t<\/div>\n\t\t\t\t<\/div>\n\t\t\t\t\t<\/div>\n\t\t<\/div>\n\t\t\t\t\t<\/div>\n\t\t<\/section>\n\t\t\t\t<\/div>\n\t\t","protected":false},"excerpt":{"rendered":"<p>Situ\u00e9 sur le parc d\u2019activit\u00e9s de Mazeran \u00e0 B\u00e9ziers, le palais des sports a \u00e9t\u00e9 officiellement inaugur\u00e9 vendredi 29 septembre 2023, avec le match de gala qui a oppos\u00e9 les volleyeuses des B\u00e9ziers Angels au Racing Club de Cannes. Le nouvel \u00e9quipement sportif, de pr\u00e8s de 21 millions d\u2019euros, se veut \u00eatre un lieu adapt\u00e9 [&hellip;]<\/p>\n","protected":false},"author":1,"featured_media":2260,"comment_status":"closed","ping_status":"closed","sticky":false,"template":"","format":"standard","meta":{"_jetpack_memberships_contains_paid_content":false,"footnotes":""},"categories":[4],"tags":[],"class_list":["post-2258","post","type-post","status-publish","format-standard","has-post-thumbnail","hentry","category-evenement"],"yoast_head":"<!-- This site is optimized with the Yoast SEO plugin v27.3 - https:\/\/yoast.com\/product\/yoast-seo-wordpress\/ -->\n<title>Inauguration du nouveau palais des sports situ\u00e9 sur le parc d&#039;activit\u00e9s de Mazeran \u00e0 B\u00e9ziers - PULSE<\/title>\n<meta name=\"robots\" content=\"index, follow, max-snippet:-1, max-image-preview:large, max-video-preview:-1\" \/>\n<link rel=\"canonical\" href=\"https:\/\/pulse-beziers.fr\/index.php\/2023\/10\/05\/inauguration-du-nouveau-palais-des-sports\/\" \/>\n<meta property=\"og:locale\" content=\"fr_FR\" \/>\n<meta property=\"og:type\" content=\"article\" \/>\n<meta property=\"og:title\" content=\"Inauguration du nouveau palais des sports situ\u00e9 sur le parc d&#039;activit\u00e9s de Mazeran \u00e0 B\u00e9ziers - PULSE\" \/>\n<meta property=\"og:description\" content=\"Situ\u00e9 sur le parc d\u2019activit\u00e9s de Mazeran \u00e0 B\u00e9ziers, le palais des sports a \u00e9t\u00e9 officiellement inaugur\u00e9 vendredi 29 septembre 2023, avec le match de gala qui a oppos\u00e9 les volleyeuses des B\u00e9ziers Angels au Racing Club de Cannes. Le nouvel \u00e9quipement sportif, de pr\u00e8s de 21 millions d\u2019euros, se veut \u00eatre un lieu adapt\u00e9 [&hellip;]\" \/>\n<meta property=\"og:url\" content=\"https:\/\/pulse-beziers.fr\/index.php\/2023\/10\/05\/inauguration-du-nouveau-palais-des-sports\/\" \/>\n<meta property=\"og:site_name\" content=\"PULSE\" \/>\n<meta property=\"article:published_time\" content=\"2023-10-05T12:38:12+00:00\" \/>\n<meta property=\"article:modified_time\" content=\"2023-10-05T12:43:09+00:00\" \/>\n<meta property=\"og:image\" content=\"https:\/\/pulse-beziers.fr\/wp-content\/uploads\/2023\/10\/PALAIS-DES-SPORTS2.jpeg\" \/>\n\t<meta property=\"og:image:width\" content=\"2048\" \/>\n\t<meta property=\"og:image:height\" content=\"1365\" \/>\n\t<meta property=\"og:image:type\" content=\"image\/jpeg\" \/>\n<meta name=\"author\" content=\"admin2231\" \/>\n<meta name=\"twitter:card\" content=\"summary_large_image\" \/>\n<meta name=\"twitter:label1\" content=\"\u00c9crit par\" \/>\n\t<meta name=\"twitter:data1\" content=\"admin2231\" \/>\n\t<meta name=\"twitter:label2\" content=\"Dur\u00e9e de lecture estim\u00e9e\" \/>\n\t<meta name=\"twitter:data2\" content=\"1 minute\" \/>\n<script type=\"application\/ld+json\" class=\"yoast-schema-graph\">{\"@context\":\"https:\\\/\\\/schema.org\",\"@graph\":[{\"@type\":\"Article\",\"@id\":\"https:\\\/\\\/pulse-beziers.fr\\\/index.php\\\/2023\\\/10\\\/05\\\/inauguration-du-nouveau-palais-des-sports\\\/#article\",\"isPartOf\":{\"@id\":\"https:\\\/\\\/pulse-beziers.fr\\\/index.php\\\/2023\\\/10\\\/05\\\/inauguration-du-nouveau-palais-des-sports\\\/\"},\"author\":{\"name\":\"admin2231\",\"@id\":\"https:\\\/\\\/pulse-beziers.fr\\\/#\\\/schema\\\/person\\\/e342ddedadbd0064dde1b874b20c4298\"},\"headline\":\"Inauguration du nouveau palais des sports situ\u00e9 sur le parc d&#8217;activit\u00e9s de Mazeran \u00e0 B\u00e9ziers\",\"datePublished\":\"2023-10-05T12:38:12+00:00\",\"dateModified\":\"2023-10-05T12:43:09+00:00\",\"mainEntityOfPage\":{\"@id\":\"https:\\\/\\\/pulse-beziers.fr\\\/index.php\\\/2023\\\/10\\\/05\\\/inauguration-du-nouveau-palais-des-sports\\\/\"},\"wordCount\":190,\"publisher\":{\"@id\":\"https:\\\/\\\/pulse-beziers.fr\\\/#organization\"},\"image\":{\"@id\":\"https:\\\/\\\/pulse-beziers.fr\\\/index.php\\\/2023\\\/10\\\/05\\\/inauguration-du-nouveau-palais-des-sports\\\/#primaryimage\"},\"thumbnailUrl\":\"https:\\\/\\\/pulse-beziers.fr\\\/wp-content\\\/uploads\\\/2023\\\/10\\\/PALAIS-DES-SPORTS2.jpeg\",\"articleSection\":[\"EVENEMENT\"],\"inLanguage\":\"fr-FR\"},{\"@type\":\"WebPage\",\"@id\":\"https:\\\/\\\/pulse-beziers.fr\\\/index.php\\\/2023\\\/10\\\/05\\\/inauguration-du-nouveau-palais-des-sports\\\/\",\"url\":\"https:\\\/\\\/pulse-beziers.fr\\\/index.php\\\/2023\\\/10\\\/05\\\/inauguration-du-nouveau-palais-des-sports\\\/\",\"name\":\"Inauguration du nouveau palais des sports situ\u00e9 sur le parc d'activit\u00e9s de Mazeran \u00e0 B\u00e9ziers - PULSE\",\"isPartOf\":{\"@id\":\"https:\\\/\\\/pulse-beziers.fr\\\/#website\"},\"primaryImageOfPage\":{\"@id\":\"https:\\\/\\\/pulse-beziers.fr\\\/index.php\\\/2023\\\/10\\\/05\\\/inauguration-du-nouveau-palais-des-sports\\\/#primaryimage\"},\"image\":{\"@id\":\"https:\\\/\\\/pulse-beziers.fr\\\/index.php\\\/2023\\\/10\\\/05\\\/inauguration-du-nouveau-palais-des-sports\\\/#primaryimage\"},\"thumbnailUrl\":\"https:\\\/\\\/pulse-beziers.fr\\\/wp-content\\\/uploads\\\/2023\\\/10\\\/PALAIS-DES-SPORTS2.jpeg\",\"datePublished\":\"2023-10-05T12:38:12+00:00\",\"dateModified\":\"2023-10-05T12:43:09+00:00\",\"breadcrumb\":{\"@id\":\"https:\\\/\\\/pulse-beziers.fr\\\/index.php\\\/2023\\\/10\\\/05\\\/inauguration-du-nouveau-palais-des-sports\\\/#breadcrumb\"},\"inLanguage\":\"fr-FR\",\"potentialAction\":[{\"@type\":\"ReadAction\",\"target\":[\"https:\\\/\\\/pulse-beziers.fr\\\/index.php\\\/2023\\\/10\\\/05\\\/inauguration-du-nouveau-palais-des-sports\\\/\"]}]},{\"@type\":\"ImageObject\",\"inLanguage\":\"fr-FR\",\"@id\":\"https:\\\/\\\/pulse-beziers.fr\\\/index.php\\\/2023\\\/10\\\/05\\\/inauguration-du-nouveau-palais-des-sports\\\/#primaryimage\",\"url\":\"https:\\\/\\\/pulse-beziers.fr\\\/wp-content\\\/uploads\\\/2023\\\/10\\\/PALAIS-DES-SPORTS2.jpeg\",\"contentUrl\":\"https:\\\/\\\/pulse-beziers.fr\\\/wp-content\\\/uploads\\\/2023\\\/10\\\/PALAIS-DES-SPORTS2.jpeg\",\"width\":2048,\"height\":1365},{\"@type\":\"BreadcrumbList\",\"@id\":\"https:\\\/\\\/pulse-beziers.fr\\\/index.php\\\/2023\\\/10\\\/05\\\/inauguration-du-nouveau-palais-des-sports\\\/#breadcrumb\",\"itemListElement\":[{\"@type\":\"ListItem\",\"position\":1,\"name\":\"Accueil\",\"item\":\"https:\\\/\\\/pulse-beziers.fr\\\/\"},{\"@type\":\"ListItem\",\"position\":2,\"name\":\"Inauguration du nouveau palais des sports situ\u00e9 sur le parc d&#8217;activit\u00e9s de Mazeran \u00e0 B\u00e9ziers\"}]},{\"@type\":\"WebSite\",\"@id\":\"https:\\\/\\\/pulse-beziers.fr\\\/#website\",\"url\":\"https:\\\/\\\/pulse-beziers.fr\\\/\",\"name\":\"PULSE\",\"description\":\"B\u00e9ziers M\u00e9diterran\u00e9e\",\"publisher\":{\"@id\":\"https:\\\/\\\/pulse-beziers.fr\\\/#organization\"},\"potentialAction\":[{\"@type\":\"SearchAction\",\"target\":{\"@type\":\"EntryPoint\",\"urlTemplate\":\"https:\\\/\\\/pulse-beziers.fr\\\/?s={search_term_string}\"},\"query-input\":{\"@type\":\"PropertyValueSpecification\",\"valueRequired\":true,\"valueName\":\"search_term_string\"}}],\"inLanguage\":\"fr-FR\"},{\"@type\":\"Organization\",\"@id\":\"https:\\\/\\\/pulse-beziers.fr\\\/#organization\",\"name\":\"PULSE\",\"url\":\"https:\\\/\\\/pulse-beziers.fr\\\/\",\"logo\":{\"@type\":\"ImageObject\",\"inLanguage\":\"fr-FR\",\"@id\":\"https:\\\/\\\/pulse-beziers.fr\\\/#\\\/schema\\\/logo\\\/image\\\/\",\"url\":\"https:\\\/\\\/pulse-beziers.fr\\\/wp-content\\\/uploads\\\/2023\\\/10\\\/PULSE_OK.png\",\"contentUrl\":\"https:\\\/\\\/pulse-beziers.fr\\\/wp-content\\\/uploads\\\/2023\\\/10\\\/PULSE_OK.png\",\"width\":1490,\"height\":506,\"caption\":\"PULSE\"},\"image\":{\"@id\":\"https:\\\/\\\/pulse-beziers.fr\\\/#\\\/schema\\\/logo\\\/image\\\/\"}},{\"@type\":\"Person\",\"@id\":\"https:\\\/\\\/pulse-beziers.fr\\\/#\\\/schema\\\/person\\\/e342ddedadbd0064dde1b874b20c4298\",\"name\":\"admin2231\",\"image\":{\"@type\":\"ImageObject\",\"inLanguage\":\"fr-FR\",\"@id\":\"https:\\\/\\\/secure.gravatar.com\\\/avatar\\\/96a2c1e3e2c27fce1f5c62307e8ca30c2ba438c7c21107033e27326b15d2f2ec?s=96&d=mm&r=g\",\"url\":\"https:\\\/\\\/secure.gravatar.com\\\/avatar\\\/96a2c1e3e2c27fce1f5c62307e8ca30c2ba438c7c21107033e27326b15d2f2ec?s=96&d=mm&r=g\",\"contentUrl\":\"https:\\\/\\\/secure.gravatar.com\\\/avatar\\\/96a2c1e3e2c27fce1f5c62307e8ca30c2ba438c7c21107033e27326b15d2f2ec?s=96&d=mm&r=g\",\"caption\":\"admin2231\"},\"sameAs\":[\"http:\\\/\\\/pulse-beziers.fr\"],\"url\":\"https:\\\/\\\/pulse-beziers.fr\\\/index.php\\\/author\\\/admin2231\\\/\"}]}<\/script>\n<!-- \/ Yoast SEO plugin. -->","yoast_head_json":{"title":"Inauguration du nouveau palais des sports situ\u00e9 sur le parc d'activit\u00e9s de Mazeran \u00e0 B\u00e9ziers - PULSE","robots":{"index":"index","follow":"follow","max-snippet":"max-snippet:-1","max-image-preview":"max-image-preview:large","max-video-preview":"max-video-preview:-1"},"canonical":"https:\/\/pulse-beziers.fr\/index.php\/2023\/10\/05\/inauguration-du-nouveau-palais-des-sports\/","og_locale":"fr_FR","og_type":"article","og_title":"Inauguration du nouveau palais des sports situ\u00e9 sur le parc d'activit\u00e9s de Mazeran \u00e0 B\u00e9ziers - PULSE","og_description":"Situ\u00e9 sur le parc d\u2019activit\u00e9s de Mazeran \u00e0 B\u00e9ziers, le palais des sports a \u00e9t\u00e9 officiellement inaugur\u00e9 vendredi 29 septembre 2023, avec le match de gala qui a oppos\u00e9 les volleyeuses des B\u00e9ziers Angels au Racing Club de Cannes. Le nouvel \u00e9quipement sportif, de pr\u00e8s de 21 millions d\u2019euros, se veut \u00eatre un lieu adapt\u00e9 [&hellip;]","og_url":"https:\/\/pulse-beziers.fr\/index.php\/2023\/10\/05\/inauguration-du-nouveau-palais-des-sports\/","og_site_name":"PULSE","article_published_time":"2023-10-05T12:38:12+00:00","article_modified_time":"2023-10-05T12:43:09+00:00","og_image":[{"width":2048,"height":1365,"url":"https:\/\/pulse-beziers.fr\/wp-content\/uploads\/2023\/10\/PALAIS-DES-SPORTS2.jpeg","type":"image\/jpeg"}],"author":"admin2231","twitter_card":"summary_large_image","twitter_misc":{"\u00c9crit par":"admin2231","Dur\u00e9e de lecture estim\u00e9e":"1 minute"},"schema":{"@context":"https:\/\/schema.org","@graph":[{"@type":"Article","@id":"https:\/\/pulse-beziers.fr\/index.php\/2023\/10\/05\/inauguration-du-nouveau-palais-des-sports\/#article","isPartOf":{"@id":"https:\/\/pulse-beziers.fr\/index.php\/2023\/10\/05\/inauguration-du-nouveau-palais-des-sports\/"},"author":{"name":"admin2231","@id":"https:\/\/pulse-beziers.fr\/#\/schema\/person\/e342ddedadbd0064dde1b874b20c4298"},"headline":"Inauguration du nouveau palais des sports situ\u00e9 sur le parc d&#8217;activit\u00e9s de Mazeran \u00e0 B\u00e9ziers","datePublished":"2023-10-05T12:38:12+00:00","dateModified":"2023-10-05T12:43:09+00:00","mainEntityOfPage":{"@id":"https:\/\/pulse-beziers.fr\/index.php\/2023\/10\/05\/inauguration-du-nouveau-palais-des-sports\/"},"wordCount":190,"publisher":{"@id":"https:\/\/pulse-beziers.fr\/#organization"},"image":{"@id":"https:\/\/pulse-beziers.fr\/index.php\/2023\/10\/05\/inauguration-du-nouveau-palais-des-sports\/#primaryimage"},"thumbnailUrl":"https:\/\/pulse-beziers.fr\/wp-content\/uploads\/2023\/10\/PALAIS-DES-SPORTS2.jpeg","articleSection":["EVENEMENT"],"inLanguage":"fr-FR"},{"@type":"WebPage","@id":"https:\/\/pulse-beziers.fr\/index.php\/2023\/10\/05\/inauguration-du-nouveau-palais-des-sports\/","url":"https:\/\/pulse-beziers.fr\/index.php\/2023\/10\/05\/inauguration-du-nouveau-palais-des-sports\/","name":"Inauguration du nouveau palais des sports situ\u00e9 sur le parc d'activit\u00e9s de Mazeran \u00e0 B\u00e9ziers - PULSE","isPartOf":{"@id":"https:\/\/pulse-beziers.fr\/#website"},"primaryImageOfPage":{"@id":"https:\/\/pulse-beziers.fr\/index.php\/2023\/10\/05\/inauguration-du-nouveau-palais-des-sports\/#primaryimage"},"image":{"@id":"https:\/\/pulse-beziers.fr\/index.php\/2023\/10\/05\/inauguration-du-nouveau-palais-des-sports\/#primaryimage"},"thumbnailUrl":"https:\/\/pulse-beziers.fr\/wp-content\/uploads\/2023\/10\/PALAIS-DES-SPORTS2.jpeg","datePublished":"2023-10-05T12:38:12+00:00","dateModified":"2023-10-05T12:43:09+00:00","breadcrumb":{"@id":"https:\/\/pulse-beziers.fr\/index.php\/2023\/10\/05\/inauguration-du-nouveau-palais-des-sports\/#breadcrumb"},"inLanguage":"fr-FR","potentialAction":[{"@type":"ReadAction","target":["https:\/\/pulse-beziers.fr\/index.php\/2023\/10\/05\/inauguration-du-nouveau-palais-des-sports\/"]}]},{"@type":"ImageObject","inLanguage":"fr-FR","@id":"https:\/\/pulse-beziers.fr\/index.php\/2023\/10\/05\/inauguration-du-nouveau-palais-des-sports\/#primaryimage","url":"https:\/\/pulse-beziers.fr\/wp-content\/uploads\/2023\/10\/PALAIS-DES-SPORTS2.jpeg","contentUrl":"https:\/\/pulse-beziers.fr\/wp-content\/uploads\/2023\/10\/PALAIS-DES-SPORTS2.jpeg","width":2048,"height":1365},{"@type":"BreadcrumbList","@id":"https:\/\/pulse-beziers.fr\/index.php\/2023\/10\/05\/inauguration-du-nouveau-palais-des-sports\/#breadcrumb","itemListElement":[{"@type":"ListItem","position":1,"name":"Accueil","item":"https:\/\/pulse-beziers.fr\/"},{"@type":"ListItem","position":2,"name":"Inauguration du nouveau palais des sports situ\u00e9 sur le parc d&#8217;activit\u00e9s de Mazeran \u00e0 B\u00e9ziers"}]},{"@type":"WebSite","@id":"https:\/\/pulse-beziers.fr\/#website","url":"https:\/\/pulse-beziers.fr\/","name":"PULSE","description":"B\u00e9ziers M\u00e9diterran\u00e9e","publisher":{"@id":"https:\/\/pulse-beziers.fr\/#organization"},"potentialAction":[{"@type":"SearchAction","target":{"@type":"EntryPoint","urlTemplate":"https:\/\/pulse-beziers.fr\/?s={search_term_string}"},"query-input":{"@type":"PropertyValueSpecification","valueRequired":true,"valueName":"search_term_string"}}],"inLanguage":"fr-FR"},{"@type":"Organization","@id":"https:\/\/pulse-beziers.fr\/#organization","name":"PULSE","url":"https:\/\/pulse-beziers.fr\/","logo":{"@type":"ImageObject","inLanguage":"fr-FR","@id":"https:\/\/pulse-beziers.fr\/#\/schema\/logo\/image\/","url":"https:\/\/pulse-beziers.fr\/wp-content\/uploads\/2023\/10\/PULSE_OK.png","contentUrl":"https:\/\/pulse-beziers.fr\/wp-content\/uploads\/2023\/10\/PULSE_OK.png","width":1490,"height":506,"caption":"PULSE"},"image":{"@id":"https:\/\/pulse-beziers.fr\/#\/schema\/logo\/image\/"}},{"@type":"Person","@id":"https:\/\/pulse-beziers.fr\/#\/schema\/person\/e342ddedadbd0064dde1b874b20c4298","name":"admin2231","image":{"@type":"ImageObject","inLanguage":"fr-FR","@id":"https:\/\/secure.gravatar.com\/avatar\/96a2c1e3e2c27fce1f5c62307e8ca30c2ba438c7c21107033e27326b15d2f2ec?s=96&d=mm&r=g","url":"https:\/\/secure.gravatar.com\/avatar\/96a2c1e3e2c27fce1f5c62307e8ca30c2ba438c7c21107033e27326b15d2f2ec?s=96&d=mm&r=g","contentUrl":"https:\/\/secure.gravatar.com\/avatar\/96a2c1e3e2c27fce1f5c62307e8ca30c2ba438c7c21107033e27326b15d2f2ec?s=96&d=mm&r=g","caption":"admin2231"},"sameAs":["http:\/\/pulse-beziers.fr"],"url":"https:\/\/pulse-beziers.fr\/index.php\/author\/admin2231\/"}]}},"jetpack_featured_media_url":"https:\/\/pulse-beziers.fr\/wp-content\/uploads\/2023\/10\/PALAIS-DES-SPORTS2.jpeg","jetpack_sharing_enabled":true,"_links":{"self":[{"href":"https:\/\/pulse-beziers.fr\/index.php\/wp-json\/wp\/v2\/posts\/2258","targetHints":{"allow":["GET"]}}],"collection":[{"href":"https:\/\/pulse-beziers.fr\/index.php\/wp-json\/wp\/v2\/posts"}],"about":[{"href":"https:\/\/pulse-beziers.fr\/index.php\/wp-json\/wp\/v2\/types\/post"}],"author":[{"embeddable":true,"href":"https:\/\/pulse-beziers.fr\/index.php\/wp-json\/wp\/v2\/users\/1"}],"replies":[{"embeddable":true,"href":"https:\/\/pulse-beziers.fr\/index.php\/wp-json\/wp\/v2\/comments?post=2258"}],"version-history":[{"count":8,"href":"https:\/\/pulse-beziers.fr\/index.php\/wp-json\/wp\/v2\/posts\/2258\/revisions"}],"predecessor-version":[{"id":2269,"href":"https:\/\/pulse-beziers.fr\/index.php\/wp-json\/wp\/v2\/posts\/2258\/revisions\/2269"}],"wp:featuredmedia":[{"embeddable":true,"href":"https:\/\/pulse-beziers.fr\/index.php\/wp-json\/wp\/v2\/media\/2260"}],"wp:attachment":[{"href":"https:\/\/pulse-beziers.fr\/index.php\/wp-json\/wp\/v2\/media?parent=2258"}],"wp:term":[{"taxonomy":"category","embeddable":true,"href":"https:\/\/pulse-beziers.fr\/index.php\/wp-json\/wp\/v2\/categories?post=2258"},{"taxonomy":"post_tag","embeddable":true,"href":"https:\/\/pulse-beziers.fr\/index.php\/wp-json\/wp\/v2\/tags?post=2258"}],"curies":[{"name":"wp","href":"https:\/\/api.w.org\/{rel}","templated":true}]}}