{"id":2627,"date":"2023-10-11T15:17:49","date_gmt":"2023-10-11T13:17:49","guid":{"rendered":"https:\/\/pulse-beziers.fr\/?p=2627"},"modified":"2023-10-11T15:23:40","modified_gmt":"2023-10-11T13:23:40","slug":"les-territoires-dindustrie-doccitanie-au-rendez-vous-du-siane-2023","status":"publish","type":"post","link":"https:\/\/pulse-beziers.fr\/index.php\/2023\/10\/11\/les-territoires-dindustrie-doccitanie-au-rendez-vous-du-siane-2023\/","title":{"rendered":"Les Territoires d\u2019industrie d\u2019Occitanie au rendez-vous du SIANE 2023 \u00a0les 17, 18 et 19 octobre 2023."},"content":{"rendered":"\t\t<div data-elementor-type=\"wp-post\" data-elementor-id=\"2627\" class=\"elementor elementor-2627\">\n\t\t\t\t\t\t<section class=\"elementor-section elementor-top-section elementor-element elementor-element-0a24752 elementor-section-boxed elementor-section-height-default elementor-section-height-default\" data-id=\"0a24752\" data-element_type=\"section\" data-e-type=\"section\">\n\t\t\t\t\t\t<div class=\"elementor-container elementor-column-gap-default\">\n\t\t\t\t\t<div class=\"elementor-column elementor-col-100 elementor-top-column elementor-element elementor-element-0b90182\" data-id=\"0b90182\" data-element_type=\"column\" data-e-type=\"column\">\n\t\t\t<div class=\"elementor-widget-wrap elementor-element-populated\">\n\t\t\t\t\t\t<div class=\"elementor-element elementor-element-109b747 elementor-widget elementor-widget-text-editor\" data-id=\"109b747\" data-element_type=\"widget\" data-e-type=\"widget\" data-widget_type=\"text-editor.default\">\n\t\t\t\t<div class=\"elementor-widget-container\">\n\t\t\t\t\t\t\t\t\t<p>Les Territoires d\u2019industrie d\u2019Occitanie se rassemblent pour la premi\u00e8re fois sur un m\u00eame espace d\u2019exposition au SIANE, salon des partenaires de l\u2019industrie qui se tiendra au MEET \u00e0 Toulouse les 17, 18 et 19 octobre 2023.<\/p><p>Comme \u00e0 chaque \u00e9dition, le SIANE se donne pour objectif de valoriser les savoir-faire des entreprises \u00e0 la pointe de la fili\u00e8re, et \u00e0 favoriser les rencontres d\u2019affaires.<\/p><p>Le stand Territoires d\u2019industrie, qui repr\u00e9sentera notamment le TI B\u00e9ziers-S\u00e8te, s\u2019attachera \u00e0 apporter des r\u00e9ponses concr\u00e8tes aux enjeux de soutien \u00e0 l\u2019industrie : d\u00e9veloppement des comp\u00e9tences, formation, innovation, attractivit\u00e9, acc\u00e9l\u00e9ration de la transition \u00e9cologique, disponibilit\u00e9 du foncier.<\/p><p>Retrouvez les Territoires d\u2019industrie \u00e0 l\u2019emplacement C74.<\/p>\t\t\t\t\t\t\t\t<\/div>\n\t\t\t\t<\/div>\n\t\t\t\t<div class=\"elementor-element elementor-element-13acbfc elementor-widget elementor-widget-spacer\" data-id=\"13acbfc\" data-element_type=\"widget\" data-e-type=\"widget\" data-widget_type=\"spacer.default\">\n\t\t\t\t<div class=\"elementor-widget-container\">\n\t\t\t\t\t\t\t<div class=\"elementor-spacer\">\n\t\t\t<div class=\"elementor-spacer-inner\"><\/div>\n\t\t<\/div>\n\t\t\t\t\t\t<\/div>\n\t\t\t\t<\/div>\n\t\t\t\t\t<\/div>\n\t\t<\/div>\n\t\t\t\t\t<\/div>\n\t\t<\/section>\n\t\t\t\t<section class=\"elementor-section elementor-top-section elementor-element elementor-element-269ceda elementor-section-boxed elementor-section-height-default elementor-section-height-default\" data-id=\"269ceda\" data-element_type=\"section\" data-e-type=\"section\">\n\t\t\t\t\t\t<div class=\"elementor-container elementor-column-gap-default\">\n\t\t\t\t\t<div class=\"elementor-column elementor-col-33 elementor-top-column elementor-element elementor-element-1e85f25\" data-id=\"1e85f25\" data-element_type=\"column\" data-e-type=\"column\">\n\t\t\t<div class=\"elementor-widget-wrap elementor-element-populated\">\n\t\t\t\t\t\t<div class=\"elementor-element elementor-element-868eb67 elementor-widget elementor-widget-image\" data-id=\"868eb67\" data-element_type=\"widget\" data-e-type=\"widget\" data-widget_type=\"image.default\">\n\t\t\t\t<div class=\"elementor-widget-container\">\n\t\t\t\t\t\t\t\t\t\t\t\t\t\t\t<img fetchpriority=\"high\" decoding=\"async\" width=\"1000\" height=\"667\" src=\"https:\/\/pulse-beziers.fr\/wp-content\/uploads\/2023\/10\/3.jpg\" class=\"attachment-large size-large wp-image-2629\" alt=\"\" srcset=\"https:\/\/pulse-beziers.fr\/wp-content\/uploads\/2023\/10\/3.jpg 1000w, https:\/\/pulse-beziers.fr\/wp-content\/uploads\/2023\/10\/3-600x400.jpg 600w, https:\/\/pulse-beziers.fr\/wp-content\/uploads\/2023\/10\/3-300x200.jpg 300w, https:\/\/pulse-beziers.fr\/wp-content\/uploads\/2023\/10\/3-768x512.jpg 768w\" sizes=\"(max-width: 1000px) 100vw, 1000px\" \/>\t\t\t\t\t\t\t\t\t\t\t\t\t\t\t<\/div>\n\t\t\t\t<\/div>\n\t\t\t\t\t<\/div>\n\t\t<\/div>\n\t\t\t\t<div class=\"elementor-column elementor-col-33 elementor-top-column elementor-element elementor-element-cf41a3e\" data-id=\"cf41a3e\" data-element_type=\"column\" data-e-type=\"column\">\n\t\t\t<div class=\"elementor-widget-wrap elementor-element-populated\">\n\t\t\t\t\t\t<div class=\"elementor-element elementor-element-0119a02 elementor-widget elementor-widget-image\" data-id=\"0119a02\" data-element_type=\"widget\" data-e-type=\"widget\" data-widget_type=\"image.default\">\n\t\t\t\t<div class=\"elementor-widget-container\">\n\t\t\t\t\t\t\t\t\t\t\t\t\t\t\t<img decoding=\"async\" width=\"1000\" height=\"666\" src=\"https:\/\/pulse-beziers.fr\/wp-content\/uploads\/2023\/10\/57.jpg\" class=\"attachment-large size-large wp-image-2638\" alt=\"\" srcset=\"https:\/\/pulse-beziers.fr\/wp-content\/uploads\/2023\/10\/57.jpg 1000w, https:\/\/pulse-beziers.fr\/wp-content\/uploads\/2023\/10\/57-600x400.jpg 600w, https:\/\/pulse-beziers.fr\/wp-content\/uploads\/2023\/10\/57-300x200.jpg 300w, https:\/\/pulse-beziers.fr\/wp-content\/uploads\/2023\/10\/57-768x511.jpg 768w\" sizes=\"(max-width: 1000px) 100vw, 1000px\" \/>\t\t\t\t\t\t\t\t\t\t\t\t\t\t\t<\/div>\n\t\t\t\t<\/div>\n\t\t\t\t\t<\/div>\n\t\t<\/div>\n\t\t\t\t<div class=\"elementor-column elementor-col-33 elementor-top-column elementor-element elementor-element-e382d58\" data-id=\"e382d58\" data-element_type=\"column\" data-e-type=\"column\">\n\t\t\t<div class=\"elementor-widget-wrap elementor-element-populated\">\n\t\t\t\t\t\t<div class=\"elementor-element elementor-element-05abc69 elementor-widget elementor-widget-image\" data-id=\"05abc69\" data-element_type=\"widget\" data-e-type=\"widget\" data-widget_type=\"image.default\">\n\t\t\t\t<div class=\"elementor-widget-container\">\n\t\t\t\t\t\t\t\t\t\t\t\t\t\t\t<img decoding=\"async\" width=\"1024\" height=\"697\" src=\"https:\/\/pulse-beziers.fr\/wp-content\/uploads\/2023\/10\/Visuel-SIANE-2023-1024x697.jpg\" class=\"attachment-large size-large wp-image-2639\" alt=\"\" srcset=\"https:\/\/pulse-beziers.fr\/wp-content\/uploads\/2023\/10\/Visuel-SIANE-2023-1024x697.jpg 1024w, https:\/\/pulse-beziers.fr\/wp-content\/uploads\/2023\/10\/Visuel-SIANE-2023-600x408.jpg 600w, https:\/\/pulse-beziers.fr\/wp-content\/uploads\/2023\/10\/Visuel-SIANE-2023-300x204.jpg 300w, https:\/\/pulse-beziers.fr\/wp-content\/uploads\/2023\/10\/Visuel-SIANE-2023-768x523.jpg 768w, https:\/\/pulse-beziers.fr\/wp-content\/uploads\/2023\/10\/Visuel-SIANE-2023-1536x1045.jpg 1536w, https:\/\/pulse-beziers.fr\/wp-content\/uploads\/2023\/10\/Visuel-SIANE-2023-2048x1394.jpg 2048w\" sizes=\"(max-width: 1024px) 100vw, 1024px\" \/>\t\t\t\t\t\t\t\t\t\t\t\t\t\t\t<\/div>\n\t\t\t\t<\/div>\n\t\t\t\t\t<\/div>\n\t\t<\/div>\n\t\t\t\t\t<\/div>\n\t\t<\/section>\n\t\t\t\t<\/div>\n\t\t","protected":false},"excerpt":{"rendered":"<p>Les Territoires d\u2019industrie d\u2019Occitanie se rassemblent pour la premi\u00e8re fois sur un m\u00eame espace d\u2019exposition au SIANE, salon des partenaires de l\u2019industrie qui se tiendra au MEET \u00e0 Toulouse les 17, 18 et 19 octobre 2023. Comme \u00e0 chaque \u00e9dition, le SIANE se donne pour objectif de valoriser les savoir-faire des entreprises \u00e0 la pointe [&hellip;]<\/p>\n","protected":false},"author":1,"featured_media":2629,"comment_status":"closed","ping_status":"closed","sticky":false,"template":"","format":"standard","meta":{"_jetpack_memberships_contains_paid_content":false,"footnotes":""},"categories":[4],"tags":[],"class_list":["post-2627","post","type-post","status-publish","format-standard","has-post-thumbnail","hentry","category-evenement"],"yoast_head":"<!-- This site is optimized with the Yoast SEO plugin v27.3 - https:\/\/yoast.com\/product\/yoast-seo-wordpress\/ -->\n<title>Les Territoires d\u2019industrie d\u2019Occitanie au rendez-vous du SIANE 2023 \u00a0les 17, 18 et 19 octobre 2023. - PULSE<\/title>\n<meta name=\"robots\" content=\"index, follow, max-snippet:-1, max-image-preview:large, max-video-preview:-1\" \/>\n<link rel=\"canonical\" href=\"https:\/\/pulse-beziers.fr\/index.php\/2023\/10\/11\/les-territoires-dindustrie-doccitanie-au-rendez-vous-du-siane-2023\/\" \/>\n<meta property=\"og:locale\" content=\"fr_FR\" \/>\n<meta property=\"og:type\" content=\"article\" \/>\n<meta property=\"og:title\" content=\"Les Territoires d\u2019industrie d\u2019Occitanie au rendez-vous du SIANE 2023 \u00a0les 17, 18 et 19 octobre 2023. - PULSE\" \/>\n<meta property=\"og:description\" content=\"Les Territoires d\u2019industrie d\u2019Occitanie se rassemblent pour la premi\u00e8re fois sur un m\u00eame espace d\u2019exposition au SIANE, salon des partenaires de l\u2019industrie qui se tiendra au MEET \u00e0 Toulouse les 17, 18 et 19 octobre 2023. Comme \u00e0 chaque \u00e9dition, le SIANE se donne pour objectif de valoriser les savoir-faire des entreprises \u00e0 la pointe [&hellip;]\" \/>\n<meta property=\"og:url\" content=\"https:\/\/pulse-beziers.fr\/index.php\/2023\/10\/11\/les-territoires-dindustrie-doccitanie-au-rendez-vous-du-siane-2023\/\" \/>\n<meta property=\"og:site_name\" content=\"PULSE\" \/>\n<meta property=\"article:published_time\" content=\"2023-10-11T13:17:49+00:00\" \/>\n<meta property=\"article:modified_time\" content=\"2023-10-11T13:23:40+00:00\" \/>\n<meta property=\"og:image\" content=\"https:\/\/pulse-beziers.fr\/wp-content\/uploads\/2023\/10\/3.jpg\" \/>\n\t<meta property=\"og:image:width\" content=\"1000\" \/>\n\t<meta property=\"og:image:height\" content=\"667\" \/>\n\t<meta property=\"og:image:type\" content=\"image\/jpeg\" \/>\n<meta name=\"author\" content=\"admin2231\" \/>\n<meta name=\"twitter:card\" content=\"summary_large_image\" \/>\n<meta name=\"twitter:label1\" content=\"\u00c9crit par\" \/>\n\t<meta name=\"twitter:data1\" content=\"admin2231\" \/>\n\t<meta name=\"twitter:label2\" content=\"Dur\u00e9e de lecture estim\u00e9e\" \/>\n\t<meta name=\"twitter:data2\" content=\"1 minute\" \/>\n<script type=\"application\/ld+json\" class=\"yoast-schema-graph\">{\"@context\":\"https:\\\/\\\/schema.org\",\"@graph\":[{\"@type\":\"Article\",\"@id\":\"https:\\\/\\\/pulse-beziers.fr\\\/index.php\\\/2023\\\/10\\\/11\\\/les-territoires-dindustrie-doccitanie-au-rendez-vous-du-siane-2023\\\/#article\",\"isPartOf\":{\"@id\":\"https:\\\/\\\/pulse-beziers.fr\\\/index.php\\\/2023\\\/10\\\/11\\\/les-territoires-dindustrie-doccitanie-au-rendez-vous-du-siane-2023\\\/\"},\"author\":{\"name\":\"admin2231\",\"@id\":\"https:\\\/\\\/pulse-beziers.fr\\\/#\\\/schema\\\/person\\\/e342ddedadbd0064dde1b874b20c4298\"},\"headline\":\"Les Territoires d\u2019industrie d\u2019Occitanie au rendez-vous du SIANE 2023 \u00a0les 17, 18 et 19 octobre 2023.\",\"datePublished\":\"2023-10-11T13:17:49+00:00\",\"dateModified\":\"2023-10-11T13:23:40+00:00\",\"mainEntityOfPage\":{\"@id\":\"https:\\\/\\\/pulse-beziers.fr\\\/index.php\\\/2023\\\/10\\\/11\\\/les-territoires-dindustrie-doccitanie-au-rendez-vous-du-siane-2023\\\/\"},\"wordCount\":131,\"publisher\":{\"@id\":\"https:\\\/\\\/pulse-beziers.fr\\\/#organization\"},\"image\":{\"@id\":\"https:\\\/\\\/pulse-beziers.fr\\\/index.php\\\/2023\\\/10\\\/11\\\/les-territoires-dindustrie-doccitanie-au-rendez-vous-du-siane-2023\\\/#primaryimage\"},\"thumbnailUrl\":\"https:\\\/\\\/pulse-beziers.fr\\\/wp-content\\\/uploads\\\/2023\\\/10\\\/3.jpg\",\"articleSection\":[\"EVENEMENT\"],\"inLanguage\":\"fr-FR\"},{\"@type\":\"WebPage\",\"@id\":\"https:\\\/\\\/pulse-beziers.fr\\\/index.php\\\/2023\\\/10\\\/11\\\/les-territoires-dindustrie-doccitanie-au-rendez-vous-du-siane-2023\\\/\",\"url\":\"https:\\\/\\\/pulse-beziers.fr\\\/index.php\\\/2023\\\/10\\\/11\\\/les-territoires-dindustrie-doccitanie-au-rendez-vous-du-siane-2023\\\/\",\"name\":\"Les Territoires d\u2019industrie d\u2019Occitanie au rendez-vous du SIANE 2023 \u00a0les 17, 18 et 19 octobre 2023. - PULSE\",\"isPartOf\":{\"@id\":\"https:\\\/\\\/pulse-beziers.fr\\\/#website\"},\"primaryImageOfPage\":{\"@id\":\"https:\\\/\\\/pulse-beziers.fr\\\/index.php\\\/2023\\\/10\\\/11\\\/les-territoires-dindustrie-doccitanie-au-rendez-vous-du-siane-2023\\\/#primaryimage\"},\"image\":{\"@id\":\"https:\\\/\\\/pulse-beziers.fr\\\/index.php\\\/2023\\\/10\\\/11\\\/les-territoires-dindustrie-doccitanie-au-rendez-vous-du-siane-2023\\\/#primaryimage\"},\"thumbnailUrl\":\"https:\\\/\\\/pulse-beziers.fr\\\/wp-content\\\/uploads\\\/2023\\\/10\\\/3.jpg\",\"datePublished\":\"2023-10-11T13:17:49+00:00\",\"dateModified\":\"2023-10-11T13:23:40+00:00\",\"breadcrumb\":{\"@id\":\"https:\\\/\\\/pulse-beziers.fr\\\/index.php\\\/2023\\\/10\\\/11\\\/les-territoires-dindustrie-doccitanie-au-rendez-vous-du-siane-2023\\\/#breadcrumb\"},\"inLanguage\":\"fr-FR\",\"potentialAction\":[{\"@type\":\"ReadAction\",\"target\":[\"https:\\\/\\\/pulse-beziers.fr\\\/index.php\\\/2023\\\/10\\\/11\\\/les-territoires-dindustrie-doccitanie-au-rendez-vous-du-siane-2023\\\/\"]}]},{\"@type\":\"ImageObject\",\"inLanguage\":\"fr-FR\",\"@id\":\"https:\\\/\\\/pulse-beziers.fr\\\/index.php\\\/2023\\\/10\\\/11\\\/les-territoires-dindustrie-doccitanie-au-rendez-vous-du-siane-2023\\\/#primaryimage\",\"url\":\"https:\\\/\\\/pulse-beziers.fr\\\/wp-content\\\/uploads\\\/2023\\\/10\\\/3.jpg\",\"contentUrl\":\"https:\\\/\\\/pulse-beziers.fr\\\/wp-content\\\/uploads\\\/2023\\\/10\\\/3.jpg\",\"width\":1000,\"height\":667},{\"@type\":\"BreadcrumbList\",\"@id\":\"https:\\\/\\\/pulse-beziers.fr\\\/index.php\\\/2023\\\/10\\\/11\\\/les-territoires-dindustrie-doccitanie-au-rendez-vous-du-siane-2023\\\/#breadcrumb\",\"itemListElement\":[{\"@type\":\"ListItem\",\"position\":1,\"name\":\"Accueil\",\"item\":\"https:\\\/\\\/pulse-beziers.fr\\\/\"},{\"@type\":\"ListItem\",\"position\":2,\"name\":\"Les Territoires d\u2019industrie d\u2019Occitanie au rendez-vous du SIANE 2023 \u00a0les 17, 18 et 19 octobre 2023.\"}]},{\"@type\":\"WebSite\",\"@id\":\"https:\\\/\\\/pulse-beziers.fr\\\/#website\",\"url\":\"https:\\\/\\\/pulse-beziers.fr\\\/\",\"name\":\"PULSE\",\"description\":\"B\u00e9ziers M\u00e9diterran\u00e9e\",\"publisher\":{\"@id\":\"https:\\\/\\\/pulse-beziers.fr\\\/#organization\"},\"potentialAction\":[{\"@type\":\"SearchAction\",\"target\":{\"@type\":\"EntryPoint\",\"urlTemplate\":\"https:\\\/\\\/pulse-beziers.fr\\\/?s={search_term_string}\"},\"query-input\":{\"@type\":\"PropertyValueSpecification\",\"valueRequired\":true,\"valueName\":\"search_term_string\"}}],\"inLanguage\":\"fr-FR\"},{\"@type\":\"Organization\",\"@id\":\"https:\\\/\\\/pulse-beziers.fr\\\/#organization\",\"name\":\"PULSE\",\"url\":\"https:\\\/\\\/pulse-beziers.fr\\\/\",\"logo\":{\"@type\":\"ImageObject\",\"inLanguage\":\"fr-FR\",\"@id\":\"https:\\\/\\\/pulse-beziers.fr\\\/#\\\/schema\\\/logo\\\/image\\\/\",\"url\":\"https:\\\/\\\/pulse-beziers.fr\\\/wp-content\\\/uploads\\\/2023\\\/10\\\/PULSE_OK.png\",\"contentUrl\":\"https:\\\/\\\/pulse-beziers.fr\\\/wp-content\\\/uploads\\\/2023\\\/10\\\/PULSE_OK.png\",\"width\":1490,\"height\":506,\"caption\":\"PULSE\"},\"image\":{\"@id\":\"https:\\\/\\\/pulse-beziers.fr\\\/#\\\/schema\\\/logo\\\/image\\\/\"}},{\"@type\":\"Person\",\"@id\":\"https:\\\/\\\/pulse-beziers.fr\\\/#\\\/schema\\\/person\\\/e342ddedadbd0064dde1b874b20c4298\",\"name\":\"admin2231\",\"image\":{\"@type\":\"ImageObject\",\"inLanguage\":\"fr-FR\",\"@id\":\"https:\\\/\\\/secure.gravatar.com\\\/avatar\\\/96a2c1e3e2c27fce1f5c62307e8ca30c2ba438c7c21107033e27326b15d2f2ec?s=96&d=mm&r=g\",\"url\":\"https:\\\/\\\/secure.gravatar.com\\\/avatar\\\/96a2c1e3e2c27fce1f5c62307e8ca30c2ba438c7c21107033e27326b15d2f2ec?s=96&d=mm&r=g\",\"contentUrl\":\"https:\\\/\\\/secure.gravatar.com\\\/avatar\\\/96a2c1e3e2c27fce1f5c62307e8ca30c2ba438c7c21107033e27326b15d2f2ec?s=96&d=mm&r=g\",\"caption\":\"admin2231\"},\"sameAs\":[\"http:\\\/\\\/pulse-beziers.fr\"],\"url\":\"https:\\\/\\\/pulse-beziers.fr\\\/index.php\\\/author\\\/admin2231\\\/\"}]}<\/script>\n<!-- \/ Yoast SEO plugin. -->","yoast_head_json":{"title":"Les Territoires d\u2019industrie d\u2019Occitanie au rendez-vous du SIANE 2023 \u00a0les 17, 18 et 19 octobre 2023. - PULSE","robots":{"index":"index","follow":"follow","max-snippet":"max-snippet:-1","max-image-preview":"max-image-preview:large","max-video-preview":"max-video-preview:-1"},"canonical":"https:\/\/pulse-beziers.fr\/index.php\/2023\/10\/11\/les-territoires-dindustrie-doccitanie-au-rendez-vous-du-siane-2023\/","og_locale":"fr_FR","og_type":"article","og_title":"Les Territoires d\u2019industrie d\u2019Occitanie au rendez-vous du SIANE 2023 \u00a0les 17, 18 et 19 octobre 2023. - PULSE","og_description":"Les Territoires d\u2019industrie d\u2019Occitanie se rassemblent pour la premi\u00e8re fois sur un m\u00eame espace d\u2019exposition au SIANE, salon des partenaires de l\u2019industrie qui se tiendra au MEET \u00e0 Toulouse les 17, 18 et 19 octobre 2023. Comme \u00e0 chaque \u00e9dition, le SIANE se donne pour objectif de valoriser les savoir-faire des entreprises \u00e0 la pointe [&hellip;]","og_url":"https:\/\/pulse-beziers.fr\/index.php\/2023\/10\/11\/les-territoires-dindustrie-doccitanie-au-rendez-vous-du-siane-2023\/","og_site_name":"PULSE","article_published_time":"2023-10-11T13:17:49+00:00","article_modified_time":"2023-10-11T13:23:40+00:00","og_image":[{"width":1000,"height":667,"url":"https:\/\/pulse-beziers.fr\/wp-content\/uploads\/2023\/10\/3.jpg","type":"image\/jpeg"}],"author":"admin2231","twitter_card":"summary_large_image","twitter_misc":{"\u00c9crit par":"admin2231","Dur\u00e9e de lecture estim\u00e9e":"1 minute"},"schema":{"@context":"https:\/\/schema.org","@graph":[{"@type":"Article","@id":"https:\/\/pulse-beziers.fr\/index.php\/2023\/10\/11\/les-territoires-dindustrie-doccitanie-au-rendez-vous-du-siane-2023\/#article","isPartOf":{"@id":"https:\/\/pulse-beziers.fr\/index.php\/2023\/10\/11\/les-territoires-dindustrie-doccitanie-au-rendez-vous-du-siane-2023\/"},"author":{"name":"admin2231","@id":"https:\/\/pulse-beziers.fr\/#\/schema\/person\/e342ddedadbd0064dde1b874b20c4298"},"headline":"Les Territoires d\u2019industrie d\u2019Occitanie au rendez-vous du SIANE 2023 \u00a0les 17, 18 et 19 octobre 2023.","datePublished":"2023-10-11T13:17:49+00:00","dateModified":"2023-10-11T13:23:40+00:00","mainEntityOfPage":{"@id":"https:\/\/pulse-beziers.fr\/index.php\/2023\/10\/11\/les-territoires-dindustrie-doccitanie-au-rendez-vous-du-siane-2023\/"},"wordCount":131,"publisher":{"@id":"https:\/\/pulse-beziers.fr\/#organization"},"image":{"@id":"https:\/\/pulse-beziers.fr\/index.php\/2023\/10\/11\/les-territoires-dindustrie-doccitanie-au-rendez-vous-du-siane-2023\/#primaryimage"},"thumbnailUrl":"https:\/\/pulse-beziers.fr\/wp-content\/uploads\/2023\/10\/3.jpg","articleSection":["EVENEMENT"],"inLanguage":"fr-FR"},{"@type":"WebPage","@id":"https:\/\/pulse-beziers.fr\/index.php\/2023\/10\/11\/les-territoires-dindustrie-doccitanie-au-rendez-vous-du-siane-2023\/","url":"https:\/\/pulse-beziers.fr\/index.php\/2023\/10\/11\/les-territoires-dindustrie-doccitanie-au-rendez-vous-du-siane-2023\/","name":"Les Territoires d\u2019industrie d\u2019Occitanie au rendez-vous du SIANE 2023 \u00a0les 17, 18 et 19 octobre 2023. - PULSE","isPartOf":{"@id":"https:\/\/pulse-beziers.fr\/#website"},"primaryImageOfPage":{"@id":"https:\/\/pulse-beziers.fr\/index.php\/2023\/10\/11\/les-territoires-dindustrie-doccitanie-au-rendez-vous-du-siane-2023\/#primaryimage"},"image":{"@id":"https:\/\/pulse-beziers.fr\/index.php\/2023\/10\/11\/les-territoires-dindustrie-doccitanie-au-rendez-vous-du-siane-2023\/#primaryimage"},"thumbnailUrl":"https:\/\/pulse-beziers.fr\/wp-content\/uploads\/2023\/10\/3.jpg","datePublished":"2023-10-11T13:17:49+00:00","dateModified":"2023-10-11T13:23:40+00:00","breadcrumb":{"@id":"https:\/\/pulse-beziers.fr\/index.php\/2023\/10\/11\/les-territoires-dindustrie-doccitanie-au-rendez-vous-du-siane-2023\/#breadcrumb"},"inLanguage":"fr-FR","potentialAction":[{"@type":"ReadAction","target":["https:\/\/pulse-beziers.fr\/index.php\/2023\/10\/11\/les-territoires-dindustrie-doccitanie-au-rendez-vous-du-siane-2023\/"]}]},{"@type":"ImageObject","inLanguage":"fr-FR","@id":"https:\/\/pulse-beziers.fr\/index.php\/2023\/10\/11\/les-territoires-dindustrie-doccitanie-au-rendez-vous-du-siane-2023\/#primaryimage","url":"https:\/\/pulse-beziers.fr\/wp-content\/uploads\/2023\/10\/3.jpg","contentUrl":"https:\/\/pulse-beziers.fr\/wp-content\/uploads\/2023\/10\/3.jpg","width":1000,"height":667},{"@type":"BreadcrumbList","@id":"https:\/\/pulse-beziers.fr\/index.php\/2023\/10\/11\/les-territoires-dindustrie-doccitanie-au-rendez-vous-du-siane-2023\/#breadcrumb","itemListElement":[{"@type":"ListItem","position":1,"name":"Accueil","item":"https:\/\/pulse-beziers.fr\/"},{"@type":"ListItem","position":2,"name":"Les Territoires d\u2019industrie d\u2019Occitanie au rendez-vous du SIANE 2023 \u00a0les 17, 18 et 19 octobre 2023."}]},{"@type":"WebSite","@id":"https:\/\/pulse-beziers.fr\/#website","url":"https:\/\/pulse-beziers.fr\/","name":"PULSE","description":"B\u00e9ziers M\u00e9diterran\u00e9e","publisher":{"@id":"https:\/\/pulse-beziers.fr\/#organization"},"potentialAction":[{"@type":"SearchAction","target":{"@type":"EntryPoint","urlTemplate":"https:\/\/pulse-beziers.fr\/?s={search_term_string}"},"query-input":{"@type":"PropertyValueSpecification","valueRequired":true,"valueName":"search_term_string"}}],"inLanguage":"fr-FR"},{"@type":"Organization","@id":"https:\/\/pulse-beziers.fr\/#organization","name":"PULSE","url":"https:\/\/pulse-beziers.fr\/","logo":{"@type":"ImageObject","inLanguage":"fr-FR","@id":"https:\/\/pulse-beziers.fr\/#\/schema\/logo\/image\/","url":"https:\/\/pulse-beziers.fr\/wp-content\/uploads\/2023\/10\/PULSE_OK.png","contentUrl":"https:\/\/pulse-beziers.fr\/wp-content\/uploads\/2023\/10\/PULSE_OK.png","width":1490,"height":506,"caption":"PULSE"},"image":{"@id":"https:\/\/pulse-beziers.fr\/#\/schema\/logo\/image\/"}},{"@type":"Person","@id":"https:\/\/pulse-beziers.fr\/#\/schema\/person\/e342ddedadbd0064dde1b874b20c4298","name":"admin2231","image":{"@type":"ImageObject","inLanguage":"fr-FR","@id":"https:\/\/secure.gravatar.com\/avatar\/96a2c1e3e2c27fce1f5c62307e8ca30c2ba438c7c21107033e27326b15d2f2ec?s=96&d=mm&r=g","url":"https:\/\/secure.gravatar.com\/avatar\/96a2c1e3e2c27fce1f5c62307e8ca30c2ba438c7c21107033e27326b15d2f2ec?s=96&d=mm&r=g","contentUrl":"https:\/\/secure.gravatar.com\/avatar\/96a2c1e3e2c27fce1f5c62307e8ca30c2ba438c7c21107033e27326b15d2f2ec?s=96&d=mm&r=g","caption":"admin2231"},"sameAs":["http:\/\/pulse-beziers.fr"],"url":"https:\/\/pulse-beziers.fr\/index.php\/author\/admin2231\/"}]}},"jetpack_featured_media_url":"https:\/\/pulse-beziers.fr\/wp-content\/uploads\/2023\/10\/3.jpg","jetpack_sharing_enabled":true,"_links":{"self":[{"href":"https:\/\/pulse-beziers.fr\/index.php\/wp-json\/wp\/v2\/posts\/2627","targetHints":{"allow":["GET"]}}],"collection":[{"href":"https:\/\/pulse-beziers.fr\/index.php\/wp-json\/wp\/v2\/posts"}],"about":[{"href":"https:\/\/pulse-beziers.fr\/index.php\/wp-json\/wp\/v2\/types\/post"}],"author":[{"embeddable":true,"href":"https:\/\/pulse-beziers.fr\/index.php\/wp-json\/wp\/v2\/users\/1"}],"replies":[{"embeddable":true,"href":"https:\/\/pulse-beziers.fr\/index.php\/wp-json\/wp\/v2\/comments?post=2627"}],"version-history":[{"count":6,"href":"https:\/\/pulse-beziers.fr\/index.php\/wp-json\/wp\/v2\/posts\/2627\/revisions"}],"predecessor-version":[{"id":2644,"href":"https:\/\/pulse-beziers.fr\/index.php\/wp-json\/wp\/v2\/posts\/2627\/revisions\/2644"}],"wp:featuredmedia":[{"embeddable":true,"href":"https:\/\/pulse-beziers.fr\/index.php\/wp-json\/wp\/v2\/media\/2629"}],"wp:attachment":[{"href":"https:\/\/pulse-beziers.fr\/index.php\/wp-json\/wp\/v2\/media?parent=2627"}],"wp:term":[{"taxonomy":"category","embeddable":true,"href":"https:\/\/pulse-beziers.fr\/index.php\/wp-json\/wp\/v2\/categories?post=2627"},{"taxonomy":"post_tag","embeddable":true,"href":"https:\/\/pulse-beziers.fr\/index.php\/wp-json\/wp\/v2\/tags?post=2627"}],"curies":[{"name":"wp","href":"https:\/\/api.w.org\/{rel}","templated":true}]}}