{"id":4190,"date":"2023-12-14T09:25:07","date_gmt":"2023-12-14T08:25:07","guid":{"rendered":"https:\/\/pulse-beziers.fr\/?p=4190"},"modified":"2023-12-14T09:33:59","modified_gmt":"2023-12-14T08:33:59","slug":"revivez-les-moments-forts-de-levenement-french-tech-central-du-7-decembre-2023","status":"publish","type":"post","link":"https:\/\/pulse-beziers.fr\/index.php\/2023\/12\/14\/revivez-les-moments-forts-de-levenement-french-tech-central-du-7-decembre-2023\/","title":{"rendered":"Revivez les moments forts de l&#8217;\u00e9v\u00e9nement French Tech Central du 7 d\u00e9cembre 2023"},"content":{"rendered":"\t\t<div data-elementor-type=\"wp-post\" data-elementor-id=\"4190\" class=\"elementor elementor-4190\">\n\t\t\t\t\t\t<section class=\"elementor-section elementor-top-section elementor-element elementor-element-5e34b03 elementor-section-boxed elementor-section-height-default elementor-section-height-default\" data-id=\"5e34b03\" data-element_type=\"section\" data-e-type=\"section\">\n\t\t\t\t\t\t<div class=\"elementor-container elementor-column-gap-default\">\n\t\t\t\t\t<div class=\"elementor-column elementor-col-100 elementor-top-column elementor-element elementor-element-9dcbf38\" data-id=\"9dcbf38\" data-element_type=\"column\" data-e-type=\"column\">\n\t\t\t<div class=\"elementor-widget-wrap elementor-element-populated\">\n\t\t\t\t\t\t<div class=\"elementor-element elementor-element-62270f9 elementor-widget elementor-widget-text-editor\" data-id=\"62270f9\" data-element_type=\"widget\" data-e-type=\"widget\" data-widget_type=\"text-editor.default\">\n\t\t\t\t<div class=\"elementor-widget-container\">\n\t\t\t\t\t\t\t\t\t<p class=\"x_MsoNormal\" style=\"margin: 0cm; line-height: 15.4px; font-size: 11pt; font-family: Calibri, sans-serif; color: #242424; text-align: justify;\"><span style=\"border: 0px; font-style: inherit; font-variant: inherit; font-weight: inherit; font-stretch: inherit; font-size: 10.5pt; line-height: 14.7px; font-family: 'Segoe UI', sans-serif, serif, EmojiFont; font-optical-sizing: inherit; font-kerning: inherit; font-feature-settings: inherit; font-variation-settings: inherit; vertical-align: baseline; background-image: initial; background-position: initial; background-size: initial; background-repeat: initial; background-attachment: initial; background-origin: initial; background-clip: initial; color: black !important;\">Orchestr\u00e9 par la French Tech M\u00e9diterran\u00e9e en collaboration avec l&#8217;Agglom\u00e9ration B\u00e9ziers M\u00e9diterran\u00e9e, l\u2019\u00e9v\u00e9nement French Tech Central du 7 d\u00e9cembre 2023 au Palais des Congr\u00e8s de B\u00e9ziers a \u00e9t\u00e9 l\u2019occasion de partager des t\u00e9moignages et retours d\u2019exp\u00e9riences d\u2019entrepreneurs du Biterrois.<\/span><\/p><p class=\"x_MsoNormal\" style=\"margin: 0cm; line-height: 15.4px; font-size: 11pt; font-family: Calibri, sans-serif; color: #242424; text-align: justify;\"><span style=\"border: 0px; font-style: inherit; font-variant: inherit; font-weight: inherit; font-stretch: inherit; font-size: 10.5pt; line-height: 14.7px; font-family: 'Segoe UI', sans-serif, serif, EmojiFont; font-optical-sizing: inherit; font-kerning: inherit; font-feature-settings: inherit; font-variation-settings: inherit; vertical-align: baseline; color: inherit;\"><br aria-hidden=\"true\" \/><span style=\"border: 0px; font-style: inherit; font-variant: inherit; font-weight: inherit; font-stretch: inherit; font-size: inherit; line-height: inherit; vertical-align: baseline; background-image: initial; background-position: initial; background-size: initial; background-repeat: initial; background-attachment: initial; background-origin: initial; background-clip: initial; color: black !important;\">C\u00e9dric BOTELLA et Hugo DUTANG du Groupe Instadrone, sp\u00e9cialis\u00e9 dans les prestations techniques par drones et d\u00e9j\u00e0 implant\u00e9 en Espagne, en Tunisie et prochainement au Maroc, sont intervenus aux c\u00f4t\u00e9s de la branche France Export de Business France pour exposer leur exp\u00e9rience de d\u00e9veloppement \u00e0 l\u2019international, notamment en Afrique.<\/span><\/span><\/p><p class=\"x_MsoNormal\" style=\"margin: 0cm; line-height: 15.4px; font-size: 11pt; font-family: Calibri, sans-serif; color: #242424; text-align: justify;\"><span style=\"border: 0px; font-style: inherit; font-variant: inherit; font-weight: inherit; font-stretch: inherit; font-size: 10.5pt; line-height: 14.7px; font-family: 'Segoe UI', sans-serif, serif, EmojiFont; font-optical-sizing: inherit; font-kerning: inherit; font-feature-settings: inherit; font-variation-settings: inherit; vertical-align: baseline; color: inherit; background-image: initial; background-position: initial; background-size: initial; background-repeat: initial; background-attachment: initial; background-origin: initial; background-clip: initial;\">\u00a0<\/span><\/p><p class=\"x_MsoNormal\" style=\"margin: 0cm; line-height: 15.4px; font-size: 11pt; font-family: Calibri, sans-serif; color: #242424; text-align: justify;\"><span style=\"border: 0px; font-style: inherit; font-variant: inherit; font-weight: inherit; font-stretch: inherit; font-size: 10.5pt; line-height: 14.7px; font-family: 'Segoe UI', sans-serif, serif, EmojiFont; font-optical-sizing: inherit; font-kerning: inherit; font-feature-settings: inherit; font-variation-settings: inherit; vertical-align: baseline; background-image: initial; background-position: initial; background-size: initial; background-repeat: initial; background-attachment: initial; background-origin: initial; background-clip: initial; color: black !important;\">La Direction G\u00e9n\u00e9rale des Finances publiques a poursuivi cette s\u00e9rie de tables rondes sur le sujet \u00ab\u00a0Financement et innovation\u00a0\u00bb pour \u00e9voquer l\u2019accompagnement fiscal des PME.<\/span><\/p><p class=\"x_MsoNormal\" style=\"margin: 0cm; line-height: 15.4px; font-size: 11pt; font-family: Calibri, sans-serif; color: #242424; text-align: justify;\"><span style=\"border: 0px; font-style: inherit; font-variant: inherit; font-weight: inherit; font-stretch: inherit; font-size: 10.5pt; line-height: 14.7px; font-family: 'Segoe UI', sans-serif, serif, EmojiFont; font-optical-sizing: inherit; font-kerning: inherit; font-feature-settings: inherit; font-variation-settings: inherit; vertical-align: baseline; color: inherit; background-image: initial; background-position: initial; background-size: initial; background-repeat: initial; background-attachment: initial; background-origin: initial; background-clip: initial;\">\u00a0<\/span><\/p><p class=\"x_MsoNormal\" style=\"margin: 0cm; line-height: 15.4px; font-size: 11pt; font-family: Calibri, sans-serif; color: #242424; text-align: justify;\"><span style=\"border: 0px; font-style: inherit; font-variant: inherit; font-weight: inherit; font-stretch: inherit; font-size: 10.5pt; line-height: 14.7px; font-family: 'Segoe UI', sans-serif, serif, EmojiFont; font-optical-sizing: inherit; font-kerning: inherit; font-feature-settings: inherit; font-variation-settings: inherit; vertical-align: baseline; background-image: initial; background-position: initial; background-size: initial; background-repeat: initial; background-attachment: initial; background-origin: initial; background-clip: initial; color: black !important;\">Henri-Pierre ROCHE de Biodiv-Wind a pris la parole conjointement avec BPI France pour illustrer le sujet \u00ab\u00a0L\u2019innovation au service de l\u2019environnement\u00a0\u00bb. Depuis 2015, Biodiv-Wind d\u00e9veloppe, installe et exploite un syst\u00e8me de d\u00e9tection de la faune sauvage bas\u00e9 sur l\u2019Intelligence Artificielle en milieu industriel.<\/span>\u00a0Son entreprise apporte notamment des solutions au risque de collision de la faune volante avec les parcs \u00e9oliens terrestres et offshores.<\/p><p class=\"x_MsoNormal\" style=\"margin: 0cm; line-height: 15.4px; font-size: 11pt; font-family: Calibri, sans-serif; color: #242424; text-align: justify;\"><span style=\"border: 0px; font-style: inherit; font-variant: inherit; font-weight: inherit; font-stretch: inherit; font-size: 10.5pt; line-height: 14.7px; font-family: 'Segoe UI', sans-serif, serif, EmojiFont; font-optical-sizing: inherit; font-kerning: inherit; font-feature-settings: inherit; font-variation-settings: inherit; vertical-align: baseline; color: inherit; background-image: initial; background-position: initial; background-size: initial; background-repeat: initial; background-attachment: initial; background-origin: initial; background-clip: initial;\">\u00a0<\/span><\/p><p class=\"x_MsoNormal\" style=\"margin: 0cm; line-height: 15.4px; font-size: 11pt; font-family: Calibri, sans-serif; color: #242424; text-align: justify;\"><span style=\"border: 0px; font-style: inherit; font-variant: inherit; font-weight: inherit; font-stretch: inherit; font-size: 10.5pt; line-height: 14.7px; font-family: 'Segoe UI', sans-serif, serif, EmojiFont; font-optical-sizing: inherit; font-kerning: inherit; font-feature-settings: inherit; font-variation-settings: inherit; vertical-align: baseline; background-image: initial; background-position: initial; background-size: initial; background-repeat: initial; background-attachment: initial; background-origin: initial; background-clip: initial; color: black !important;\">Enfin, Herb\u00e9 BARBA du Groupe Barba, aux c\u00f4t\u00e9s du CEPRALMAR et de l\u2019IFREMER, a cl\u00f4tur\u00e9 cette session de t\u00e9moignages avec une table ronde sur le th\u00e8me de \u00ab\u00a0l\u2019innovation au sein d\u2019un grand groupe\u00a0\u00bb. Son intervention a permis de rappeler que l\u2019innovation est au c\u0153ur du Groupe Barba depuis 5 g\u00e9n\u00e9rations et d\u2019\u00e9voquer les projets actuels et futurs de l\u2019entreprise, notamment \u00ab\u00a0l\u2019Holonurs\u00a0\u00bb. Ce projet vise \u00e0 d\u00e9velopper la production d\u2019holothuries juv\u00e9niles (concombres de mer) en M\u00e9diterran\u00e9e, une initiative qui contribue \u00e0 la diversification des productions fran\u00e7aises de p\u00eache.<\/span><\/p><p class=\"x_MsoNormal\" style=\"margin: 0cm; line-height: 15.4px; font-size: 11pt; font-family: Calibri, sans-serif; color: #242424; text-align: justify;\"><span style=\"border: 0px; font-style: inherit; font-variant: inherit; font-weight: inherit; font-stretch: inherit; font-size: 10.5pt; line-height: 14.7px; font-family: 'Segoe UI', sans-serif, serif, EmojiFont; font-optical-sizing: inherit; font-kerning: inherit; font-feature-settings: inherit; font-variation-settings: inherit; vertical-align: baseline; color: inherit; background-image: initial; background-position: initial; background-size: initial; background-repeat: initial; background-attachment: initial; background-origin: initial; background-clip: initial;\">\u00a0<\/span><\/p><p class=\"x_MsoNormal\" style=\"margin: 0cm 0cm 8pt; line-height: 15.4px; font-size: 11pt; font-family: Calibri, sans-serif; color: #242424; text-align: justify;\"><span style=\"border: 0px; font-style: inherit; font-variant: inherit; font-weight: inherit; font-stretch: inherit; font-size: 10.5pt; line-height: 14.7px; font-family: 'Segoe UI', sans-serif, serif, EmojiFont; font-optical-sizing: inherit; font-kerning: inherit; font-feature-settings: inherit; font-variation-settings: inherit; vertical-align: baseline; background-image: initial; background-position: initial; background-size: initial; background-repeat: initial; background-attachment: initial; background-origin: initial; background-clip: initial; color: black !important;\">Christophe THOMAS et\u00a0C\u00e9dric BOTELLA\u00a0ont \u00e9galement repr\u00e9sent\u00e9\u00a0PULSE B\u00e9ziers M\u00e9diterran\u00e9e<\/span>\u00a0pendant l\u2019\u00e9v\u00e9nement<span style=\"border: 0px; font-style: inherit; font-variant: inherit; font-weight: inherit; font-stretch: inherit; font-size: 10.5pt; line-height: 14.7px; font-family: 'Segoe UI', sans-serif, serif, EmojiFont; font-optical-sizing: inherit; font-kerning: inherit; font-feature-settings: inherit; font-variation-settings: inherit; vertical-align: baseline; background-image: initial; background-position: initial; background-size: initial; background-repeat: initial; background-attachment: initial; background-origin: initial; background-clip: initial; color: black !important;\">, \u00e9voquant les ambitions et actions \u00e0 venir pour l\u2019agence de d\u00e9veloppement \u00e9conomique.<\/span><\/p><p class=\"x_MsoNormal\" style=\"margin: 0cm 0cm 8pt; line-height: 15.4px; font-size: 11pt; font-family: Calibri, sans-serif; color: #242424; text-align: start;\" aria-hidden=\"true\">\u00a0<\/p>\t\t\t\t\t\t\t\t<\/div>\n\t\t\t\t<\/div>\n\t\t\t\t\t<\/div>\n\t\t<\/div>\n\t\t\t\t\t<\/div>\n\t\t<\/section>\n\t\t\t\t<section class=\"elementor-section elementor-top-section elementor-element elementor-element-75ff311 elementor-section-boxed elementor-section-height-default elementor-section-height-default\" data-id=\"75ff311\" data-element_type=\"section\" data-e-type=\"section\">\n\t\t\t\t\t\t<div class=\"elementor-container elementor-column-gap-default\">\n\t\t\t\t\t<div class=\"elementor-column elementor-col-33 elementor-top-column elementor-element elementor-element-983bc5b\" data-id=\"983bc5b\" data-element_type=\"column\" data-e-type=\"column\">\n\t\t\t<div class=\"elementor-widget-wrap elementor-element-populated\">\n\t\t\t\t\t\t<div class=\"elementor-element elementor-element-8c2bd35 elementor-widget elementor-widget-image\" data-id=\"8c2bd35\" data-element_type=\"widget\" data-e-type=\"widget\" data-widget_type=\"image.default\">\n\t\t\t\t<div class=\"elementor-widget-container\">\n\t\t\t\t\t\t\t\t\t\t\t\t\t\t\t<img fetchpriority=\"high\" decoding=\"async\" width=\"1024\" height=\"771\" src=\"https:\/\/pulse-beziers.fr\/wp-content\/uploads\/2023\/12\/1-FT-Central-_Instadrone_web-1024x771.jpg\" class=\"attachment-large size-large wp-image-4195\" alt=\"\" srcset=\"https:\/\/pulse-beziers.fr\/wp-content\/uploads\/2023\/12\/1-FT-Central-_Instadrone_web-1024x771.jpg 1024w, https:\/\/pulse-beziers.fr\/wp-content\/uploads\/2023\/12\/1-FT-Central-_Instadrone_web-600x452.jpg 600w, https:\/\/pulse-beziers.fr\/wp-content\/uploads\/2023\/12\/1-FT-Central-_Instadrone_web-300x226.jpg 300w, https:\/\/pulse-beziers.fr\/wp-content\/uploads\/2023\/12\/1-FT-Central-_Instadrone_web-768x578.jpg 768w, https:\/\/pulse-beziers.fr\/wp-content\/uploads\/2023\/12\/1-FT-Central-_Instadrone_web.jpg 1500w\" sizes=\"(max-width: 1024px) 100vw, 1024px\" \/>\t\t\t\t\t\t\t\t\t\t\t\t\t\t\t<\/div>\n\t\t\t\t<\/div>\n\t\t\t\t\t<\/div>\n\t\t<\/div>\n\t\t\t\t<div class=\"elementor-column elementor-col-33 elementor-top-column elementor-element elementor-element-7b80fde\" data-id=\"7b80fde\" data-element_type=\"column\" data-e-type=\"column\">\n\t\t\t<div class=\"elementor-widget-wrap elementor-element-populated\">\n\t\t\t\t\t\t<div class=\"elementor-element elementor-element-ee27671 elementor-widget elementor-widget-image\" data-id=\"ee27671\" data-element_type=\"widget\" data-e-type=\"widget\" data-widget_type=\"image.default\">\n\t\t\t\t<div class=\"elementor-widget-container\">\n\t\t\t\t\t\t\t\t\t\t\t\t\t\t\t<img decoding=\"async\" width=\"1024\" height=\"771\" src=\"https:\/\/pulse-beziers.fr\/wp-content\/uploads\/2023\/12\/2-Instadrone_web-1024x771.jpg\" class=\"attachment-large size-large wp-image-4196\" alt=\"\" srcset=\"https:\/\/pulse-beziers.fr\/wp-content\/uploads\/2023\/12\/2-Instadrone_web-1024x771.jpg 1024w, https:\/\/pulse-beziers.fr\/wp-content\/uploads\/2023\/12\/2-Instadrone_web-600x452.jpg 600w, https:\/\/pulse-beziers.fr\/wp-content\/uploads\/2023\/12\/2-Instadrone_web-300x226.jpg 300w, https:\/\/pulse-beziers.fr\/wp-content\/uploads\/2023\/12\/2-Instadrone_web-768x578.jpg 768w, https:\/\/pulse-beziers.fr\/wp-content\/uploads\/2023\/12\/2-Instadrone_web.jpg 1500w\" sizes=\"(max-width: 1024px) 100vw, 1024px\" \/>\t\t\t\t\t\t\t\t\t\t\t\t\t\t\t<\/div>\n\t\t\t\t<\/div>\n\t\t\t\t\t<\/div>\n\t\t<\/div>\n\t\t\t\t<div class=\"elementor-column elementor-col-33 elementor-top-column elementor-element elementor-element-85375ff\" data-id=\"85375ff\" data-element_type=\"column\" data-e-type=\"column\">\n\t\t\t<div class=\"elementor-widget-wrap elementor-element-populated\">\n\t\t\t\t\t\t<div class=\"elementor-element elementor-element-5430cdc elementor-widget elementor-widget-image\" data-id=\"5430cdc\" data-element_type=\"widget\" data-e-type=\"widget\" data-widget_type=\"image.default\">\n\t\t\t\t<div class=\"elementor-widget-container\">\n\t\t\t\t\t\t\t\t\t\t\t\t\t\t\t<img decoding=\"async\" width=\"1024\" height=\"771\" src=\"https:\/\/pulse-beziers.fr\/wp-content\/uploads\/2023\/12\/3-FT-Central_DGFIP_web-1024x771.jpg\" class=\"attachment-large size-large wp-image-4197\" alt=\"\" srcset=\"https:\/\/pulse-beziers.fr\/wp-content\/uploads\/2023\/12\/3-FT-Central_DGFIP_web-1024x771.jpg 1024w, https:\/\/pulse-beziers.fr\/wp-content\/uploads\/2023\/12\/3-FT-Central_DGFIP_web-600x452.jpg 600w, https:\/\/pulse-beziers.fr\/wp-content\/uploads\/2023\/12\/3-FT-Central_DGFIP_web-300x226.jpg 300w, https:\/\/pulse-beziers.fr\/wp-content\/uploads\/2023\/12\/3-FT-Central_DGFIP_web-768x578.jpg 768w, https:\/\/pulse-beziers.fr\/wp-content\/uploads\/2023\/12\/3-FT-Central_DGFIP_web.jpg 1500w\" sizes=\"(max-width: 1024px) 100vw, 1024px\" \/>\t\t\t\t\t\t\t\t\t\t\t\t\t\t\t<\/div>\n\t\t\t\t<\/div>\n\t\t\t\t\t<\/div>\n\t\t<\/div>\n\t\t\t\t\t<\/div>\n\t\t<\/section>\n\t\t\t\t<\/div>\n\t\t","protected":false},"excerpt":{"rendered":"<p>Orchestr\u00e9 par la French Tech M\u00e9diterran\u00e9e en collaboration avec l&#8217;Agglom\u00e9ration B\u00e9ziers M\u00e9diterran\u00e9e, l\u2019\u00e9v\u00e9nement French Tech Central du 7 d\u00e9cembre 2023 au Palais des Congr\u00e8s de B\u00e9ziers a \u00e9t\u00e9 l\u2019occasion de partager des t\u00e9moignages et retours d\u2019exp\u00e9riences d\u2019entrepreneurs du Biterrois. C\u00e9dric BOTELLA et Hugo DUTANG du Groupe Instadrone, sp\u00e9cialis\u00e9 dans les prestations techniques par drones et [&hellip;]<\/p>\n","protected":false},"author":1,"featured_media":4202,"comment_status":"closed","ping_status":"closed","sticky":false,"template":"","format":"standard","meta":{"_jetpack_memberships_contains_paid_content":false,"footnotes":""},"categories":[4],"tags":[],"class_list":["post-4190","post","type-post","status-publish","format-standard","has-post-thumbnail","hentry","category-evenement"],"yoast_head":"<!-- This site is optimized with the Yoast SEO plugin v27.3 - https:\/\/yoast.com\/product\/yoast-seo-wordpress\/ -->\n<title>Revivez les moments forts de l&#039;\u00e9v\u00e9nement French Tech Central du 7 d\u00e9cembre 2023 - PULSE<\/title>\n<meta name=\"robots\" content=\"index, follow, max-snippet:-1, max-image-preview:large, max-video-preview:-1\" \/>\n<link rel=\"canonical\" href=\"https:\/\/pulse-beziers.fr\/index.php\/2023\/12\/14\/revivez-les-moments-forts-de-levenement-french-tech-central-du-7-decembre-2023\/\" \/>\n<meta property=\"og:locale\" content=\"fr_FR\" \/>\n<meta property=\"og:type\" content=\"article\" \/>\n<meta property=\"og:title\" content=\"Revivez les moments forts de l&#039;\u00e9v\u00e9nement French Tech Central du 7 d\u00e9cembre 2023 - PULSE\" \/>\n<meta property=\"og:description\" content=\"Orchestr\u00e9 par la French Tech M\u00e9diterran\u00e9e en collaboration avec l&#8217;Agglom\u00e9ration B\u00e9ziers M\u00e9diterran\u00e9e, l\u2019\u00e9v\u00e9nement French Tech Central du 7 d\u00e9cembre 2023 au Palais des Congr\u00e8s de B\u00e9ziers a \u00e9t\u00e9 l\u2019occasion de partager des t\u00e9moignages et retours d\u2019exp\u00e9riences d\u2019entrepreneurs du Biterrois. C\u00e9dric BOTELLA et Hugo DUTANG du Groupe Instadrone, sp\u00e9cialis\u00e9 dans les prestations techniques par drones et [&hellip;]\" \/>\n<meta property=\"og:url\" content=\"https:\/\/pulse-beziers.fr\/index.php\/2023\/12\/14\/revivez-les-moments-forts-de-levenement-french-tech-central-du-7-decembre-2023\/\" \/>\n<meta property=\"og:site_name\" content=\"PULSE\" \/>\n<meta property=\"article:published_time\" content=\"2023-12-14T08:25:07+00:00\" \/>\n<meta property=\"article:modified_time\" content=\"2023-12-14T08:33:59+00:00\" \/>\n<meta property=\"og:image\" content=\"https:\/\/pulse-beziers.fr\/wp-content\/uploads\/2023\/12\/5-Barba-2.jpg\" \/>\n\t<meta property=\"og:image:width\" content=\"2048\" \/>\n\t<meta property=\"og:image:height\" content=\"1496\" \/>\n\t<meta property=\"og:image:type\" content=\"image\/jpeg\" \/>\n<meta name=\"author\" content=\"admin2231\" \/>\n<meta name=\"twitter:card\" content=\"summary_large_image\" \/>\n<meta name=\"twitter:label1\" content=\"\u00c9crit par\" \/>\n\t<meta name=\"twitter:data1\" content=\"admin2231\" \/>\n\t<meta name=\"twitter:label2\" content=\"Dur\u00e9e de lecture estim\u00e9e\" \/>\n\t<meta name=\"twitter:data2\" content=\"2 minutes\" \/>\n<script type=\"application\/ld+json\" class=\"yoast-schema-graph\">{\"@context\":\"https:\\\/\\\/schema.org\",\"@graph\":[{\"@type\":\"Article\",\"@id\":\"https:\\\/\\\/pulse-beziers.fr\\\/index.php\\\/2023\\\/12\\\/14\\\/revivez-les-moments-forts-de-levenement-french-tech-central-du-7-decembre-2023\\\/#article\",\"isPartOf\":{\"@id\":\"https:\\\/\\\/pulse-beziers.fr\\\/index.php\\\/2023\\\/12\\\/14\\\/revivez-les-moments-forts-de-levenement-french-tech-central-du-7-decembre-2023\\\/\"},\"author\":{\"name\":\"admin2231\",\"@id\":\"https:\\\/\\\/pulse-beziers.fr\\\/#\\\/schema\\\/person\\\/e342ddedadbd0064dde1b874b20c4298\"},\"headline\":\"Revivez les moments forts de l&#8217;\u00e9v\u00e9nement French Tech Central du 7 d\u00e9cembre 2023\",\"datePublished\":\"2023-12-14T08:25:07+00:00\",\"dateModified\":\"2023-12-14T08:33:59+00:00\",\"mainEntityOfPage\":{\"@id\":\"https:\\\/\\\/pulse-beziers.fr\\\/index.php\\\/2023\\\/12\\\/14\\\/revivez-les-moments-forts-de-levenement-french-tech-central-du-7-decembre-2023\\\/\"},\"wordCount\":360,\"publisher\":{\"@id\":\"https:\\\/\\\/pulse-beziers.fr\\\/#organization\"},\"image\":{\"@id\":\"https:\\\/\\\/pulse-beziers.fr\\\/index.php\\\/2023\\\/12\\\/14\\\/revivez-les-moments-forts-de-levenement-french-tech-central-du-7-decembre-2023\\\/#primaryimage\"},\"thumbnailUrl\":\"https:\\\/\\\/pulse-beziers.fr\\\/wp-content\\\/uploads\\\/2023\\\/12\\\/5-Barba-2.jpg\",\"articleSection\":[\"EVENEMENT\"],\"inLanguage\":\"fr-FR\"},{\"@type\":\"WebPage\",\"@id\":\"https:\\\/\\\/pulse-beziers.fr\\\/index.php\\\/2023\\\/12\\\/14\\\/revivez-les-moments-forts-de-levenement-french-tech-central-du-7-decembre-2023\\\/\",\"url\":\"https:\\\/\\\/pulse-beziers.fr\\\/index.php\\\/2023\\\/12\\\/14\\\/revivez-les-moments-forts-de-levenement-french-tech-central-du-7-decembre-2023\\\/\",\"name\":\"Revivez les moments forts de l'\u00e9v\u00e9nement French Tech Central du 7 d\u00e9cembre 2023 - PULSE\",\"isPartOf\":{\"@id\":\"https:\\\/\\\/pulse-beziers.fr\\\/#website\"},\"primaryImageOfPage\":{\"@id\":\"https:\\\/\\\/pulse-beziers.fr\\\/index.php\\\/2023\\\/12\\\/14\\\/revivez-les-moments-forts-de-levenement-french-tech-central-du-7-decembre-2023\\\/#primaryimage\"},\"image\":{\"@id\":\"https:\\\/\\\/pulse-beziers.fr\\\/index.php\\\/2023\\\/12\\\/14\\\/revivez-les-moments-forts-de-levenement-french-tech-central-du-7-decembre-2023\\\/#primaryimage\"},\"thumbnailUrl\":\"https:\\\/\\\/pulse-beziers.fr\\\/wp-content\\\/uploads\\\/2023\\\/12\\\/5-Barba-2.jpg\",\"datePublished\":\"2023-12-14T08:25:07+00:00\",\"dateModified\":\"2023-12-14T08:33:59+00:00\",\"breadcrumb\":{\"@id\":\"https:\\\/\\\/pulse-beziers.fr\\\/index.php\\\/2023\\\/12\\\/14\\\/revivez-les-moments-forts-de-levenement-french-tech-central-du-7-decembre-2023\\\/#breadcrumb\"},\"inLanguage\":\"fr-FR\",\"potentialAction\":[{\"@type\":\"ReadAction\",\"target\":[\"https:\\\/\\\/pulse-beziers.fr\\\/index.php\\\/2023\\\/12\\\/14\\\/revivez-les-moments-forts-de-levenement-french-tech-central-du-7-decembre-2023\\\/\"]}]},{\"@type\":\"ImageObject\",\"inLanguage\":\"fr-FR\",\"@id\":\"https:\\\/\\\/pulse-beziers.fr\\\/index.php\\\/2023\\\/12\\\/14\\\/revivez-les-moments-forts-de-levenement-french-tech-central-du-7-decembre-2023\\\/#primaryimage\",\"url\":\"https:\\\/\\\/pulse-beziers.fr\\\/wp-content\\\/uploads\\\/2023\\\/12\\\/5-Barba-2.jpg\",\"contentUrl\":\"https:\\\/\\\/pulse-beziers.fr\\\/wp-content\\\/uploads\\\/2023\\\/12\\\/5-Barba-2.jpg\",\"width\":2048,\"height\":1496},{\"@type\":\"BreadcrumbList\",\"@id\":\"https:\\\/\\\/pulse-beziers.fr\\\/index.php\\\/2023\\\/12\\\/14\\\/revivez-les-moments-forts-de-levenement-french-tech-central-du-7-decembre-2023\\\/#breadcrumb\",\"itemListElement\":[{\"@type\":\"ListItem\",\"position\":1,\"name\":\"Accueil\",\"item\":\"https:\\\/\\\/pulse-beziers.fr\\\/\"},{\"@type\":\"ListItem\",\"position\":2,\"name\":\"Revivez les moments forts de l&#8217;\u00e9v\u00e9nement French Tech Central du 7 d\u00e9cembre 2023\"}]},{\"@type\":\"WebSite\",\"@id\":\"https:\\\/\\\/pulse-beziers.fr\\\/#website\",\"url\":\"https:\\\/\\\/pulse-beziers.fr\\\/\",\"name\":\"PULSE\",\"description\":\"B\u00e9ziers M\u00e9diterran\u00e9e\",\"publisher\":{\"@id\":\"https:\\\/\\\/pulse-beziers.fr\\\/#organization\"},\"potentialAction\":[{\"@type\":\"SearchAction\",\"target\":{\"@type\":\"EntryPoint\",\"urlTemplate\":\"https:\\\/\\\/pulse-beziers.fr\\\/?s={search_term_string}\"},\"query-input\":{\"@type\":\"PropertyValueSpecification\",\"valueRequired\":true,\"valueName\":\"search_term_string\"}}],\"inLanguage\":\"fr-FR\"},{\"@type\":\"Organization\",\"@id\":\"https:\\\/\\\/pulse-beziers.fr\\\/#organization\",\"name\":\"PULSE\",\"url\":\"https:\\\/\\\/pulse-beziers.fr\\\/\",\"logo\":{\"@type\":\"ImageObject\",\"inLanguage\":\"fr-FR\",\"@id\":\"https:\\\/\\\/pulse-beziers.fr\\\/#\\\/schema\\\/logo\\\/image\\\/\",\"url\":\"https:\\\/\\\/pulse-beziers.fr\\\/wp-content\\\/uploads\\\/2023\\\/10\\\/PULSE_OK.png\",\"contentUrl\":\"https:\\\/\\\/pulse-beziers.fr\\\/wp-content\\\/uploads\\\/2023\\\/10\\\/PULSE_OK.png\",\"width\":1490,\"height\":506,\"caption\":\"PULSE\"},\"image\":{\"@id\":\"https:\\\/\\\/pulse-beziers.fr\\\/#\\\/schema\\\/logo\\\/image\\\/\"}},{\"@type\":\"Person\",\"@id\":\"https:\\\/\\\/pulse-beziers.fr\\\/#\\\/schema\\\/person\\\/e342ddedadbd0064dde1b874b20c4298\",\"name\":\"admin2231\",\"image\":{\"@type\":\"ImageObject\",\"inLanguage\":\"fr-FR\",\"@id\":\"https:\\\/\\\/secure.gravatar.com\\\/avatar\\\/96a2c1e3e2c27fce1f5c62307e8ca30c2ba438c7c21107033e27326b15d2f2ec?s=96&d=mm&r=g\",\"url\":\"https:\\\/\\\/secure.gravatar.com\\\/avatar\\\/96a2c1e3e2c27fce1f5c62307e8ca30c2ba438c7c21107033e27326b15d2f2ec?s=96&d=mm&r=g\",\"contentUrl\":\"https:\\\/\\\/secure.gravatar.com\\\/avatar\\\/96a2c1e3e2c27fce1f5c62307e8ca30c2ba438c7c21107033e27326b15d2f2ec?s=96&d=mm&r=g\",\"caption\":\"admin2231\"},\"sameAs\":[\"http:\\\/\\\/pulse-beziers.fr\"],\"url\":\"https:\\\/\\\/pulse-beziers.fr\\\/index.php\\\/author\\\/admin2231\\\/\"}]}<\/script>\n<!-- \/ Yoast SEO plugin. -->","yoast_head_json":{"title":"Revivez les moments forts de l'\u00e9v\u00e9nement French Tech Central du 7 d\u00e9cembre 2023 - PULSE","robots":{"index":"index","follow":"follow","max-snippet":"max-snippet:-1","max-image-preview":"max-image-preview:large","max-video-preview":"max-video-preview:-1"},"canonical":"https:\/\/pulse-beziers.fr\/index.php\/2023\/12\/14\/revivez-les-moments-forts-de-levenement-french-tech-central-du-7-decembre-2023\/","og_locale":"fr_FR","og_type":"article","og_title":"Revivez les moments forts de l'\u00e9v\u00e9nement French Tech Central du 7 d\u00e9cembre 2023 - PULSE","og_description":"Orchestr\u00e9 par la French Tech M\u00e9diterran\u00e9e en collaboration avec l&#8217;Agglom\u00e9ration B\u00e9ziers M\u00e9diterran\u00e9e, l\u2019\u00e9v\u00e9nement French Tech Central du 7 d\u00e9cembre 2023 au Palais des Congr\u00e8s de B\u00e9ziers a \u00e9t\u00e9 l\u2019occasion de partager des t\u00e9moignages et retours d\u2019exp\u00e9riences d\u2019entrepreneurs du Biterrois. C\u00e9dric BOTELLA et Hugo DUTANG du Groupe Instadrone, sp\u00e9cialis\u00e9 dans les prestations techniques par drones et [&hellip;]","og_url":"https:\/\/pulse-beziers.fr\/index.php\/2023\/12\/14\/revivez-les-moments-forts-de-levenement-french-tech-central-du-7-decembre-2023\/","og_site_name":"PULSE","article_published_time":"2023-12-14T08:25:07+00:00","article_modified_time":"2023-12-14T08:33:59+00:00","og_image":[{"width":2048,"height":1496,"url":"https:\/\/pulse-beziers.fr\/wp-content\/uploads\/2023\/12\/5-Barba-2.jpg","type":"image\/jpeg"}],"author":"admin2231","twitter_card":"summary_large_image","twitter_misc":{"\u00c9crit par":"admin2231","Dur\u00e9e de lecture estim\u00e9e":"2 minutes"},"schema":{"@context":"https:\/\/schema.org","@graph":[{"@type":"Article","@id":"https:\/\/pulse-beziers.fr\/index.php\/2023\/12\/14\/revivez-les-moments-forts-de-levenement-french-tech-central-du-7-decembre-2023\/#article","isPartOf":{"@id":"https:\/\/pulse-beziers.fr\/index.php\/2023\/12\/14\/revivez-les-moments-forts-de-levenement-french-tech-central-du-7-decembre-2023\/"},"author":{"name":"admin2231","@id":"https:\/\/pulse-beziers.fr\/#\/schema\/person\/e342ddedadbd0064dde1b874b20c4298"},"headline":"Revivez les moments forts de l&#8217;\u00e9v\u00e9nement French Tech Central du 7 d\u00e9cembre 2023","datePublished":"2023-12-14T08:25:07+00:00","dateModified":"2023-12-14T08:33:59+00:00","mainEntityOfPage":{"@id":"https:\/\/pulse-beziers.fr\/index.php\/2023\/12\/14\/revivez-les-moments-forts-de-levenement-french-tech-central-du-7-decembre-2023\/"},"wordCount":360,"publisher":{"@id":"https:\/\/pulse-beziers.fr\/#organization"},"image":{"@id":"https:\/\/pulse-beziers.fr\/index.php\/2023\/12\/14\/revivez-les-moments-forts-de-levenement-french-tech-central-du-7-decembre-2023\/#primaryimage"},"thumbnailUrl":"https:\/\/pulse-beziers.fr\/wp-content\/uploads\/2023\/12\/5-Barba-2.jpg","articleSection":["EVENEMENT"],"inLanguage":"fr-FR"},{"@type":"WebPage","@id":"https:\/\/pulse-beziers.fr\/index.php\/2023\/12\/14\/revivez-les-moments-forts-de-levenement-french-tech-central-du-7-decembre-2023\/","url":"https:\/\/pulse-beziers.fr\/index.php\/2023\/12\/14\/revivez-les-moments-forts-de-levenement-french-tech-central-du-7-decembre-2023\/","name":"Revivez les moments forts de l'\u00e9v\u00e9nement French Tech Central du 7 d\u00e9cembre 2023 - PULSE","isPartOf":{"@id":"https:\/\/pulse-beziers.fr\/#website"},"primaryImageOfPage":{"@id":"https:\/\/pulse-beziers.fr\/index.php\/2023\/12\/14\/revivez-les-moments-forts-de-levenement-french-tech-central-du-7-decembre-2023\/#primaryimage"},"image":{"@id":"https:\/\/pulse-beziers.fr\/index.php\/2023\/12\/14\/revivez-les-moments-forts-de-levenement-french-tech-central-du-7-decembre-2023\/#primaryimage"},"thumbnailUrl":"https:\/\/pulse-beziers.fr\/wp-content\/uploads\/2023\/12\/5-Barba-2.jpg","datePublished":"2023-12-14T08:25:07+00:00","dateModified":"2023-12-14T08:33:59+00:00","breadcrumb":{"@id":"https:\/\/pulse-beziers.fr\/index.php\/2023\/12\/14\/revivez-les-moments-forts-de-levenement-french-tech-central-du-7-decembre-2023\/#breadcrumb"},"inLanguage":"fr-FR","potentialAction":[{"@type":"ReadAction","target":["https:\/\/pulse-beziers.fr\/index.php\/2023\/12\/14\/revivez-les-moments-forts-de-levenement-french-tech-central-du-7-decembre-2023\/"]}]},{"@type":"ImageObject","inLanguage":"fr-FR","@id":"https:\/\/pulse-beziers.fr\/index.php\/2023\/12\/14\/revivez-les-moments-forts-de-levenement-french-tech-central-du-7-decembre-2023\/#primaryimage","url":"https:\/\/pulse-beziers.fr\/wp-content\/uploads\/2023\/12\/5-Barba-2.jpg","contentUrl":"https:\/\/pulse-beziers.fr\/wp-content\/uploads\/2023\/12\/5-Barba-2.jpg","width":2048,"height":1496},{"@type":"BreadcrumbList","@id":"https:\/\/pulse-beziers.fr\/index.php\/2023\/12\/14\/revivez-les-moments-forts-de-levenement-french-tech-central-du-7-decembre-2023\/#breadcrumb","itemListElement":[{"@type":"ListItem","position":1,"name":"Accueil","item":"https:\/\/pulse-beziers.fr\/"},{"@type":"ListItem","position":2,"name":"Revivez les moments forts de l&#8217;\u00e9v\u00e9nement French Tech Central du 7 d\u00e9cembre 2023"}]},{"@type":"WebSite","@id":"https:\/\/pulse-beziers.fr\/#website","url":"https:\/\/pulse-beziers.fr\/","name":"PULSE","description":"B\u00e9ziers M\u00e9diterran\u00e9e","publisher":{"@id":"https:\/\/pulse-beziers.fr\/#organization"},"potentialAction":[{"@type":"SearchAction","target":{"@type":"EntryPoint","urlTemplate":"https:\/\/pulse-beziers.fr\/?s={search_term_string}"},"query-input":{"@type":"PropertyValueSpecification","valueRequired":true,"valueName":"search_term_string"}}],"inLanguage":"fr-FR"},{"@type":"Organization","@id":"https:\/\/pulse-beziers.fr\/#organization","name":"PULSE","url":"https:\/\/pulse-beziers.fr\/","logo":{"@type":"ImageObject","inLanguage":"fr-FR","@id":"https:\/\/pulse-beziers.fr\/#\/schema\/logo\/image\/","url":"https:\/\/pulse-beziers.fr\/wp-content\/uploads\/2023\/10\/PULSE_OK.png","contentUrl":"https:\/\/pulse-beziers.fr\/wp-content\/uploads\/2023\/10\/PULSE_OK.png","width":1490,"height":506,"caption":"PULSE"},"image":{"@id":"https:\/\/pulse-beziers.fr\/#\/schema\/logo\/image\/"}},{"@type":"Person","@id":"https:\/\/pulse-beziers.fr\/#\/schema\/person\/e342ddedadbd0064dde1b874b20c4298","name":"admin2231","image":{"@type":"ImageObject","inLanguage":"fr-FR","@id":"https:\/\/secure.gravatar.com\/avatar\/96a2c1e3e2c27fce1f5c62307e8ca30c2ba438c7c21107033e27326b15d2f2ec?s=96&d=mm&r=g","url":"https:\/\/secure.gravatar.com\/avatar\/96a2c1e3e2c27fce1f5c62307e8ca30c2ba438c7c21107033e27326b15d2f2ec?s=96&d=mm&r=g","contentUrl":"https:\/\/secure.gravatar.com\/avatar\/96a2c1e3e2c27fce1f5c62307e8ca30c2ba438c7c21107033e27326b15d2f2ec?s=96&d=mm&r=g","caption":"admin2231"},"sameAs":["http:\/\/pulse-beziers.fr"],"url":"https:\/\/pulse-beziers.fr\/index.php\/author\/admin2231\/"}]}},"jetpack_featured_media_url":"https:\/\/pulse-beziers.fr\/wp-content\/uploads\/2023\/12\/5-Barba-2.jpg","jetpack_sharing_enabled":true,"_links":{"self":[{"href":"https:\/\/pulse-beziers.fr\/index.php\/wp-json\/wp\/v2\/posts\/4190","targetHints":{"allow":["GET"]}}],"collection":[{"href":"https:\/\/pulse-beziers.fr\/index.php\/wp-json\/wp\/v2\/posts"}],"about":[{"href":"https:\/\/pulse-beziers.fr\/index.php\/wp-json\/wp\/v2\/types\/post"}],"author":[{"embeddable":true,"href":"https:\/\/pulse-beziers.fr\/index.php\/wp-json\/wp\/v2\/users\/1"}],"replies":[{"embeddable":true,"href":"https:\/\/pulse-beziers.fr\/index.php\/wp-json\/wp\/v2\/comments?post=4190"}],"version-history":[{"count":7,"href":"https:\/\/pulse-beziers.fr\/index.php\/wp-json\/wp\/v2\/posts\/4190\/revisions"}],"predecessor-version":[{"id":4200,"href":"https:\/\/pulse-beziers.fr\/index.php\/wp-json\/wp\/v2\/posts\/4190\/revisions\/4200"}],"wp:featuredmedia":[{"embeddable":true,"href":"https:\/\/pulse-beziers.fr\/index.php\/wp-json\/wp\/v2\/media\/4202"}],"wp:attachment":[{"href":"https:\/\/pulse-beziers.fr\/index.php\/wp-json\/wp\/v2\/media?parent=4190"}],"wp:term":[{"taxonomy":"category","embeddable":true,"href":"https:\/\/pulse-beziers.fr\/index.php\/wp-json\/wp\/v2\/categories?post=4190"},{"taxonomy":"post_tag","embeddable":true,"href":"https:\/\/pulse-beziers.fr\/index.php\/wp-json\/wp\/v2\/tags?post=4190"}],"curies":[{"name":"wp","href":"https:\/\/api.w.org\/{rel}","templated":true}]}}