{"id":4203,"date":"2023-12-19T11:43:32","date_gmt":"2023-12-19T10:43:32","guid":{"rendered":"https:\/\/pulse-beziers.fr\/?p=4203"},"modified":"2023-12-19T11:46:46","modified_gmt":"2023-12-19T10:46:46","slug":"lancement-des-parcours-de-formation-liees-au-projet-eden-sur-beziers","status":"publish","type":"post","link":"https:\/\/pulse-beziers.fr\/index.php\/2023\/12\/19\/lancement-des-parcours-de-formation-liees-au-projet-eden-sur-beziers\/","title":{"rendered":"Lancement des parcours de formation li\u00e9es au projet EDEN sur B\u00e9ziers"},"content":{"rendered":"\t\t<div data-elementor-type=\"wp-post\" data-elementor-id=\"4203\" class=\"elementor elementor-4203\">\n\t\t\t\t\t\t<section class=\"elementor-section elementor-top-section elementor-element elementor-element-4129e7a elementor-section-boxed elementor-section-height-default elementor-section-height-default\" data-id=\"4129e7a\" data-element_type=\"section\" data-e-type=\"section\">\n\t\t\t\t\t\t<div class=\"elementor-container elementor-column-gap-default\">\n\t\t\t\t\t<div class=\"elementor-column elementor-col-100 elementor-top-column elementor-element elementor-element-5db5b9d\" data-id=\"5db5b9d\" data-element_type=\"column\" data-e-type=\"column\">\n\t\t\t<div class=\"elementor-widget-wrap elementor-element-populated\">\n\t\t\t\t\t\t<div class=\"elementor-element elementor-element-1b89b94 elementor-widget elementor-widget-text-editor\" data-id=\"1b89b94\" data-element_type=\"widget\" data-e-type=\"widget\" data-widget_type=\"text-editor.default\">\n\t\t\t\t<div class=\"elementor-widget-container\">\n\t\t\t\t\t\t\t\t\t<p class=\"x_MsoNormal\">Comment attirer les talents vers le secteur industriel qui a de forts besoin en mati\u00e8re de recrutement\u00a0? Apr\u00e8s la venue du Pr\u00e9sident Macron fin 2021 sur le site de GENVIA, l\u2019\u00e9cosyst\u00e8me EDEN\u00a0(Ecosyst\u00e8me Durable et Energies Renouvelables) a \u00e9t\u00e9 cr\u00e9\u00e9 pour f\u00e9d\u00e9rer les acteurs du secteur. Une nouvelle \u00e9tape a \u00e9t\u00e9 franchie le 11 d\u00e9cembre 2023 avec le d\u00e9marrage du \u00ab\u00a0Parcours R\u00e9ussite\u00a0\u00bb, dispositif imagin\u00e9 par P\u00f4le Emploi B\u00e9ziers et co-construit avec les organismes de formations (UIMM Occitanie, AFPA et Purple Campus B\u00e9ziers) et les entreprises locales.<\/p><p class=\"x_MsoNormal\" aria-hidden=\"true\">\u00a0<\/p><p class=\"x_MsoNormal\">Fr\u00e9d\u00e9ric FERRE directeur du P\u00f4le Emploi B\u00e9ziers Capiscol explique la d\u00e9marche\u00a0: \u00ab\u00a0A<i>pr\u00e8s l\u2019\u00e9tat des lieux et avoir d\u00e9fini un plan d\u2019actions avec nos partenaires, nous avons travaill\u00e9 \u00e0 l\u2019attractivit\u00e9 de cette nouvelle fili\u00e8re. Ainsi, depuis trois mois, pr\u00e8s de 200 personnes ont \u00e9t\u00e9 rep\u00e9r\u00e9es, inform\u00e9es et test\u00e9es par les \u00e9quipes de P\u00f4le Emploi\u00a0<\/i>\u00bb. Lundi, plus de 40 candidats demandeurs d\u2019emploi ont pu rencontrer une douzaine d\u2019entreprises biterroises. Parmi eux, 24 seront form\u00e9s et recrut\u00e9s \u00e0 travers ce dispositif.<\/p><p class=\"x_MsoNormal\" aria-hidden=\"true\">\u00a0<\/p><p class=\"x_MsoNormal\">C&#8217;est \u00e0 l&#8217;initiative de<span class=\"x_white-space-pre\">\u00a0<\/span>GENVIA\u00a0et \u00e0 la demande des industriels du territoire que des parcours de formation sp\u00e9cifiques ont \u00e9t\u00e9 mont\u00e9s afin de r\u00e9pondre \u00e0 la demande croissante d&#8217;offres d&#8217;emploi. Il s\u2019agit d\u2019une initiative forte en faveur de l&#8217;emploi sur le territoire et d\u2019une occasion exceptionnelle de se former et de travailler dans un secteur d\u2019activit\u00e9 d\u2019avenir.<\/p>\t\t\t\t\t\t\t\t<\/div>\n\t\t\t\t<\/div>\n\t\t\t\t\t<\/div>\n\t\t<\/div>\n\t\t\t\t\t<\/div>\n\t\t<\/section>\n\t\t\t\t<section class=\"elementor-section elementor-top-section elementor-element elementor-element-9e79b26 elementor-section-boxed elementor-section-height-default elementor-section-height-default\" data-id=\"9e79b26\" data-element_type=\"section\" data-e-type=\"section\">\n\t\t\t\t\t\t<div class=\"elementor-container elementor-column-gap-default\">\n\t\t\t\t\t<div class=\"elementor-column elementor-col-33 elementor-top-column elementor-element elementor-element-67135db\" data-id=\"67135db\" data-element_type=\"column\" data-e-type=\"column\">\n\t\t\t<div class=\"elementor-widget-wrap elementor-element-populated\">\n\t\t\t\t\t\t<div class=\"elementor-element elementor-element-ff58be3 elementor-widget elementor-widget-image\" data-id=\"ff58be3\" data-element_type=\"widget\" data-e-type=\"widget\" data-widget_type=\"image.default\">\n\t\t\t\t<div class=\"elementor-widget-container\">\n\t\t\t\t\t\t\t\t\t\t\t\t\t\t\t<img fetchpriority=\"high\" decoding=\"async\" width=\"1024\" height=\"470\" src=\"https:\/\/pulse-beziers.fr\/wp-content\/uploads\/2023\/12\/Post-actu-pulse-2-1024x470.jpg\" class=\"attachment-large size-large wp-image-4205\" alt=\"\" srcset=\"https:\/\/pulse-beziers.fr\/wp-content\/uploads\/2023\/12\/Post-actu-pulse-2-1024x470.jpg 1024w, https:\/\/pulse-beziers.fr\/wp-content\/uploads\/2023\/12\/Post-actu-pulse-2-600x276.jpg 600w, https:\/\/pulse-beziers.fr\/wp-content\/uploads\/2023\/12\/Post-actu-pulse-2-300x138.jpg 300w, https:\/\/pulse-beziers.fr\/wp-content\/uploads\/2023\/12\/Post-actu-pulse-2-768x353.jpg 768w, https:\/\/pulse-beziers.fr\/wp-content\/uploads\/2023\/12\/Post-actu-pulse-2.jpg 1280w\" sizes=\"(max-width: 1024px) 100vw, 1024px\" \/>\t\t\t\t\t\t\t\t\t\t\t\t\t\t\t<\/div>\n\t\t\t\t<\/div>\n\t\t\t\t\t<\/div>\n\t\t<\/div>\n\t\t\t\t<div class=\"elementor-column elementor-col-33 elementor-top-column elementor-element elementor-element-c906a3b\" data-id=\"c906a3b\" data-element_type=\"column\" data-e-type=\"column\">\n\t\t\t<div class=\"elementor-widget-wrap elementor-element-populated\">\n\t\t\t\t\t\t<div class=\"elementor-element elementor-element-f6afd81 elementor-widget elementor-widget-image\" data-id=\"f6afd81\" data-element_type=\"widget\" data-e-type=\"widget\" data-widget_type=\"image.default\">\n\t\t\t\t<div class=\"elementor-widget-container\">\n\t\t\t\t\t\t\t\t\t\t\t\t\t\t\t<img decoding=\"async\" width=\"632\" height=\"415\" src=\"https:\/\/pulse-beziers.fr\/wp-content\/uploads\/2023\/12\/Post-actu-pulse-3.jpg\" class=\"attachment-large size-large wp-image-4207\" alt=\"\" srcset=\"https:\/\/pulse-beziers.fr\/wp-content\/uploads\/2023\/12\/Post-actu-pulse-3.jpg 632w, https:\/\/pulse-beziers.fr\/wp-content\/uploads\/2023\/12\/Post-actu-pulse-3-600x394.jpg 600w, https:\/\/pulse-beziers.fr\/wp-content\/uploads\/2023\/12\/Post-actu-pulse-3-300x197.jpg 300w\" sizes=\"(max-width: 632px) 100vw, 632px\" \/>\t\t\t\t\t\t\t\t\t\t\t\t\t\t\t<\/div>\n\t\t\t\t<\/div>\n\t\t\t\t\t<\/div>\n\t\t<\/div>\n\t\t\t\t<div class=\"elementor-column elementor-col-33 elementor-top-column elementor-element elementor-element-41b5610\" data-id=\"41b5610\" data-element_type=\"column\" data-e-type=\"column\">\n\t\t\t<div class=\"elementor-widget-wrap elementor-element-populated\">\n\t\t\t\t\t\t<div class=\"elementor-element elementor-element-3cb9698 elementor-widget elementor-widget-image\" data-id=\"3cb9698\" data-element_type=\"widget\" data-e-type=\"widget\" data-widget_type=\"image.default\">\n\t\t\t\t<div class=\"elementor-widget-container\">\n\t\t\t\t\t\t\t\t\t\t\t\t\t\t\t<img decoding=\"async\" width=\"1024\" height=\"535\" src=\"https:\/\/pulse-beziers.fr\/wp-content\/uploads\/2023\/12\/Post-actu-pulse-1-1024x535.jpg\" class=\"attachment-large size-large wp-image-4206\" alt=\"\" srcset=\"https:\/\/pulse-beziers.fr\/wp-content\/uploads\/2023\/12\/Post-actu-pulse-1-1024x535.jpg 1024w, https:\/\/pulse-beziers.fr\/wp-content\/uploads\/2023\/12\/Post-actu-pulse-1-600x314.jpg 600w, https:\/\/pulse-beziers.fr\/wp-content\/uploads\/2023\/12\/Post-actu-pulse-1-300x157.jpg 300w, https:\/\/pulse-beziers.fr\/wp-content\/uploads\/2023\/12\/Post-actu-pulse-1-768x401.jpg 768w, https:\/\/pulse-beziers.fr\/wp-content\/uploads\/2023\/12\/Post-actu-pulse-1.jpg 1280w\" sizes=\"(max-width: 1024px) 100vw, 1024px\" \/>\t\t\t\t\t\t\t\t\t\t\t\t\t\t\t<\/div>\n\t\t\t\t<\/div>\n\t\t\t\t\t<\/div>\n\t\t<\/div>\n\t\t\t\t\t<\/div>\n\t\t<\/section>\n\t\t\t\t<\/div>\n\t\t","protected":false},"excerpt":{"rendered":"<p>Comment attirer les talents vers le secteur industriel qui a de forts besoin en mati\u00e8re de recrutement\u00a0? Apr\u00e8s la venue du Pr\u00e9sident Macron fin 2021 sur le site de GENVIA, l\u2019\u00e9cosyst\u00e8me EDEN\u00a0(Ecosyst\u00e8me Durable et Energies Renouvelables) a \u00e9t\u00e9 cr\u00e9\u00e9 pour f\u00e9d\u00e9rer les acteurs du secteur. Une nouvelle \u00e9tape a \u00e9t\u00e9 franchie le 11 d\u00e9cembre 2023 [&hellip;]<\/p>\n","protected":false},"author":1,"featured_media":4207,"comment_status":"closed","ping_status":"closed","sticky":false,"template":"","format":"standard","meta":{"_jetpack_memberships_contains_paid_content":false,"footnotes":""},"categories":[8],"tags":[],"class_list":["post-4203","post","type-post","status-publish","format-standard","has-post-thumbnail","hentry","category-formation"],"yoast_head":"<!-- This site is optimized with the Yoast SEO plugin v27.3 - https:\/\/yoast.com\/product\/yoast-seo-wordpress\/ -->\n<title>Lancement des parcours de formation li\u00e9es au projet EDEN sur B\u00e9ziers - PULSE<\/title>\n<meta name=\"robots\" content=\"index, follow, max-snippet:-1, max-image-preview:large, max-video-preview:-1\" \/>\n<link rel=\"canonical\" href=\"https:\/\/pulse-beziers.fr\/index.php\/2023\/12\/19\/lancement-des-parcours-de-formation-liees-au-projet-eden-sur-beziers\/\" \/>\n<meta property=\"og:locale\" content=\"fr_FR\" \/>\n<meta property=\"og:type\" content=\"article\" \/>\n<meta property=\"og:title\" content=\"Lancement des parcours de formation li\u00e9es au projet EDEN sur B\u00e9ziers - PULSE\" \/>\n<meta property=\"og:description\" content=\"Comment attirer les talents vers le secteur industriel qui a de forts besoin en mati\u00e8re de recrutement\u00a0? Apr\u00e8s la venue du Pr\u00e9sident Macron fin 2021 sur le site de GENVIA, l\u2019\u00e9cosyst\u00e8me EDEN\u00a0(Ecosyst\u00e8me Durable et Energies Renouvelables) a \u00e9t\u00e9 cr\u00e9\u00e9 pour f\u00e9d\u00e9rer les acteurs du secteur. Une nouvelle \u00e9tape a \u00e9t\u00e9 franchie le 11 d\u00e9cembre 2023 [&hellip;]\" \/>\n<meta property=\"og:url\" content=\"https:\/\/pulse-beziers.fr\/index.php\/2023\/12\/19\/lancement-des-parcours-de-formation-liees-au-projet-eden-sur-beziers\/\" \/>\n<meta property=\"og:site_name\" content=\"PULSE\" \/>\n<meta property=\"article:published_time\" content=\"2023-12-19T10:43:32+00:00\" \/>\n<meta property=\"article:modified_time\" content=\"2023-12-19T10:46:46+00:00\" \/>\n<meta property=\"og:image\" content=\"https:\/\/pulse-beziers.fr\/wp-content\/uploads\/2023\/12\/Post-actu-pulse-3.jpg\" \/>\n\t<meta property=\"og:image:width\" content=\"632\" \/>\n\t<meta property=\"og:image:height\" content=\"415\" \/>\n\t<meta property=\"og:image:type\" content=\"image\/jpeg\" \/>\n<meta name=\"author\" content=\"admin2231\" \/>\n<meta name=\"twitter:card\" content=\"summary_large_image\" \/>\n<meta name=\"twitter:label1\" content=\"\u00c9crit par\" \/>\n\t<meta name=\"twitter:data1\" content=\"admin2231\" \/>\n\t<meta name=\"twitter:label2\" content=\"Dur\u00e9e de lecture estim\u00e9e\" \/>\n\t<meta name=\"twitter:data2\" content=\"2 minutes\" \/>\n<script type=\"application\/ld+json\" class=\"yoast-schema-graph\">{\"@context\":\"https:\\\/\\\/schema.org\",\"@graph\":[{\"@type\":\"Article\",\"@id\":\"https:\\\/\\\/pulse-beziers.fr\\\/index.php\\\/2023\\\/12\\\/19\\\/lancement-des-parcours-de-formation-liees-au-projet-eden-sur-beziers\\\/#article\",\"isPartOf\":{\"@id\":\"https:\\\/\\\/pulse-beziers.fr\\\/index.php\\\/2023\\\/12\\\/19\\\/lancement-des-parcours-de-formation-liees-au-projet-eden-sur-beziers\\\/\"},\"author\":{\"name\":\"admin2231\",\"@id\":\"https:\\\/\\\/pulse-beziers.fr\\\/#\\\/schema\\\/person\\\/e342ddedadbd0064dde1b874b20c4298\"},\"headline\":\"Lancement des parcours de formation li\u00e9es au projet EDEN sur B\u00e9ziers\",\"datePublished\":\"2023-12-19T10:43:32+00:00\",\"dateModified\":\"2023-12-19T10:46:46+00:00\",\"mainEntityOfPage\":{\"@id\":\"https:\\\/\\\/pulse-beziers.fr\\\/index.php\\\/2023\\\/12\\\/19\\\/lancement-des-parcours-de-formation-liees-au-projet-eden-sur-beziers\\\/\"},\"wordCount\":267,\"publisher\":{\"@id\":\"https:\\\/\\\/pulse-beziers.fr\\\/#organization\"},\"image\":{\"@id\":\"https:\\\/\\\/pulse-beziers.fr\\\/index.php\\\/2023\\\/12\\\/19\\\/lancement-des-parcours-de-formation-liees-au-projet-eden-sur-beziers\\\/#primaryimage\"},\"thumbnailUrl\":\"https:\\\/\\\/pulse-beziers.fr\\\/wp-content\\\/uploads\\\/2023\\\/12\\\/Post-actu-pulse-3.jpg\",\"articleSection\":[\"FORMATION\"],\"inLanguage\":\"fr-FR\"},{\"@type\":\"WebPage\",\"@id\":\"https:\\\/\\\/pulse-beziers.fr\\\/index.php\\\/2023\\\/12\\\/19\\\/lancement-des-parcours-de-formation-liees-au-projet-eden-sur-beziers\\\/\",\"url\":\"https:\\\/\\\/pulse-beziers.fr\\\/index.php\\\/2023\\\/12\\\/19\\\/lancement-des-parcours-de-formation-liees-au-projet-eden-sur-beziers\\\/\",\"name\":\"Lancement des parcours de formation li\u00e9es au projet EDEN sur B\u00e9ziers - PULSE\",\"isPartOf\":{\"@id\":\"https:\\\/\\\/pulse-beziers.fr\\\/#website\"},\"primaryImageOfPage\":{\"@id\":\"https:\\\/\\\/pulse-beziers.fr\\\/index.php\\\/2023\\\/12\\\/19\\\/lancement-des-parcours-de-formation-liees-au-projet-eden-sur-beziers\\\/#primaryimage\"},\"image\":{\"@id\":\"https:\\\/\\\/pulse-beziers.fr\\\/index.php\\\/2023\\\/12\\\/19\\\/lancement-des-parcours-de-formation-liees-au-projet-eden-sur-beziers\\\/#primaryimage\"},\"thumbnailUrl\":\"https:\\\/\\\/pulse-beziers.fr\\\/wp-content\\\/uploads\\\/2023\\\/12\\\/Post-actu-pulse-3.jpg\",\"datePublished\":\"2023-12-19T10:43:32+00:00\",\"dateModified\":\"2023-12-19T10:46:46+00:00\",\"breadcrumb\":{\"@id\":\"https:\\\/\\\/pulse-beziers.fr\\\/index.php\\\/2023\\\/12\\\/19\\\/lancement-des-parcours-de-formation-liees-au-projet-eden-sur-beziers\\\/#breadcrumb\"},\"inLanguage\":\"fr-FR\",\"potentialAction\":[{\"@type\":\"ReadAction\",\"target\":[\"https:\\\/\\\/pulse-beziers.fr\\\/index.php\\\/2023\\\/12\\\/19\\\/lancement-des-parcours-de-formation-liees-au-projet-eden-sur-beziers\\\/\"]}]},{\"@type\":\"ImageObject\",\"inLanguage\":\"fr-FR\",\"@id\":\"https:\\\/\\\/pulse-beziers.fr\\\/index.php\\\/2023\\\/12\\\/19\\\/lancement-des-parcours-de-formation-liees-au-projet-eden-sur-beziers\\\/#primaryimage\",\"url\":\"https:\\\/\\\/pulse-beziers.fr\\\/wp-content\\\/uploads\\\/2023\\\/12\\\/Post-actu-pulse-3.jpg\",\"contentUrl\":\"https:\\\/\\\/pulse-beziers.fr\\\/wp-content\\\/uploads\\\/2023\\\/12\\\/Post-actu-pulse-3.jpg\",\"width\":632,\"height\":415},{\"@type\":\"BreadcrumbList\",\"@id\":\"https:\\\/\\\/pulse-beziers.fr\\\/index.php\\\/2023\\\/12\\\/19\\\/lancement-des-parcours-de-formation-liees-au-projet-eden-sur-beziers\\\/#breadcrumb\",\"itemListElement\":[{\"@type\":\"ListItem\",\"position\":1,\"name\":\"Accueil\",\"item\":\"https:\\\/\\\/pulse-beziers.fr\\\/\"},{\"@type\":\"ListItem\",\"position\":2,\"name\":\"Lancement des parcours de formation li\u00e9es au projet EDEN sur B\u00e9ziers\"}]},{\"@type\":\"WebSite\",\"@id\":\"https:\\\/\\\/pulse-beziers.fr\\\/#website\",\"url\":\"https:\\\/\\\/pulse-beziers.fr\\\/\",\"name\":\"PULSE\",\"description\":\"B\u00e9ziers M\u00e9diterran\u00e9e\",\"publisher\":{\"@id\":\"https:\\\/\\\/pulse-beziers.fr\\\/#organization\"},\"potentialAction\":[{\"@type\":\"SearchAction\",\"target\":{\"@type\":\"EntryPoint\",\"urlTemplate\":\"https:\\\/\\\/pulse-beziers.fr\\\/?s={search_term_string}\"},\"query-input\":{\"@type\":\"PropertyValueSpecification\",\"valueRequired\":true,\"valueName\":\"search_term_string\"}}],\"inLanguage\":\"fr-FR\"},{\"@type\":\"Organization\",\"@id\":\"https:\\\/\\\/pulse-beziers.fr\\\/#organization\",\"name\":\"PULSE\",\"url\":\"https:\\\/\\\/pulse-beziers.fr\\\/\",\"logo\":{\"@type\":\"ImageObject\",\"inLanguage\":\"fr-FR\",\"@id\":\"https:\\\/\\\/pulse-beziers.fr\\\/#\\\/schema\\\/logo\\\/image\\\/\",\"url\":\"https:\\\/\\\/pulse-beziers.fr\\\/wp-content\\\/uploads\\\/2023\\\/10\\\/PULSE_OK.png\",\"contentUrl\":\"https:\\\/\\\/pulse-beziers.fr\\\/wp-content\\\/uploads\\\/2023\\\/10\\\/PULSE_OK.png\",\"width\":1490,\"height\":506,\"caption\":\"PULSE\"},\"image\":{\"@id\":\"https:\\\/\\\/pulse-beziers.fr\\\/#\\\/schema\\\/logo\\\/image\\\/\"}},{\"@type\":\"Person\",\"@id\":\"https:\\\/\\\/pulse-beziers.fr\\\/#\\\/schema\\\/person\\\/e342ddedadbd0064dde1b874b20c4298\",\"name\":\"admin2231\",\"image\":{\"@type\":\"ImageObject\",\"inLanguage\":\"fr-FR\",\"@id\":\"https:\\\/\\\/secure.gravatar.com\\\/avatar\\\/96a2c1e3e2c27fce1f5c62307e8ca30c2ba438c7c21107033e27326b15d2f2ec?s=96&d=mm&r=g\",\"url\":\"https:\\\/\\\/secure.gravatar.com\\\/avatar\\\/96a2c1e3e2c27fce1f5c62307e8ca30c2ba438c7c21107033e27326b15d2f2ec?s=96&d=mm&r=g\",\"contentUrl\":\"https:\\\/\\\/secure.gravatar.com\\\/avatar\\\/96a2c1e3e2c27fce1f5c62307e8ca30c2ba438c7c21107033e27326b15d2f2ec?s=96&d=mm&r=g\",\"caption\":\"admin2231\"},\"sameAs\":[\"http:\\\/\\\/pulse-beziers.fr\"],\"url\":\"https:\\\/\\\/pulse-beziers.fr\\\/index.php\\\/author\\\/admin2231\\\/\"}]}<\/script>\n<!-- \/ Yoast SEO plugin. -->","yoast_head_json":{"title":"Lancement des parcours de formation li\u00e9es au projet EDEN sur B\u00e9ziers - PULSE","robots":{"index":"index","follow":"follow","max-snippet":"max-snippet:-1","max-image-preview":"max-image-preview:large","max-video-preview":"max-video-preview:-1"},"canonical":"https:\/\/pulse-beziers.fr\/index.php\/2023\/12\/19\/lancement-des-parcours-de-formation-liees-au-projet-eden-sur-beziers\/","og_locale":"fr_FR","og_type":"article","og_title":"Lancement des parcours de formation li\u00e9es au projet EDEN sur B\u00e9ziers - PULSE","og_description":"Comment attirer les talents vers le secteur industriel qui a de forts besoin en mati\u00e8re de recrutement\u00a0? Apr\u00e8s la venue du Pr\u00e9sident Macron fin 2021 sur le site de GENVIA, l\u2019\u00e9cosyst\u00e8me EDEN\u00a0(Ecosyst\u00e8me Durable et Energies Renouvelables) a \u00e9t\u00e9 cr\u00e9\u00e9 pour f\u00e9d\u00e9rer les acteurs du secteur. Une nouvelle \u00e9tape a \u00e9t\u00e9 franchie le 11 d\u00e9cembre 2023 [&hellip;]","og_url":"https:\/\/pulse-beziers.fr\/index.php\/2023\/12\/19\/lancement-des-parcours-de-formation-liees-au-projet-eden-sur-beziers\/","og_site_name":"PULSE","article_published_time":"2023-12-19T10:43:32+00:00","article_modified_time":"2023-12-19T10:46:46+00:00","og_image":[{"width":632,"height":415,"url":"https:\/\/pulse-beziers.fr\/wp-content\/uploads\/2023\/12\/Post-actu-pulse-3.jpg","type":"image\/jpeg"}],"author":"admin2231","twitter_card":"summary_large_image","twitter_misc":{"\u00c9crit par":"admin2231","Dur\u00e9e de lecture estim\u00e9e":"2 minutes"},"schema":{"@context":"https:\/\/schema.org","@graph":[{"@type":"Article","@id":"https:\/\/pulse-beziers.fr\/index.php\/2023\/12\/19\/lancement-des-parcours-de-formation-liees-au-projet-eden-sur-beziers\/#article","isPartOf":{"@id":"https:\/\/pulse-beziers.fr\/index.php\/2023\/12\/19\/lancement-des-parcours-de-formation-liees-au-projet-eden-sur-beziers\/"},"author":{"name":"admin2231","@id":"https:\/\/pulse-beziers.fr\/#\/schema\/person\/e342ddedadbd0064dde1b874b20c4298"},"headline":"Lancement des parcours de formation li\u00e9es au projet EDEN sur B\u00e9ziers","datePublished":"2023-12-19T10:43:32+00:00","dateModified":"2023-12-19T10:46:46+00:00","mainEntityOfPage":{"@id":"https:\/\/pulse-beziers.fr\/index.php\/2023\/12\/19\/lancement-des-parcours-de-formation-liees-au-projet-eden-sur-beziers\/"},"wordCount":267,"publisher":{"@id":"https:\/\/pulse-beziers.fr\/#organization"},"image":{"@id":"https:\/\/pulse-beziers.fr\/index.php\/2023\/12\/19\/lancement-des-parcours-de-formation-liees-au-projet-eden-sur-beziers\/#primaryimage"},"thumbnailUrl":"https:\/\/pulse-beziers.fr\/wp-content\/uploads\/2023\/12\/Post-actu-pulse-3.jpg","articleSection":["FORMATION"],"inLanguage":"fr-FR"},{"@type":"WebPage","@id":"https:\/\/pulse-beziers.fr\/index.php\/2023\/12\/19\/lancement-des-parcours-de-formation-liees-au-projet-eden-sur-beziers\/","url":"https:\/\/pulse-beziers.fr\/index.php\/2023\/12\/19\/lancement-des-parcours-de-formation-liees-au-projet-eden-sur-beziers\/","name":"Lancement des parcours de formation li\u00e9es au projet EDEN sur B\u00e9ziers - PULSE","isPartOf":{"@id":"https:\/\/pulse-beziers.fr\/#website"},"primaryImageOfPage":{"@id":"https:\/\/pulse-beziers.fr\/index.php\/2023\/12\/19\/lancement-des-parcours-de-formation-liees-au-projet-eden-sur-beziers\/#primaryimage"},"image":{"@id":"https:\/\/pulse-beziers.fr\/index.php\/2023\/12\/19\/lancement-des-parcours-de-formation-liees-au-projet-eden-sur-beziers\/#primaryimage"},"thumbnailUrl":"https:\/\/pulse-beziers.fr\/wp-content\/uploads\/2023\/12\/Post-actu-pulse-3.jpg","datePublished":"2023-12-19T10:43:32+00:00","dateModified":"2023-12-19T10:46:46+00:00","breadcrumb":{"@id":"https:\/\/pulse-beziers.fr\/index.php\/2023\/12\/19\/lancement-des-parcours-de-formation-liees-au-projet-eden-sur-beziers\/#breadcrumb"},"inLanguage":"fr-FR","potentialAction":[{"@type":"ReadAction","target":["https:\/\/pulse-beziers.fr\/index.php\/2023\/12\/19\/lancement-des-parcours-de-formation-liees-au-projet-eden-sur-beziers\/"]}]},{"@type":"ImageObject","inLanguage":"fr-FR","@id":"https:\/\/pulse-beziers.fr\/index.php\/2023\/12\/19\/lancement-des-parcours-de-formation-liees-au-projet-eden-sur-beziers\/#primaryimage","url":"https:\/\/pulse-beziers.fr\/wp-content\/uploads\/2023\/12\/Post-actu-pulse-3.jpg","contentUrl":"https:\/\/pulse-beziers.fr\/wp-content\/uploads\/2023\/12\/Post-actu-pulse-3.jpg","width":632,"height":415},{"@type":"BreadcrumbList","@id":"https:\/\/pulse-beziers.fr\/index.php\/2023\/12\/19\/lancement-des-parcours-de-formation-liees-au-projet-eden-sur-beziers\/#breadcrumb","itemListElement":[{"@type":"ListItem","position":1,"name":"Accueil","item":"https:\/\/pulse-beziers.fr\/"},{"@type":"ListItem","position":2,"name":"Lancement des parcours de formation li\u00e9es au projet EDEN sur B\u00e9ziers"}]},{"@type":"WebSite","@id":"https:\/\/pulse-beziers.fr\/#website","url":"https:\/\/pulse-beziers.fr\/","name":"PULSE","description":"B\u00e9ziers M\u00e9diterran\u00e9e","publisher":{"@id":"https:\/\/pulse-beziers.fr\/#organization"},"potentialAction":[{"@type":"SearchAction","target":{"@type":"EntryPoint","urlTemplate":"https:\/\/pulse-beziers.fr\/?s={search_term_string}"},"query-input":{"@type":"PropertyValueSpecification","valueRequired":true,"valueName":"search_term_string"}}],"inLanguage":"fr-FR"},{"@type":"Organization","@id":"https:\/\/pulse-beziers.fr\/#organization","name":"PULSE","url":"https:\/\/pulse-beziers.fr\/","logo":{"@type":"ImageObject","inLanguage":"fr-FR","@id":"https:\/\/pulse-beziers.fr\/#\/schema\/logo\/image\/","url":"https:\/\/pulse-beziers.fr\/wp-content\/uploads\/2023\/10\/PULSE_OK.png","contentUrl":"https:\/\/pulse-beziers.fr\/wp-content\/uploads\/2023\/10\/PULSE_OK.png","width":1490,"height":506,"caption":"PULSE"},"image":{"@id":"https:\/\/pulse-beziers.fr\/#\/schema\/logo\/image\/"}},{"@type":"Person","@id":"https:\/\/pulse-beziers.fr\/#\/schema\/person\/e342ddedadbd0064dde1b874b20c4298","name":"admin2231","image":{"@type":"ImageObject","inLanguage":"fr-FR","@id":"https:\/\/secure.gravatar.com\/avatar\/96a2c1e3e2c27fce1f5c62307e8ca30c2ba438c7c21107033e27326b15d2f2ec?s=96&d=mm&r=g","url":"https:\/\/secure.gravatar.com\/avatar\/96a2c1e3e2c27fce1f5c62307e8ca30c2ba438c7c21107033e27326b15d2f2ec?s=96&d=mm&r=g","contentUrl":"https:\/\/secure.gravatar.com\/avatar\/96a2c1e3e2c27fce1f5c62307e8ca30c2ba438c7c21107033e27326b15d2f2ec?s=96&d=mm&r=g","caption":"admin2231"},"sameAs":["http:\/\/pulse-beziers.fr"],"url":"https:\/\/pulse-beziers.fr\/index.php\/author\/admin2231\/"}]}},"jetpack_featured_media_url":"https:\/\/pulse-beziers.fr\/wp-content\/uploads\/2023\/12\/Post-actu-pulse-3.jpg","jetpack_sharing_enabled":true,"_links":{"self":[{"href":"https:\/\/pulse-beziers.fr\/index.php\/wp-json\/wp\/v2\/posts\/4203","targetHints":{"allow":["GET"]}}],"collection":[{"href":"https:\/\/pulse-beziers.fr\/index.php\/wp-json\/wp\/v2\/posts"}],"about":[{"href":"https:\/\/pulse-beziers.fr\/index.php\/wp-json\/wp\/v2\/types\/post"}],"author":[{"embeddable":true,"href":"https:\/\/pulse-beziers.fr\/index.php\/wp-json\/wp\/v2\/users\/1"}],"replies":[{"embeddable":true,"href":"https:\/\/pulse-beziers.fr\/index.php\/wp-json\/wp\/v2\/comments?post=4203"}],"version-history":[{"count":4,"href":"https:\/\/pulse-beziers.fr\/index.php\/wp-json\/wp\/v2\/posts\/4203\/revisions"}],"predecessor-version":[{"id":4210,"href":"https:\/\/pulse-beziers.fr\/index.php\/wp-json\/wp\/v2\/posts\/4203\/revisions\/4210"}],"wp:featuredmedia":[{"embeddable":true,"href":"https:\/\/pulse-beziers.fr\/index.php\/wp-json\/wp\/v2\/media\/4207"}],"wp:attachment":[{"href":"https:\/\/pulse-beziers.fr\/index.php\/wp-json\/wp\/v2\/media?parent=4203"}],"wp:term":[{"taxonomy":"category","embeddable":true,"href":"https:\/\/pulse-beziers.fr\/index.php\/wp-json\/wp\/v2\/categories?post=4203"},{"taxonomy":"post_tag","embeddable":true,"href":"https:\/\/pulse-beziers.fr\/index.php\/wp-json\/wp\/v2\/tags?post=4203"}],"curies":[{"name":"wp","href":"https:\/\/api.w.org\/{rel}","templated":true}]}}