{"id":4226,"date":"2023-12-21T11:27:24","date_gmt":"2023-12-21T10:27:24","guid":{"rendered":"https:\/\/pulse-beziers.fr\/?p=4226"},"modified":"2023-12-21T11:29:43","modified_gmt":"2023-12-21T10:29:43","slug":"le-salon-biterrois-de-lenseignement-superieur-2023-fait-le-plein-au-palais-des-congres","status":"publish","type":"post","link":"https:\/\/pulse-beziers.fr\/index.php\/2023\/12\/21\/le-salon-biterrois-de-lenseignement-superieur-2023-fait-le-plein-au-palais-des-congres\/","title":{"rendered":"Le salon Biterrois de l\u2019enseignement sup\u00e9rieur 2023 fait le plein au Palais des Congr\u00e8s"},"content":{"rendered":"\t\t<div data-elementor-type=\"wp-post\" data-elementor-id=\"4226\" class=\"elementor elementor-4226\">\n\t\t\t\t\t\t<section class=\"elementor-section elementor-top-section elementor-element elementor-element-a21b4d4 elementor-section-boxed elementor-section-height-default elementor-section-height-default\" data-id=\"a21b4d4\" data-element_type=\"section\" data-e-type=\"section\">\n\t\t\t\t\t\t<div class=\"elementor-container elementor-column-gap-default\">\n\t\t\t\t\t<div class=\"elementor-column elementor-col-100 elementor-top-column elementor-element elementor-element-8e6bab1\" data-id=\"8e6bab1\" data-element_type=\"column\" data-e-type=\"column\">\n\t\t\t<div class=\"elementor-widget-wrap elementor-element-populated\">\n\t\t\t\t\t\t<div class=\"elementor-element elementor-element-3593e82 elementor-widget elementor-widget-text-editor\" data-id=\"3593e82\" data-element_type=\"widget\" data-e-type=\"widget\" data-widget_type=\"text-editor.default\">\n\t\t\t\t<div class=\"elementor-widget-container\">\n\t\t\t\t\t\t\t\t\t<p class=\"x_MsoNormal\" style=\"margin: 0cm; line-height: 15.4px; font-size: 11pt; font-family: Calibri, sans-serif; color: #242424; text-align: justify;\">Plus de 1 600 \u00e9l\u00e8ves se sont rendus les 12 et 13 d\u00e9cembre 2023 au Palais des Congr\u00e8s de B\u00e9ziers, pour se renseigner sur l\u2019offre de formation universitaire et post-bac pr\u00e9sente sur le Biterrois. Organis\u00e9 par l\u2019Agglom\u00e9ration B\u00e9ziers M\u00e9diterran\u00e9, la Ville de B\u00e9ziers et le CIO de B\u00e9ziers (Centre d\u2019orientation et de Formation), l\u2019\u00e9v\u00e9nement a rassembl\u00e9 une quarantaine de stands pour r\u00e9pondre aux questions des \u00e9l\u00e8ves de premi\u00e8re et terminale.<\/p><p>\u00a0<\/p><p class=\"x_MsoNormal\" style=\"margin: 0cm; line-height: 15.4px; font-size: 11pt; font-family: Calibri, sans-serif; color: #242424; text-align: justify;\">Tous les lyc\u00e9es publics et priv\u00e9s de l\u2019agglom\u00e9ration biterroise \u00e9taient pr\u00e9sents. Les lyc\u00e9ens et leurs parents ont pu avoir acc\u00e8s \u00e0 un grand nombre de formations et de secteurs d\u2019activit\u00e9s diff\u00e9rents pour les guider dans leur orientation.<\/p>\t\t\t\t\t\t\t\t<\/div>\n\t\t\t\t<\/div>\n\t\t\t\t\t<\/div>\n\t\t<\/div>\n\t\t\t\t\t<\/div>\n\t\t<\/section>\n\t\t\t\t<\/div>\n\t\t","protected":false},"excerpt":{"rendered":"<p>Plus de 1 600 \u00e9l\u00e8ves se sont rendus les 12 et 13 d\u00e9cembre 2023 au Palais des Congr\u00e8s de B\u00e9ziers, pour se renseigner sur l\u2019offre de formation universitaire et post-bac pr\u00e9sente sur le Biterrois. Organis\u00e9 par l\u2019Agglom\u00e9ration B\u00e9ziers M\u00e9diterran\u00e9, la Ville de B\u00e9ziers et le CIO de B\u00e9ziers (Centre d\u2019orientation et de Formation), l\u2019\u00e9v\u00e9nement a [&hellip;]<\/p>\n","protected":false},"author":1,"featured_media":4231,"comment_status":"closed","ping_status":"closed","sticky":false,"template":"","format":"standard","meta":{"_jetpack_memberships_contains_paid_content":false,"footnotes":""},"categories":[4],"tags":[],"class_list":["post-4226","post","type-post","status-publish","format-standard","has-post-thumbnail","hentry","category-evenement"],"yoast_head":"<!-- This site is optimized with the Yoast SEO plugin v27.3 - https:\/\/yoast.com\/product\/yoast-seo-wordpress\/ -->\n<title>Le salon Biterrois de l\u2019enseignement sup\u00e9rieur 2023 fait le plein au Palais des Congr\u00e8s - PULSE<\/title>\n<meta name=\"robots\" content=\"index, follow, max-snippet:-1, max-image-preview:large, max-video-preview:-1\" \/>\n<link rel=\"canonical\" href=\"https:\/\/pulse-beziers.fr\/index.php\/2023\/12\/21\/le-salon-biterrois-de-lenseignement-superieur-2023-fait-le-plein-au-palais-des-congres\/\" \/>\n<meta property=\"og:locale\" content=\"fr_FR\" \/>\n<meta property=\"og:type\" content=\"article\" \/>\n<meta property=\"og:title\" content=\"Le salon Biterrois de l\u2019enseignement sup\u00e9rieur 2023 fait le plein au Palais des Congr\u00e8s - PULSE\" \/>\n<meta property=\"og:description\" content=\"Plus de 1 600 \u00e9l\u00e8ves se sont rendus les 12 et 13 d\u00e9cembre 2023 au Palais des Congr\u00e8s de B\u00e9ziers, pour se renseigner sur l\u2019offre de formation universitaire et post-bac pr\u00e9sente sur le Biterrois. Organis\u00e9 par l\u2019Agglom\u00e9ration B\u00e9ziers M\u00e9diterran\u00e9, la Ville de B\u00e9ziers et le CIO de B\u00e9ziers (Centre d\u2019orientation et de Formation), l\u2019\u00e9v\u00e9nement a [&hellip;]\" \/>\n<meta property=\"og:url\" content=\"https:\/\/pulse-beziers.fr\/index.php\/2023\/12\/21\/le-salon-biterrois-de-lenseignement-superieur-2023-fait-le-plein-au-palais-des-congres\/\" \/>\n<meta property=\"og:site_name\" content=\"PULSE\" \/>\n<meta property=\"article:published_time\" content=\"2023-12-21T10:27:24+00:00\" \/>\n<meta property=\"article:modified_time\" content=\"2023-12-21T10:29:43+00:00\" \/>\n<meta property=\"og:image\" content=\"https:\/\/pulse-beziers.fr\/wp-content\/uploads\/2023\/12\/Visuel-actu-salon-etudiant-beziers-2023.jpg\" \/>\n\t<meta property=\"og:image:width\" content=\"1500\" \/>\n\t<meta property=\"og:image:height\" content=\"1000\" \/>\n\t<meta property=\"og:image:type\" content=\"image\/jpeg\" \/>\n<meta name=\"author\" content=\"admin2231\" \/>\n<meta name=\"twitter:card\" content=\"summary_large_image\" \/>\n<meta name=\"twitter:label1\" content=\"\u00c9crit par\" \/>\n\t<meta name=\"twitter:data1\" content=\"admin2231\" \/>\n\t<meta name=\"twitter:label2\" content=\"Dur\u00e9e de lecture estim\u00e9e\" \/>\n\t<meta name=\"twitter:data2\" content=\"1 minute\" \/>\n<script type=\"application\/ld+json\" class=\"yoast-schema-graph\">{\"@context\":\"https:\\\/\\\/schema.org\",\"@graph\":[{\"@type\":\"Article\",\"@id\":\"https:\\\/\\\/pulse-beziers.fr\\\/index.php\\\/2023\\\/12\\\/21\\\/le-salon-biterrois-de-lenseignement-superieur-2023-fait-le-plein-au-palais-des-congres\\\/#article\",\"isPartOf\":{\"@id\":\"https:\\\/\\\/pulse-beziers.fr\\\/index.php\\\/2023\\\/12\\\/21\\\/le-salon-biterrois-de-lenseignement-superieur-2023-fait-le-plein-au-palais-des-congres\\\/\"},\"author\":{\"name\":\"admin2231\",\"@id\":\"https:\\\/\\\/pulse-beziers.fr\\\/#\\\/schema\\\/person\\\/e342ddedadbd0064dde1b874b20c4298\"},\"headline\":\"Le salon Biterrois de l\u2019enseignement sup\u00e9rieur 2023 fait le plein au Palais des Congr\u00e8s\",\"datePublished\":\"2023-12-21T10:27:24+00:00\",\"dateModified\":\"2023-12-21T10:29:43+00:00\",\"mainEntityOfPage\":{\"@id\":\"https:\\\/\\\/pulse-beziers.fr\\\/index.php\\\/2023\\\/12\\\/21\\\/le-salon-biterrois-de-lenseignement-superieur-2023-fait-le-plein-au-palais-des-congres\\\/\"},\"wordCount\":145,\"publisher\":{\"@id\":\"https:\\\/\\\/pulse-beziers.fr\\\/#organization\"},\"image\":{\"@id\":\"https:\\\/\\\/pulse-beziers.fr\\\/index.php\\\/2023\\\/12\\\/21\\\/le-salon-biterrois-de-lenseignement-superieur-2023-fait-le-plein-au-palais-des-congres\\\/#primaryimage\"},\"thumbnailUrl\":\"https:\\\/\\\/pulse-beziers.fr\\\/wp-content\\\/uploads\\\/2023\\\/12\\\/Visuel-actu-salon-etudiant-beziers-2023.jpg\",\"articleSection\":[\"EVENEMENT\"],\"inLanguage\":\"fr-FR\"},{\"@type\":\"WebPage\",\"@id\":\"https:\\\/\\\/pulse-beziers.fr\\\/index.php\\\/2023\\\/12\\\/21\\\/le-salon-biterrois-de-lenseignement-superieur-2023-fait-le-plein-au-palais-des-congres\\\/\",\"url\":\"https:\\\/\\\/pulse-beziers.fr\\\/index.php\\\/2023\\\/12\\\/21\\\/le-salon-biterrois-de-lenseignement-superieur-2023-fait-le-plein-au-palais-des-congres\\\/\",\"name\":\"Le salon Biterrois de l\u2019enseignement sup\u00e9rieur 2023 fait le plein au Palais des Congr\u00e8s - PULSE\",\"isPartOf\":{\"@id\":\"https:\\\/\\\/pulse-beziers.fr\\\/#website\"},\"primaryImageOfPage\":{\"@id\":\"https:\\\/\\\/pulse-beziers.fr\\\/index.php\\\/2023\\\/12\\\/21\\\/le-salon-biterrois-de-lenseignement-superieur-2023-fait-le-plein-au-palais-des-congres\\\/#primaryimage\"},\"image\":{\"@id\":\"https:\\\/\\\/pulse-beziers.fr\\\/index.php\\\/2023\\\/12\\\/21\\\/le-salon-biterrois-de-lenseignement-superieur-2023-fait-le-plein-au-palais-des-congres\\\/#primaryimage\"},\"thumbnailUrl\":\"https:\\\/\\\/pulse-beziers.fr\\\/wp-content\\\/uploads\\\/2023\\\/12\\\/Visuel-actu-salon-etudiant-beziers-2023.jpg\",\"datePublished\":\"2023-12-21T10:27:24+00:00\",\"dateModified\":\"2023-12-21T10:29:43+00:00\",\"breadcrumb\":{\"@id\":\"https:\\\/\\\/pulse-beziers.fr\\\/index.php\\\/2023\\\/12\\\/21\\\/le-salon-biterrois-de-lenseignement-superieur-2023-fait-le-plein-au-palais-des-congres\\\/#breadcrumb\"},\"inLanguage\":\"fr-FR\",\"potentialAction\":[{\"@type\":\"ReadAction\",\"target\":[\"https:\\\/\\\/pulse-beziers.fr\\\/index.php\\\/2023\\\/12\\\/21\\\/le-salon-biterrois-de-lenseignement-superieur-2023-fait-le-plein-au-palais-des-congres\\\/\"]}]},{\"@type\":\"ImageObject\",\"inLanguage\":\"fr-FR\",\"@id\":\"https:\\\/\\\/pulse-beziers.fr\\\/index.php\\\/2023\\\/12\\\/21\\\/le-salon-biterrois-de-lenseignement-superieur-2023-fait-le-plein-au-palais-des-congres\\\/#primaryimage\",\"url\":\"https:\\\/\\\/pulse-beziers.fr\\\/wp-content\\\/uploads\\\/2023\\\/12\\\/Visuel-actu-salon-etudiant-beziers-2023.jpg\",\"contentUrl\":\"https:\\\/\\\/pulse-beziers.fr\\\/wp-content\\\/uploads\\\/2023\\\/12\\\/Visuel-actu-salon-etudiant-beziers-2023.jpg\",\"width\":1500,\"height\":1000},{\"@type\":\"BreadcrumbList\",\"@id\":\"https:\\\/\\\/pulse-beziers.fr\\\/index.php\\\/2023\\\/12\\\/21\\\/le-salon-biterrois-de-lenseignement-superieur-2023-fait-le-plein-au-palais-des-congres\\\/#breadcrumb\",\"itemListElement\":[{\"@type\":\"ListItem\",\"position\":1,\"name\":\"Accueil\",\"item\":\"https:\\\/\\\/pulse-beziers.fr\\\/\"},{\"@type\":\"ListItem\",\"position\":2,\"name\":\"Le salon Biterrois de l\u2019enseignement sup\u00e9rieur 2023 fait le plein au Palais des Congr\u00e8s\"}]},{\"@type\":\"WebSite\",\"@id\":\"https:\\\/\\\/pulse-beziers.fr\\\/#website\",\"url\":\"https:\\\/\\\/pulse-beziers.fr\\\/\",\"name\":\"PULSE\",\"description\":\"B\u00e9ziers M\u00e9diterran\u00e9e\",\"publisher\":{\"@id\":\"https:\\\/\\\/pulse-beziers.fr\\\/#organization\"},\"potentialAction\":[{\"@type\":\"SearchAction\",\"target\":{\"@type\":\"EntryPoint\",\"urlTemplate\":\"https:\\\/\\\/pulse-beziers.fr\\\/?s={search_term_string}\"},\"query-input\":{\"@type\":\"PropertyValueSpecification\",\"valueRequired\":true,\"valueName\":\"search_term_string\"}}],\"inLanguage\":\"fr-FR\"},{\"@type\":\"Organization\",\"@id\":\"https:\\\/\\\/pulse-beziers.fr\\\/#organization\",\"name\":\"PULSE\",\"url\":\"https:\\\/\\\/pulse-beziers.fr\\\/\",\"logo\":{\"@type\":\"ImageObject\",\"inLanguage\":\"fr-FR\",\"@id\":\"https:\\\/\\\/pulse-beziers.fr\\\/#\\\/schema\\\/logo\\\/image\\\/\",\"url\":\"https:\\\/\\\/pulse-beziers.fr\\\/wp-content\\\/uploads\\\/2023\\\/10\\\/PULSE_OK.png\",\"contentUrl\":\"https:\\\/\\\/pulse-beziers.fr\\\/wp-content\\\/uploads\\\/2023\\\/10\\\/PULSE_OK.png\",\"width\":1490,\"height\":506,\"caption\":\"PULSE\"},\"image\":{\"@id\":\"https:\\\/\\\/pulse-beziers.fr\\\/#\\\/schema\\\/logo\\\/image\\\/\"}},{\"@type\":\"Person\",\"@id\":\"https:\\\/\\\/pulse-beziers.fr\\\/#\\\/schema\\\/person\\\/e342ddedadbd0064dde1b874b20c4298\",\"name\":\"admin2231\",\"image\":{\"@type\":\"ImageObject\",\"inLanguage\":\"fr-FR\",\"@id\":\"https:\\\/\\\/secure.gravatar.com\\\/avatar\\\/96a2c1e3e2c27fce1f5c62307e8ca30c2ba438c7c21107033e27326b15d2f2ec?s=96&d=mm&r=g\",\"url\":\"https:\\\/\\\/secure.gravatar.com\\\/avatar\\\/96a2c1e3e2c27fce1f5c62307e8ca30c2ba438c7c21107033e27326b15d2f2ec?s=96&d=mm&r=g\",\"contentUrl\":\"https:\\\/\\\/secure.gravatar.com\\\/avatar\\\/96a2c1e3e2c27fce1f5c62307e8ca30c2ba438c7c21107033e27326b15d2f2ec?s=96&d=mm&r=g\",\"caption\":\"admin2231\"},\"sameAs\":[\"http:\\\/\\\/pulse-beziers.fr\"],\"url\":\"https:\\\/\\\/pulse-beziers.fr\\\/index.php\\\/author\\\/admin2231\\\/\"}]}<\/script>\n<!-- \/ Yoast SEO plugin. -->","yoast_head_json":{"title":"Le salon Biterrois de l\u2019enseignement sup\u00e9rieur 2023 fait le plein au Palais des Congr\u00e8s - PULSE","robots":{"index":"index","follow":"follow","max-snippet":"max-snippet:-1","max-image-preview":"max-image-preview:large","max-video-preview":"max-video-preview:-1"},"canonical":"https:\/\/pulse-beziers.fr\/index.php\/2023\/12\/21\/le-salon-biterrois-de-lenseignement-superieur-2023-fait-le-plein-au-palais-des-congres\/","og_locale":"fr_FR","og_type":"article","og_title":"Le salon Biterrois de l\u2019enseignement sup\u00e9rieur 2023 fait le plein au Palais des Congr\u00e8s - PULSE","og_description":"Plus de 1 600 \u00e9l\u00e8ves se sont rendus les 12 et 13 d\u00e9cembre 2023 au Palais des Congr\u00e8s de B\u00e9ziers, pour se renseigner sur l\u2019offre de formation universitaire et post-bac pr\u00e9sente sur le Biterrois. Organis\u00e9 par l\u2019Agglom\u00e9ration B\u00e9ziers M\u00e9diterran\u00e9, la Ville de B\u00e9ziers et le CIO de B\u00e9ziers (Centre d\u2019orientation et de Formation), l\u2019\u00e9v\u00e9nement a [&hellip;]","og_url":"https:\/\/pulse-beziers.fr\/index.php\/2023\/12\/21\/le-salon-biterrois-de-lenseignement-superieur-2023-fait-le-plein-au-palais-des-congres\/","og_site_name":"PULSE","article_published_time":"2023-12-21T10:27:24+00:00","article_modified_time":"2023-12-21T10:29:43+00:00","og_image":[{"width":1500,"height":1000,"url":"https:\/\/pulse-beziers.fr\/wp-content\/uploads\/2023\/12\/Visuel-actu-salon-etudiant-beziers-2023.jpg","type":"image\/jpeg"}],"author":"admin2231","twitter_card":"summary_large_image","twitter_misc":{"\u00c9crit par":"admin2231","Dur\u00e9e de lecture estim\u00e9e":"1 minute"},"schema":{"@context":"https:\/\/schema.org","@graph":[{"@type":"Article","@id":"https:\/\/pulse-beziers.fr\/index.php\/2023\/12\/21\/le-salon-biterrois-de-lenseignement-superieur-2023-fait-le-plein-au-palais-des-congres\/#article","isPartOf":{"@id":"https:\/\/pulse-beziers.fr\/index.php\/2023\/12\/21\/le-salon-biterrois-de-lenseignement-superieur-2023-fait-le-plein-au-palais-des-congres\/"},"author":{"name":"admin2231","@id":"https:\/\/pulse-beziers.fr\/#\/schema\/person\/e342ddedadbd0064dde1b874b20c4298"},"headline":"Le salon Biterrois de l\u2019enseignement sup\u00e9rieur 2023 fait le plein au Palais des Congr\u00e8s","datePublished":"2023-12-21T10:27:24+00:00","dateModified":"2023-12-21T10:29:43+00:00","mainEntityOfPage":{"@id":"https:\/\/pulse-beziers.fr\/index.php\/2023\/12\/21\/le-salon-biterrois-de-lenseignement-superieur-2023-fait-le-plein-au-palais-des-congres\/"},"wordCount":145,"publisher":{"@id":"https:\/\/pulse-beziers.fr\/#organization"},"image":{"@id":"https:\/\/pulse-beziers.fr\/index.php\/2023\/12\/21\/le-salon-biterrois-de-lenseignement-superieur-2023-fait-le-plein-au-palais-des-congres\/#primaryimage"},"thumbnailUrl":"https:\/\/pulse-beziers.fr\/wp-content\/uploads\/2023\/12\/Visuel-actu-salon-etudiant-beziers-2023.jpg","articleSection":["EVENEMENT"],"inLanguage":"fr-FR"},{"@type":"WebPage","@id":"https:\/\/pulse-beziers.fr\/index.php\/2023\/12\/21\/le-salon-biterrois-de-lenseignement-superieur-2023-fait-le-plein-au-palais-des-congres\/","url":"https:\/\/pulse-beziers.fr\/index.php\/2023\/12\/21\/le-salon-biterrois-de-lenseignement-superieur-2023-fait-le-plein-au-palais-des-congres\/","name":"Le salon Biterrois de l\u2019enseignement sup\u00e9rieur 2023 fait le plein au Palais des Congr\u00e8s - PULSE","isPartOf":{"@id":"https:\/\/pulse-beziers.fr\/#website"},"primaryImageOfPage":{"@id":"https:\/\/pulse-beziers.fr\/index.php\/2023\/12\/21\/le-salon-biterrois-de-lenseignement-superieur-2023-fait-le-plein-au-palais-des-congres\/#primaryimage"},"image":{"@id":"https:\/\/pulse-beziers.fr\/index.php\/2023\/12\/21\/le-salon-biterrois-de-lenseignement-superieur-2023-fait-le-plein-au-palais-des-congres\/#primaryimage"},"thumbnailUrl":"https:\/\/pulse-beziers.fr\/wp-content\/uploads\/2023\/12\/Visuel-actu-salon-etudiant-beziers-2023.jpg","datePublished":"2023-12-21T10:27:24+00:00","dateModified":"2023-12-21T10:29:43+00:00","breadcrumb":{"@id":"https:\/\/pulse-beziers.fr\/index.php\/2023\/12\/21\/le-salon-biterrois-de-lenseignement-superieur-2023-fait-le-plein-au-palais-des-congres\/#breadcrumb"},"inLanguage":"fr-FR","potentialAction":[{"@type":"ReadAction","target":["https:\/\/pulse-beziers.fr\/index.php\/2023\/12\/21\/le-salon-biterrois-de-lenseignement-superieur-2023-fait-le-plein-au-palais-des-congres\/"]}]},{"@type":"ImageObject","inLanguage":"fr-FR","@id":"https:\/\/pulse-beziers.fr\/index.php\/2023\/12\/21\/le-salon-biterrois-de-lenseignement-superieur-2023-fait-le-plein-au-palais-des-congres\/#primaryimage","url":"https:\/\/pulse-beziers.fr\/wp-content\/uploads\/2023\/12\/Visuel-actu-salon-etudiant-beziers-2023.jpg","contentUrl":"https:\/\/pulse-beziers.fr\/wp-content\/uploads\/2023\/12\/Visuel-actu-salon-etudiant-beziers-2023.jpg","width":1500,"height":1000},{"@type":"BreadcrumbList","@id":"https:\/\/pulse-beziers.fr\/index.php\/2023\/12\/21\/le-salon-biterrois-de-lenseignement-superieur-2023-fait-le-plein-au-palais-des-congres\/#breadcrumb","itemListElement":[{"@type":"ListItem","position":1,"name":"Accueil","item":"https:\/\/pulse-beziers.fr\/"},{"@type":"ListItem","position":2,"name":"Le salon Biterrois de l\u2019enseignement sup\u00e9rieur 2023 fait le plein au Palais des Congr\u00e8s"}]},{"@type":"WebSite","@id":"https:\/\/pulse-beziers.fr\/#website","url":"https:\/\/pulse-beziers.fr\/","name":"PULSE","description":"B\u00e9ziers M\u00e9diterran\u00e9e","publisher":{"@id":"https:\/\/pulse-beziers.fr\/#organization"},"potentialAction":[{"@type":"SearchAction","target":{"@type":"EntryPoint","urlTemplate":"https:\/\/pulse-beziers.fr\/?s={search_term_string}"},"query-input":{"@type":"PropertyValueSpecification","valueRequired":true,"valueName":"search_term_string"}}],"inLanguage":"fr-FR"},{"@type":"Organization","@id":"https:\/\/pulse-beziers.fr\/#organization","name":"PULSE","url":"https:\/\/pulse-beziers.fr\/","logo":{"@type":"ImageObject","inLanguage":"fr-FR","@id":"https:\/\/pulse-beziers.fr\/#\/schema\/logo\/image\/","url":"https:\/\/pulse-beziers.fr\/wp-content\/uploads\/2023\/10\/PULSE_OK.png","contentUrl":"https:\/\/pulse-beziers.fr\/wp-content\/uploads\/2023\/10\/PULSE_OK.png","width":1490,"height":506,"caption":"PULSE"},"image":{"@id":"https:\/\/pulse-beziers.fr\/#\/schema\/logo\/image\/"}},{"@type":"Person","@id":"https:\/\/pulse-beziers.fr\/#\/schema\/person\/e342ddedadbd0064dde1b874b20c4298","name":"admin2231","image":{"@type":"ImageObject","inLanguage":"fr-FR","@id":"https:\/\/secure.gravatar.com\/avatar\/96a2c1e3e2c27fce1f5c62307e8ca30c2ba438c7c21107033e27326b15d2f2ec?s=96&d=mm&r=g","url":"https:\/\/secure.gravatar.com\/avatar\/96a2c1e3e2c27fce1f5c62307e8ca30c2ba438c7c21107033e27326b15d2f2ec?s=96&d=mm&r=g","contentUrl":"https:\/\/secure.gravatar.com\/avatar\/96a2c1e3e2c27fce1f5c62307e8ca30c2ba438c7c21107033e27326b15d2f2ec?s=96&d=mm&r=g","caption":"admin2231"},"sameAs":["http:\/\/pulse-beziers.fr"],"url":"https:\/\/pulse-beziers.fr\/index.php\/author\/admin2231\/"}]}},"jetpack_featured_media_url":"https:\/\/pulse-beziers.fr\/wp-content\/uploads\/2023\/12\/Visuel-actu-salon-etudiant-beziers-2023.jpg","jetpack_sharing_enabled":true,"_links":{"self":[{"href":"https:\/\/pulse-beziers.fr\/index.php\/wp-json\/wp\/v2\/posts\/4226","targetHints":{"allow":["GET"]}}],"collection":[{"href":"https:\/\/pulse-beziers.fr\/index.php\/wp-json\/wp\/v2\/posts"}],"about":[{"href":"https:\/\/pulse-beziers.fr\/index.php\/wp-json\/wp\/v2\/types\/post"}],"author":[{"embeddable":true,"href":"https:\/\/pulse-beziers.fr\/index.php\/wp-json\/wp\/v2\/users\/1"}],"replies":[{"embeddable":true,"href":"https:\/\/pulse-beziers.fr\/index.php\/wp-json\/wp\/v2\/comments?post=4226"}],"version-history":[{"count":4,"href":"https:\/\/pulse-beziers.fr\/index.php\/wp-json\/wp\/v2\/posts\/4226\/revisions"}],"predecessor-version":[{"id":4230,"href":"https:\/\/pulse-beziers.fr\/index.php\/wp-json\/wp\/v2\/posts\/4226\/revisions\/4230"}],"wp:featuredmedia":[{"embeddable":true,"href":"https:\/\/pulse-beziers.fr\/index.php\/wp-json\/wp\/v2\/media\/4231"}],"wp:attachment":[{"href":"https:\/\/pulse-beziers.fr\/index.php\/wp-json\/wp\/v2\/media?parent=4226"}],"wp:term":[{"taxonomy":"category","embeddable":true,"href":"https:\/\/pulse-beziers.fr\/index.php\/wp-json\/wp\/v2\/categories?post=4226"},{"taxonomy":"post_tag","embeddable":true,"href":"https:\/\/pulse-beziers.fr\/index.php\/wp-json\/wp\/v2\/tags?post=4226"}],"curies":[{"name":"wp","href":"https:\/\/api.w.org\/{rel}","templated":true}]}}