{"id":4243,"date":"2024-01-11T16:12:12","date_gmt":"2024-01-11T15:12:12","guid":{"rendered":"https:\/\/pulse-beziers.fr\/?p=4243"},"modified":"2024-01-11T16:24:13","modified_gmt":"2024-01-11T15:24:13","slug":"voeux-au-monde-economique-de-pulse-mardi-23-janvier-2024","status":"publish","type":"post","link":"https:\/\/pulse-beziers.fr\/index.php\/2024\/01\/11\/voeux-au-monde-economique-de-pulse-mardi-23-janvier-2024\/","title":{"rendered":"V\u0153ux au monde \u00e9conomique de PULSE mardi 23 janvier 2024 \u00e0 la M\u00e9diath\u00e8que Andr\u00e9 Malraux de B\u00e9ziers"},"content":{"rendered":"\t\t<div data-elementor-type=\"wp-post\" data-elementor-id=\"4243\" class=\"elementor elementor-4243\">\n\t\t\t\t\t\t<section class=\"elementor-section elementor-top-section elementor-element elementor-element-8ce8c11 elementor-section-boxed elementor-section-height-default elementor-section-height-default\" data-id=\"8ce8c11\" data-element_type=\"section\" data-e-type=\"section\">\n\t\t\t\t\t\t<div class=\"elementor-container elementor-column-gap-default\">\n\t\t\t\t\t<div class=\"elementor-column elementor-col-100 elementor-top-column elementor-element elementor-element-dbe885b\" data-id=\"dbe885b\" data-element_type=\"column\" data-e-type=\"column\">\n\t\t\t<div class=\"elementor-widget-wrap elementor-element-populated\">\n\t\t\t\t\t\t<div class=\"elementor-element elementor-element-4e685cf elementor-widget elementor-widget-text-editor\" data-id=\"4e685cf\" data-element_type=\"widget\" data-e-type=\"widget\" data-widget_type=\"text-editor.default\">\n\t\t\t\t<div class=\"elementor-widget-container\">\n\t\t\t\t\t\t\t\t\t<p>Apr\u00e8s son lancement le 21 novembre 2023 au th\u00e9\u00e2tre municipal de B\u00e9ziers, qui a rassembl\u00e9 plus de 500 entrepreneurs et d\u00e9cideurs locaux, PULSE B\u00e9ziers M\u00e9diterran\u00e9e va \u00e0 nouveau r\u00e9unir les acteurs du monde \u00e9conomique Biterrois mardi 23 janvier 2024 au sein de la M\u00e9diath\u00e8que Andr\u00e9 Malraux, \u00e0 l\u2019occasion de la c\u00e9r\u00e9monie des v\u0153ux de l\u2019agence.<\/p><p>Au programme de l\u2019\u00e9v\u00e9nement : des prises de paroles pour \u00e9voquer la feuille de route de PULSE et les actions en faveur des entreprises pour les aider et les soutenir dans leur d\u00e9veloppement.<\/p>\t\t\t\t\t\t\t\t<\/div>\n\t\t\t\t<\/div>\n\t\t\t\t\t<\/div>\n\t\t<\/div>\n\t\t\t\t\t<\/div>\n\t\t<\/section>\n\t\t\t\t<section class=\"elementor-section elementor-top-section elementor-element elementor-element-caf892d elementor-section-boxed elementor-section-height-default elementor-section-height-default\" data-id=\"caf892d\" data-element_type=\"section\" data-e-type=\"section\">\n\t\t\t\t\t\t<div class=\"elementor-container elementor-column-gap-default\">\n\t\t\t\t\t<div class=\"elementor-column elementor-col-100 elementor-top-column elementor-element elementor-element-86237e0\" data-id=\"86237e0\" data-element_type=\"column\" data-e-type=\"column\">\n\t\t\t<div class=\"elementor-widget-wrap elementor-element-populated\">\n\t\t\t\t\t\t<div class=\"elementor-element elementor-element-62c3d54 elementor-widget elementor-widget-text-editor\" data-id=\"62c3d54\" data-element_type=\"widget\" data-e-type=\"widget\" data-widget_type=\"text-editor.default\">\n\t\t\t\t<div class=\"elementor-widget-container\">\n\t\t\t\t\t\t\t\t\t<p><a href=\"https:\/\/static.teoola.com\/evt-2963-beziersetco&amp;lg=fr\">Inscrivez-vous \u00e0 l\u2019\u00e9v\u00e9nement<\/a>.<\/p>\t\t\t\t\t\t\t\t<\/div>\n\t\t\t\t<\/div>\n\t\t\t\t\t<\/div>\n\t\t<\/div>\n\t\t\t\t\t<\/div>\n\t\t<\/section>\n\t\t\t\t<section class=\"elementor-section elementor-top-section elementor-element elementor-element-28eb61d elementor-section-boxed elementor-section-height-default elementor-section-height-default\" data-id=\"28eb61d\" data-element_type=\"section\" data-e-type=\"section\">\n\t\t\t\t\t\t<div class=\"elementor-container elementor-column-gap-default\">\n\t\t\t\t\t<div class=\"elementor-column elementor-col-100 elementor-top-column elementor-element elementor-element-f92d7c5\" data-id=\"f92d7c5\" data-element_type=\"column\" data-e-type=\"column\">\n\t\t\t<div class=\"elementor-widget-wrap elementor-element-populated\">\n\t\t\t\t\t\t<div class=\"elementor-element elementor-element-dd62691 elementor-widget elementor-widget-image\" data-id=\"dd62691\" data-element_type=\"widget\" data-e-type=\"widget\" data-widget_type=\"image.default\">\n\t\t\t\t<div class=\"elementor-widget-container\">\n\t\t\t\t\t\t\t\t\t\t\t\t\t\t\t<img fetchpriority=\"high\" decoding=\"async\" width=\"1024\" height=\"495\" src=\"https:\/\/pulse-beziers.fr\/wp-content\/uploads\/2024\/01\/pulsevoeux-1024x495.jpg\" class=\"attachment-large size-large wp-image-4250\" alt=\"\" srcset=\"https:\/\/pulse-beziers.fr\/wp-content\/uploads\/2024\/01\/pulsevoeux-1024x495.jpg 1024w, https:\/\/pulse-beziers.fr\/wp-content\/uploads\/2024\/01\/pulsevoeux-600x290.jpg 600w, https:\/\/pulse-beziers.fr\/wp-content\/uploads\/2024\/01\/pulsevoeux-300x145.jpg 300w, https:\/\/pulse-beziers.fr\/wp-content\/uploads\/2024\/01\/pulsevoeux-768x372.jpg 768w, https:\/\/pulse-beziers.fr\/wp-content\/uploads\/2024\/01\/pulsevoeux.jpg 1387w\" sizes=\"(max-width: 1024px) 100vw, 1024px\" \/>\t\t\t\t\t\t\t\t\t\t\t\t\t\t\t<\/div>\n\t\t\t\t<\/div>\n\t\t\t\t\t<\/div>\n\t\t<\/div>\n\t\t\t\t\t<\/div>\n\t\t<\/section>\n\t\t\t\t<\/div>\n\t\t","protected":false},"excerpt":{"rendered":"<p>Apr\u00e8s son lancement le 21 novembre 2023 au th\u00e9\u00e2tre municipal de B\u00e9ziers, qui a rassembl\u00e9 plus de 500 entrepreneurs et d\u00e9cideurs locaux, PULSE B\u00e9ziers M\u00e9diterran\u00e9e va \u00e0 nouveau r\u00e9unir les acteurs du monde \u00e9conomique Biterrois mardi 23 janvier 2024 au sein de la M\u00e9diath\u00e8que Andr\u00e9 Malraux, \u00e0 l\u2019occasion de la c\u00e9r\u00e9monie des v\u0153ux de l\u2019agence. [&hellip;]<\/p>\n","protected":false},"author":1,"featured_media":4249,"comment_status":"closed","ping_status":"closed","sticky":false,"template":"","format":"standard","meta":{"_jetpack_memberships_contains_paid_content":false,"footnotes":""},"categories":[6],"tags":[],"class_list":["post-4243","post","type-post","status-publish","format-standard","has-post-thumbnail","hentry","category-economie"],"yoast_head":"<!-- This site is optimized with the Yoast SEO plugin v27.3 - https:\/\/yoast.com\/product\/yoast-seo-wordpress\/ -->\n<title>V\u0153ux au monde \u00e9conomique de PULSE mardi 23 janvier 2024 \u00e0 la M\u00e9diath\u00e8que Andr\u00e9 Malraux de B\u00e9ziers - PULSE<\/title>\n<meta name=\"robots\" content=\"index, follow, max-snippet:-1, max-image-preview:large, max-video-preview:-1\" \/>\n<link rel=\"canonical\" href=\"https:\/\/pulse-beziers.fr\/index.php\/2024\/01\/11\/voeux-au-monde-economique-de-pulse-mardi-23-janvier-2024\/\" \/>\n<meta property=\"og:locale\" content=\"fr_FR\" \/>\n<meta property=\"og:type\" content=\"article\" \/>\n<meta property=\"og:title\" content=\"V\u0153ux au monde \u00e9conomique de PULSE mardi 23 janvier 2024 \u00e0 la M\u00e9diath\u00e8que Andr\u00e9 Malraux de B\u00e9ziers - PULSE\" \/>\n<meta property=\"og:description\" content=\"Apr\u00e8s son lancement le 21 novembre 2023 au th\u00e9\u00e2tre municipal de B\u00e9ziers, qui a rassembl\u00e9 plus de 500 entrepreneurs et d\u00e9cideurs locaux, PULSE B\u00e9ziers M\u00e9diterran\u00e9e va \u00e0 nouveau r\u00e9unir les acteurs du monde \u00e9conomique Biterrois mardi 23 janvier 2024 au sein de la M\u00e9diath\u00e8que Andr\u00e9 Malraux, \u00e0 l\u2019occasion de la c\u00e9r\u00e9monie des v\u0153ux de l\u2019agence. [&hellip;]\" \/>\n<meta property=\"og:url\" content=\"https:\/\/pulse-beziers.fr\/index.php\/2024\/01\/11\/voeux-au-monde-economique-de-pulse-mardi-23-janvier-2024\/\" \/>\n<meta property=\"og:site_name\" content=\"PULSE\" \/>\n<meta property=\"article:published_time\" content=\"2024-01-11T15:12:12+00:00\" \/>\n<meta property=\"article:modified_time\" content=\"2024-01-11T15:24:13+00:00\" \/>\n<meta property=\"og:image\" content=\"https:\/\/pulse-beziers.fr\/wp-content\/uploads\/2024\/01\/pulsevoeux24.png\" \/>\n\t<meta property=\"og:image:width\" content=\"1179\" \/>\n\t<meta property=\"og:image:height\" content=\"1034\" \/>\n\t<meta property=\"og:image:type\" content=\"image\/png\" \/>\n<meta name=\"author\" content=\"admin2231\" \/>\n<meta name=\"twitter:card\" content=\"summary_large_image\" \/>\n<meta name=\"twitter:label1\" content=\"\u00c9crit par\" \/>\n\t<meta name=\"twitter:data1\" content=\"admin2231\" \/>\n\t<meta name=\"twitter:label2\" content=\"Dur\u00e9e de lecture estim\u00e9e\" \/>\n\t<meta name=\"twitter:data2\" content=\"1 minute\" \/>\n<script type=\"application\/ld+json\" class=\"yoast-schema-graph\">{\"@context\":\"https:\\\/\\\/schema.org\",\"@graph\":[{\"@type\":\"Article\",\"@id\":\"https:\\\/\\\/pulse-beziers.fr\\\/index.php\\\/2024\\\/01\\\/11\\\/voeux-au-monde-economique-de-pulse-mardi-23-janvier-2024\\\/#article\",\"isPartOf\":{\"@id\":\"https:\\\/\\\/pulse-beziers.fr\\\/index.php\\\/2024\\\/01\\\/11\\\/voeux-au-monde-economique-de-pulse-mardi-23-janvier-2024\\\/\"},\"author\":{\"name\":\"admin2231\",\"@id\":\"https:\\\/\\\/pulse-beziers.fr\\\/#\\\/schema\\\/person\\\/e342ddedadbd0064dde1b874b20c4298\"},\"headline\":\"V\u0153ux au monde \u00e9conomique de PULSE mardi 23 janvier 2024 \u00e0 la M\u00e9diath\u00e8que Andr\u00e9 Malraux de B\u00e9ziers\",\"datePublished\":\"2024-01-11T15:12:12+00:00\",\"dateModified\":\"2024-01-11T15:24:13+00:00\",\"mainEntityOfPage\":{\"@id\":\"https:\\\/\\\/pulse-beziers.fr\\\/index.php\\\/2024\\\/01\\\/11\\\/voeux-au-monde-economique-de-pulse-mardi-23-janvier-2024\\\/\"},\"wordCount\":120,\"publisher\":{\"@id\":\"https:\\\/\\\/pulse-beziers.fr\\\/#organization\"},\"image\":{\"@id\":\"https:\\\/\\\/pulse-beziers.fr\\\/index.php\\\/2024\\\/01\\\/11\\\/voeux-au-monde-economique-de-pulse-mardi-23-janvier-2024\\\/#primaryimage\"},\"thumbnailUrl\":\"https:\\\/\\\/pulse-beziers.fr\\\/wp-content\\\/uploads\\\/2024\\\/01\\\/pulsevoeux24.png\",\"articleSection\":[\"ECONOMIE\"],\"inLanguage\":\"fr-FR\"},{\"@type\":\"WebPage\",\"@id\":\"https:\\\/\\\/pulse-beziers.fr\\\/index.php\\\/2024\\\/01\\\/11\\\/voeux-au-monde-economique-de-pulse-mardi-23-janvier-2024\\\/\",\"url\":\"https:\\\/\\\/pulse-beziers.fr\\\/index.php\\\/2024\\\/01\\\/11\\\/voeux-au-monde-economique-de-pulse-mardi-23-janvier-2024\\\/\",\"name\":\"V\u0153ux au monde \u00e9conomique de PULSE mardi 23 janvier 2024 \u00e0 la M\u00e9diath\u00e8que Andr\u00e9 Malraux de B\u00e9ziers - PULSE\",\"isPartOf\":{\"@id\":\"https:\\\/\\\/pulse-beziers.fr\\\/#website\"},\"primaryImageOfPage\":{\"@id\":\"https:\\\/\\\/pulse-beziers.fr\\\/index.php\\\/2024\\\/01\\\/11\\\/voeux-au-monde-economique-de-pulse-mardi-23-janvier-2024\\\/#primaryimage\"},\"image\":{\"@id\":\"https:\\\/\\\/pulse-beziers.fr\\\/index.php\\\/2024\\\/01\\\/11\\\/voeux-au-monde-economique-de-pulse-mardi-23-janvier-2024\\\/#primaryimage\"},\"thumbnailUrl\":\"https:\\\/\\\/pulse-beziers.fr\\\/wp-content\\\/uploads\\\/2024\\\/01\\\/pulsevoeux24.png\",\"datePublished\":\"2024-01-11T15:12:12+00:00\",\"dateModified\":\"2024-01-11T15:24:13+00:00\",\"breadcrumb\":{\"@id\":\"https:\\\/\\\/pulse-beziers.fr\\\/index.php\\\/2024\\\/01\\\/11\\\/voeux-au-monde-economique-de-pulse-mardi-23-janvier-2024\\\/#breadcrumb\"},\"inLanguage\":\"fr-FR\",\"potentialAction\":[{\"@type\":\"ReadAction\",\"target\":[\"https:\\\/\\\/pulse-beziers.fr\\\/index.php\\\/2024\\\/01\\\/11\\\/voeux-au-monde-economique-de-pulse-mardi-23-janvier-2024\\\/\"]}]},{\"@type\":\"ImageObject\",\"inLanguage\":\"fr-FR\",\"@id\":\"https:\\\/\\\/pulse-beziers.fr\\\/index.php\\\/2024\\\/01\\\/11\\\/voeux-au-monde-economique-de-pulse-mardi-23-janvier-2024\\\/#primaryimage\",\"url\":\"https:\\\/\\\/pulse-beziers.fr\\\/wp-content\\\/uploads\\\/2024\\\/01\\\/pulsevoeux24.png\",\"contentUrl\":\"https:\\\/\\\/pulse-beziers.fr\\\/wp-content\\\/uploads\\\/2024\\\/01\\\/pulsevoeux24.png\",\"width\":1179,\"height\":1034},{\"@type\":\"BreadcrumbList\",\"@id\":\"https:\\\/\\\/pulse-beziers.fr\\\/index.php\\\/2024\\\/01\\\/11\\\/voeux-au-monde-economique-de-pulse-mardi-23-janvier-2024\\\/#breadcrumb\",\"itemListElement\":[{\"@type\":\"ListItem\",\"position\":1,\"name\":\"Accueil\",\"item\":\"https:\\\/\\\/pulse-beziers.fr\\\/\"},{\"@type\":\"ListItem\",\"position\":2,\"name\":\"V\u0153ux au monde \u00e9conomique de PULSE mardi 23 janvier 2024 \u00e0 la M\u00e9diath\u00e8que Andr\u00e9 Malraux de B\u00e9ziers\"}]},{\"@type\":\"WebSite\",\"@id\":\"https:\\\/\\\/pulse-beziers.fr\\\/#website\",\"url\":\"https:\\\/\\\/pulse-beziers.fr\\\/\",\"name\":\"PULSE\",\"description\":\"B\u00e9ziers M\u00e9diterran\u00e9e\",\"publisher\":{\"@id\":\"https:\\\/\\\/pulse-beziers.fr\\\/#organization\"},\"potentialAction\":[{\"@type\":\"SearchAction\",\"target\":{\"@type\":\"EntryPoint\",\"urlTemplate\":\"https:\\\/\\\/pulse-beziers.fr\\\/?s={search_term_string}\"},\"query-input\":{\"@type\":\"PropertyValueSpecification\",\"valueRequired\":true,\"valueName\":\"search_term_string\"}}],\"inLanguage\":\"fr-FR\"},{\"@type\":\"Organization\",\"@id\":\"https:\\\/\\\/pulse-beziers.fr\\\/#organization\",\"name\":\"PULSE\",\"url\":\"https:\\\/\\\/pulse-beziers.fr\\\/\",\"logo\":{\"@type\":\"ImageObject\",\"inLanguage\":\"fr-FR\",\"@id\":\"https:\\\/\\\/pulse-beziers.fr\\\/#\\\/schema\\\/logo\\\/image\\\/\",\"url\":\"https:\\\/\\\/pulse-beziers.fr\\\/wp-content\\\/uploads\\\/2023\\\/10\\\/PULSE_OK.png\",\"contentUrl\":\"https:\\\/\\\/pulse-beziers.fr\\\/wp-content\\\/uploads\\\/2023\\\/10\\\/PULSE_OK.png\",\"width\":1490,\"height\":506,\"caption\":\"PULSE\"},\"image\":{\"@id\":\"https:\\\/\\\/pulse-beziers.fr\\\/#\\\/schema\\\/logo\\\/image\\\/\"}},{\"@type\":\"Person\",\"@id\":\"https:\\\/\\\/pulse-beziers.fr\\\/#\\\/schema\\\/person\\\/e342ddedadbd0064dde1b874b20c4298\",\"name\":\"admin2231\",\"image\":{\"@type\":\"ImageObject\",\"inLanguage\":\"fr-FR\",\"@id\":\"https:\\\/\\\/secure.gravatar.com\\\/avatar\\\/96a2c1e3e2c27fce1f5c62307e8ca30c2ba438c7c21107033e27326b15d2f2ec?s=96&d=mm&r=g\",\"url\":\"https:\\\/\\\/secure.gravatar.com\\\/avatar\\\/96a2c1e3e2c27fce1f5c62307e8ca30c2ba438c7c21107033e27326b15d2f2ec?s=96&d=mm&r=g\",\"contentUrl\":\"https:\\\/\\\/secure.gravatar.com\\\/avatar\\\/96a2c1e3e2c27fce1f5c62307e8ca30c2ba438c7c21107033e27326b15d2f2ec?s=96&d=mm&r=g\",\"caption\":\"admin2231\"},\"sameAs\":[\"http:\\\/\\\/pulse-beziers.fr\"],\"url\":\"https:\\\/\\\/pulse-beziers.fr\\\/index.php\\\/author\\\/admin2231\\\/\"}]}<\/script>\n<!-- \/ Yoast SEO plugin. -->","yoast_head_json":{"title":"V\u0153ux au monde \u00e9conomique de PULSE mardi 23 janvier 2024 \u00e0 la M\u00e9diath\u00e8que Andr\u00e9 Malraux de B\u00e9ziers - PULSE","robots":{"index":"index","follow":"follow","max-snippet":"max-snippet:-1","max-image-preview":"max-image-preview:large","max-video-preview":"max-video-preview:-1"},"canonical":"https:\/\/pulse-beziers.fr\/index.php\/2024\/01\/11\/voeux-au-monde-economique-de-pulse-mardi-23-janvier-2024\/","og_locale":"fr_FR","og_type":"article","og_title":"V\u0153ux au monde \u00e9conomique de PULSE mardi 23 janvier 2024 \u00e0 la M\u00e9diath\u00e8que Andr\u00e9 Malraux de B\u00e9ziers - PULSE","og_description":"Apr\u00e8s son lancement le 21 novembre 2023 au th\u00e9\u00e2tre municipal de B\u00e9ziers, qui a rassembl\u00e9 plus de 500 entrepreneurs et d\u00e9cideurs locaux, PULSE B\u00e9ziers M\u00e9diterran\u00e9e va \u00e0 nouveau r\u00e9unir les acteurs du monde \u00e9conomique Biterrois mardi 23 janvier 2024 au sein de la M\u00e9diath\u00e8que Andr\u00e9 Malraux, \u00e0 l\u2019occasion de la c\u00e9r\u00e9monie des v\u0153ux de l\u2019agence. [&hellip;]","og_url":"https:\/\/pulse-beziers.fr\/index.php\/2024\/01\/11\/voeux-au-monde-economique-de-pulse-mardi-23-janvier-2024\/","og_site_name":"PULSE","article_published_time":"2024-01-11T15:12:12+00:00","article_modified_time":"2024-01-11T15:24:13+00:00","og_image":[{"width":1179,"height":1034,"url":"https:\/\/pulse-beziers.fr\/wp-content\/uploads\/2024\/01\/pulsevoeux24.png","type":"image\/png"}],"author":"admin2231","twitter_card":"summary_large_image","twitter_misc":{"\u00c9crit par":"admin2231","Dur\u00e9e de lecture estim\u00e9e":"1 minute"},"schema":{"@context":"https:\/\/schema.org","@graph":[{"@type":"Article","@id":"https:\/\/pulse-beziers.fr\/index.php\/2024\/01\/11\/voeux-au-monde-economique-de-pulse-mardi-23-janvier-2024\/#article","isPartOf":{"@id":"https:\/\/pulse-beziers.fr\/index.php\/2024\/01\/11\/voeux-au-monde-economique-de-pulse-mardi-23-janvier-2024\/"},"author":{"name":"admin2231","@id":"https:\/\/pulse-beziers.fr\/#\/schema\/person\/e342ddedadbd0064dde1b874b20c4298"},"headline":"V\u0153ux au monde \u00e9conomique de PULSE mardi 23 janvier 2024 \u00e0 la M\u00e9diath\u00e8que Andr\u00e9 Malraux de B\u00e9ziers","datePublished":"2024-01-11T15:12:12+00:00","dateModified":"2024-01-11T15:24:13+00:00","mainEntityOfPage":{"@id":"https:\/\/pulse-beziers.fr\/index.php\/2024\/01\/11\/voeux-au-monde-economique-de-pulse-mardi-23-janvier-2024\/"},"wordCount":120,"publisher":{"@id":"https:\/\/pulse-beziers.fr\/#organization"},"image":{"@id":"https:\/\/pulse-beziers.fr\/index.php\/2024\/01\/11\/voeux-au-monde-economique-de-pulse-mardi-23-janvier-2024\/#primaryimage"},"thumbnailUrl":"https:\/\/pulse-beziers.fr\/wp-content\/uploads\/2024\/01\/pulsevoeux24.png","articleSection":["ECONOMIE"],"inLanguage":"fr-FR"},{"@type":"WebPage","@id":"https:\/\/pulse-beziers.fr\/index.php\/2024\/01\/11\/voeux-au-monde-economique-de-pulse-mardi-23-janvier-2024\/","url":"https:\/\/pulse-beziers.fr\/index.php\/2024\/01\/11\/voeux-au-monde-economique-de-pulse-mardi-23-janvier-2024\/","name":"V\u0153ux au monde \u00e9conomique de PULSE mardi 23 janvier 2024 \u00e0 la M\u00e9diath\u00e8que Andr\u00e9 Malraux de B\u00e9ziers - PULSE","isPartOf":{"@id":"https:\/\/pulse-beziers.fr\/#website"},"primaryImageOfPage":{"@id":"https:\/\/pulse-beziers.fr\/index.php\/2024\/01\/11\/voeux-au-monde-economique-de-pulse-mardi-23-janvier-2024\/#primaryimage"},"image":{"@id":"https:\/\/pulse-beziers.fr\/index.php\/2024\/01\/11\/voeux-au-monde-economique-de-pulse-mardi-23-janvier-2024\/#primaryimage"},"thumbnailUrl":"https:\/\/pulse-beziers.fr\/wp-content\/uploads\/2024\/01\/pulsevoeux24.png","datePublished":"2024-01-11T15:12:12+00:00","dateModified":"2024-01-11T15:24:13+00:00","breadcrumb":{"@id":"https:\/\/pulse-beziers.fr\/index.php\/2024\/01\/11\/voeux-au-monde-economique-de-pulse-mardi-23-janvier-2024\/#breadcrumb"},"inLanguage":"fr-FR","potentialAction":[{"@type":"ReadAction","target":["https:\/\/pulse-beziers.fr\/index.php\/2024\/01\/11\/voeux-au-monde-economique-de-pulse-mardi-23-janvier-2024\/"]}]},{"@type":"ImageObject","inLanguage":"fr-FR","@id":"https:\/\/pulse-beziers.fr\/index.php\/2024\/01\/11\/voeux-au-monde-economique-de-pulse-mardi-23-janvier-2024\/#primaryimage","url":"https:\/\/pulse-beziers.fr\/wp-content\/uploads\/2024\/01\/pulsevoeux24.png","contentUrl":"https:\/\/pulse-beziers.fr\/wp-content\/uploads\/2024\/01\/pulsevoeux24.png","width":1179,"height":1034},{"@type":"BreadcrumbList","@id":"https:\/\/pulse-beziers.fr\/index.php\/2024\/01\/11\/voeux-au-monde-economique-de-pulse-mardi-23-janvier-2024\/#breadcrumb","itemListElement":[{"@type":"ListItem","position":1,"name":"Accueil","item":"https:\/\/pulse-beziers.fr\/"},{"@type":"ListItem","position":2,"name":"V\u0153ux au monde \u00e9conomique de PULSE mardi 23 janvier 2024 \u00e0 la M\u00e9diath\u00e8que Andr\u00e9 Malraux de B\u00e9ziers"}]},{"@type":"WebSite","@id":"https:\/\/pulse-beziers.fr\/#website","url":"https:\/\/pulse-beziers.fr\/","name":"PULSE","description":"B\u00e9ziers M\u00e9diterran\u00e9e","publisher":{"@id":"https:\/\/pulse-beziers.fr\/#organization"},"potentialAction":[{"@type":"SearchAction","target":{"@type":"EntryPoint","urlTemplate":"https:\/\/pulse-beziers.fr\/?s={search_term_string}"},"query-input":{"@type":"PropertyValueSpecification","valueRequired":true,"valueName":"search_term_string"}}],"inLanguage":"fr-FR"},{"@type":"Organization","@id":"https:\/\/pulse-beziers.fr\/#organization","name":"PULSE","url":"https:\/\/pulse-beziers.fr\/","logo":{"@type":"ImageObject","inLanguage":"fr-FR","@id":"https:\/\/pulse-beziers.fr\/#\/schema\/logo\/image\/","url":"https:\/\/pulse-beziers.fr\/wp-content\/uploads\/2023\/10\/PULSE_OK.png","contentUrl":"https:\/\/pulse-beziers.fr\/wp-content\/uploads\/2023\/10\/PULSE_OK.png","width":1490,"height":506,"caption":"PULSE"},"image":{"@id":"https:\/\/pulse-beziers.fr\/#\/schema\/logo\/image\/"}},{"@type":"Person","@id":"https:\/\/pulse-beziers.fr\/#\/schema\/person\/e342ddedadbd0064dde1b874b20c4298","name":"admin2231","image":{"@type":"ImageObject","inLanguage":"fr-FR","@id":"https:\/\/secure.gravatar.com\/avatar\/96a2c1e3e2c27fce1f5c62307e8ca30c2ba438c7c21107033e27326b15d2f2ec?s=96&d=mm&r=g","url":"https:\/\/secure.gravatar.com\/avatar\/96a2c1e3e2c27fce1f5c62307e8ca30c2ba438c7c21107033e27326b15d2f2ec?s=96&d=mm&r=g","contentUrl":"https:\/\/secure.gravatar.com\/avatar\/96a2c1e3e2c27fce1f5c62307e8ca30c2ba438c7c21107033e27326b15d2f2ec?s=96&d=mm&r=g","caption":"admin2231"},"sameAs":["http:\/\/pulse-beziers.fr"],"url":"https:\/\/pulse-beziers.fr\/index.php\/author\/admin2231\/"}]}},"jetpack_featured_media_url":"https:\/\/pulse-beziers.fr\/wp-content\/uploads\/2024\/01\/pulsevoeux24.png","jetpack_sharing_enabled":true,"_links":{"self":[{"href":"https:\/\/pulse-beziers.fr\/index.php\/wp-json\/wp\/v2\/posts\/4243","targetHints":{"allow":["GET"]}}],"collection":[{"href":"https:\/\/pulse-beziers.fr\/index.php\/wp-json\/wp\/v2\/posts"}],"about":[{"href":"https:\/\/pulse-beziers.fr\/index.php\/wp-json\/wp\/v2\/types\/post"}],"author":[{"embeddable":true,"href":"https:\/\/pulse-beziers.fr\/index.php\/wp-json\/wp\/v2\/users\/1"}],"replies":[{"embeddable":true,"href":"https:\/\/pulse-beziers.fr\/index.php\/wp-json\/wp\/v2\/comments?post=4243"}],"version-history":[{"count":11,"href":"https:\/\/pulse-beziers.fr\/index.php\/wp-json\/wp\/v2\/posts\/4243\/revisions"}],"predecessor-version":[{"id":4257,"href":"https:\/\/pulse-beziers.fr\/index.php\/wp-json\/wp\/v2\/posts\/4243\/revisions\/4257"}],"wp:featuredmedia":[{"embeddable":true,"href":"https:\/\/pulse-beziers.fr\/index.php\/wp-json\/wp\/v2\/media\/4249"}],"wp:attachment":[{"href":"https:\/\/pulse-beziers.fr\/index.php\/wp-json\/wp\/v2\/media?parent=4243"}],"wp:term":[{"taxonomy":"category","embeddable":true,"href":"https:\/\/pulse-beziers.fr\/index.php\/wp-json\/wp\/v2\/categories?post=4243"},{"taxonomy":"post_tag","embeddable":true,"href":"https:\/\/pulse-beziers.fr\/index.php\/wp-json\/wp\/v2\/tags?post=4243"}],"curies":[{"name":"wp","href":"https:\/\/api.w.org\/{rel}","templated":true}]}}