{"id":4300,"date":"2024-02-05T10:44:16","date_gmt":"2024-02-05T09:44:16","guid":{"rendered":"https:\/\/pulse-beziers.fr\/?p=4300"},"modified":"2024-02-05T10:44:17","modified_gmt":"2024-02-05T09:44:17","slug":"agenda-des-portes-ouvertes-ecoles-et-formation","status":"publish","type":"post","link":"https:\/\/pulse-beziers.fr\/index.php\/2024\/02\/05\/agenda-des-portes-ouvertes-ecoles-et-formation\/","title":{"rendered":"Agenda des portes ouvertes \u00e9coles et formation"},"content":{"rendered":"\n<p>Plusieurs \u00e9tablissements scolaires et de formation ouvrent actuellement leurs portes aux \u00e9tudiants et leurs parents. Ces journ\u00e9es sont autant d\u2019occasion de d\u00e9couvrir, lors d\u2019un moment d\u2019\u00e9changes et d\u2019immersion, diff\u00e9rents univers m\u00e9tiers. Des \u00e9v\u00e9nements \u00e0 ne pas manquer&nbsp;!<\/p>\n\n\n\n<p><strong>JPO Purple Campus sp\u00e9cial Post Bac<\/strong><\/p>\n\n\n\n<p>Mercredi 31 janvier 2024 \u2013 14h\/17h \u2013 308 rue de Chiclana \u00e0 B\u00e9ziers<\/p>\n\n\n\n<p>Un journ\u00e9e portes ouvertes pour rencontrer les \u00e9quipes, les formateurs et apprenants qui partageront leurs exp\u00e9riences et r\u00e9pondront \u00e0 toutes vos questions sur les formations.<\/p>\n\n\n\n<p><a href=\"https:\/\/fra01.safelinks.protection.outlook.com\/?url=https%3A%2F%2Fwww.purple-campus.com%2Fevenements%2Fjournees-portes-ouvertes-purple-campus-beziers-31-janvier-2024%2F&amp;data=05%7C02%7C%7C3b186ea90a63405ba5da08dc23280acb%7Cebce2f3723d948cfaf40a0fe0b8b4a3e%7C0%7C0%7C638423902121451120%7CUnknown%7CTWFpbGZsb3d8eyJWIjoiMC4wLjAwMDAiLCJQIjoiV2luMzIiLCJBTiI6Ik1haWwiLCJXVCI6Mn0%3D%7C0%7C%7C%7C&amp;sdata=BLo%2BQ3fUE1FneSaZiVhootk7sPePcGlalYXqAkZ7cMU%3D&amp;reserved=0\" target=\"_blank\" rel=\"noreferrer noopener\">Pour en savoir plus<\/a><\/p>\n\n\n\n<p><strong>Les Matinales Portes Ouvertes de la PFT34 M\u00e9c@innov&nbsp;<\/strong>&nbsp;<\/p>\n\n\n\n<p>Samedi 3 f\u00e9vrier 2024 &#8211; 9h&nbsp;\/12h \u2013 Lyc\u00e9e Jean Moulin de B\u00e9ziers<\/p>\n\n\n\n<p>D\u00e9couverte des m\u00e9tiers industriels et des formations technologiques, en pr\u00e9sence d\u2019entreprises locales (SCHLUMBERGER-GENVIA, GROUPE ROCHETTE-MSI, RTE, TECHNILUM, ITS FUSION, \u2026).<\/p>\n\n\n\n<p>Infos et renseignements&nbsp;: 04 67 35 21 10 \/&nbsp;<a href=\"mailto:pft34mecainnov@orange.fr\">pft34mecainnov@orange.fr<\/a><\/p>\n\n\n\n<p><strong>Journ\u00e9e Portes Ouvertes de Cime Art<\/strong><\/p>\n\n\n\n<p>Samedi 3 f\u00e9vrier \u2013 10h\/16h \u2013 19 quai du Port Neuf \u00e0 B\u00e9ziers<\/p>\n\n\n\n<p>L\u2019\u00e9cole des m\u00e9tiers de la 3D, des jeux vid\u00e9o et du cin\u00e9ma d\u2019animation&nbsp;vous invite \u00e0 d\u00e9couvrir son campus&nbsp;: rencontre avec l\u2019\u00e9quipe et les \u00e9tudiants, pr\u00e9sentation d\u00e9taill\u00e9e des programmes, projets et opportunit\u00e9s de carri\u00e8re.<\/p>\n\n\n\n<p><a href=\"https:\/\/fra01.safelinks.protection.outlook.com\/?url=https%3A%2F%2Fbio.site%2Fcimeart&amp;data=05%7C02%7C%7C3b186ea90a63405ba5da08dc23280acb%7Cebce2f3723d948cfaf40a0fe0b8b4a3e%7C0%7C0%7C638423902121462456%7CUnknown%7CTWFpbGZsb3d8eyJWIjoiMC4wLjAwMDAiLCJQIjoiV2luMzIiLCJBTiI6Ik1haWwiLCJXVCI6Mn0%3D%7C0%7C%7C%7C&amp;sdata=9Gn1cwJbbgLdOCqM1wJgbdTxn%2B40PnTCKmwGhQLbPD4%3D&amp;reserved=0\" target=\"_blank\" rel=\"noreferrer noopener\">Infos et inscriptions<\/a>&nbsp;<\/p>\n","protected":false},"excerpt":{"rendered":"<p>Plusieurs \u00e9tablissements scolaires et de formation ouvrent actuellement leurs portes aux \u00e9tudiants et leurs parents. Ces journ\u00e9es sont autant d\u2019occasion de d\u00e9couvrir, lors d\u2019un moment d\u2019\u00e9changes et d\u2019immersion, diff\u00e9rents univers m\u00e9tiers. Des \u00e9v\u00e9nements \u00e0 ne pas manquer&nbsp;! JPO Purple Campus sp\u00e9cial Post Bac Mercredi 31 janvier 2024 \u2013 14h\/17h \u2013 308 rue de Chiclana \u00e0 [&hellip;]<\/p>\n","protected":false},"author":1,"featured_media":4301,"comment_status":"closed","ping_status":"closed","sticky":false,"template":"","format":"standard","meta":{"_jetpack_memberships_contains_paid_content":false,"footnotes":""},"categories":[4],"tags":[],"class_list":["post-4300","post","type-post","status-publish","format-standard","has-post-thumbnail","hentry","category-evenement"],"yoast_head":"<!-- This site is optimized with the Yoast SEO plugin v27.3 - https:\/\/yoast.com\/product\/yoast-seo-wordpress\/ -->\n<title>Agenda des portes ouvertes \u00e9coles et formation - PULSE<\/title>\n<meta name=\"robots\" content=\"index, follow, max-snippet:-1, max-image-preview:large, max-video-preview:-1\" \/>\n<link rel=\"canonical\" href=\"https:\/\/pulse-beziers.fr\/index.php\/2024\/02\/05\/agenda-des-portes-ouvertes-ecoles-et-formation\/\" \/>\n<meta property=\"og:locale\" content=\"fr_FR\" \/>\n<meta property=\"og:type\" content=\"article\" \/>\n<meta property=\"og:title\" content=\"Agenda des portes ouvertes \u00e9coles et formation - PULSE\" \/>\n<meta property=\"og:description\" content=\"Plusieurs \u00e9tablissements scolaires et de formation ouvrent actuellement leurs portes aux \u00e9tudiants et leurs parents. Ces journ\u00e9es sont autant d\u2019occasion de d\u00e9couvrir, lors d\u2019un moment d\u2019\u00e9changes et d\u2019immersion, diff\u00e9rents univers m\u00e9tiers. Des \u00e9v\u00e9nements \u00e0 ne pas manquer&nbsp;! JPO Purple Campus sp\u00e9cial Post Bac Mercredi 31 janvier 2024 \u2013 14h\/17h \u2013 308 rue de Chiclana \u00e0 [&hellip;]\" \/>\n<meta property=\"og:url\" content=\"https:\/\/pulse-beziers.fr\/index.php\/2024\/02\/05\/agenda-des-portes-ouvertes-ecoles-et-formation\/\" \/>\n<meta property=\"og:site_name\" content=\"PULSE\" \/>\n<meta property=\"article:published_time\" content=\"2024-02-05T09:44:16+00:00\" \/>\n<meta property=\"article:modified_time\" content=\"2024-02-05T09:44:17+00:00\" \/>\n<meta property=\"og:image\" content=\"https:\/\/pulse-beziers.fr\/wp-content\/uploads\/2024\/02\/JPO-formations.jpg\" \/>\n\t<meta property=\"og:image:width\" content=\"1500\" \/>\n\t<meta property=\"og:image:height\" content=\"1030\" \/>\n\t<meta property=\"og:image:type\" content=\"image\/jpeg\" \/>\n<meta name=\"author\" content=\"admin2231\" \/>\n<meta name=\"twitter:card\" content=\"summary_large_image\" \/>\n<meta name=\"twitter:label1\" content=\"\u00c9crit par\" \/>\n\t<meta name=\"twitter:data1\" content=\"admin2231\" \/>\n\t<meta name=\"twitter:label2\" content=\"Dur\u00e9e de lecture estim\u00e9e\" \/>\n\t<meta name=\"twitter:data2\" content=\"1 minute\" \/>\n<script type=\"application\/ld+json\" class=\"yoast-schema-graph\">{\"@context\":\"https:\\\/\\\/schema.org\",\"@graph\":[{\"@type\":\"Article\",\"@id\":\"https:\\\/\\\/pulse-beziers.fr\\\/index.php\\\/2024\\\/02\\\/05\\\/agenda-des-portes-ouvertes-ecoles-et-formation\\\/#article\",\"isPartOf\":{\"@id\":\"https:\\\/\\\/pulse-beziers.fr\\\/index.php\\\/2024\\\/02\\\/05\\\/agenda-des-portes-ouvertes-ecoles-et-formation\\\/\"},\"author\":{\"name\":\"admin2231\",\"@id\":\"https:\\\/\\\/pulse-beziers.fr\\\/#\\\/schema\\\/person\\\/e342ddedadbd0064dde1b874b20c4298\"},\"headline\":\"Agenda des portes ouvertes \u00e9coles et formation\",\"datePublished\":\"2024-02-05T09:44:16+00:00\",\"dateModified\":\"2024-02-05T09:44:17+00:00\",\"mainEntityOfPage\":{\"@id\":\"https:\\\/\\\/pulse-beziers.fr\\\/index.php\\\/2024\\\/02\\\/05\\\/agenda-des-portes-ouvertes-ecoles-et-formation\\\/\"},\"wordCount\":227,\"publisher\":{\"@id\":\"https:\\\/\\\/pulse-beziers.fr\\\/#organization\"},\"image\":{\"@id\":\"https:\\\/\\\/pulse-beziers.fr\\\/index.php\\\/2024\\\/02\\\/05\\\/agenda-des-portes-ouvertes-ecoles-et-formation\\\/#primaryimage\"},\"thumbnailUrl\":\"https:\\\/\\\/pulse-beziers.fr\\\/wp-content\\\/uploads\\\/2024\\\/02\\\/JPO-formations.jpg\",\"articleSection\":[\"EVENEMENT\"],\"inLanguage\":\"fr-FR\"},{\"@type\":\"WebPage\",\"@id\":\"https:\\\/\\\/pulse-beziers.fr\\\/index.php\\\/2024\\\/02\\\/05\\\/agenda-des-portes-ouvertes-ecoles-et-formation\\\/\",\"url\":\"https:\\\/\\\/pulse-beziers.fr\\\/index.php\\\/2024\\\/02\\\/05\\\/agenda-des-portes-ouvertes-ecoles-et-formation\\\/\",\"name\":\"Agenda des portes ouvertes \u00e9coles et formation - PULSE\",\"isPartOf\":{\"@id\":\"https:\\\/\\\/pulse-beziers.fr\\\/#website\"},\"primaryImageOfPage\":{\"@id\":\"https:\\\/\\\/pulse-beziers.fr\\\/index.php\\\/2024\\\/02\\\/05\\\/agenda-des-portes-ouvertes-ecoles-et-formation\\\/#primaryimage\"},\"image\":{\"@id\":\"https:\\\/\\\/pulse-beziers.fr\\\/index.php\\\/2024\\\/02\\\/05\\\/agenda-des-portes-ouvertes-ecoles-et-formation\\\/#primaryimage\"},\"thumbnailUrl\":\"https:\\\/\\\/pulse-beziers.fr\\\/wp-content\\\/uploads\\\/2024\\\/02\\\/JPO-formations.jpg\",\"datePublished\":\"2024-02-05T09:44:16+00:00\",\"dateModified\":\"2024-02-05T09:44:17+00:00\",\"breadcrumb\":{\"@id\":\"https:\\\/\\\/pulse-beziers.fr\\\/index.php\\\/2024\\\/02\\\/05\\\/agenda-des-portes-ouvertes-ecoles-et-formation\\\/#breadcrumb\"},\"inLanguage\":\"fr-FR\",\"potentialAction\":[{\"@type\":\"ReadAction\",\"target\":[\"https:\\\/\\\/pulse-beziers.fr\\\/index.php\\\/2024\\\/02\\\/05\\\/agenda-des-portes-ouvertes-ecoles-et-formation\\\/\"]}]},{\"@type\":\"ImageObject\",\"inLanguage\":\"fr-FR\",\"@id\":\"https:\\\/\\\/pulse-beziers.fr\\\/index.php\\\/2024\\\/02\\\/05\\\/agenda-des-portes-ouvertes-ecoles-et-formation\\\/#primaryimage\",\"url\":\"https:\\\/\\\/pulse-beziers.fr\\\/wp-content\\\/uploads\\\/2024\\\/02\\\/JPO-formations.jpg\",\"contentUrl\":\"https:\\\/\\\/pulse-beziers.fr\\\/wp-content\\\/uploads\\\/2024\\\/02\\\/JPO-formations.jpg\",\"width\":1500,\"height\":1030},{\"@type\":\"BreadcrumbList\",\"@id\":\"https:\\\/\\\/pulse-beziers.fr\\\/index.php\\\/2024\\\/02\\\/05\\\/agenda-des-portes-ouvertes-ecoles-et-formation\\\/#breadcrumb\",\"itemListElement\":[{\"@type\":\"ListItem\",\"position\":1,\"name\":\"Accueil\",\"item\":\"https:\\\/\\\/pulse-beziers.fr\\\/\"},{\"@type\":\"ListItem\",\"position\":2,\"name\":\"Agenda des portes ouvertes \u00e9coles et formation\"}]},{\"@type\":\"WebSite\",\"@id\":\"https:\\\/\\\/pulse-beziers.fr\\\/#website\",\"url\":\"https:\\\/\\\/pulse-beziers.fr\\\/\",\"name\":\"PULSE\",\"description\":\"B\u00e9ziers M\u00e9diterran\u00e9e\",\"publisher\":{\"@id\":\"https:\\\/\\\/pulse-beziers.fr\\\/#organization\"},\"potentialAction\":[{\"@type\":\"SearchAction\",\"target\":{\"@type\":\"EntryPoint\",\"urlTemplate\":\"https:\\\/\\\/pulse-beziers.fr\\\/?s={search_term_string}\"},\"query-input\":{\"@type\":\"PropertyValueSpecification\",\"valueRequired\":true,\"valueName\":\"search_term_string\"}}],\"inLanguage\":\"fr-FR\"},{\"@type\":\"Organization\",\"@id\":\"https:\\\/\\\/pulse-beziers.fr\\\/#organization\",\"name\":\"PULSE\",\"url\":\"https:\\\/\\\/pulse-beziers.fr\\\/\",\"logo\":{\"@type\":\"ImageObject\",\"inLanguage\":\"fr-FR\",\"@id\":\"https:\\\/\\\/pulse-beziers.fr\\\/#\\\/schema\\\/logo\\\/image\\\/\",\"url\":\"https:\\\/\\\/pulse-beziers.fr\\\/wp-content\\\/uploads\\\/2023\\\/10\\\/PULSE_OK.png\",\"contentUrl\":\"https:\\\/\\\/pulse-beziers.fr\\\/wp-content\\\/uploads\\\/2023\\\/10\\\/PULSE_OK.png\",\"width\":1490,\"height\":506,\"caption\":\"PULSE\"},\"image\":{\"@id\":\"https:\\\/\\\/pulse-beziers.fr\\\/#\\\/schema\\\/logo\\\/image\\\/\"}},{\"@type\":\"Person\",\"@id\":\"https:\\\/\\\/pulse-beziers.fr\\\/#\\\/schema\\\/person\\\/e342ddedadbd0064dde1b874b20c4298\",\"name\":\"admin2231\",\"image\":{\"@type\":\"ImageObject\",\"inLanguage\":\"fr-FR\",\"@id\":\"https:\\\/\\\/secure.gravatar.com\\\/avatar\\\/96a2c1e3e2c27fce1f5c62307e8ca30c2ba438c7c21107033e27326b15d2f2ec?s=96&d=mm&r=g\",\"url\":\"https:\\\/\\\/secure.gravatar.com\\\/avatar\\\/96a2c1e3e2c27fce1f5c62307e8ca30c2ba438c7c21107033e27326b15d2f2ec?s=96&d=mm&r=g\",\"contentUrl\":\"https:\\\/\\\/secure.gravatar.com\\\/avatar\\\/96a2c1e3e2c27fce1f5c62307e8ca30c2ba438c7c21107033e27326b15d2f2ec?s=96&d=mm&r=g\",\"caption\":\"admin2231\"},\"sameAs\":[\"http:\\\/\\\/pulse-beziers.fr\"],\"url\":\"https:\\\/\\\/pulse-beziers.fr\\\/index.php\\\/author\\\/admin2231\\\/\"}]}<\/script>\n<!-- \/ Yoast SEO plugin. -->","yoast_head_json":{"title":"Agenda des portes ouvertes \u00e9coles et formation - PULSE","robots":{"index":"index","follow":"follow","max-snippet":"max-snippet:-1","max-image-preview":"max-image-preview:large","max-video-preview":"max-video-preview:-1"},"canonical":"https:\/\/pulse-beziers.fr\/index.php\/2024\/02\/05\/agenda-des-portes-ouvertes-ecoles-et-formation\/","og_locale":"fr_FR","og_type":"article","og_title":"Agenda des portes ouvertes \u00e9coles et formation - PULSE","og_description":"Plusieurs \u00e9tablissements scolaires et de formation ouvrent actuellement leurs portes aux \u00e9tudiants et leurs parents. Ces journ\u00e9es sont autant d\u2019occasion de d\u00e9couvrir, lors d\u2019un moment d\u2019\u00e9changes et d\u2019immersion, diff\u00e9rents univers m\u00e9tiers. Des \u00e9v\u00e9nements \u00e0 ne pas manquer&nbsp;! JPO Purple Campus sp\u00e9cial Post Bac Mercredi 31 janvier 2024 \u2013 14h\/17h \u2013 308 rue de Chiclana \u00e0 [&hellip;]","og_url":"https:\/\/pulse-beziers.fr\/index.php\/2024\/02\/05\/agenda-des-portes-ouvertes-ecoles-et-formation\/","og_site_name":"PULSE","article_published_time":"2024-02-05T09:44:16+00:00","article_modified_time":"2024-02-05T09:44:17+00:00","og_image":[{"width":1500,"height":1030,"url":"https:\/\/pulse-beziers.fr\/wp-content\/uploads\/2024\/02\/JPO-formations.jpg","type":"image\/jpeg"}],"author":"admin2231","twitter_card":"summary_large_image","twitter_misc":{"\u00c9crit par":"admin2231","Dur\u00e9e de lecture estim\u00e9e":"1 minute"},"schema":{"@context":"https:\/\/schema.org","@graph":[{"@type":"Article","@id":"https:\/\/pulse-beziers.fr\/index.php\/2024\/02\/05\/agenda-des-portes-ouvertes-ecoles-et-formation\/#article","isPartOf":{"@id":"https:\/\/pulse-beziers.fr\/index.php\/2024\/02\/05\/agenda-des-portes-ouvertes-ecoles-et-formation\/"},"author":{"name":"admin2231","@id":"https:\/\/pulse-beziers.fr\/#\/schema\/person\/e342ddedadbd0064dde1b874b20c4298"},"headline":"Agenda des portes ouvertes \u00e9coles et formation","datePublished":"2024-02-05T09:44:16+00:00","dateModified":"2024-02-05T09:44:17+00:00","mainEntityOfPage":{"@id":"https:\/\/pulse-beziers.fr\/index.php\/2024\/02\/05\/agenda-des-portes-ouvertes-ecoles-et-formation\/"},"wordCount":227,"publisher":{"@id":"https:\/\/pulse-beziers.fr\/#organization"},"image":{"@id":"https:\/\/pulse-beziers.fr\/index.php\/2024\/02\/05\/agenda-des-portes-ouvertes-ecoles-et-formation\/#primaryimage"},"thumbnailUrl":"https:\/\/pulse-beziers.fr\/wp-content\/uploads\/2024\/02\/JPO-formations.jpg","articleSection":["EVENEMENT"],"inLanguage":"fr-FR"},{"@type":"WebPage","@id":"https:\/\/pulse-beziers.fr\/index.php\/2024\/02\/05\/agenda-des-portes-ouvertes-ecoles-et-formation\/","url":"https:\/\/pulse-beziers.fr\/index.php\/2024\/02\/05\/agenda-des-portes-ouvertes-ecoles-et-formation\/","name":"Agenda des portes ouvertes \u00e9coles et formation - PULSE","isPartOf":{"@id":"https:\/\/pulse-beziers.fr\/#website"},"primaryImageOfPage":{"@id":"https:\/\/pulse-beziers.fr\/index.php\/2024\/02\/05\/agenda-des-portes-ouvertes-ecoles-et-formation\/#primaryimage"},"image":{"@id":"https:\/\/pulse-beziers.fr\/index.php\/2024\/02\/05\/agenda-des-portes-ouvertes-ecoles-et-formation\/#primaryimage"},"thumbnailUrl":"https:\/\/pulse-beziers.fr\/wp-content\/uploads\/2024\/02\/JPO-formations.jpg","datePublished":"2024-02-05T09:44:16+00:00","dateModified":"2024-02-05T09:44:17+00:00","breadcrumb":{"@id":"https:\/\/pulse-beziers.fr\/index.php\/2024\/02\/05\/agenda-des-portes-ouvertes-ecoles-et-formation\/#breadcrumb"},"inLanguage":"fr-FR","potentialAction":[{"@type":"ReadAction","target":["https:\/\/pulse-beziers.fr\/index.php\/2024\/02\/05\/agenda-des-portes-ouvertes-ecoles-et-formation\/"]}]},{"@type":"ImageObject","inLanguage":"fr-FR","@id":"https:\/\/pulse-beziers.fr\/index.php\/2024\/02\/05\/agenda-des-portes-ouvertes-ecoles-et-formation\/#primaryimage","url":"https:\/\/pulse-beziers.fr\/wp-content\/uploads\/2024\/02\/JPO-formations.jpg","contentUrl":"https:\/\/pulse-beziers.fr\/wp-content\/uploads\/2024\/02\/JPO-formations.jpg","width":1500,"height":1030},{"@type":"BreadcrumbList","@id":"https:\/\/pulse-beziers.fr\/index.php\/2024\/02\/05\/agenda-des-portes-ouvertes-ecoles-et-formation\/#breadcrumb","itemListElement":[{"@type":"ListItem","position":1,"name":"Accueil","item":"https:\/\/pulse-beziers.fr\/"},{"@type":"ListItem","position":2,"name":"Agenda des portes ouvertes \u00e9coles et formation"}]},{"@type":"WebSite","@id":"https:\/\/pulse-beziers.fr\/#website","url":"https:\/\/pulse-beziers.fr\/","name":"PULSE","description":"B\u00e9ziers M\u00e9diterran\u00e9e","publisher":{"@id":"https:\/\/pulse-beziers.fr\/#organization"},"potentialAction":[{"@type":"SearchAction","target":{"@type":"EntryPoint","urlTemplate":"https:\/\/pulse-beziers.fr\/?s={search_term_string}"},"query-input":{"@type":"PropertyValueSpecification","valueRequired":true,"valueName":"search_term_string"}}],"inLanguage":"fr-FR"},{"@type":"Organization","@id":"https:\/\/pulse-beziers.fr\/#organization","name":"PULSE","url":"https:\/\/pulse-beziers.fr\/","logo":{"@type":"ImageObject","inLanguage":"fr-FR","@id":"https:\/\/pulse-beziers.fr\/#\/schema\/logo\/image\/","url":"https:\/\/pulse-beziers.fr\/wp-content\/uploads\/2023\/10\/PULSE_OK.png","contentUrl":"https:\/\/pulse-beziers.fr\/wp-content\/uploads\/2023\/10\/PULSE_OK.png","width":1490,"height":506,"caption":"PULSE"},"image":{"@id":"https:\/\/pulse-beziers.fr\/#\/schema\/logo\/image\/"}},{"@type":"Person","@id":"https:\/\/pulse-beziers.fr\/#\/schema\/person\/e342ddedadbd0064dde1b874b20c4298","name":"admin2231","image":{"@type":"ImageObject","inLanguage":"fr-FR","@id":"https:\/\/secure.gravatar.com\/avatar\/96a2c1e3e2c27fce1f5c62307e8ca30c2ba438c7c21107033e27326b15d2f2ec?s=96&d=mm&r=g","url":"https:\/\/secure.gravatar.com\/avatar\/96a2c1e3e2c27fce1f5c62307e8ca30c2ba438c7c21107033e27326b15d2f2ec?s=96&d=mm&r=g","contentUrl":"https:\/\/secure.gravatar.com\/avatar\/96a2c1e3e2c27fce1f5c62307e8ca30c2ba438c7c21107033e27326b15d2f2ec?s=96&d=mm&r=g","caption":"admin2231"},"sameAs":["http:\/\/pulse-beziers.fr"],"url":"https:\/\/pulse-beziers.fr\/index.php\/author\/admin2231\/"}]}},"jetpack_featured_media_url":"https:\/\/pulse-beziers.fr\/wp-content\/uploads\/2024\/02\/JPO-formations.jpg","jetpack_sharing_enabled":true,"_links":{"self":[{"href":"https:\/\/pulse-beziers.fr\/index.php\/wp-json\/wp\/v2\/posts\/4300","targetHints":{"allow":["GET"]}}],"collection":[{"href":"https:\/\/pulse-beziers.fr\/index.php\/wp-json\/wp\/v2\/posts"}],"about":[{"href":"https:\/\/pulse-beziers.fr\/index.php\/wp-json\/wp\/v2\/types\/post"}],"author":[{"embeddable":true,"href":"https:\/\/pulse-beziers.fr\/index.php\/wp-json\/wp\/v2\/users\/1"}],"replies":[{"embeddable":true,"href":"https:\/\/pulse-beziers.fr\/index.php\/wp-json\/wp\/v2\/comments?post=4300"}],"version-history":[{"count":1,"href":"https:\/\/pulse-beziers.fr\/index.php\/wp-json\/wp\/v2\/posts\/4300\/revisions"}],"predecessor-version":[{"id":4302,"href":"https:\/\/pulse-beziers.fr\/index.php\/wp-json\/wp\/v2\/posts\/4300\/revisions\/4302"}],"wp:featuredmedia":[{"embeddable":true,"href":"https:\/\/pulse-beziers.fr\/index.php\/wp-json\/wp\/v2\/media\/4301"}],"wp:attachment":[{"href":"https:\/\/pulse-beziers.fr\/index.php\/wp-json\/wp\/v2\/media?parent=4300"}],"wp:term":[{"taxonomy":"category","embeddable":true,"href":"https:\/\/pulse-beziers.fr\/index.php\/wp-json\/wp\/v2\/categories?post=4300"},{"taxonomy":"post_tag","embeddable":true,"href":"https:\/\/pulse-beziers.fr\/index.php\/wp-json\/wp\/v2\/tags?post=4300"}],"curies":[{"name":"wp","href":"https:\/\/api.w.org\/{rel}","templated":true}]}}