{"id":4309,"date":"2024-02-07T08:54:34","date_gmt":"2024-02-07T07:54:34","guid":{"rendered":"https:\/\/pulse-beziers.fr\/?p=4309"},"modified":"2024-02-29T10:17:25","modified_gmt":"2024-02-29T09:17:25","slug":"les-rencontres-de-lemploi-special-interim","status":"publish","type":"post","link":"https:\/\/pulse-beziers.fr\/index.php\/2024\/02\/07\/les-rencontres-de-lemploi-special-interim\/","title":{"rendered":"Les Rencontres de l\u2019Emploi sp\u00e9cial INTERIM le Mardi 6 janvier 2024"},"content":{"rendered":"\t\t<div data-elementor-type=\"wp-post\" data-elementor-id=\"4309\" class=\"elementor elementor-4309\">\n\t\t\t\t\t\t<section class=\"elementor-section elementor-top-section elementor-element elementor-element-e61fd93 elementor-section-boxed elementor-section-height-default elementor-section-height-default\" data-id=\"e61fd93\" data-element_type=\"section\" data-e-type=\"section\">\n\t\t\t\t\t\t<div class=\"elementor-container elementor-column-gap-default\">\n\t\t\t\t\t<div class=\"elementor-column elementor-col-100 elementor-top-column elementor-element elementor-element-f42a355\" data-id=\"f42a355\" data-element_type=\"column\" data-e-type=\"column\">\n\t\t\t<div class=\"elementor-widget-wrap elementor-element-populated\">\n\t\t\t\t\t\t<div class=\"elementor-element elementor-element-4fb5d4b elementor-widget elementor-widget-text-editor\" data-id=\"4fb5d4b\" data-element_type=\"widget\" data-e-type=\"widget\" data-widget_type=\"text-editor.default\">\n\t\t\t\t<div class=\"elementor-widget-container\">\n\t\t\t\t\t\t\t\t\t<p class=\"x_MsoNormal\">Mardi 6 janvier 2024, le PLIE B\u00e9ziers M\u00e9diterran\u00e9e, France Travail et la MLI organisent en partenariat avec la Ville de B\u00e9ziers et l\u2019Agglom\u00e9ration B\u00e9ziers M\u00e9diterran\u00e9e les Rencontres de l\u2019Emploi sp\u00e9cial INTERIM, qui se tiendront au Palais des Congr\u00e8s de B\u00e9ziers.<\/p><p class=\"x_MsoNormal\">Une trentaine d\u2019agences sera pr\u00e9sente avec des besoins en recrutement dans de nombreux secteurs d\u2019activit\u00e9 en tension : b\u00e2timent, TP, industrie, logistique, transport, tertiaire, commerce, h\u00f4tellerie\/restauration, agriculture, entretien\u2026<\/p><p class=\"x_MsoNormal\">L\u2019objectif de ces rencontres\u00a0: faciliter les \u00e9changes entre les publics et les recruteurs.<\/p><p class=\"x_MsoNormal\">Venez avec vos CV\u00a0!<\/p>\t\t\t\t\t\t\t\t<\/div>\n\t\t\t\t<\/div>\n\t\t\t\t\t<\/div>\n\t\t<\/div>\n\t\t\t\t\t<\/div>\n\t\t<\/section>\n\t\t\t\t<\/div>\n\t\t","protected":false},"excerpt":{"rendered":"<p>Mardi 6 janvier 2024, le PLIE B\u00e9ziers M\u00e9diterran\u00e9e, France Travail et la MLI organisent en partenariat avec la Ville de B\u00e9ziers et l\u2019Agglom\u00e9ration B\u00e9ziers M\u00e9diterran\u00e9e les Rencontres de l\u2019Emploi sp\u00e9cial INTERIM, qui se tiendront au Palais des Congr\u00e8s de B\u00e9ziers. Une trentaine d\u2019agences sera pr\u00e9sente avec des besoins en recrutement dans de nombreux secteurs d\u2019activit\u00e9 [&hellip;]<\/p>\n","protected":false},"author":1,"featured_media":4315,"comment_status":"closed","ping_status":"closed","sticky":false,"template":"","format":"standard","meta":{"_jetpack_memberships_contains_paid_content":false,"footnotes":""},"categories":[4],"tags":[],"class_list":["post-4309","post","type-post","status-publish","format-standard","has-post-thumbnail","hentry","category-evenement"],"yoast_head":"<!-- This site is optimized with the Yoast SEO plugin v27.3 - https:\/\/yoast.com\/product\/yoast-seo-wordpress\/ -->\n<title>Les Rencontres de l\u2019Emploi sp\u00e9cial INTERIM le Mardi 6 janvier 2024 - PULSE<\/title>\n<meta name=\"robots\" content=\"index, follow, max-snippet:-1, max-image-preview:large, max-video-preview:-1\" \/>\n<link rel=\"canonical\" href=\"https:\/\/pulse-beziers.fr\/index.php\/2024\/02\/07\/les-rencontres-de-lemploi-special-interim\/\" \/>\n<meta property=\"og:locale\" content=\"fr_FR\" \/>\n<meta property=\"og:type\" content=\"article\" \/>\n<meta property=\"og:title\" content=\"Les Rencontres de l\u2019Emploi sp\u00e9cial INTERIM le Mardi 6 janvier 2024 - PULSE\" \/>\n<meta property=\"og:description\" content=\"Mardi 6 janvier 2024, le PLIE B\u00e9ziers M\u00e9diterran\u00e9e, France Travail et la MLI organisent en partenariat avec la Ville de B\u00e9ziers et l\u2019Agglom\u00e9ration B\u00e9ziers M\u00e9diterran\u00e9e les Rencontres de l\u2019Emploi sp\u00e9cial INTERIM, qui se tiendront au Palais des Congr\u00e8s de B\u00e9ziers. Une trentaine d\u2019agences sera pr\u00e9sente avec des besoins en recrutement dans de nombreux secteurs d\u2019activit\u00e9 [&hellip;]\" \/>\n<meta property=\"og:url\" content=\"https:\/\/pulse-beziers.fr\/index.php\/2024\/02\/07\/les-rencontres-de-lemploi-special-interim\/\" \/>\n<meta property=\"og:site_name\" content=\"PULSE\" \/>\n<meta property=\"article:published_time\" content=\"2024-02-07T07:54:34+00:00\" \/>\n<meta property=\"article:modified_time\" content=\"2024-02-29T09:17:25+00:00\" \/>\n<meta property=\"og:image\" content=\"https:\/\/pulse-beziers.fr\/wp-content\/uploads\/2024\/02\/facebook_1705142535087_7151886155485679200.jpg\" \/>\n\t<meta property=\"og:image:width\" content=\"1080\" \/>\n\t<meta property=\"og:image:height\" content=\"1528\" \/>\n\t<meta property=\"og:image:type\" content=\"image\/jpeg\" \/>\n<meta name=\"author\" content=\"admin2231\" \/>\n<meta name=\"twitter:card\" content=\"summary_large_image\" \/>\n<meta name=\"twitter:label1\" content=\"\u00c9crit par\" \/>\n\t<meta name=\"twitter:data1\" content=\"admin2231\" \/>\n\t<meta name=\"twitter:label2\" content=\"Dur\u00e9e de lecture estim\u00e9e\" \/>\n\t<meta name=\"twitter:data2\" content=\"1 minute\" \/>\n<script type=\"application\/ld+json\" class=\"yoast-schema-graph\">{\"@context\":\"https:\\\/\\\/schema.org\",\"@graph\":[{\"@type\":\"Article\",\"@id\":\"https:\\\/\\\/pulse-beziers.fr\\\/index.php\\\/2024\\\/02\\\/07\\\/les-rencontres-de-lemploi-special-interim\\\/#article\",\"isPartOf\":{\"@id\":\"https:\\\/\\\/pulse-beziers.fr\\\/index.php\\\/2024\\\/02\\\/07\\\/les-rencontres-de-lemploi-special-interim\\\/\"},\"author\":{\"name\":\"admin2231\",\"@id\":\"https:\\\/\\\/pulse-beziers.fr\\\/#\\\/schema\\\/person\\\/e342ddedadbd0064dde1b874b20c4298\"},\"headline\":\"Les Rencontres de l\u2019Emploi sp\u00e9cial INTERIM le Mardi 6 janvier 2024\",\"datePublished\":\"2024-02-07T07:54:34+00:00\",\"dateModified\":\"2024-02-29T09:17:25+00:00\",\"mainEntityOfPage\":{\"@id\":\"https:\\\/\\\/pulse-beziers.fr\\\/index.php\\\/2024\\\/02\\\/07\\\/les-rencontres-de-lemploi-special-interim\\\/\"},\"wordCount\":113,\"publisher\":{\"@id\":\"https:\\\/\\\/pulse-beziers.fr\\\/#organization\"},\"image\":{\"@id\":\"https:\\\/\\\/pulse-beziers.fr\\\/index.php\\\/2024\\\/02\\\/07\\\/les-rencontres-de-lemploi-special-interim\\\/#primaryimage\"},\"thumbnailUrl\":\"https:\\\/\\\/pulse-beziers.fr\\\/wp-content\\\/uploads\\\/2024\\\/02\\\/facebook_1705142535087_7151886155485679200.jpg\",\"articleSection\":[\"EVENEMENT\"],\"inLanguage\":\"fr-FR\"},{\"@type\":\"WebPage\",\"@id\":\"https:\\\/\\\/pulse-beziers.fr\\\/index.php\\\/2024\\\/02\\\/07\\\/les-rencontres-de-lemploi-special-interim\\\/\",\"url\":\"https:\\\/\\\/pulse-beziers.fr\\\/index.php\\\/2024\\\/02\\\/07\\\/les-rencontres-de-lemploi-special-interim\\\/\",\"name\":\"Les Rencontres de l\u2019Emploi sp\u00e9cial INTERIM le Mardi 6 janvier 2024 - PULSE\",\"isPartOf\":{\"@id\":\"https:\\\/\\\/pulse-beziers.fr\\\/#website\"},\"primaryImageOfPage\":{\"@id\":\"https:\\\/\\\/pulse-beziers.fr\\\/index.php\\\/2024\\\/02\\\/07\\\/les-rencontres-de-lemploi-special-interim\\\/#primaryimage\"},\"image\":{\"@id\":\"https:\\\/\\\/pulse-beziers.fr\\\/index.php\\\/2024\\\/02\\\/07\\\/les-rencontres-de-lemploi-special-interim\\\/#primaryimage\"},\"thumbnailUrl\":\"https:\\\/\\\/pulse-beziers.fr\\\/wp-content\\\/uploads\\\/2024\\\/02\\\/facebook_1705142535087_7151886155485679200.jpg\",\"datePublished\":\"2024-02-07T07:54:34+00:00\",\"dateModified\":\"2024-02-29T09:17:25+00:00\",\"breadcrumb\":{\"@id\":\"https:\\\/\\\/pulse-beziers.fr\\\/index.php\\\/2024\\\/02\\\/07\\\/les-rencontres-de-lemploi-special-interim\\\/#breadcrumb\"},\"inLanguage\":\"fr-FR\",\"potentialAction\":[{\"@type\":\"ReadAction\",\"target\":[\"https:\\\/\\\/pulse-beziers.fr\\\/index.php\\\/2024\\\/02\\\/07\\\/les-rencontres-de-lemploi-special-interim\\\/\"]}]},{\"@type\":\"ImageObject\",\"inLanguage\":\"fr-FR\",\"@id\":\"https:\\\/\\\/pulse-beziers.fr\\\/index.php\\\/2024\\\/02\\\/07\\\/les-rencontres-de-lemploi-special-interim\\\/#primaryimage\",\"url\":\"https:\\\/\\\/pulse-beziers.fr\\\/wp-content\\\/uploads\\\/2024\\\/02\\\/facebook_1705142535087_7151886155485679200.jpg\",\"contentUrl\":\"https:\\\/\\\/pulse-beziers.fr\\\/wp-content\\\/uploads\\\/2024\\\/02\\\/facebook_1705142535087_7151886155485679200.jpg\",\"width\":1080,\"height\":1528},{\"@type\":\"BreadcrumbList\",\"@id\":\"https:\\\/\\\/pulse-beziers.fr\\\/index.php\\\/2024\\\/02\\\/07\\\/les-rencontres-de-lemploi-special-interim\\\/#breadcrumb\",\"itemListElement\":[{\"@type\":\"ListItem\",\"position\":1,\"name\":\"Accueil\",\"item\":\"https:\\\/\\\/pulse-beziers.fr\\\/\"},{\"@type\":\"ListItem\",\"position\":2,\"name\":\"Les Rencontres de l\u2019Emploi sp\u00e9cial INTERIM le Mardi 6 janvier 2024\"}]},{\"@type\":\"WebSite\",\"@id\":\"https:\\\/\\\/pulse-beziers.fr\\\/#website\",\"url\":\"https:\\\/\\\/pulse-beziers.fr\\\/\",\"name\":\"PULSE\",\"description\":\"B\u00e9ziers M\u00e9diterran\u00e9e\",\"publisher\":{\"@id\":\"https:\\\/\\\/pulse-beziers.fr\\\/#organization\"},\"potentialAction\":[{\"@type\":\"SearchAction\",\"target\":{\"@type\":\"EntryPoint\",\"urlTemplate\":\"https:\\\/\\\/pulse-beziers.fr\\\/?s={search_term_string}\"},\"query-input\":{\"@type\":\"PropertyValueSpecification\",\"valueRequired\":true,\"valueName\":\"search_term_string\"}}],\"inLanguage\":\"fr-FR\"},{\"@type\":\"Organization\",\"@id\":\"https:\\\/\\\/pulse-beziers.fr\\\/#organization\",\"name\":\"PULSE\",\"url\":\"https:\\\/\\\/pulse-beziers.fr\\\/\",\"logo\":{\"@type\":\"ImageObject\",\"inLanguage\":\"fr-FR\",\"@id\":\"https:\\\/\\\/pulse-beziers.fr\\\/#\\\/schema\\\/logo\\\/image\\\/\",\"url\":\"https:\\\/\\\/pulse-beziers.fr\\\/wp-content\\\/uploads\\\/2023\\\/10\\\/PULSE_OK.png\",\"contentUrl\":\"https:\\\/\\\/pulse-beziers.fr\\\/wp-content\\\/uploads\\\/2023\\\/10\\\/PULSE_OK.png\",\"width\":1490,\"height\":506,\"caption\":\"PULSE\"},\"image\":{\"@id\":\"https:\\\/\\\/pulse-beziers.fr\\\/#\\\/schema\\\/logo\\\/image\\\/\"}},{\"@type\":\"Person\",\"@id\":\"https:\\\/\\\/pulse-beziers.fr\\\/#\\\/schema\\\/person\\\/e342ddedadbd0064dde1b874b20c4298\",\"name\":\"admin2231\",\"image\":{\"@type\":\"ImageObject\",\"inLanguage\":\"fr-FR\",\"@id\":\"https:\\\/\\\/secure.gravatar.com\\\/avatar\\\/96a2c1e3e2c27fce1f5c62307e8ca30c2ba438c7c21107033e27326b15d2f2ec?s=96&d=mm&r=g\",\"url\":\"https:\\\/\\\/secure.gravatar.com\\\/avatar\\\/96a2c1e3e2c27fce1f5c62307e8ca30c2ba438c7c21107033e27326b15d2f2ec?s=96&d=mm&r=g\",\"contentUrl\":\"https:\\\/\\\/secure.gravatar.com\\\/avatar\\\/96a2c1e3e2c27fce1f5c62307e8ca30c2ba438c7c21107033e27326b15d2f2ec?s=96&d=mm&r=g\",\"caption\":\"admin2231\"},\"sameAs\":[\"http:\\\/\\\/pulse-beziers.fr\"],\"url\":\"https:\\\/\\\/pulse-beziers.fr\\\/index.php\\\/author\\\/admin2231\\\/\"}]}<\/script>\n<!-- \/ Yoast SEO plugin. -->","yoast_head_json":{"title":"Les Rencontres de l\u2019Emploi sp\u00e9cial INTERIM le Mardi 6 janvier 2024 - PULSE","robots":{"index":"index","follow":"follow","max-snippet":"max-snippet:-1","max-image-preview":"max-image-preview:large","max-video-preview":"max-video-preview:-1"},"canonical":"https:\/\/pulse-beziers.fr\/index.php\/2024\/02\/07\/les-rencontres-de-lemploi-special-interim\/","og_locale":"fr_FR","og_type":"article","og_title":"Les Rencontres de l\u2019Emploi sp\u00e9cial INTERIM le Mardi 6 janvier 2024 - PULSE","og_description":"Mardi 6 janvier 2024, le PLIE B\u00e9ziers M\u00e9diterran\u00e9e, France Travail et la MLI organisent en partenariat avec la Ville de B\u00e9ziers et l\u2019Agglom\u00e9ration B\u00e9ziers M\u00e9diterran\u00e9e les Rencontres de l\u2019Emploi sp\u00e9cial INTERIM, qui se tiendront au Palais des Congr\u00e8s de B\u00e9ziers. Une trentaine d\u2019agences sera pr\u00e9sente avec des besoins en recrutement dans de nombreux secteurs d\u2019activit\u00e9 [&hellip;]","og_url":"https:\/\/pulse-beziers.fr\/index.php\/2024\/02\/07\/les-rencontres-de-lemploi-special-interim\/","og_site_name":"PULSE","article_published_time":"2024-02-07T07:54:34+00:00","article_modified_time":"2024-02-29T09:17:25+00:00","og_image":[{"width":1080,"height":1528,"url":"https:\/\/pulse-beziers.fr\/wp-content\/uploads\/2024\/02\/facebook_1705142535087_7151886155485679200.jpg","type":"image\/jpeg"}],"author":"admin2231","twitter_card":"summary_large_image","twitter_misc":{"\u00c9crit par":"admin2231","Dur\u00e9e de lecture estim\u00e9e":"1 minute"},"schema":{"@context":"https:\/\/schema.org","@graph":[{"@type":"Article","@id":"https:\/\/pulse-beziers.fr\/index.php\/2024\/02\/07\/les-rencontres-de-lemploi-special-interim\/#article","isPartOf":{"@id":"https:\/\/pulse-beziers.fr\/index.php\/2024\/02\/07\/les-rencontres-de-lemploi-special-interim\/"},"author":{"name":"admin2231","@id":"https:\/\/pulse-beziers.fr\/#\/schema\/person\/e342ddedadbd0064dde1b874b20c4298"},"headline":"Les Rencontres de l\u2019Emploi sp\u00e9cial INTERIM le Mardi 6 janvier 2024","datePublished":"2024-02-07T07:54:34+00:00","dateModified":"2024-02-29T09:17:25+00:00","mainEntityOfPage":{"@id":"https:\/\/pulse-beziers.fr\/index.php\/2024\/02\/07\/les-rencontres-de-lemploi-special-interim\/"},"wordCount":113,"publisher":{"@id":"https:\/\/pulse-beziers.fr\/#organization"},"image":{"@id":"https:\/\/pulse-beziers.fr\/index.php\/2024\/02\/07\/les-rencontres-de-lemploi-special-interim\/#primaryimage"},"thumbnailUrl":"https:\/\/pulse-beziers.fr\/wp-content\/uploads\/2024\/02\/facebook_1705142535087_7151886155485679200.jpg","articleSection":["EVENEMENT"],"inLanguage":"fr-FR"},{"@type":"WebPage","@id":"https:\/\/pulse-beziers.fr\/index.php\/2024\/02\/07\/les-rencontres-de-lemploi-special-interim\/","url":"https:\/\/pulse-beziers.fr\/index.php\/2024\/02\/07\/les-rencontres-de-lemploi-special-interim\/","name":"Les Rencontres de l\u2019Emploi sp\u00e9cial INTERIM le Mardi 6 janvier 2024 - PULSE","isPartOf":{"@id":"https:\/\/pulse-beziers.fr\/#website"},"primaryImageOfPage":{"@id":"https:\/\/pulse-beziers.fr\/index.php\/2024\/02\/07\/les-rencontres-de-lemploi-special-interim\/#primaryimage"},"image":{"@id":"https:\/\/pulse-beziers.fr\/index.php\/2024\/02\/07\/les-rencontres-de-lemploi-special-interim\/#primaryimage"},"thumbnailUrl":"https:\/\/pulse-beziers.fr\/wp-content\/uploads\/2024\/02\/facebook_1705142535087_7151886155485679200.jpg","datePublished":"2024-02-07T07:54:34+00:00","dateModified":"2024-02-29T09:17:25+00:00","breadcrumb":{"@id":"https:\/\/pulse-beziers.fr\/index.php\/2024\/02\/07\/les-rencontres-de-lemploi-special-interim\/#breadcrumb"},"inLanguage":"fr-FR","potentialAction":[{"@type":"ReadAction","target":["https:\/\/pulse-beziers.fr\/index.php\/2024\/02\/07\/les-rencontres-de-lemploi-special-interim\/"]}]},{"@type":"ImageObject","inLanguage":"fr-FR","@id":"https:\/\/pulse-beziers.fr\/index.php\/2024\/02\/07\/les-rencontres-de-lemploi-special-interim\/#primaryimage","url":"https:\/\/pulse-beziers.fr\/wp-content\/uploads\/2024\/02\/facebook_1705142535087_7151886155485679200.jpg","contentUrl":"https:\/\/pulse-beziers.fr\/wp-content\/uploads\/2024\/02\/facebook_1705142535087_7151886155485679200.jpg","width":1080,"height":1528},{"@type":"BreadcrumbList","@id":"https:\/\/pulse-beziers.fr\/index.php\/2024\/02\/07\/les-rencontres-de-lemploi-special-interim\/#breadcrumb","itemListElement":[{"@type":"ListItem","position":1,"name":"Accueil","item":"https:\/\/pulse-beziers.fr\/"},{"@type":"ListItem","position":2,"name":"Les Rencontres de l\u2019Emploi sp\u00e9cial INTERIM le Mardi 6 janvier 2024"}]},{"@type":"WebSite","@id":"https:\/\/pulse-beziers.fr\/#website","url":"https:\/\/pulse-beziers.fr\/","name":"PULSE","description":"B\u00e9ziers M\u00e9diterran\u00e9e","publisher":{"@id":"https:\/\/pulse-beziers.fr\/#organization"},"potentialAction":[{"@type":"SearchAction","target":{"@type":"EntryPoint","urlTemplate":"https:\/\/pulse-beziers.fr\/?s={search_term_string}"},"query-input":{"@type":"PropertyValueSpecification","valueRequired":true,"valueName":"search_term_string"}}],"inLanguage":"fr-FR"},{"@type":"Organization","@id":"https:\/\/pulse-beziers.fr\/#organization","name":"PULSE","url":"https:\/\/pulse-beziers.fr\/","logo":{"@type":"ImageObject","inLanguage":"fr-FR","@id":"https:\/\/pulse-beziers.fr\/#\/schema\/logo\/image\/","url":"https:\/\/pulse-beziers.fr\/wp-content\/uploads\/2023\/10\/PULSE_OK.png","contentUrl":"https:\/\/pulse-beziers.fr\/wp-content\/uploads\/2023\/10\/PULSE_OK.png","width":1490,"height":506,"caption":"PULSE"},"image":{"@id":"https:\/\/pulse-beziers.fr\/#\/schema\/logo\/image\/"}},{"@type":"Person","@id":"https:\/\/pulse-beziers.fr\/#\/schema\/person\/e342ddedadbd0064dde1b874b20c4298","name":"admin2231","image":{"@type":"ImageObject","inLanguage":"fr-FR","@id":"https:\/\/secure.gravatar.com\/avatar\/96a2c1e3e2c27fce1f5c62307e8ca30c2ba438c7c21107033e27326b15d2f2ec?s=96&d=mm&r=g","url":"https:\/\/secure.gravatar.com\/avatar\/96a2c1e3e2c27fce1f5c62307e8ca30c2ba438c7c21107033e27326b15d2f2ec?s=96&d=mm&r=g","contentUrl":"https:\/\/secure.gravatar.com\/avatar\/96a2c1e3e2c27fce1f5c62307e8ca30c2ba438c7c21107033e27326b15d2f2ec?s=96&d=mm&r=g","caption":"admin2231"},"sameAs":["http:\/\/pulse-beziers.fr"],"url":"https:\/\/pulse-beziers.fr\/index.php\/author\/admin2231\/"}]}},"jetpack_featured_media_url":"https:\/\/pulse-beziers.fr\/wp-content\/uploads\/2024\/02\/facebook_1705142535087_7151886155485679200.jpg","jetpack_sharing_enabled":true,"_links":{"self":[{"href":"https:\/\/pulse-beziers.fr\/index.php\/wp-json\/wp\/v2\/posts\/4309","targetHints":{"allow":["GET"]}}],"collection":[{"href":"https:\/\/pulse-beziers.fr\/index.php\/wp-json\/wp\/v2\/posts"}],"about":[{"href":"https:\/\/pulse-beziers.fr\/index.php\/wp-json\/wp\/v2\/types\/post"}],"author":[{"embeddable":true,"href":"https:\/\/pulse-beziers.fr\/index.php\/wp-json\/wp\/v2\/users\/1"}],"replies":[{"embeddable":true,"href":"https:\/\/pulse-beziers.fr\/index.php\/wp-json\/wp\/v2\/comments?post=4309"}],"version-history":[{"count":5,"href":"https:\/\/pulse-beziers.fr\/index.php\/wp-json\/wp\/v2\/posts\/4309\/revisions"}],"predecessor-version":[{"id":4409,"href":"https:\/\/pulse-beziers.fr\/index.php\/wp-json\/wp\/v2\/posts\/4309\/revisions\/4409"}],"wp:featuredmedia":[{"embeddable":true,"href":"https:\/\/pulse-beziers.fr\/index.php\/wp-json\/wp\/v2\/media\/4315"}],"wp:attachment":[{"href":"https:\/\/pulse-beziers.fr\/index.php\/wp-json\/wp\/v2\/media?parent=4309"}],"wp:term":[{"taxonomy":"category","embeddable":true,"href":"https:\/\/pulse-beziers.fr\/index.php\/wp-json\/wp\/v2\/categories?post=4309"},{"taxonomy":"post_tag","embeddable":true,"href":"https:\/\/pulse-beziers.fr\/index.php\/wp-json\/wp\/v2\/tags?post=4309"}],"curies":[{"name":"wp","href":"https:\/\/api.w.org\/{rel}","templated":true}]}}