{"id":4385,"date":"2024-02-19T10:45:20","date_gmt":"2024-02-19T09:45:20","guid":{"rendered":"https:\/\/pulse-beziers.fr\/?p=4385"},"modified":"2024-02-19T10:48:11","modified_gmt":"2024-02-19T09:48:11","slug":"une-nouvelle-formation-en-genie-industriel-voit-le-jour-a-liut-de-beziers-en-collaboration-avec-polytech","status":"publish","type":"post","link":"https:\/\/pulse-beziers.fr\/index.php\/2024\/02\/19\/une-nouvelle-formation-en-genie-industriel-voit-le-jour-a-liut-de-beziers-en-collaboration-avec-polytech\/","title":{"rendered":"Une nouvelle formation en G\u00e9nie Industriel voit le jour"},"content":{"rendered":"\t\t<div data-elementor-type=\"wp-post\" data-elementor-id=\"4385\" class=\"elementor elementor-4385\">\n\t\t\t\t\t\t<section class=\"elementor-section elementor-top-section elementor-element elementor-element-f64412a elementor-section-boxed elementor-section-height-default elementor-section-height-default\" data-id=\"f64412a\" data-element_type=\"section\" data-e-type=\"section\">\n\t\t\t\t\t\t<div class=\"elementor-container elementor-column-gap-default\">\n\t\t\t\t\t<div class=\"elementor-column elementor-col-100 elementor-top-column elementor-element elementor-element-8d6b3fe\" data-id=\"8d6b3fe\" data-element_type=\"column\" data-e-type=\"column\">\n\t\t\t<div class=\"elementor-widget-wrap elementor-element-populated\">\n\t\t\t\t\t\t<div class=\"elementor-element elementor-element-c383397 elementor-widget elementor-widget-text-editor\" data-id=\"c383397\" data-element_type=\"widget\" data-e-type=\"widget\" data-widget_type=\"text-editor.default\">\n\t\t\t\t<div class=\"elementor-widget-container\">\n\t\t\t\t\t\t\t\t\t<p class=\"x_MsoNormal\">C\u2019est une premi\u00e8re : une formation d\u2019ing\u00e9nieur va s\u2019ouvrir \u00e0 B\u00e9ziers d\u00e8s la rentr\u00e9e 2025.\u00a0Le nouveau titre, dont les cours seront accueillis au sein des locaux de l\u2019IUT, en partenariat avec le lyc\u00e9e Jean Moulin, sera d\u2019abord test\u00e9 depuis Montpellier sous forme d\u2019option et accessible en alternance pour une promotion d\u2019une vingtaine d\u2019\u00e9tudiants.\u00a0<\/p><p class=\"x_MsoNormal\">Sa cr\u00e9ation permettra de r\u00e9pondre aux besoins de d\u00e9veloppement de nouvelles comp\u00e9tences dans le domaine de l\u2019industrie d\u00e9carbon\u00e9e et des \u00e9nergies renouvelables, tout en am\u00e9liorant l\u2019acc\u00e8s \u00e0 l\u2019emploi des jeunes du territoire.\u00a0Cette ouverture est un t\u00e9moignage suppl\u00e9mentaire de l\u2019attention port\u00e9e par l\u2019\u00c9tat au d\u00e9veloppement de GENVIA\u00a0et montre tout l\u2019int\u00e9r\u00eat port\u00e9 au soutien et \u00e0 l\u2019acc\u00e9l\u00e9ration de la fili\u00e8re hydrog\u00e8ne.<\/p><p class=\"x_MsoNormal\">Le travail pour offrir aux jeunes du territoire des formations \u00e0 fort potentiel d\u2019insertion professionnelle est conduit sur l\u2019ensemble des niveaux, du bac jusqu\u2019au dipl\u00f4me d\u2019ing\u00e9nieur, avec un soutien fort du Rectorat et du Conseil r\u00e9gional, ainsi qu\u2019un engagement de tous les acteurs de l&#8217;\u00e9cosyst\u00e8me EDEN.<\/p><p class=\"x_MsoNormal\">D\u00e9j\u00e0 depuis la rentr\u00e9e 2023, gr\u00e2ce aux financements apport\u00e9s dans le cadre du Plan France 2030, le Rectorat et le Conseil r\u00e9gional ont soutenu l\u2019ouverture \u00e0 B\u00e9ziers d&#8217;un bac pro \u201cPilote de ligne de production\u201d au sein du lyc\u00e9e Jean Moulin et d&#8217;une licence professionnelle \u201cIA Robotique\u201d \u00e0 l&#8217;\u2019IUT.<\/p>\t\t\t\t\t\t\t\t<\/div>\n\t\t\t\t<\/div>\n\t\t\t\t\t<\/div>\n\t\t<\/div>\n\t\t\t\t\t<\/div>\n\t\t<\/section>\n\t\t\t\t<\/div>\n\t\t","protected":false},"excerpt":{"rendered":"<p>C\u2019est une premi\u00e8re : une formation d\u2019ing\u00e9nieur va s\u2019ouvrir \u00e0 B\u00e9ziers d\u00e8s la rentr\u00e9e 2025.\u00a0Le nouveau titre, dont les cours seront accueillis au sein des locaux de l\u2019IUT, en partenariat avec le lyc\u00e9e Jean Moulin, sera d\u2019abord test\u00e9 depuis Montpellier sous forme d\u2019option et accessible en alternance pour une promotion d\u2019une vingtaine d\u2019\u00e9tudiants.\u00a0 Sa cr\u00e9ation [&hellip;]<\/p>\n","protected":false},"author":1,"featured_media":4390,"comment_status":"closed","ping_status":"closed","sticky":false,"template":"","format":"standard","meta":{"_jetpack_memberships_contains_paid_content":false,"footnotes":""},"categories":[8],"tags":[],"class_list":["post-4385","post","type-post","status-publish","format-standard","has-post-thumbnail","hentry","category-formation"],"yoast_head":"<!-- This site is optimized with the Yoast SEO plugin v27.3 - https:\/\/yoast.com\/product\/yoast-seo-wordpress\/ -->\n<title>Une nouvelle formation en G\u00e9nie Industriel voit le jour - PULSE<\/title>\n<meta name=\"robots\" content=\"index, follow, max-snippet:-1, max-image-preview:large, max-video-preview:-1\" \/>\n<link rel=\"canonical\" href=\"https:\/\/pulse-beziers.fr\/index.php\/2024\/02\/19\/une-nouvelle-formation-en-genie-industriel-voit-le-jour-a-liut-de-beziers-en-collaboration-avec-polytech\/\" \/>\n<meta property=\"og:locale\" content=\"fr_FR\" \/>\n<meta property=\"og:type\" content=\"article\" \/>\n<meta property=\"og:title\" content=\"Une nouvelle formation en G\u00e9nie Industriel voit le jour - PULSE\" \/>\n<meta property=\"og:description\" content=\"C\u2019est une premi\u00e8re : une formation d\u2019ing\u00e9nieur va s\u2019ouvrir \u00e0 B\u00e9ziers d\u00e8s la rentr\u00e9e 2025.\u00a0Le nouveau titre, dont les cours seront accueillis au sein des locaux de l\u2019IUT, en partenariat avec le lyc\u00e9e Jean Moulin, sera d\u2019abord test\u00e9 depuis Montpellier sous forme d\u2019option et accessible en alternance pour une promotion d\u2019une vingtaine d\u2019\u00e9tudiants.\u00a0 Sa cr\u00e9ation [&hellip;]\" \/>\n<meta property=\"og:url\" content=\"https:\/\/pulse-beziers.fr\/index.php\/2024\/02\/19\/une-nouvelle-formation-en-genie-industriel-voit-le-jour-a-liut-de-beziers-en-collaboration-avec-polytech\/\" \/>\n<meta property=\"og:site_name\" content=\"PULSE\" \/>\n<meta property=\"article:published_time\" content=\"2024-02-19T09:45:20+00:00\" \/>\n<meta property=\"article:modified_time\" content=\"2024-02-19T09:48:11+00:00\" \/>\n<meta property=\"og:image\" content=\"https:\/\/pulse-beziers.fr\/wp-content\/uploads\/2024\/02\/Actu-Polytech.jpg\" \/>\n\t<meta property=\"og:image:width\" content=\"1500\" \/>\n\t<meta property=\"og:image:height\" content=\"1001\" \/>\n\t<meta property=\"og:image:type\" content=\"image\/jpeg\" \/>\n<meta name=\"author\" content=\"admin2231\" \/>\n<meta name=\"twitter:card\" content=\"summary_large_image\" \/>\n<meta name=\"twitter:label1\" content=\"\u00c9crit par\" \/>\n\t<meta name=\"twitter:data1\" content=\"admin2231\" \/>\n\t<meta name=\"twitter:label2\" content=\"Dur\u00e9e de lecture estim\u00e9e\" \/>\n\t<meta name=\"twitter:data2\" content=\"2 minutes\" \/>\n<script type=\"application\/ld+json\" class=\"yoast-schema-graph\">{\"@context\":\"https:\\\/\\\/schema.org\",\"@graph\":[{\"@type\":\"Article\",\"@id\":\"https:\\\/\\\/pulse-beziers.fr\\\/index.php\\\/2024\\\/02\\\/19\\\/une-nouvelle-formation-en-genie-industriel-voit-le-jour-a-liut-de-beziers-en-collaboration-avec-polytech\\\/#article\",\"isPartOf\":{\"@id\":\"https:\\\/\\\/pulse-beziers.fr\\\/index.php\\\/2024\\\/02\\\/19\\\/une-nouvelle-formation-en-genie-industriel-voit-le-jour-a-liut-de-beziers-en-collaboration-avec-polytech\\\/\"},\"author\":{\"name\":\"admin2231\",\"@id\":\"https:\\\/\\\/pulse-beziers.fr\\\/#\\\/schema\\\/person\\\/e342ddedadbd0064dde1b874b20c4298\"},\"headline\":\"Une nouvelle formation en G\u00e9nie Industriel voit le jour\",\"datePublished\":\"2024-02-19T09:45:20+00:00\",\"dateModified\":\"2024-02-19T09:48:11+00:00\",\"mainEntityOfPage\":{\"@id\":\"https:\\\/\\\/pulse-beziers.fr\\\/index.php\\\/2024\\\/02\\\/19\\\/une-nouvelle-formation-en-genie-industriel-voit-le-jour-a-liut-de-beziers-en-collaboration-avec-polytech\\\/\"},\"wordCount\":268,\"publisher\":{\"@id\":\"https:\\\/\\\/pulse-beziers.fr\\\/#organization\"},\"image\":{\"@id\":\"https:\\\/\\\/pulse-beziers.fr\\\/index.php\\\/2024\\\/02\\\/19\\\/une-nouvelle-formation-en-genie-industriel-voit-le-jour-a-liut-de-beziers-en-collaboration-avec-polytech\\\/#primaryimage\"},\"thumbnailUrl\":\"https:\\\/\\\/pulse-beziers.fr\\\/wp-content\\\/uploads\\\/2024\\\/02\\\/Actu-Polytech.jpg\",\"articleSection\":[\"FORMATION\"],\"inLanguage\":\"fr-FR\"},{\"@type\":\"WebPage\",\"@id\":\"https:\\\/\\\/pulse-beziers.fr\\\/index.php\\\/2024\\\/02\\\/19\\\/une-nouvelle-formation-en-genie-industriel-voit-le-jour-a-liut-de-beziers-en-collaboration-avec-polytech\\\/\",\"url\":\"https:\\\/\\\/pulse-beziers.fr\\\/index.php\\\/2024\\\/02\\\/19\\\/une-nouvelle-formation-en-genie-industriel-voit-le-jour-a-liut-de-beziers-en-collaboration-avec-polytech\\\/\",\"name\":\"Une nouvelle formation en G\u00e9nie Industriel voit le jour - PULSE\",\"isPartOf\":{\"@id\":\"https:\\\/\\\/pulse-beziers.fr\\\/#website\"},\"primaryImageOfPage\":{\"@id\":\"https:\\\/\\\/pulse-beziers.fr\\\/index.php\\\/2024\\\/02\\\/19\\\/une-nouvelle-formation-en-genie-industriel-voit-le-jour-a-liut-de-beziers-en-collaboration-avec-polytech\\\/#primaryimage\"},\"image\":{\"@id\":\"https:\\\/\\\/pulse-beziers.fr\\\/index.php\\\/2024\\\/02\\\/19\\\/une-nouvelle-formation-en-genie-industriel-voit-le-jour-a-liut-de-beziers-en-collaboration-avec-polytech\\\/#primaryimage\"},\"thumbnailUrl\":\"https:\\\/\\\/pulse-beziers.fr\\\/wp-content\\\/uploads\\\/2024\\\/02\\\/Actu-Polytech.jpg\",\"datePublished\":\"2024-02-19T09:45:20+00:00\",\"dateModified\":\"2024-02-19T09:48:11+00:00\",\"breadcrumb\":{\"@id\":\"https:\\\/\\\/pulse-beziers.fr\\\/index.php\\\/2024\\\/02\\\/19\\\/une-nouvelle-formation-en-genie-industriel-voit-le-jour-a-liut-de-beziers-en-collaboration-avec-polytech\\\/#breadcrumb\"},\"inLanguage\":\"fr-FR\",\"potentialAction\":[{\"@type\":\"ReadAction\",\"target\":[\"https:\\\/\\\/pulse-beziers.fr\\\/index.php\\\/2024\\\/02\\\/19\\\/une-nouvelle-formation-en-genie-industriel-voit-le-jour-a-liut-de-beziers-en-collaboration-avec-polytech\\\/\"]}]},{\"@type\":\"ImageObject\",\"inLanguage\":\"fr-FR\",\"@id\":\"https:\\\/\\\/pulse-beziers.fr\\\/index.php\\\/2024\\\/02\\\/19\\\/une-nouvelle-formation-en-genie-industriel-voit-le-jour-a-liut-de-beziers-en-collaboration-avec-polytech\\\/#primaryimage\",\"url\":\"https:\\\/\\\/pulse-beziers.fr\\\/wp-content\\\/uploads\\\/2024\\\/02\\\/Actu-Polytech.jpg\",\"contentUrl\":\"https:\\\/\\\/pulse-beziers.fr\\\/wp-content\\\/uploads\\\/2024\\\/02\\\/Actu-Polytech.jpg\",\"width\":1500,\"height\":1001},{\"@type\":\"BreadcrumbList\",\"@id\":\"https:\\\/\\\/pulse-beziers.fr\\\/index.php\\\/2024\\\/02\\\/19\\\/une-nouvelle-formation-en-genie-industriel-voit-le-jour-a-liut-de-beziers-en-collaboration-avec-polytech\\\/#breadcrumb\",\"itemListElement\":[{\"@type\":\"ListItem\",\"position\":1,\"name\":\"Accueil\",\"item\":\"https:\\\/\\\/pulse-beziers.fr\\\/\"},{\"@type\":\"ListItem\",\"position\":2,\"name\":\"Une nouvelle formation en G\u00e9nie Industriel voit le jour\"}]},{\"@type\":\"WebSite\",\"@id\":\"https:\\\/\\\/pulse-beziers.fr\\\/#website\",\"url\":\"https:\\\/\\\/pulse-beziers.fr\\\/\",\"name\":\"PULSE\",\"description\":\"B\u00e9ziers M\u00e9diterran\u00e9e\",\"publisher\":{\"@id\":\"https:\\\/\\\/pulse-beziers.fr\\\/#organization\"},\"potentialAction\":[{\"@type\":\"SearchAction\",\"target\":{\"@type\":\"EntryPoint\",\"urlTemplate\":\"https:\\\/\\\/pulse-beziers.fr\\\/?s={search_term_string}\"},\"query-input\":{\"@type\":\"PropertyValueSpecification\",\"valueRequired\":true,\"valueName\":\"search_term_string\"}}],\"inLanguage\":\"fr-FR\"},{\"@type\":\"Organization\",\"@id\":\"https:\\\/\\\/pulse-beziers.fr\\\/#organization\",\"name\":\"PULSE\",\"url\":\"https:\\\/\\\/pulse-beziers.fr\\\/\",\"logo\":{\"@type\":\"ImageObject\",\"inLanguage\":\"fr-FR\",\"@id\":\"https:\\\/\\\/pulse-beziers.fr\\\/#\\\/schema\\\/logo\\\/image\\\/\",\"url\":\"https:\\\/\\\/pulse-beziers.fr\\\/wp-content\\\/uploads\\\/2023\\\/10\\\/PULSE_OK.png\",\"contentUrl\":\"https:\\\/\\\/pulse-beziers.fr\\\/wp-content\\\/uploads\\\/2023\\\/10\\\/PULSE_OK.png\",\"width\":1490,\"height\":506,\"caption\":\"PULSE\"},\"image\":{\"@id\":\"https:\\\/\\\/pulse-beziers.fr\\\/#\\\/schema\\\/logo\\\/image\\\/\"}},{\"@type\":\"Person\",\"@id\":\"https:\\\/\\\/pulse-beziers.fr\\\/#\\\/schema\\\/person\\\/e342ddedadbd0064dde1b874b20c4298\",\"name\":\"admin2231\",\"image\":{\"@type\":\"ImageObject\",\"inLanguage\":\"fr-FR\",\"@id\":\"https:\\\/\\\/secure.gravatar.com\\\/avatar\\\/96a2c1e3e2c27fce1f5c62307e8ca30c2ba438c7c21107033e27326b15d2f2ec?s=96&d=mm&r=g\",\"url\":\"https:\\\/\\\/secure.gravatar.com\\\/avatar\\\/96a2c1e3e2c27fce1f5c62307e8ca30c2ba438c7c21107033e27326b15d2f2ec?s=96&d=mm&r=g\",\"contentUrl\":\"https:\\\/\\\/secure.gravatar.com\\\/avatar\\\/96a2c1e3e2c27fce1f5c62307e8ca30c2ba438c7c21107033e27326b15d2f2ec?s=96&d=mm&r=g\",\"caption\":\"admin2231\"},\"sameAs\":[\"http:\\\/\\\/pulse-beziers.fr\"],\"url\":\"https:\\\/\\\/pulse-beziers.fr\\\/index.php\\\/author\\\/admin2231\\\/\"}]}<\/script>\n<!-- \/ Yoast SEO plugin. -->","yoast_head_json":{"title":"Une nouvelle formation en G\u00e9nie Industriel voit le jour - PULSE","robots":{"index":"index","follow":"follow","max-snippet":"max-snippet:-1","max-image-preview":"max-image-preview:large","max-video-preview":"max-video-preview:-1"},"canonical":"https:\/\/pulse-beziers.fr\/index.php\/2024\/02\/19\/une-nouvelle-formation-en-genie-industriel-voit-le-jour-a-liut-de-beziers-en-collaboration-avec-polytech\/","og_locale":"fr_FR","og_type":"article","og_title":"Une nouvelle formation en G\u00e9nie Industriel voit le jour - PULSE","og_description":"C\u2019est une premi\u00e8re : une formation d\u2019ing\u00e9nieur va s\u2019ouvrir \u00e0 B\u00e9ziers d\u00e8s la rentr\u00e9e 2025.\u00a0Le nouveau titre, dont les cours seront accueillis au sein des locaux de l\u2019IUT, en partenariat avec le lyc\u00e9e Jean Moulin, sera d\u2019abord test\u00e9 depuis Montpellier sous forme d\u2019option et accessible en alternance pour une promotion d\u2019une vingtaine d\u2019\u00e9tudiants.\u00a0 Sa cr\u00e9ation [&hellip;]","og_url":"https:\/\/pulse-beziers.fr\/index.php\/2024\/02\/19\/une-nouvelle-formation-en-genie-industriel-voit-le-jour-a-liut-de-beziers-en-collaboration-avec-polytech\/","og_site_name":"PULSE","article_published_time":"2024-02-19T09:45:20+00:00","article_modified_time":"2024-02-19T09:48:11+00:00","og_image":[{"width":1500,"height":1001,"url":"https:\/\/pulse-beziers.fr\/wp-content\/uploads\/2024\/02\/Actu-Polytech.jpg","type":"image\/jpeg"}],"author":"admin2231","twitter_card":"summary_large_image","twitter_misc":{"\u00c9crit par":"admin2231","Dur\u00e9e de lecture estim\u00e9e":"2 minutes"},"schema":{"@context":"https:\/\/schema.org","@graph":[{"@type":"Article","@id":"https:\/\/pulse-beziers.fr\/index.php\/2024\/02\/19\/une-nouvelle-formation-en-genie-industriel-voit-le-jour-a-liut-de-beziers-en-collaboration-avec-polytech\/#article","isPartOf":{"@id":"https:\/\/pulse-beziers.fr\/index.php\/2024\/02\/19\/une-nouvelle-formation-en-genie-industriel-voit-le-jour-a-liut-de-beziers-en-collaboration-avec-polytech\/"},"author":{"name":"admin2231","@id":"https:\/\/pulse-beziers.fr\/#\/schema\/person\/e342ddedadbd0064dde1b874b20c4298"},"headline":"Une nouvelle formation en G\u00e9nie Industriel voit le jour","datePublished":"2024-02-19T09:45:20+00:00","dateModified":"2024-02-19T09:48:11+00:00","mainEntityOfPage":{"@id":"https:\/\/pulse-beziers.fr\/index.php\/2024\/02\/19\/une-nouvelle-formation-en-genie-industriel-voit-le-jour-a-liut-de-beziers-en-collaboration-avec-polytech\/"},"wordCount":268,"publisher":{"@id":"https:\/\/pulse-beziers.fr\/#organization"},"image":{"@id":"https:\/\/pulse-beziers.fr\/index.php\/2024\/02\/19\/une-nouvelle-formation-en-genie-industriel-voit-le-jour-a-liut-de-beziers-en-collaboration-avec-polytech\/#primaryimage"},"thumbnailUrl":"https:\/\/pulse-beziers.fr\/wp-content\/uploads\/2024\/02\/Actu-Polytech.jpg","articleSection":["FORMATION"],"inLanguage":"fr-FR"},{"@type":"WebPage","@id":"https:\/\/pulse-beziers.fr\/index.php\/2024\/02\/19\/une-nouvelle-formation-en-genie-industriel-voit-le-jour-a-liut-de-beziers-en-collaboration-avec-polytech\/","url":"https:\/\/pulse-beziers.fr\/index.php\/2024\/02\/19\/une-nouvelle-formation-en-genie-industriel-voit-le-jour-a-liut-de-beziers-en-collaboration-avec-polytech\/","name":"Une nouvelle formation en G\u00e9nie Industriel voit le jour - PULSE","isPartOf":{"@id":"https:\/\/pulse-beziers.fr\/#website"},"primaryImageOfPage":{"@id":"https:\/\/pulse-beziers.fr\/index.php\/2024\/02\/19\/une-nouvelle-formation-en-genie-industriel-voit-le-jour-a-liut-de-beziers-en-collaboration-avec-polytech\/#primaryimage"},"image":{"@id":"https:\/\/pulse-beziers.fr\/index.php\/2024\/02\/19\/une-nouvelle-formation-en-genie-industriel-voit-le-jour-a-liut-de-beziers-en-collaboration-avec-polytech\/#primaryimage"},"thumbnailUrl":"https:\/\/pulse-beziers.fr\/wp-content\/uploads\/2024\/02\/Actu-Polytech.jpg","datePublished":"2024-02-19T09:45:20+00:00","dateModified":"2024-02-19T09:48:11+00:00","breadcrumb":{"@id":"https:\/\/pulse-beziers.fr\/index.php\/2024\/02\/19\/une-nouvelle-formation-en-genie-industriel-voit-le-jour-a-liut-de-beziers-en-collaboration-avec-polytech\/#breadcrumb"},"inLanguage":"fr-FR","potentialAction":[{"@type":"ReadAction","target":["https:\/\/pulse-beziers.fr\/index.php\/2024\/02\/19\/une-nouvelle-formation-en-genie-industriel-voit-le-jour-a-liut-de-beziers-en-collaboration-avec-polytech\/"]}]},{"@type":"ImageObject","inLanguage":"fr-FR","@id":"https:\/\/pulse-beziers.fr\/index.php\/2024\/02\/19\/une-nouvelle-formation-en-genie-industriel-voit-le-jour-a-liut-de-beziers-en-collaboration-avec-polytech\/#primaryimage","url":"https:\/\/pulse-beziers.fr\/wp-content\/uploads\/2024\/02\/Actu-Polytech.jpg","contentUrl":"https:\/\/pulse-beziers.fr\/wp-content\/uploads\/2024\/02\/Actu-Polytech.jpg","width":1500,"height":1001},{"@type":"BreadcrumbList","@id":"https:\/\/pulse-beziers.fr\/index.php\/2024\/02\/19\/une-nouvelle-formation-en-genie-industriel-voit-le-jour-a-liut-de-beziers-en-collaboration-avec-polytech\/#breadcrumb","itemListElement":[{"@type":"ListItem","position":1,"name":"Accueil","item":"https:\/\/pulse-beziers.fr\/"},{"@type":"ListItem","position":2,"name":"Une nouvelle formation en G\u00e9nie Industriel voit le jour"}]},{"@type":"WebSite","@id":"https:\/\/pulse-beziers.fr\/#website","url":"https:\/\/pulse-beziers.fr\/","name":"PULSE","description":"B\u00e9ziers M\u00e9diterran\u00e9e","publisher":{"@id":"https:\/\/pulse-beziers.fr\/#organization"},"potentialAction":[{"@type":"SearchAction","target":{"@type":"EntryPoint","urlTemplate":"https:\/\/pulse-beziers.fr\/?s={search_term_string}"},"query-input":{"@type":"PropertyValueSpecification","valueRequired":true,"valueName":"search_term_string"}}],"inLanguage":"fr-FR"},{"@type":"Organization","@id":"https:\/\/pulse-beziers.fr\/#organization","name":"PULSE","url":"https:\/\/pulse-beziers.fr\/","logo":{"@type":"ImageObject","inLanguage":"fr-FR","@id":"https:\/\/pulse-beziers.fr\/#\/schema\/logo\/image\/","url":"https:\/\/pulse-beziers.fr\/wp-content\/uploads\/2023\/10\/PULSE_OK.png","contentUrl":"https:\/\/pulse-beziers.fr\/wp-content\/uploads\/2023\/10\/PULSE_OK.png","width":1490,"height":506,"caption":"PULSE"},"image":{"@id":"https:\/\/pulse-beziers.fr\/#\/schema\/logo\/image\/"}},{"@type":"Person","@id":"https:\/\/pulse-beziers.fr\/#\/schema\/person\/e342ddedadbd0064dde1b874b20c4298","name":"admin2231","image":{"@type":"ImageObject","inLanguage":"fr-FR","@id":"https:\/\/secure.gravatar.com\/avatar\/96a2c1e3e2c27fce1f5c62307e8ca30c2ba438c7c21107033e27326b15d2f2ec?s=96&d=mm&r=g","url":"https:\/\/secure.gravatar.com\/avatar\/96a2c1e3e2c27fce1f5c62307e8ca30c2ba438c7c21107033e27326b15d2f2ec?s=96&d=mm&r=g","contentUrl":"https:\/\/secure.gravatar.com\/avatar\/96a2c1e3e2c27fce1f5c62307e8ca30c2ba438c7c21107033e27326b15d2f2ec?s=96&d=mm&r=g","caption":"admin2231"},"sameAs":["http:\/\/pulse-beziers.fr"],"url":"https:\/\/pulse-beziers.fr\/index.php\/author\/admin2231\/"}]}},"jetpack_featured_media_url":"https:\/\/pulse-beziers.fr\/wp-content\/uploads\/2024\/02\/Actu-Polytech.jpg","jetpack_sharing_enabled":true,"_links":{"self":[{"href":"https:\/\/pulse-beziers.fr\/index.php\/wp-json\/wp\/v2\/posts\/4385","targetHints":{"allow":["GET"]}}],"collection":[{"href":"https:\/\/pulse-beziers.fr\/index.php\/wp-json\/wp\/v2\/posts"}],"about":[{"href":"https:\/\/pulse-beziers.fr\/index.php\/wp-json\/wp\/v2\/types\/post"}],"author":[{"embeddable":true,"href":"https:\/\/pulse-beziers.fr\/index.php\/wp-json\/wp\/v2\/users\/1"}],"replies":[{"embeddable":true,"href":"https:\/\/pulse-beziers.fr\/index.php\/wp-json\/wp\/v2\/comments?post=4385"}],"version-history":[{"count":6,"href":"https:\/\/pulse-beziers.fr\/index.php\/wp-json\/wp\/v2\/posts\/4385\/revisions"}],"predecessor-version":[{"id":4392,"href":"https:\/\/pulse-beziers.fr\/index.php\/wp-json\/wp\/v2\/posts\/4385\/revisions\/4392"}],"wp:featuredmedia":[{"embeddable":true,"href":"https:\/\/pulse-beziers.fr\/index.php\/wp-json\/wp\/v2\/media\/4390"}],"wp:attachment":[{"href":"https:\/\/pulse-beziers.fr\/index.php\/wp-json\/wp\/v2\/media?parent=4385"}],"wp:term":[{"taxonomy":"category","embeddable":true,"href":"https:\/\/pulse-beziers.fr\/index.php\/wp-json\/wp\/v2\/categories?post=4385"},{"taxonomy":"post_tag","embeddable":true,"href":"https:\/\/pulse-beziers.fr\/index.php\/wp-json\/wp\/v2\/tags?post=4385"}],"curies":[{"name":"wp","href":"https:\/\/api.w.org\/{rel}","templated":true}]}}