{"id":4402,"date":"2024-02-29T10:13:54","date_gmt":"2024-02-29T09:13:54","guid":{"rendered":"https:\/\/pulse-beziers.fr\/?p=4402"},"modified":"2024-02-29T10:15:27","modified_gmt":"2024-02-29T09:15:27","slug":"liut-de-beziers-fait-sa-journee-portes-ouvertes","status":"publish","type":"post","link":"https:\/\/pulse-beziers.fr\/index.php\/2024\/02\/29\/liut-de-beziers-fait-sa-journee-portes-ouvertes\/","title":{"rendered":"L\u2019IUT de B\u00e9ziers fait sa journ\u00e9e portes ouvertes\u00a0!"},"content":{"rendered":"\t\t<div data-elementor-type=\"wp-post\" data-elementor-id=\"4402\" class=\"elementor elementor-4402\">\n\t\t\t\t\t\t<section class=\"elementor-section elementor-top-section elementor-element elementor-element-1b8560b elementor-section-boxed elementor-section-height-default elementor-section-height-default\" data-id=\"1b8560b\" data-element_type=\"section\" data-e-type=\"section\">\n\t\t\t\t\t\t<div class=\"elementor-container elementor-column-gap-default\">\n\t\t\t\t\t<div class=\"elementor-column elementor-col-100 elementor-top-column elementor-element elementor-element-7958a8d\" data-id=\"7958a8d\" data-element_type=\"column\" data-e-type=\"column\">\n\t\t\t<div class=\"elementor-widget-wrap elementor-element-populated\">\n\t\t\t\t\t\t<div class=\"elementor-element elementor-element-363861a elementor-widget elementor-widget-text-editor\" data-id=\"363861a\" data-element_type=\"widget\" data-e-type=\"widget\" data-widget_type=\"text-editor.default\">\n\t\t\t\t<div class=\"elementor-widget-container\">\n\t\t\t\t\t\t\t\t\t<p class=\"x_MsoNormal\">L\u2019IUT de B\u00e9ziers vous ouvre ses portes samedi 2 mars 2024 de 9h30 \u00e0 16h30 et vous invite \u00e0 d\u00e9couvrir son univers de formations. Les lyc\u00e9ens et leurs familles pourront venir y rencontrer les \u00e9tudiants des promos en cours, les enseignants et les encadrants, afin d\u2019\u00e9changer sur les fili\u00e8res et les m\u00e9thodes p\u00e9dagogiques propos\u00e9es. Une belle opportunit\u00e9 de d\u00e9couvrir in situ vos choix d\u2019orientation et peut-\u00eatre votre future vocation !<\/p><p class=\"x_MsoNormal\">Les formations en Techniques de Commercialisation, R\u00e9seaux &amp; T\u00e9l\u00e9coms, M\u00e9tiers du Multim\u00e9dia et de l&#8217;Internet ainsi qu&#8217;en Robotique &amp; Intelligence Artificielle vous motivent ?<\/p><p class=\"x_MsoNormal\">Rendez-vous samedi \u00e0 l\u2019IUT de B\u00e9ziers.<\/p><p class=\"x_MsoNormal\">Pour en savoir plus\u00a0:\u00a0<a title=\"URL d'origine: https:\/\/www.iutbeziers.fr\/jpo. Cliquez ou appuyez si vous faites confiance \u00e0 ce lien.\" href=\"https:\/\/fra01.safelinks.protection.outlook.com\/?url=https%3A%2F%2Fwww.iutbeziers.fr%2Fjpo&amp;data=05%7C02%7C%7Ce864075ece384f9fb1eb08dc3901cbdf%7Cebce2f3723d948cfaf40a0fe0b8b4a3e%7C0%7C0%7C638447927090120118%7CUnknown%7CTWFpbGZsb3d8eyJWIjoiMC4wLjAwMDAiLCJQIjoiV2luMzIiLCJBTiI6Ik1haWwiLCJXVCI6Mn0%3D%7C0%7C%7C%7C&amp;sdata=xj5s3rlrLHcoMGoswN0NdV6c3J4B7gBX25RfoegKxG4%3D&amp;reserved=0\" target=\"_blank\" rel=\"noopener noreferrer\" data-auth=\"Verified\" data-linkindex=\"0\">https:\/\/www.iutbeziers.fr\/jpo<\/a><\/p>\t\t\t\t\t\t\t\t<\/div>\n\t\t\t\t<\/div>\n\t\t\t\t\t<\/div>\n\t\t<\/div>\n\t\t\t\t\t<\/div>\n\t\t<\/section>\n\t\t\t\t<\/div>\n\t\t","protected":false},"excerpt":{"rendered":"<p>L\u2019IUT de B\u00e9ziers vous ouvre ses portes samedi 2 mars 2024 de 9h30 \u00e0 16h30 et vous invite \u00e0 d\u00e9couvrir son univers de formations. Les lyc\u00e9ens et leurs familles pourront venir y rencontrer les \u00e9tudiants des promos en cours, les enseignants et les encadrants, afin d\u2019\u00e9changer sur les fili\u00e8res et les m\u00e9thodes p\u00e9dagogiques propos\u00e9es. Une [&hellip;]<\/p>\n","protected":false},"author":1,"featured_media":4407,"comment_status":"closed","ping_status":"closed","sticky":false,"template":"","format":"standard","meta":{"_jetpack_memberships_contains_paid_content":false,"footnotes":""},"categories":[4],"tags":[],"class_list":["post-4402","post","type-post","status-publish","format-standard","has-post-thumbnail","hentry","category-evenement"],"yoast_head":"<!-- This site is optimized with the Yoast SEO plugin v27.3 - https:\/\/yoast.com\/product\/yoast-seo-wordpress\/ -->\n<title>L\u2019IUT de B\u00e9ziers fait sa journ\u00e9e portes ouvertes\u00a0! - PULSE<\/title>\n<meta name=\"robots\" content=\"index, follow, max-snippet:-1, max-image-preview:large, max-video-preview:-1\" \/>\n<link rel=\"canonical\" href=\"https:\/\/pulse-beziers.fr\/index.php\/2024\/02\/29\/liut-de-beziers-fait-sa-journee-portes-ouvertes\/\" \/>\n<meta property=\"og:locale\" content=\"fr_FR\" \/>\n<meta property=\"og:type\" content=\"article\" \/>\n<meta property=\"og:title\" content=\"L\u2019IUT de B\u00e9ziers fait sa journ\u00e9e portes ouvertes\u00a0! - PULSE\" \/>\n<meta property=\"og:description\" content=\"L\u2019IUT de B\u00e9ziers vous ouvre ses portes samedi 2 mars 2024 de 9h30 \u00e0 16h30 et vous invite \u00e0 d\u00e9couvrir son univers de formations. Les lyc\u00e9ens et leurs familles pourront venir y rencontrer les \u00e9tudiants des promos en cours, les enseignants et les encadrants, afin d\u2019\u00e9changer sur les fili\u00e8res et les m\u00e9thodes p\u00e9dagogiques propos\u00e9es. Une [&hellip;]\" \/>\n<meta property=\"og:url\" content=\"https:\/\/pulse-beziers.fr\/index.php\/2024\/02\/29\/liut-de-beziers-fait-sa-journee-portes-ouvertes\/\" \/>\n<meta property=\"og:site_name\" content=\"PULSE\" \/>\n<meta property=\"article:published_time\" content=\"2024-02-29T09:13:54+00:00\" \/>\n<meta property=\"article:modified_time\" content=\"2024-02-29T09:15:27+00:00\" \/>\n<meta property=\"og:image\" content=\"https:\/\/pulse-beziers.fr\/wp-content\/uploads\/2024\/02\/428509867_905543068239566_6252962714127439900_n.jpg\" \/>\n\t<meta property=\"og:image:width\" content=\"1707\" \/>\n\t<meta property=\"og:image:height\" content=\"960\" \/>\n\t<meta property=\"og:image:type\" content=\"image\/jpeg\" \/>\n<meta name=\"author\" content=\"admin2231\" \/>\n<meta name=\"twitter:card\" content=\"summary_large_image\" \/>\n<meta name=\"twitter:label1\" content=\"\u00c9crit par\" \/>\n\t<meta name=\"twitter:data1\" content=\"admin2231\" \/>\n\t<meta name=\"twitter:label2\" content=\"Dur\u00e9e de lecture estim\u00e9e\" \/>\n\t<meta name=\"twitter:data2\" content=\"1 minute\" \/>\n<script type=\"application\/ld+json\" class=\"yoast-schema-graph\">{\"@context\":\"https:\\\/\\\/schema.org\",\"@graph\":[{\"@type\":\"Article\",\"@id\":\"https:\\\/\\\/pulse-beziers.fr\\\/index.php\\\/2024\\\/02\\\/29\\\/liut-de-beziers-fait-sa-journee-portes-ouvertes\\\/#article\",\"isPartOf\":{\"@id\":\"https:\\\/\\\/pulse-beziers.fr\\\/index.php\\\/2024\\\/02\\\/29\\\/liut-de-beziers-fait-sa-journee-portes-ouvertes\\\/\"},\"author\":{\"name\":\"admin2231\",\"@id\":\"https:\\\/\\\/pulse-beziers.fr\\\/#\\\/schema\\\/person\\\/e342ddedadbd0064dde1b874b20c4298\"},\"headline\":\"L\u2019IUT de B\u00e9ziers fait sa journ\u00e9e portes ouvertes\u00a0!\",\"datePublished\":\"2024-02-29T09:13:54+00:00\",\"dateModified\":\"2024-02-29T09:15:27+00:00\",\"mainEntityOfPage\":{\"@id\":\"https:\\\/\\\/pulse-beziers.fr\\\/index.php\\\/2024\\\/02\\\/29\\\/liut-de-beziers-fait-sa-journee-portes-ouvertes\\\/\"},\"wordCount\":132,\"publisher\":{\"@id\":\"https:\\\/\\\/pulse-beziers.fr\\\/#organization\"},\"image\":{\"@id\":\"https:\\\/\\\/pulse-beziers.fr\\\/index.php\\\/2024\\\/02\\\/29\\\/liut-de-beziers-fait-sa-journee-portes-ouvertes\\\/#primaryimage\"},\"thumbnailUrl\":\"https:\\\/\\\/pulse-beziers.fr\\\/wp-content\\\/uploads\\\/2024\\\/02\\\/428509867_905543068239566_6252962714127439900_n.jpg\",\"articleSection\":[\"EVENEMENT\"],\"inLanguage\":\"fr-FR\"},{\"@type\":\"WebPage\",\"@id\":\"https:\\\/\\\/pulse-beziers.fr\\\/index.php\\\/2024\\\/02\\\/29\\\/liut-de-beziers-fait-sa-journee-portes-ouvertes\\\/\",\"url\":\"https:\\\/\\\/pulse-beziers.fr\\\/index.php\\\/2024\\\/02\\\/29\\\/liut-de-beziers-fait-sa-journee-portes-ouvertes\\\/\",\"name\":\"L\u2019IUT de B\u00e9ziers fait sa journ\u00e9e portes ouvertes\u00a0! - PULSE\",\"isPartOf\":{\"@id\":\"https:\\\/\\\/pulse-beziers.fr\\\/#website\"},\"primaryImageOfPage\":{\"@id\":\"https:\\\/\\\/pulse-beziers.fr\\\/index.php\\\/2024\\\/02\\\/29\\\/liut-de-beziers-fait-sa-journee-portes-ouvertes\\\/#primaryimage\"},\"image\":{\"@id\":\"https:\\\/\\\/pulse-beziers.fr\\\/index.php\\\/2024\\\/02\\\/29\\\/liut-de-beziers-fait-sa-journee-portes-ouvertes\\\/#primaryimage\"},\"thumbnailUrl\":\"https:\\\/\\\/pulse-beziers.fr\\\/wp-content\\\/uploads\\\/2024\\\/02\\\/428509867_905543068239566_6252962714127439900_n.jpg\",\"datePublished\":\"2024-02-29T09:13:54+00:00\",\"dateModified\":\"2024-02-29T09:15:27+00:00\",\"breadcrumb\":{\"@id\":\"https:\\\/\\\/pulse-beziers.fr\\\/index.php\\\/2024\\\/02\\\/29\\\/liut-de-beziers-fait-sa-journee-portes-ouvertes\\\/#breadcrumb\"},\"inLanguage\":\"fr-FR\",\"potentialAction\":[{\"@type\":\"ReadAction\",\"target\":[\"https:\\\/\\\/pulse-beziers.fr\\\/index.php\\\/2024\\\/02\\\/29\\\/liut-de-beziers-fait-sa-journee-portes-ouvertes\\\/\"]}]},{\"@type\":\"ImageObject\",\"inLanguage\":\"fr-FR\",\"@id\":\"https:\\\/\\\/pulse-beziers.fr\\\/index.php\\\/2024\\\/02\\\/29\\\/liut-de-beziers-fait-sa-journee-portes-ouvertes\\\/#primaryimage\",\"url\":\"https:\\\/\\\/pulse-beziers.fr\\\/wp-content\\\/uploads\\\/2024\\\/02\\\/428509867_905543068239566_6252962714127439900_n.jpg\",\"contentUrl\":\"https:\\\/\\\/pulse-beziers.fr\\\/wp-content\\\/uploads\\\/2024\\\/02\\\/428509867_905543068239566_6252962714127439900_n.jpg\",\"width\":1707,\"height\":960},{\"@type\":\"BreadcrumbList\",\"@id\":\"https:\\\/\\\/pulse-beziers.fr\\\/index.php\\\/2024\\\/02\\\/29\\\/liut-de-beziers-fait-sa-journee-portes-ouvertes\\\/#breadcrumb\",\"itemListElement\":[{\"@type\":\"ListItem\",\"position\":1,\"name\":\"Accueil\",\"item\":\"https:\\\/\\\/pulse-beziers.fr\\\/\"},{\"@type\":\"ListItem\",\"position\":2,\"name\":\"L\u2019IUT de B\u00e9ziers fait sa journ\u00e9e portes ouvertes\u00a0!\"}]},{\"@type\":\"WebSite\",\"@id\":\"https:\\\/\\\/pulse-beziers.fr\\\/#website\",\"url\":\"https:\\\/\\\/pulse-beziers.fr\\\/\",\"name\":\"PULSE\",\"description\":\"B\u00e9ziers M\u00e9diterran\u00e9e\",\"publisher\":{\"@id\":\"https:\\\/\\\/pulse-beziers.fr\\\/#organization\"},\"potentialAction\":[{\"@type\":\"SearchAction\",\"target\":{\"@type\":\"EntryPoint\",\"urlTemplate\":\"https:\\\/\\\/pulse-beziers.fr\\\/?s={search_term_string}\"},\"query-input\":{\"@type\":\"PropertyValueSpecification\",\"valueRequired\":true,\"valueName\":\"search_term_string\"}}],\"inLanguage\":\"fr-FR\"},{\"@type\":\"Organization\",\"@id\":\"https:\\\/\\\/pulse-beziers.fr\\\/#organization\",\"name\":\"PULSE\",\"url\":\"https:\\\/\\\/pulse-beziers.fr\\\/\",\"logo\":{\"@type\":\"ImageObject\",\"inLanguage\":\"fr-FR\",\"@id\":\"https:\\\/\\\/pulse-beziers.fr\\\/#\\\/schema\\\/logo\\\/image\\\/\",\"url\":\"https:\\\/\\\/pulse-beziers.fr\\\/wp-content\\\/uploads\\\/2023\\\/10\\\/PULSE_OK.png\",\"contentUrl\":\"https:\\\/\\\/pulse-beziers.fr\\\/wp-content\\\/uploads\\\/2023\\\/10\\\/PULSE_OK.png\",\"width\":1490,\"height\":506,\"caption\":\"PULSE\"},\"image\":{\"@id\":\"https:\\\/\\\/pulse-beziers.fr\\\/#\\\/schema\\\/logo\\\/image\\\/\"}},{\"@type\":\"Person\",\"@id\":\"https:\\\/\\\/pulse-beziers.fr\\\/#\\\/schema\\\/person\\\/e342ddedadbd0064dde1b874b20c4298\",\"name\":\"admin2231\",\"image\":{\"@type\":\"ImageObject\",\"inLanguage\":\"fr-FR\",\"@id\":\"https:\\\/\\\/secure.gravatar.com\\\/avatar\\\/96a2c1e3e2c27fce1f5c62307e8ca30c2ba438c7c21107033e27326b15d2f2ec?s=96&d=mm&r=g\",\"url\":\"https:\\\/\\\/secure.gravatar.com\\\/avatar\\\/96a2c1e3e2c27fce1f5c62307e8ca30c2ba438c7c21107033e27326b15d2f2ec?s=96&d=mm&r=g\",\"contentUrl\":\"https:\\\/\\\/secure.gravatar.com\\\/avatar\\\/96a2c1e3e2c27fce1f5c62307e8ca30c2ba438c7c21107033e27326b15d2f2ec?s=96&d=mm&r=g\",\"caption\":\"admin2231\"},\"sameAs\":[\"http:\\\/\\\/pulse-beziers.fr\"],\"url\":\"https:\\\/\\\/pulse-beziers.fr\\\/index.php\\\/author\\\/admin2231\\\/\"}]}<\/script>\n<!-- \/ Yoast SEO plugin. -->","yoast_head_json":{"title":"L\u2019IUT de B\u00e9ziers fait sa journ\u00e9e portes ouvertes\u00a0! - PULSE","robots":{"index":"index","follow":"follow","max-snippet":"max-snippet:-1","max-image-preview":"max-image-preview:large","max-video-preview":"max-video-preview:-1"},"canonical":"https:\/\/pulse-beziers.fr\/index.php\/2024\/02\/29\/liut-de-beziers-fait-sa-journee-portes-ouvertes\/","og_locale":"fr_FR","og_type":"article","og_title":"L\u2019IUT de B\u00e9ziers fait sa journ\u00e9e portes ouvertes\u00a0! - PULSE","og_description":"L\u2019IUT de B\u00e9ziers vous ouvre ses portes samedi 2 mars 2024 de 9h30 \u00e0 16h30 et vous invite \u00e0 d\u00e9couvrir son univers de formations. Les lyc\u00e9ens et leurs familles pourront venir y rencontrer les \u00e9tudiants des promos en cours, les enseignants et les encadrants, afin d\u2019\u00e9changer sur les fili\u00e8res et les m\u00e9thodes p\u00e9dagogiques propos\u00e9es. Une [&hellip;]","og_url":"https:\/\/pulse-beziers.fr\/index.php\/2024\/02\/29\/liut-de-beziers-fait-sa-journee-portes-ouvertes\/","og_site_name":"PULSE","article_published_time":"2024-02-29T09:13:54+00:00","article_modified_time":"2024-02-29T09:15:27+00:00","og_image":[{"width":1707,"height":960,"url":"https:\/\/pulse-beziers.fr\/wp-content\/uploads\/2024\/02\/428509867_905543068239566_6252962714127439900_n.jpg","type":"image\/jpeg"}],"author":"admin2231","twitter_card":"summary_large_image","twitter_misc":{"\u00c9crit par":"admin2231","Dur\u00e9e de lecture estim\u00e9e":"1 minute"},"schema":{"@context":"https:\/\/schema.org","@graph":[{"@type":"Article","@id":"https:\/\/pulse-beziers.fr\/index.php\/2024\/02\/29\/liut-de-beziers-fait-sa-journee-portes-ouvertes\/#article","isPartOf":{"@id":"https:\/\/pulse-beziers.fr\/index.php\/2024\/02\/29\/liut-de-beziers-fait-sa-journee-portes-ouvertes\/"},"author":{"name":"admin2231","@id":"https:\/\/pulse-beziers.fr\/#\/schema\/person\/e342ddedadbd0064dde1b874b20c4298"},"headline":"L\u2019IUT de B\u00e9ziers fait sa journ\u00e9e portes ouvertes\u00a0!","datePublished":"2024-02-29T09:13:54+00:00","dateModified":"2024-02-29T09:15:27+00:00","mainEntityOfPage":{"@id":"https:\/\/pulse-beziers.fr\/index.php\/2024\/02\/29\/liut-de-beziers-fait-sa-journee-portes-ouvertes\/"},"wordCount":132,"publisher":{"@id":"https:\/\/pulse-beziers.fr\/#organization"},"image":{"@id":"https:\/\/pulse-beziers.fr\/index.php\/2024\/02\/29\/liut-de-beziers-fait-sa-journee-portes-ouvertes\/#primaryimage"},"thumbnailUrl":"https:\/\/pulse-beziers.fr\/wp-content\/uploads\/2024\/02\/428509867_905543068239566_6252962714127439900_n.jpg","articleSection":["EVENEMENT"],"inLanguage":"fr-FR"},{"@type":"WebPage","@id":"https:\/\/pulse-beziers.fr\/index.php\/2024\/02\/29\/liut-de-beziers-fait-sa-journee-portes-ouvertes\/","url":"https:\/\/pulse-beziers.fr\/index.php\/2024\/02\/29\/liut-de-beziers-fait-sa-journee-portes-ouvertes\/","name":"L\u2019IUT de B\u00e9ziers fait sa journ\u00e9e portes ouvertes\u00a0! - PULSE","isPartOf":{"@id":"https:\/\/pulse-beziers.fr\/#website"},"primaryImageOfPage":{"@id":"https:\/\/pulse-beziers.fr\/index.php\/2024\/02\/29\/liut-de-beziers-fait-sa-journee-portes-ouvertes\/#primaryimage"},"image":{"@id":"https:\/\/pulse-beziers.fr\/index.php\/2024\/02\/29\/liut-de-beziers-fait-sa-journee-portes-ouvertes\/#primaryimage"},"thumbnailUrl":"https:\/\/pulse-beziers.fr\/wp-content\/uploads\/2024\/02\/428509867_905543068239566_6252962714127439900_n.jpg","datePublished":"2024-02-29T09:13:54+00:00","dateModified":"2024-02-29T09:15:27+00:00","breadcrumb":{"@id":"https:\/\/pulse-beziers.fr\/index.php\/2024\/02\/29\/liut-de-beziers-fait-sa-journee-portes-ouvertes\/#breadcrumb"},"inLanguage":"fr-FR","potentialAction":[{"@type":"ReadAction","target":["https:\/\/pulse-beziers.fr\/index.php\/2024\/02\/29\/liut-de-beziers-fait-sa-journee-portes-ouvertes\/"]}]},{"@type":"ImageObject","inLanguage":"fr-FR","@id":"https:\/\/pulse-beziers.fr\/index.php\/2024\/02\/29\/liut-de-beziers-fait-sa-journee-portes-ouvertes\/#primaryimage","url":"https:\/\/pulse-beziers.fr\/wp-content\/uploads\/2024\/02\/428509867_905543068239566_6252962714127439900_n.jpg","contentUrl":"https:\/\/pulse-beziers.fr\/wp-content\/uploads\/2024\/02\/428509867_905543068239566_6252962714127439900_n.jpg","width":1707,"height":960},{"@type":"BreadcrumbList","@id":"https:\/\/pulse-beziers.fr\/index.php\/2024\/02\/29\/liut-de-beziers-fait-sa-journee-portes-ouvertes\/#breadcrumb","itemListElement":[{"@type":"ListItem","position":1,"name":"Accueil","item":"https:\/\/pulse-beziers.fr\/"},{"@type":"ListItem","position":2,"name":"L\u2019IUT de B\u00e9ziers fait sa journ\u00e9e portes ouvertes\u00a0!"}]},{"@type":"WebSite","@id":"https:\/\/pulse-beziers.fr\/#website","url":"https:\/\/pulse-beziers.fr\/","name":"PULSE","description":"B\u00e9ziers M\u00e9diterran\u00e9e","publisher":{"@id":"https:\/\/pulse-beziers.fr\/#organization"},"potentialAction":[{"@type":"SearchAction","target":{"@type":"EntryPoint","urlTemplate":"https:\/\/pulse-beziers.fr\/?s={search_term_string}"},"query-input":{"@type":"PropertyValueSpecification","valueRequired":true,"valueName":"search_term_string"}}],"inLanguage":"fr-FR"},{"@type":"Organization","@id":"https:\/\/pulse-beziers.fr\/#organization","name":"PULSE","url":"https:\/\/pulse-beziers.fr\/","logo":{"@type":"ImageObject","inLanguage":"fr-FR","@id":"https:\/\/pulse-beziers.fr\/#\/schema\/logo\/image\/","url":"https:\/\/pulse-beziers.fr\/wp-content\/uploads\/2023\/10\/PULSE_OK.png","contentUrl":"https:\/\/pulse-beziers.fr\/wp-content\/uploads\/2023\/10\/PULSE_OK.png","width":1490,"height":506,"caption":"PULSE"},"image":{"@id":"https:\/\/pulse-beziers.fr\/#\/schema\/logo\/image\/"}},{"@type":"Person","@id":"https:\/\/pulse-beziers.fr\/#\/schema\/person\/e342ddedadbd0064dde1b874b20c4298","name":"admin2231","image":{"@type":"ImageObject","inLanguage":"fr-FR","@id":"https:\/\/secure.gravatar.com\/avatar\/96a2c1e3e2c27fce1f5c62307e8ca30c2ba438c7c21107033e27326b15d2f2ec?s=96&d=mm&r=g","url":"https:\/\/secure.gravatar.com\/avatar\/96a2c1e3e2c27fce1f5c62307e8ca30c2ba438c7c21107033e27326b15d2f2ec?s=96&d=mm&r=g","contentUrl":"https:\/\/secure.gravatar.com\/avatar\/96a2c1e3e2c27fce1f5c62307e8ca30c2ba438c7c21107033e27326b15d2f2ec?s=96&d=mm&r=g","caption":"admin2231"},"sameAs":["http:\/\/pulse-beziers.fr"],"url":"https:\/\/pulse-beziers.fr\/index.php\/author\/admin2231\/"}]}},"jetpack_featured_media_url":"https:\/\/pulse-beziers.fr\/wp-content\/uploads\/2024\/02\/428509867_905543068239566_6252962714127439900_n.jpg","jetpack_sharing_enabled":true,"_links":{"self":[{"href":"https:\/\/pulse-beziers.fr\/index.php\/wp-json\/wp\/v2\/posts\/4402","targetHints":{"allow":["GET"]}}],"collection":[{"href":"https:\/\/pulse-beziers.fr\/index.php\/wp-json\/wp\/v2\/posts"}],"about":[{"href":"https:\/\/pulse-beziers.fr\/index.php\/wp-json\/wp\/v2\/types\/post"}],"author":[{"embeddable":true,"href":"https:\/\/pulse-beziers.fr\/index.php\/wp-json\/wp\/v2\/users\/1"}],"replies":[{"embeddable":true,"href":"https:\/\/pulse-beziers.fr\/index.php\/wp-json\/wp\/v2\/comments?post=4402"}],"version-history":[{"count":4,"href":"https:\/\/pulse-beziers.fr\/index.php\/wp-json\/wp\/v2\/posts\/4402\/revisions"}],"predecessor-version":[{"id":4406,"href":"https:\/\/pulse-beziers.fr\/index.php\/wp-json\/wp\/v2\/posts\/4402\/revisions\/4406"}],"wp:featuredmedia":[{"embeddable":true,"href":"https:\/\/pulse-beziers.fr\/index.php\/wp-json\/wp\/v2\/media\/4407"}],"wp:attachment":[{"href":"https:\/\/pulse-beziers.fr\/index.php\/wp-json\/wp\/v2\/media?parent=4402"}],"wp:term":[{"taxonomy":"category","embeddable":true,"href":"https:\/\/pulse-beziers.fr\/index.php\/wp-json\/wp\/v2\/categories?post=4402"},{"taxonomy":"post_tag","embeddable":true,"href":"https:\/\/pulse-beziers.fr\/index.php\/wp-json\/wp\/v2\/tags?post=4402"}],"curies":[{"name":"wp","href":"https:\/\/api.w.org\/{rel}","templated":true}]}}