{"id":4412,"date":"2024-03-06T11:26:48","date_gmt":"2024-03-06T10:26:48","guid":{"rendered":"https:\/\/pulse-beziers.fr\/?p=4412"},"modified":"2024-03-06T11:29:27","modified_gmt":"2024-03-06T10:29:27","slug":"afterwork-transition-energetique-entreprises-du-capiscol-a-beziers","status":"publish","type":"post","link":"https:\/\/pulse-beziers.fr\/index.php\/2024\/03\/06\/afterwork-transition-energetique-entreprises-du-capiscol-a-beziers\/","title":{"rendered":"Afterwork transition \u00e9nerg\u00e9tique"},"content":{"rendered":"\t\t<div data-elementor-type=\"wp-post\" data-elementor-id=\"4412\" class=\"elementor elementor-4412\">\n\t\t\t\t\t\t<section class=\"elementor-section elementor-top-section elementor-element elementor-element-d4ffcbd elementor-section-boxed elementor-section-height-default elementor-section-height-default\" data-id=\"d4ffcbd\" data-element_type=\"section\" data-e-type=\"section\">\n\t\t\t\t\t\t<div class=\"elementor-container elementor-column-gap-default\">\n\t\t\t\t\t<div class=\"elementor-column elementor-col-100 elementor-top-column elementor-element elementor-element-a1deb25\" data-id=\"a1deb25\" data-element_type=\"column\" data-e-type=\"column\">\n\t\t\t<div class=\"elementor-widget-wrap elementor-element-populated\">\n\t\t\t\t\t\t<div class=\"elementor-element elementor-element-0cce20f elementor-widget elementor-widget-text-editor\" data-id=\"0cce20f\" data-element_type=\"widget\" data-e-type=\"widget\" data-widget_type=\"text-editor.default\">\n\t\t\t\t<div class=\"elementor-widget-container\">\n\t\t\t\t\t\t\t\t\t<p class=\"x_MsoNormal\"><b>Afterwork transition \u00e9nerg\u00e9tique\u00a0: entreprises du Capiscol \u00e0 B\u00e9ziers, rendez-vous le jeudi 21 mars 2024<\/b><\/p><p class=\"x_MsoNormal\">Vous \u00eates dirigeant d\u2019une entreprise de la zone du Capiscol \u00e0 B\u00e9ziers et souhaitez en savoir plus sur les \u00e9nergies renouvelables pour votre activit\u00e9\u00a0?<\/p><p class=\"x_MsoNormal\">Participez \u00e0 l\u2019afterwork d\u00e9di\u00e9 \u00e0 la transition \u00e9nerg\u00e9tique qui se d\u00e9roulera\u00a0<b>jeudi 21 mars 2024 \u00e0 partir de 18h<\/b>,\u00a0<b>au restaurant la Cave \u00e0 Manger,\u00a0<\/b>24 avenue Jean Foucault \u00e0 B\u00e9ziers.\u00a0<b><\/b><\/p><p class=\"x_MsoNormal\">Co-organis\u00e9 par Dev\u2019EnR, Viaterra et Delta Automatisme, cet \u00e9v\u00e9nement vise \u00e0 faciliter et accompagner la transition \u00e9nerg\u00e9tique de votre entreprise, en vous connectant avec les acteurs locaux experts en mati\u00e8re d\u2019\u00e9nergies renouvelables qui d\u00e9crypteront les dispositifs et vous aideront \u00e0 mettre en place vos actions.<\/p><p class=\"x_MsoNormal\">Venez vous informer, \u00e9changer avec d\u2019autres industriels du Capiscol et d\u00e9couvrir deux initiatives concr\u00e8tes pour vous engager dans cette d\u00e9marche de transition \u00e9nerg\u00e9tique.\u00a0\u00a0<b><\/b><\/p><p class=\"x_MsoNormal\">Les interventions seront suivies d\u2019un ap\u00e9ritif convivial, permettant de prolonger les \u00e9changes et discussions dans une atmosph\u00e8re d\u00e9tendue.\u00a0<b><\/b><\/p><p class=\"x_MsoNormal\">Pour vous inscrire, confirmez votre pr\u00e9sence par mail \u00e0\u00a0<b><a href=\"mailto:mdossat@delta-automatisme.fr\" data-linkindex=\"0\">mdossat@delta-automatisme.fr<\/a>\u00a0<\/b><\/p><p class=\"x_MsoNormal\" aria-hidden=\"true\">\u00a0<\/p>\t\t\t\t\t\t\t\t<\/div>\n\t\t\t\t<\/div>\n\t\t\t\t\t<\/div>\n\t\t<\/div>\n\t\t\t\t\t<\/div>\n\t\t<\/section>\n\t\t\t\t<\/div>\n\t\t","protected":false},"excerpt":{"rendered":"<p>Afterwork transition \u00e9nerg\u00e9tique\u00a0: entreprises du Capiscol \u00e0 B\u00e9ziers, rendez-vous le jeudi 21 mars 2024 Vous \u00eates dirigeant d\u2019une entreprise de la zone du Capiscol \u00e0 B\u00e9ziers et souhaitez en savoir plus sur les \u00e9nergies renouvelables pour votre activit\u00e9\u00a0? Participez \u00e0 l\u2019afterwork d\u00e9di\u00e9 \u00e0 la transition \u00e9nerg\u00e9tique qui se d\u00e9roulera\u00a0jeudi 21 mars 2024 \u00e0 partir de [&hellip;]<\/p>\n","protected":false},"author":1,"featured_media":4413,"comment_status":"closed","ping_status":"closed","sticky":false,"template":"","format":"standard","meta":{"_jetpack_memberships_contains_paid_content":false,"footnotes":""},"categories":[4],"tags":[],"class_list":["post-4412","post","type-post","status-publish","format-standard","has-post-thumbnail","hentry","category-evenement"],"yoast_head":"<!-- This site is optimized with the Yoast SEO plugin v27.3 - https:\/\/yoast.com\/product\/yoast-seo-wordpress\/ -->\n<title>Afterwork transition \u00e9nerg\u00e9tique - PULSE<\/title>\n<meta name=\"robots\" content=\"index, follow, max-snippet:-1, max-image-preview:large, max-video-preview:-1\" \/>\n<link rel=\"canonical\" href=\"https:\/\/pulse-beziers.fr\/index.php\/2024\/03\/06\/afterwork-transition-energetique-entreprises-du-capiscol-a-beziers\/\" \/>\n<meta property=\"og:locale\" content=\"fr_FR\" \/>\n<meta property=\"og:type\" content=\"article\" \/>\n<meta property=\"og:title\" content=\"Afterwork transition \u00e9nerg\u00e9tique - PULSE\" \/>\n<meta property=\"og:description\" content=\"Afterwork transition \u00e9nerg\u00e9tique\u00a0: entreprises du Capiscol \u00e0 B\u00e9ziers, rendez-vous le jeudi 21 mars 2024 Vous \u00eates dirigeant d\u2019une entreprise de la zone du Capiscol \u00e0 B\u00e9ziers et souhaitez en savoir plus sur les \u00e9nergies renouvelables pour votre activit\u00e9\u00a0? Participez \u00e0 l\u2019afterwork d\u00e9di\u00e9 \u00e0 la transition \u00e9nerg\u00e9tique qui se d\u00e9roulera\u00a0jeudi 21 mars 2024 \u00e0 partir de [&hellip;]\" \/>\n<meta property=\"og:url\" content=\"https:\/\/pulse-beziers.fr\/index.php\/2024\/03\/06\/afterwork-transition-energetique-entreprises-du-capiscol-a-beziers\/\" \/>\n<meta property=\"og:site_name\" content=\"PULSE\" \/>\n<meta property=\"article:published_time\" content=\"2024-03-06T10:26:48+00:00\" \/>\n<meta property=\"article:modified_time\" content=\"2024-03-06T10:29:27+00:00\" \/>\n<meta property=\"og:image\" content=\"https:\/\/pulse-beziers.fr\/wp-content\/uploads\/2024\/03\/actu-afterwork-transition-energetique.jpg\" \/>\n\t<meta property=\"og:image:width\" content=\"1500\" \/>\n\t<meta property=\"og:image:height\" content=\"883\" \/>\n\t<meta property=\"og:image:type\" content=\"image\/jpeg\" \/>\n<meta name=\"author\" content=\"admin2231\" \/>\n<meta name=\"twitter:card\" content=\"summary_large_image\" \/>\n<meta name=\"twitter:label1\" content=\"\u00c9crit par\" \/>\n\t<meta name=\"twitter:data1\" content=\"admin2231\" \/>\n\t<meta name=\"twitter:label2\" content=\"Dur\u00e9e de lecture estim\u00e9e\" \/>\n\t<meta name=\"twitter:data2\" content=\"1 minute\" \/>\n<script type=\"application\/ld+json\" class=\"yoast-schema-graph\">{\"@context\":\"https:\\\/\\\/schema.org\",\"@graph\":[{\"@type\":\"Article\",\"@id\":\"https:\\\/\\\/pulse-beziers.fr\\\/index.php\\\/2024\\\/03\\\/06\\\/afterwork-transition-energetique-entreprises-du-capiscol-a-beziers\\\/#article\",\"isPartOf\":{\"@id\":\"https:\\\/\\\/pulse-beziers.fr\\\/index.php\\\/2024\\\/03\\\/06\\\/afterwork-transition-energetique-entreprises-du-capiscol-a-beziers\\\/\"},\"author\":{\"name\":\"admin2231\",\"@id\":\"https:\\\/\\\/pulse-beziers.fr\\\/#\\\/schema\\\/person\\\/e342ddedadbd0064dde1b874b20c4298\"},\"headline\":\"Afterwork transition \u00e9nerg\u00e9tique\",\"datePublished\":\"2024-03-06T10:26:48+00:00\",\"dateModified\":\"2024-03-06T10:29:27+00:00\",\"mainEntityOfPage\":{\"@id\":\"https:\\\/\\\/pulse-beziers.fr\\\/index.php\\\/2024\\\/03\\\/06\\\/afterwork-transition-energetique-entreprises-du-capiscol-a-beziers\\\/\"},\"wordCount\":181,\"publisher\":{\"@id\":\"https:\\\/\\\/pulse-beziers.fr\\\/#organization\"},\"image\":{\"@id\":\"https:\\\/\\\/pulse-beziers.fr\\\/index.php\\\/2024\\\/03\\\/06\\\/afterwork-transition-energetique-entreprises-du-capiscol-a-beziers\\\/#primaryimage\"},\"thumbnailUrl\":\"https:\\\/\\\/pulse-beziers.fr\\\/wp-content\\\/uploads\\\/2024\\\/03\\\/actu-afterwork-transition-energetique.jpg\",\"articleSection\":[\"EVENEMENT\"],\"inLanguage\":\"fr-FR\"},{\"@type\":\"WebPage\",\"@id\":\"https:\\\/\\\/pulse-beziers.fr\\\/index.php\\\/2024\\\/03\\\/06\\\/afterwork-transition-energetique-entreprises-du-capiscol-a-beziers\\\/\",\"url\":\"https:\\\/\\\/pulse-beziers.fr\\\/index.php\\\/2024\\\/03\\\/06\\\/afterwork-transition-energetique-entreprises-du-capiscol-a-beziers\\\/\",\"name\":\"Afterwork transition \u00e9nerg\u00e9tique - PULSE\",\"isPartOf\":{\"@id\":\"https:\\\/\\\/pulse-beziers.fr\\\/#website\"},\"primaryImageOfPage\":{\"@id\":\"https:\\\/\\\/pulse-beziers.fr\\\/index.php\\\/2024\\\/03\\\/06\\\/afterwork-transition-energetique-entreprises-du-capiscol-a-beziers\\\/#primaryimage\"},\"image\":{\"@id\":\"https:\\\/\\\/pulse-beziers.fr\\\/index.php\\\/2024\\\/03\\\/06\\\/afterwork-transition-energetique-entreprises-du-capiscol-a-beziers\\\/#primaryimage\"},\"thumbnailUrl\":\"https:\\\/\\\/pulse-beziers.fr\\\/wp-content\\\/uploads\\\/2024\\\/03\\\/actu-afterwork-transition-energetique.jpg\",\"datePublished\":\"2024-03-06T10:26:48+00:00\",\"dateModified\":\"2024-03-06T10:29:27+00:00\",\"breadcrumb\":{\"@id\":\"https:\\\/\\\/pulse-beziers.fr\\\/index.php\\\/2024\\\/03\\\/06\\\/afterwork-transition-energetique-entreprises-du-capiscol-a-beziers\\\/#breadcrumb\"},\"inLanguage\":\"fr-FR\",\"potentialAction\":[{\"@type\":\"ReadAction\",\"target\":[\"https:\\\/\\\/pulse-beziers.fr\\\/index.php\\\/2024\\\/03\\\/06\\\/afterwork-transition-energetique-entreprises-du-capiscol-a-beziers\\\/\"]}]},{\"@type\":\"ImageObject\",\"inLanguage\":\"fr-FR\",\"@id\":\"https:\\\/\\\/pulse-beziers.fr\\\/index.php\\\/2024\\\/03\\\/06\\\/afterwork-transition-energetique-entreprises-du-capiscol-a-beziers\\\/#primaryimage\",\"url\":\"https:\\\/\\\/pulse-beziers.fr\\\/wp-content\\\/uploads\\\/2024\\\/03\\\/actu-afterwork-transition-energetique.jpg\",\"contentUrl\":\"https:\\\/\\\/pulse-beziers.fr\\\/wp-content\\\/uploads\\\/2024\\\/03\\\/actu-afterwork-transition-energetique.jpg\",\"width\":1500,\"height\":883},{\"@type\":\"BreadcrumbList\",\"@id\":\"https:\\\/\\\/pulse-beziers.fr\\\/index.php\\\/2024\\\/03\\\/06\\\/afterwork-transition-energetique-entreprises-du-capiscol-a-beziers\\\/#breadcrumb\",\"itemListElement\":[{\"@type\":\"ListItem\",\"position\":1,\"name\":\"Accueil\",\"item\":\"https:\\\/\\\/pulse-beziers.fr\\\/\"},{\"@type\":\"ListItem\",\"position\":2,\"name\":\"Afterwork transition \u00e9nerg\u00e9tique\"}]},{\"@type\":\"WebSite\",\"@id\":\"https:\\\/\\\/pulse-beziers.fr\\\/#website\",\"url\":\"https:\\\/\\\/pulse-beziers.fr\\\/\",\"name\":\"PULSE\",\"description\":\"B\u00e9ziers M\u00e9diterran\u00e9e\",\"publisher\":{\"@id\":\"https:\\\/\\\/pulse-beziers.fr\\\/#organization\"},\"potentialAction\":[{\"@type\":\"SearchAction\",\"target\":{\"@type\":\"EntryPoint\",\"urlTemplate\":\"https:\\\/\\\/pulse-beziers.fr\\\/?s={search_term_string}\"},\"query-input\":{\"@type\":\"PropertyValueSpecification\",\"valueRequired\":true,\"valueName\":\"search_term_string\"}}],\"inLanguage\":\"fr-FR\"},{\"@type\":\"Organization\",\"@id\":\"https:\\\/\\\/pulse-beziers.fr\\\/#organization\",\"name\":\"PULSE\",\"url\":\"https:\\\/\\\/pulse-beziers.fr\\\/\",\"logo\":{\"@type\":\"ImageObject\",\"inLanguage\":\"fr-FR\",\"@id\":\"https:\\\/\\\/pulse-beziers.fr\\\/#\\\/schema\\\/logo\\\/image\\\/\",\"url\":\"https:\\\/\\\/pulse-beziers.fr\\\/wp-content\\\/uploads\\\/2023\\\/10\\\/PULSE_OK.png\",\"contentUrl\":\"https:\\\/\\\/pulse-beziers.fr\\\/wp-content\\\/uploads\\\/2023\\\/10\\\/PULSE_OK.png\",\"width\":1490,\"height\":506,\"caption\":\"PULSE\"},\"image\":{\"@id\":\"https:\\\/\\\/pulse-beziers.fr\\\/#\\\/schema\\\/logo\\\/image\\\/\"}},{\"@type\":\"Person\",\"@id\":\"https:\\\/\\\/pulse-beziers.fr\\\/#\\\/schema\\\/person\\\/e342ddedadbd0064dde1b874b20c4298\",\"name\":\"admin2231\",\"image\":{\"@type\":\"ImageObject\",\"inLanguage\":\"fr-FR\",\"@id\":\"https:\\\/\\\/secure.gravatar.com\\\/avatar\\\/96a2c1e3e2c27fce1f5c62307e8ca30c2ba438c7c21107033e27326b15d2f2ec?s=96&d=mm&r=g\",\"url\":\"https:\\\/\\\/secure.gravatar.com\\\/avatar\\\/96a2c1e3e2c27fce1f5c62307e8ca30c2ba438c7c21107033e27326b15d2f2ec?s=96&d=mm&r=g\",\"contentUrl\":\"https:\\\/\\\/secure.gravatar.com\\\/avatar\\\/96a2c1e3e2c27fce1f5c62307e8ca30c2ba438c7c21107033e27326b15d2f2ec?s=96&d=mm&r=g\",\"caption\":\"admin2231\"},\"sameAs\":[\"http:\\\/\\\/pulse-beziers.fr\"],\"url\":\"https:\\\/\\\/pulse-beziers.fr\\\/index.php\\\/author\\\/admin2231\\\/\"}]}<\/script>\n<!-- \/ Yoast SEO plugin. -->","yoast_head_json":{"title":"Afterwork transition \u00e9nerg\u00e9tique - PULSE","robots":{"index":"index","follow":"follow","max-snippet":"max-snippet:-1","max-image-preview":"max-image-preview:large","max-video-preview":"max-video-preview:-1"},"canonical":"https:\/\/pulse-beziers.fr\/index.php\/2024\/03\/06\/afterwork-transition-energetique-entreprises-du-capiscol-a-beziers\/","og_locale":"fr_FR","og_type":"article","og_title":"Afterwork transition \u00e9nerg\u00e9tique - PULSE","og_description":"Afterwork transition \u00e9nerg\u00e9tique\u00a0: entreprises du Capiscol \u00e0 B\u00e9ziers, rendez-vous le jeudi 21 mars 2024 Vous \u00eates dirigeant d\u2019une entreprise de la zone du Capiscol \u00e0 B\u00e9ziers et souhaitez en savoir plus sur les \u00e9nergies renouvelables pour votre activit\u00e9\u00a0? Participez \u00e0 l\u2019afterwork d\u00e9di\u00e9 \u00e0 la transition \u00e9nerg\u00e9tique qui se d\u00e9roulera\u00a0jeudi 21 mars 2024 \u00e0 partir de [&hellip;]","og_url":"https:\/\/pulse-beziers.fr\/index.php\/2024\/03\/06\/afterwork-transition-energetique-entreprises-du-capiscol-a-beziers\/","og_site_name":"PULSE","article_published_time":"2024-03-06T10:26:48+00:00","article_modified_time":"2024-03-06T10:29:27+00:00","og_image":[{"width":1500,"height":883,"url":"https:\/\/pulse-beziers.fr\/wp-content\/uploads\/2024\/03\/actu-afterwork-transition-energetique.jpg","type":"image\/jpeg"}],"author":"admin2231","twitter_card":"summary_large_image","twitter_misc":{"\u00c9crit par":"admin2231","Dur\u00e9e de lecture estim\u00e9e":"1 minute"},"schema":{"@context":"https:\/\/schema.org","@graph":[{"@type":"Article","@id":"https:\/\/pulse-beziers.fr\/index.php\/2024\/03\/06\/afterwork-transition-energetique-entreprises-du-capiscol-a-beziers\/#article","isPartOf":{"@id":"https:\/\/pulse-beziers.fr\/index.php\/2024\/03\/06\/afterwork-transition-energetique-entreprises-du-capiscol-a-beziers\/"},"author":{"name":"admin2231","@id":"https:\/\/pulse-beziers.fr\/#\/schema\/person\/e342ddedadbd0064dde1b874b20c4298"},"headline":"Afterwork transition \u00e9nerg\u00e9tique","datePublished":"2024-03-06T10:26:48+00:00","dateModified":"2024-03-06T10:29:27+00:00","mainEntityOfPage":{"@id":"https:\/\/pulse-beziers.fr\/index.php\/2024\/03\/06\/afterwork-transition-energetique-entreprises-du-capiscol-a-beziers\/"},"wordCount":181,"publisher":{"@id":"https:\/\/pulse-beziers.fr\/#organization"},"image":{"@id":"https:\/\/pulse-beziers.fr\/index.php\/2024\/03\/06\/afterwork-transition-energetique-entreprises-du-capiscol-a-beziers\/#primaryimage"},"thumbnailUrl":"https:\/\/pulse-beziers.fr\/wp-content\/uploads\/2024\/03\/actu-afterwork-transition-energetique.jpg","articleSection":["EVENEMENT"],"inLanguage":"fr-FR"},{"@type":"WebPage","@id":"https:\/\/pulse-beziers.fr\/index.php\/2024\/03\/06\/afterwork-transition-energetique-entreprises-du-capiscol-a-beziers\/","url":"https:\/\/pulse-beziers.fr\/index.php\/2024\/03\/06\/afterwork-transition-energetique-entreprises-du-capiscol-a-beziers\/","name":"Afterwork transition \u00e9nerg\u00e9tique - PULSE","isPartOf":{"@id":"https:\/\/pulse-beziers.fr\/#website"},"primaryImageOfPage":{"@id":"https:\/\/pulse-beziers.fr\/index.php\/2024\/03\/06\/afterwork-transition-energetique-entreprises-du-capiscol-a-beziers\/#primaryimage"},"image":{"@id":"https:\/\/pulse-beziers.fr\/index.php\/2024\/03\/06\/afterwork-transition-energetique-entreprises-du-capiscol-a-beziers\/#primaryimage"},"thumbnailUrl":"https:\/\/pulse-beziers.fr\/wp-content\/uploads\/2024\/03\/actu-afterwork-transition-energetique.jpg","datePublished":"2024-03-06T10:26:48+00:00","dateModified":"2024-03-06T10:29:27+00:00","breadcrumb":{"@id":"https:\/\/pulse-beziers.fr\/index.php\/2024\/03\/06\/afterwork-transition-energetique-entreprises-du-capiscol-a-beziers\/#breadcrumb"},"inLanguage":"fr-FR","potentialAction":[{"@type":"ReadAction","target":["https:\/\/pulse-beziers.fr\/index.php\/2024\/03\/06\/afterwork-transition-energetique-entreprises-du-capiscol-a-beziers\/"]}]},{"@type":"ImageObject","inLanguage":"fr-FR","@id":"https:\/\/pulse-beziers.fr\/index.php\/2024\/03\/06\/afterwork-transition-energetique-entreprises-du-capiscol-a-beziers\/#primaryimage","url":"https:\/\/pulse-beziers.fr\/wp-content\/uploads\/2024\/03\/actu-afterwork-transition-energetique.jpg","contentUrl":"https:\/\/pulse-beziers.fr\/wp-content\/uploads\/2024\/03\/actu-afterwork-transition-energetique.jpg","width":1500,"height":883},{"@type":"BreadcrumbList","@id":"https:\/\/pulse-beziers.fr\/index.php\/2024\/03\/06\/afterwork-transition-energetique-entreprises-du-capiscol-a-beziers\/#breadcrumb","itemListElement":[{"@type":"ListItem","position":1,"name":"Accueil","item":"https:\/\/pulse-beziers.fr\/"},{"@type":"ListItem","position":2,"name":"Afterwork transition \u00e9nerg\u00e9tique"}]},{"@type":"WebSite","@id":"https:\/\/pulse-beziers.fr\/#website","url":"https:\/\/pulse-beziers.fr\/","name":"PULSE","description":"B\u00e9ziers M\u00e9diterran\u00e9e","publisher":{"@id":"https:\/\/pulse-beziers.fr\/#organization"},"potentialAction":[{"@type":"SearchAction","target":{"@type":"EntryPoint","urlTemplate":"https:\/\/pulse-beziers.fr\/?s={search_term_string}"},"query-input":{"@type":"PropertyValueSpecification","valueRequired":true,"valueName":"search_term_string"}}],"inLanguage":"fr-FR"},{"@type":"Organization","@id":"https:\/\/pulse-beziers.fr\/#organization","name":"PULSE","url":"https:\/\/pulse-beziers.fr\/","logo":{"@type":"ImageObject","inLanguage":"fr-FR","@id":"https:\/\/pulse-beziers.fr\/#\/schema\/logo\/image\/","url":"https:\/\/pulse-beziers.fr\/wp-content\/uploads\/2023\/10\/PULSE_OK.png","contentUrl":"https:\/\/pulse-beziers.fr\/wp-content\/uploads\/2023\/10\/PULSE_OK.png","width":1490,"height":506,"caption":"PULSE"},"image":{"@id":"https:\/\/pulse-beziers.fr\/#\/schema\/logo\/image\/"}},{"@type":"Person","@id":"https:\/\/pulse-beziers.fr\/#\/schema\/person\/e342ddedadbd0064dde1b874b20c4298","name":"admin2231","image":{"@type":"ImageObject","inLanguage":"fr-FR","@id":"https:\/\/secure.gravatar.com\/avatar\/96a2c1e3e2c27fce1f5c62307e8ca30c2ba438c7c21107033e27326b15d2f2ec?s=96&d=mm&r=g","url":"https:\/\/secure.gravatar.com\/avatar\/96a2c1e3e2c27fce1f5c62307e8ca30c2ba438c7c21107033e27326b15d2f2ec?s=96&d=mm&r=g","contentUrl":"https:\/\/secure.gravatar.com\/avatar\/96a2c1e3e2c27fce1f5c62307e8ca30c2ba438c7c21107033e27326b15d2f2ec?s=96&d=mm&r=g","caption":"admin2231"},"sameAs":["http:\/\/pulse-beziers.fr"],"url":"https:\/\/pulse-beziers.fr\/index.php\/author\/admin2231\/"}]}},"jetpack_featured_media_url":"https:\/\/pulse-beziers.fr\/wp-content\/uploads\/2024\/03\/actu-afterwork-transition-energetique.jpg","jetpack_sharing_enabled":true,"_links":{"self":[{"href":"https:\/\/pulse-beziers.fr\/index.php\/wp-json\/wp\/v2\/posts\/4412","targetHints":{"allow":["GET"]}}],"collection":[{"href":"https:\/\/pulse-beziers.fr\/index.php\/wp-json\/wp\/v2\/posts"}],"about":[{"href":"https:\/\/pulse-beziers.fr\/index.php\/wp-json\/wp\/v2\/types\/post"}],"author":[{"embeddable":true,"href":"https:\/\/pulse-beziers.fr\/index.php\/wp-json\/wp\/v2\/users\/1"}],"replies":[{"embeddable":true,"href":"https:\/\/pulse-beziers.fr\/index.php\/wp-json\/wp\/v2\/comments?post=4412"}],"version-history":[{"count":5,"href":"https:\/\/pulse-beziers.fr\/index.php\/wp-json\/wp\/v2\/posts\/4412\/revisions"}],"predecessor-version":[{"id":4418,"href":"https:\/\/pulse-beziers.fr\/index.php\/wp-json\/wp\/v2\/posts\/4412\/revisions\/4418"}],"wp:featuredmedia":[{"embeddable":true,"href":"https:\/\/pulse-beziers.fr\/index.php\/wp-json\/wp\/v2\/media\/4413"}],"wp:attachment":[{"href":"https:\/\/pulse-beziers.fr\/index.php\/wp-json\/wp\/v2\/media?parent=4412"}],"wp:term":[{"taxonomy":"category","embeddable":true,"href":"https:\/\/pulse-beziers.fr\/index.php\/wp-json\/wp\/v2\/categories?post=4412"},{"taxonomy":"post_tag","embeddable":true,"href":"https:\/\/pulse-beziers.fr\/index.php\/wp-json\/wp\/v2\/tags?post=4412"}],"curies":[{"name":"wp","href":"https:\/\/api.w.org\/{rel}","templated":true}]}}