{"id":4428,"date":"2024-03-12T16:41:05","date_gmt":"2024-03-12T15:41:05","guid":{"rendered":"https:\/\/pulse-beziers.fr\/?p=4428"},"modified":"2024-03-12T16:45:03","modified_gmt":"2024-03-12T15:45:03","slug":"les-vins-du-biterrois-a-lhonneur-lors-dune-soiree-de-rencontres-dediee-aux-produits-locaux","status":"publish","type":"post","link":"https:\/\/pulse-beziers.fr\/index.php\/2024\/03\/12\/les-vins-du-biterrois-a-lhonneur-lors-dune-soiree-de-rencontres-dediee-aux-produits-locaux\/","title":{"rendered":"Les vins du biterrois \u00e0 l\u2019honneur"},"content":{"rendered":"\t\t<div data-elementor-type=\"wp-post\" data-elementor-id=\"4428\" class=\"elementor elementor-4428\">\n\t\t\t\t\t\t<section class=\"elementor-section elementor-top-section elementor-element elementor-element-f3f6686 elementor-section-boxed elementor-section-height-default elementor-section-height-default\" data-id=\"f3f6686\" data-element_type=\"section\" data-e-type=\"section\">\n\t\t\t\t\t\t<div class=\"elementor-container elementor-column-gap-default\">\n\t\t\t\t\t<div class=\"elementor-column elementor-col-100 elementor-top-column elementor-element elementor-element-dde107f\" data-id=\"dde107f\" data-element_type=\"column\" data-e-type=\"column\">\n\t\t\t<div class=\"elementor-widget-wrap elementor-element-populated\">\n\t\t\t\t\t\t<div class=\"elementor-element elementor-element-58640ee elementor-widget__width-initial elementor-widget elementor-widget-text-editor\" data-id=\"58640ee\" data-element_type=\"widget\" data-e-type=\"widget\" data-widget_type=\"text-editor.default\">\n\t\t\t\t<div class=\"elementor-widget-container\">\n\t\t\t\t\t\t\t\t\t<p class=\"x_MsoNormal\">Lundi 11 mars, le palais des congr\u00e8s de B\u00e9ziers a accueilli une soir\u00e9e de rencontres autour du vin et des produits locaux, \u00e0 l\u2019initiative de Madame Emmanuelle M\u00e9nard, d\u00e9put\u00e9e de l\u2019H\u00e9rault.\u00a0Cet \u00e9v\u00e9nement a rassembl\u00e9 de nombreux professionnels de la restauration, de la grande distribution et du commerce viticole, comprenant des cavistes et des viticulteurs.<\/p><p class=\"x_MsoNormal\" aria-hidden=\"true\">\u00a0<\/p><p class=\"x_MsoNormal\">L\u2019objectif de cette manifestation \u00e9tait de faciliter les \u00e9changes entre les diff\u00e9rents acteurs du biterrois, afin de mettre en valeur les productions locales et d\u2019ouvrir les canaux de distribution. Le dialogue s\u2019est \u00e9tabli dans une ambiance conviviale, permettant \u00e0 chacun de faire d\u00e9couvrir des produits de qualit\u00e9.<\/p><p class=\"x_MsoNormal\" aria-hidden=\"true\">\u00a0<\/p><p class=\"x_MsoNormal\">Au-del\u00e0 des n\u00e9gociations qui ont lieu au niveau national, cet \u00e9v\u00e9nement a permis de nouer des contacts durables afin que le consommer biterrois soit une r\u00e9alit\u00e9.<\/p><p class=\"x_MsoNormal\" aria-hidden=\"true\">\u00a0<\/p><p class=\"x_MsoNormal\">Des mesures concr\u00e8tes ont \u00e9t\u00e9 \u00e9voqu\u00e9es, telles que la r\u00e9duction de la redevance pour les terrasses des \u00e9tablissements proposant des vins des coteaux de B\u00e9ziers. D\u2019autres initiatives ont \u00e9t\u00e9 annonc\u00e9es, comprenant la publication d&#8217;un guide recensant les producteurs locaux de l&#8217;Agglom\u00e9ration B\u00e9ziers-M\u00e9diterran\u00e9e, l&#8217;identification par une pastille sur les devantures des commerces proposant du vin de B\u00e9ziers, ainsi que la mise en place d&#8217;\u00e9v\u00e9nements \u00e0 venir.<\/p><p class=\"x_MsoNormal\" aria-hidden=\"true\">\u00a0<\/p>\t\t\t\t\t\t\t\t<\/div>\n\t\t\t\t<\/div>\n\t\t\t\t\t<\/div>\n\t\t<\/div>\n\t\t\t\t\t<\/div>\n\t\t<\/section>\n\t\t\t\t<section class=\"elementor-section elementor-top-section elementor-element elementor-element-d1157bb elementor-section-boxed elementor-section-height-default elementor-section-height-default\" data-id=\"d1157bb\" data-element_type=\"section\" data-e-type=\"section\">\n\t\t\t\t\t\t<div class=\"elementor-container elementor-column-gap-default\">\n\t\t\t\t\t<div class=\"elementor-column elementor-col-50 elementor-top-column elementor-element elementor-element-47cdd6a\" data-id=\"47cdd6a\" data-element_type=\"column\" data-e-type=\"column\">\n\t\t\t<div class=\"elementor-widget-wrap elementor-element-populated\">\n\t\t\t\t\t\t<div class=\"elementor-element elementor-element-642a457 elementor-widget elementor-widget-image\" data-id=\"642a457\" data-element_type=\"widget\" data-e-type=\"widget\" data-widget_type=\"image.default\">\n\t\t\t\t<div class=\"elementor-widget-container\">\n\t\t\t\t\t\t\t\t\t\t\t\t\t\t\t<img fetchpriority=\"high\" decoding=\"async\" width=\"1024\" height=\"683\" src=\"https:\/\/pulse-beziers.fr\/wp-content\/uploads\/2024\/03\/430326423_799764665517515_1651176223612552285_n-1024x683.jpg\" class=\"attachment-large size-large wp-image-4431\" alt=\"\" srcset=\"https:\/\/pulse-beziers.fr\/wp-content\/uploads\/2024\/03\/430326423_799764665517515_1651176223612552285_n-1024x683.jpg 1024w, https:\/\/pulse-beziers.fr\/wp-content\/uploads\/2024\/03\/430326423_799764665517515_1651176223612552285_n-300x200.jpg 300w, https:\/\/pulse-beziers.fr\/wp-content\/uploads\/2024\/03\/430326423_799764665517515_1651176223612552285_n-768x512.jpg 768w, https:\/\/pulse-beziers.fr\/wp-content\/uploads\/2024\/03\/430326423_799764665517515_1651176223612552285_n-1536x1024.jpg 1536w, https:\/\/pulse-beziers.fr\/wp-content\/uploads\/2024\/03\/430326423_799764665517515_1651176223612552285_n-1320x880.jpg 1320w, https:\/\/pulse-beziers.fr\/wp-content\/uploads\/2024\/03\/430326423_799764665517515_1651176223612552285_n-600x400.jpg 600w, https:\/\/pulse-beziers.fr\/wp-content\/uploads\/2024\/03\/430326423_799764665517515_1651176223612552285_n.jpg 2048w\" sizes=\"(max-width: 1024px) 100vw, 1024px\" \/>\t\t\t\t\t\t\t\t\t\t\t\t\t\t\t<\/div>\n\t\t\t\t<\/div>\n\t\t\t\t\t<\/div>\n\t\t<\/div>\n\t\t\t\t<div class=\"elementor-column elementor-col-50 elementor-top-column elementor-element elementor-element-55e58f9\" data-id=\"55e58f9\" data-element_type=\"column\" data-e-type=\"column\">\n\t\t\t<div class=\"elementor-widget-wrap elementor-element-populated\">\n\t\t\t\t\t\t<div class=\"elementor-element elementor-element-045ca22 elementor-widget elementor-widget-image\" data-id=\"045ca22\" data-element_type=\"widget\" data-e-type=\"widget\" data-widget_type=\"image.default\">\n\t\t\t\t<div class=\"elementor-widget-container\">\n\t\t\t\t\t\t\t\t\t\t\t\t\t\t\t<img decoding=\"async\" width=\"1024\" height=\"683\" src=\"https:\/\/pulse-beziers.fr\/wp-content\/uploads\/2024\/03\/432094376_799765272184121_4112937655795141886_n-1024x683.jpg\" class=\"attachment-large size-large wp-image-4432\" alt=\"\" srcset=\"https:\/\/pulse-beziers.fr\/wp-content\/uploads\/2024\/03\/432094376_799765272184121_4112937655795141886_n-1024x683.jpg 1024w, https:\/\/pulse-beziers.fr\/wp-content\/uploads\/2024\/03\/432094376_799765272184121_4112937655795141886_n-300x200.jpg 300w, https:\/\/pulse-beziers.fr\/wp-content\/uploads\/2024\/03\/432094376_799765272184121_4112937655795141886_n-768x512.jpg 768w, https:\/\/pulse-beziers.fr\/wp-content\/uploads\/2024\/03\/432094376_799765272184121_4112937655795141886_n-1536x1024.jpg 1536w, https:\/\/pulse-beziers.fr\/wp-content\/uploads\/2024\/03\/432094376_799765272184121_4112937655795141886_n-1320x880.jpg 1320w, https:\/\/pulse-beziers.fr\/wp-content\/uploads\/2024\/03\/432094376_799765272184121_4112937655795141886_n-600x400.jpg 600w, https:\/\/pulse-beziers.fr\/wp-content\/uploads\/2024\/03\/432094376_799765272184121_4112937655795141886_n.jpg 2048w\" sizes=\"(max-width: 1024px) 100vw, 1024px\" \/>\t\t\t\t\t\t\t\t\t\t\t\t\t\t\t<\/div>\n\t\t\t\t<\/div>\n\t\t\t\t\t<\/div>\n\t\t<\/div>\n\t\t\t\t\t<\/div>\n\t\t<\/section>\n\t\t\t\t<section class=\"elementor-section elementor-top-section elementor-element elementor-element-1c6486f elementor-section-boxed elementor-section-height-default elementor-section-height-default\" data-id=\"1c6486f\" data-element_type=\"section\" data-e-type=\"section\">\n\t\t\t\t\t\t<div class=\"elementor-container elementor-column-gap-default\">\n\t\t\t\t\t<div class=\"elementor-column elementor-col-50 elementor-top-column elementor-element elementor-element-c603f0b\" data-id=\"c603f0b\" data-element_type=\"column\" data-e-type=\"column\">\n\t\t\t<div class=\"elementor-widget-wrap elementor-element-populated\">\n\t\t\t\t\t\t<div class=\"elementor-element elementor-element-7e7bbf4 elementor-widget elementor-widget-image\" data-id=\"7e7bbf4\" data-element_type=\"widget\" data-e-type=\"widget\" data-widget_type=\"image.default\">\n\t\t\t\t<div class=\"elementor-widget-container\">\n\t\t\t\t\t\t\t\t\t\t\t\t\t\t\t<img decoding=\"async\" width=\"1024\" height=\"683\" src=\"https:\/\/pulse-beziers.fr\/wp-content\/uploads\/2024\/03\/432102700_799763545517627_6163561198038223249_n-1024x683.jpg\" class=\"attachment-large size-large wp-image-4433\" alt=\"\" srcset=\"https:\/\/pulse-beziers.fr\/wp-content\/uploads\/2024\/03\/432102700_799763545517627_6163561198038223249_n-1024x683.jpg 1024w, https:\/\/pulse-beziers.fr\/wp-content\/uploads\/2024\/03\/432102700_799763545517627_6163561198038223249_n-300x200.jpg 300w, https:\/\/pulse-beziers.fr\/wp-content\/uploads\/2024\/03\/432102700_799763545517627_6163561198038223249_n-768x512.jpg 768w, https:\/\/pulse-beziers.fr\/wp-content\/uploads\/2024\/03\/432102700_799763545517627_6163561198038223249_n-1536x1025.jpg 1536w, https:\/\/pulse-beziers.fr\/wp-content\/uploads\/2024\/03\/432102700_799763545517627_6163561198038223249_n-1320x880.jpg 1320w, https:\/\/pulse-beziers.fr\/wp-content\/uploads\/2024\/03\/432102700_799763545517627_6163561198038223249_n-600x400.jpg 600w, https:\/\/pulse-beziers.fr\/wp-content\/uploads\/2024\/03\/432102700_799763545517627_6163561198038223249_n.jpg 2048w\" sizes=\"(max-width: 1024px) 100vw, 1024px\" \/>\t\t\t\t\t\t\t\t\t\t\t\t\t\t\t<\/div>\n\t\t\t\t<\/div>\n\t\t\t\t\t<\/div>\n\t\t<\/div>\n\t\t\t\t<div class=\"elementor-column elementor-col-50 elementor-top-column elementor-element elementor-element-3442a91\" data-id=\"3442a91\" data-element_type=\"column\" data-e-type=\"column\">\n\t\t\t<div class=\"elementor-widget-wrap elementor-element-populated\">\n\t\t\t\t\t\t<div class=\"elementor-element elementor-element-263668d elementor-widget elementor-widget-image\" data-id=\"263668d\" data-element_type=\"widget\" data-e-type=\"widget\" data-widget_type=\"image.default\">\n\t\t\t\t<div class=\"elementor-widget-container\">\n\t\t\t\t\t\t\t\t\t\t\t\t\t\t\t<img loading=\"lazy\" decoding=\"async\" width=\"1024\" height=\"683\" src=\"https:\/\/pulse-beziers.fr\/wp-content\/uploads\/2024\/03\/432123043_799764468850868_2167180732827304432_n-1024x683.jpg\" class=\"attachment-large size-large wp-image-4434\" alt=\"\" srcset=\"https:\/\/pulse-beziers.fr\/wp-content\/uploads\/2024\/03\/432123043_799764468850868_2167180732827304432_n-1024x683.jpg 1024w, https:\/\/pulse-beziers.fr\/wp-content\/uploads\/2024\/03\/432123043_799764468850868_2167180732827304432_n-300x200.jpg 300w, https:\/\/pulse-beziers.fr\/wp-content\/uploads\/2024\/03\/432123043_799764468850868_2167180732827304432_n-768x512.jpg 768w, https:\/\/pulse-beziers.fr\/wp-content\/uploads\/2024\/03\/432123043_799764468850868_2167180732827304432_n-1536x1024.jpg 1536w, https:\/\/pulse-beziers.fr\/wp-content\/uploads\/2024\/03\/432123043_799764468850868_2167180732827304432_n-1320x880.jpg 1320w, https:\/\/pulse-beziers.fr\/wp-content\/uploads\/2024\/03\/432123043_799764468850868_2167180732827304432_n-600x400.jpg 600w, https:\/\/pulse-beziers.fr\/wp-content\/uploads\/2024\/03\/432123043_799764468850868_2167180732827304432_n.jpg 2048w\" sizes=\"(max-width: 1024px) 100vw, 1024px\" \/>\t\t\t\t\t\t\t\t\t\t\t\t\t\t\t<\/div>\n\t\t\t\t<\/div>\n\t\t\t\t\t<\/div>\n\t\t<\/div>\n\t\t\t\t\t<\/div>\n\t\t<\/section>\n\t\t\t\t<\/div>\n\t\t","protected":false},"excerpt":{"rendered":"<p>Lundi 11 mars, le palais des congr\u00e8s de B\u00e9ziers a accueilli une soir\u00e9e de rencontres autour du vin et des produits locaux, \u00e0 l\u2019initiative de Madame Emmanuelle M\u00e9nard, d\u00e9put\u00e9e de l\u2019H\u00e9rault.\u00a0Cet \u00e9v\u00e9nement a rassembl\u00e9 de nombreux professionnels de la restauration, de la grande distribution et du commerce viticole, comprenant des cavistes et des viticulteurs. \u00a0 [&hellip;]<\/p>\n","protected":false},"author":1,"featured_media":4430,"comment_status":"closed","ping_status":"closed","sticky":false,"template":"","format":"standard","meta":{"_jetpack_memberships_contains_paid_content":false,"footnotes":""},"categories":[4],"tags":[],"class_list":["post-4428","post","type-post","status-publish","format-standard","has-post-thumbnail","hentry","category-evenement"],"yoast_head":"<!-- This site is optimized with the Yoast SEO plugin v27.3 - https:\/\/yoast.com\/product\/yoast-seo-wordpress\/ -->\n<title>Les vins du biterrois \u00e0 l\u2019honneur - PULSE<\/title>\n<meta name=\"robots\" content=\"index, follow, max-snippet:-1, max-image-preview:large, max-video-preview:-1\" \/>\n<link rel=\"canonical\" href=\"https:\/\/pulse-beziers.fr\/index.php\/2024\/03\/12\/les-vins-du-biterrois-a-lhonneur-lors-dune-soiree-de-rencontres-dediee-aux-produits-locaux\/\" \/>\n<meta property=\"og:locale\" content=\"fr_FR\" \/>\n<meta property=\"og:type\" content=\"article\" \/>\n<meta property=\"og:title\" content=\"Les vins du biterrois \u00e0 l\u2019honneur - PULSE\" \/>\n<meta property=\"og:description\" content=\"Lundi 11 mars, le palais des congr\u00e8s de B\u00e9ziers a accueilli une soir\u00e9e de rencontres autour du vin et des produits locaux, \u00e0 l\u2019initiative de Madame Emmanuelle M\u00e9nard, d\u00e9put\u00e9e de l\u2019H\u00e9rault.\u00a0Cet \u00e9v\u00e9nement a rassembl\u00e9 de nombreux professionnels de la restauration, de la grande distribution et du commerce viticole, comprenant des cavistes et des viticulteurs. \u00a0 [&hellip;]\" \/>\n<meta property=\"og:url\" content=\"https:\/\/pulse-beziers.fr\/index.php\/2024\/03\/12\/les-vins-du-biterrois-a-lhonneur-lors-dune-soiree-de-rencontres-dediee-aux-produits-locaux\/\" \/>\n<meta property=\"og:site_name\" content=\"PULSE\" \/>\n<meta property=\"article:published_time\" content=\"2024-03-12T15:41:05+00:00\" \/>\n<meta property=\"article:modified_time\" content=\"2024-03-12T15:45:03+00:00\" \/>\n<meta property=\"og:image\" content=\"https:\/\/pulse-beziers.fr\/wp-content\/uploads\/2024\/03\/image001.jpg\" \/>\n\t<meta property=\"og:image:width\" content=\"2048\" \/>\n\t<meta property=\"og:image:height\" content=\"1366\" \/>\n\t<meta property=\"og:image:type\" content=\"image\/jpeg\" \/>\n<meta name=\"author\" content=\"admin2231\" \/>\n<meta name=\"twitter:card\" content=\"summary_large_image\" \/>\n<meta name=\"twitter:label1\" content=\"\u00c9crit par\" \/>\n\t<meta name=\"twitter:data1\" content=\"admin2231\" \/>\n\t<meta name=\"twitter:label2\" content=\"Dur\u00e9e de lecture estim\u00e9e\" \/>\n\t<meta name=\"twitter:data2\" content=\"2 minutes\" \/>\n<script type=\"application\/ld+json\" class=\"yoast-schema-graph\">{\"@context\":\"https:\\\/\\\/schema.org\",\"@graph\":[{\"@type\":\"Article\",\"@id\":\"https:\\\/\\\/pulse-beziers.fr\\\/index.php\\\/2024\\\/03\\\/12\\\/les-vins-du-biterrois-a-lhonneur-lors-dune-soiree-de-rencontres-dediee-aux-produits-locaux\\\/#article\",\"isPartOf\":{\"@id\":\"https:\\\/\\\/pulse-beziers.fr\\\/index.php\\\/2024\\\/03\\\/12\\\/les-vins-du-biterrois-a-lhonneur-lors-dune-soiree-de-rencontres-dediee-aux-produits-locaux\\\/\"},\"author\":{\"name\":\"admin2231\",\"@id\":\"https:\\\/\\\/pulse-beziers.fr\\\/#\\\/schema\\\/person\\\/e342ddedadbd0064dde1b874b20c4298\"},\"headline\":\"Les vins du biterrois \u00e0 l\u2019honneur\",\"datePublished\":\"2024-03-12T15:41:05+00:00\",\"dateModified\":\"2024-03-12T15:45:03+00:00\",\"mainEntityOfPage\":{\"@id\":\"https:\\\/\\\/pulse-beziers.fr\\\/index.php\\\/2024\\\/03\\\/12\\\/les-vins-du-biterrois-a-lhonneur-lors-dune-soiree-de-rencontres-dediee-aux-produits-locaux\\\/\"},\"wordCount\":226,\"publisher\":{\"@id\":\"https:\\\/\\\/pulse-beziers.fr\\\/#organization\"},\"image\":{\"@id\":\"https:\\\/\\\/pulse-beziers.fr\\\/index.php\\\/2024\\\/03\\\/12\\\/les-vins-du-biterrois-a-lhonneur-lors-dune-soiree-de-rencontres-dediee-aux-produits-locaux\\\/#primaryimage\"},\"thumbnailUrl\":\"https:\\\/\\\/pulse-beziers.fr\\\/wp-content\\\/uploads\\\/2024\\\/03\\\/image001.jpg\",\"articleSection\":[\"EVENEMENT\"],\"inLanguage\":\"fr-FR\"},{\"@type\":\"WebPage\",\"@id\":\"https:\\\/\\\/pulse-beziers.fr\\\/index.php\\\/2024\\\/03\\\/12\\\/les-vins-du-biterrois-a-lhonneur-lors-dune-soiree-de-rencontres-dediee-aux-produits-locaux\\\/\",\"url\":\"https:\\\/\\\/pulse-beziers.fr\\\/index.php\\\/2024\\\/03\\\/12\\\/les-vins-du-biterrois-a-lhonneur-lors-dune-soiree-de-rencontres-dediee-aux-produits-locaux\\\/\",\"name\":\"Les vins du biterrois \u00e0 l\u2019honneur - PULSE\",\"isPartOf\":{\"@id\":\"https:\\\/\\\/pulse-beziers.fr\\\/#website\"},\"primaryImageOfPage\":{\"@id\":\"https:\\\/\\\/pulse-beziers.fr\\\/index.php\\\/2024\\\/03\\\/12\\\/les-vins-du-biterrois-a-lhonneur-lors-dune-soiree-de-rencontres-dediee-aux-produits-locaux\\\/#primaryimage\"},\"image\":{\"@id\":\"https:\\\/\\\/pulse-beziers.fr\\\/index.php\\\/2024\\\/03\\\/12\\\/les-vins-du-biterrois-a-lhonneur-lors-dune-soiree-de-rencontres-dediee-aux-produits-locaux\\\/#primaryimage\"},\"thumbnailUrl\":\"https:\\\/\\\/pulse-beziers.fr\\\/wp-content\\\/uploads\\\/2024\\\/03\\\/image001.jpg\",\"datePublished\":\"2024-03-12T15:41:05+00:00\",\"dateModified\":\"2024-03-12T15:45:03+00:00\",\"breadcrumb\":{\"@id\":\"https:\\\/\\\/pulse-beziers.fr\\\/index.php\\\/2024\\\/03\\\/12\\\/les-vins-du-biterrois-a-lhonneur-lors-dune-soiree-de-rencontres-dediee-aux-produits-locaux\\\/#breadcrumb\"},\"inLanguage\":\"fr-FR\",\"potentialAction\":[{\"@type\":\"ReadAction\",\"target\":[\"https:\\\/\\\/pulse-beziers.fr\\\/index.php\\\/2024\\\/03\\\/12\\\/les-vins-du-biterrois-a-lhonneur-lors-dune-soiree-de-rencontres-dediee-aux-produits-locaux\\\/\"]}]},{\"@type\":\"ImageObject\",\"inLanguage\":\"fr-FR\",\"@id\":\"https:\\\/\\\/pulse-beziers.fr\\\/index.php\\\/2024\\\/03\\\/12\\\/les-vins-du-biterrois-a-lhonneur-lors-dune-soiree-de-rencontres-dediee-aux-produits-locaux\\\/#primaryimage\",\"url\":\"https:\\\/\\\/pulse-beziers.fr\\\/wp-content\\\/uploads\\\/2024\\\/03\\\/image001.jpg\",\"contentUrl\":\"https:\\\/\\\/pulse-beziers.fr\\\/wp-content\\\/uploads\\\/2024\\\/03\\\/image001.jpg\",\"width\":2048,\"height\":1366},{\"@type\":\"BreadcrumbList\",\"@id\":\"https:\\\/\\\/pulse-beziers.fr\\\/index.php\\\/2024\\\/03\\\/12\\\/les-vins-du-biterrois-a-lhonneur-lors-dune-soiree-de-rencontres-dediee-aux-produits-locaux\\\/#breadcrumb\",\"itemListElement\":[{\"@type\":\"ListItem\",\"position\":1,\"name\":\"Accueil\",\"item\":\"https:\\\/\\\/pulse-beziers.fr\\\/\"},{\"@type\":\"ListItem\",\"position\":2,\"name\":\"Les vins du biterrois \u00e0 l\u2019honneur\"}]},{\"@type\":\"WebSite\",\"@id\":\"https:\\\/\\\/pulse-beziers.fr\\\/#website\",\"url\":\"https:\\\/\\\/pulse-beziers.fr\\\/\",\"name\":\"PULSE\",\"description\":\"B\u00e9ziers M\u00e9diterran\u00e9e\",\"publisher\":{\"@id\":\"https:\\\/\\\/pulse-beziers.fr\\\/#organization\"},\"potentialAction\":[{\"@type\":\"SearchAction\",\"target\":{\"@type\":\"EntryPoint\",\"urlTemplate\":\"https:\\\/\\\/pulse-beziers.fr\\\/?s={search_term_string}\"},\"query-input\":{\"@type\":\"PropertyValueSpecification\",\"valueRequired\":true,\"valueName\":\"search_term_string\"}}],\"inLanguage\":\"fr-FR\"},{\"@type\":\"Organization\",\"@id\":\"https:\\\/\\\/pulse-beziers.fr\\\/#organization\",\"name\":\"PULSE\",\"url\":\"https:\\\/\\\/pulse-beziers.fr\\\/\",\"logo\":{\"@type\":\"ImageObject\",\"inLanguage\":\"fr-FR\",\"@id\":\"https:\\\/\\\/pulse-beziers.fr\\\/#\\\/schema\\\/logo\\\/image\\\/\",\"url\":\"https:\\\/\\\/pulse-beziers.fr\\\/wp-content\\\/uploads\\\/2023\\\/10\\\/PULSE_OK.png\",\"contentUrl\":\"https:\\\/\\\/pulse-beziers.fr\\\/wp-content\\\/uploads\\\/2023\\\/10\\\/PULSE_OK.png\",\"width\":1490,\"height\":506,\"caption\":\"PULSE\"},\"image\":{\"@id\":\"https:\\\/\\\/pulse-beziers.fr\\\/#\\\/schema\\\/logo\\\/image\\\/\"}},{\"@type\":\"Person\",\"@id\":\"https:\\\/\\\/pulse-beziers.fr\\\/#\\\/schema\\\/person\\\/e342ddedadbd0064dde1b874b20c4298\",\"name\":\"admin2231\",\"image\":{\"@type\":\"ImageObject\",\"inLanguage\":\"fr-FR\",\"@id\":\"https:\\\/\\\/secure.gravatar.com\\\/avatar\\\/96a2c1e3e2c27fce1f5c62307e8ca30c2ba438c7c21107033e27326b15d2f2ec?s=96&d=mm&r=g\",\"url\":\"https:\\\/\\\/secure.gravatar.com\\\/avatar\\\/96a2c1e3e2c27fce1f5c62307e8ca30c2ba438c7c21107033e27326b15d2f2ec?s=96&d=mm&r=g\",\"contentUrl\":\"https:\\\/\\\/secure.gravatar.com\\\/avatar\\\/96a2c1e3e2c27fce1f5c62307e8ca30c2ba438c7c21107033e27326b15d2f2ec?s=96&d=mm&r=g\",\"caption\":\"admin2231\"},\"sameAs\":[\"http:\\\/\\\/pulse-beziers.fr\"],\"url\":\"https:\\\/\\\/pulse-beziers.fr\\\/index.php\\\/author\\\/admin2231\\\/\"}]}<\/script>\n<!-- \/ Yoast SEO plugin. -->","yoast_head_json":{"title":"Les vins du biterrois \u00e0 l\u2019honneur - PULSE","robots":{"index":"index","follow":"follow","max-snippet":"max-snippet:-1","max-image-preview":"max-image-preview:large","max-video-preview":"max-video-preview:-1"},"canonical":"https:\/\/pulse-beziers.fr\/index.php\/2024\/03\/12\/les-vins-du-biterrois-a-lhonneur-lors-dune-soiree-de-rencontres-dediee-aux-produits-locaux\/","og_locale":"fr_FR","og_type":"article","og_title":"Les vins du biterrois \u00e0 l\u2019honneur - PULSE","og_description":"Lundi 11 mars, le palais des congr\u00e8s de B\u00e9ziers a accueilli une soir\u00e9e de rencontres autour du vin et des produits locaux, \u00e0 l\u2019initiative de Madame Emmanuelle M\u00e9nard, d\u00e9put\u00e9e de l\u2019H\u00e9rault.\u00a0Cet \u00e9v\u00e9nement a rassembl\u00e9 de nombreux professionnels de la restauration, de la grande distribution et du commerce viticole, comprenant des cavistes et des viticulteurs. \u00a0 [&hellip;]","og_url":"https:\/\/pulse-beziers.fr\/index.php\/2024\/03\/12\/les-vins-du-biterrois-a-lhonneur-lors-dune-soiree-de-rencontres-dediee-aux-produits-locaux\/","og_site_name":"PULSE","article_published_time":"2024-03-12T15:41:05+00:00","article_modified_time":"2024-03-12T15:45:03+00:00","og_image":[{"width":2048,"height":1366,"url":"https:\/\/pulse-beziers.fr\/wp-content\/uploads\/2024\/03\/image001.jpg","type":"image\/jpeg"}],"author":"admin2231","twitter_card":"summary_large_image","twitter_misc":{"\u00c9crit par":"admin2231","Dur\u00e9e de lecture estim\u00e9e":"2 minutes"},"schema":{"@context":"https:\/\/schema.org","@graph":[{"@type":"Article","@id":"https:\/\/pulse-beziers.fr\/index.php\/2024\/03\/12\/les-vins-du-biterrois-a-lhonneur-lors-dune-soiree-de-rencontres-dediee-aux-produits-locaux\/#article","isPartOf":{"@id":"https:\/\/pulse-beziers.fr\/index.php\/2024\/03\/12\/les-vins-du-biterrois-a-lhonneur-lors-dune-soiree-de-rencontres-dediee-aux-produits-locaux\/"},"author":{"name":"admin2231","@id":"https:\/\/pulse-beziers.fr\/#\/schema\/person\/e342ddedadbd0064dde1b874b20c4298"},"headline":"Les vins du biterrois \u00e0 l\u2019honneur","datePublished":"2024-03-12T15:41:05+00:00","dateModified":"2024-03-12T15:45:03+00:00","mainEntityOfPage":{"@id":"https:\/\/pulse-beziers.fr\/index.php\/2024\/03\/12\/les-vins-du-biterrois-a-lhonneur-lors-dune-soiree-de-rencontres-dediee-aux-produits-locaux\/"},"wordCount":226,"publisher":{"@id":"https:\/\/pulse-beziers.fr\/#organization"},"image":{"@id":"https:\/\/pulse-beziers.fr\/index.php\/2024\/03\/12\/les-vins-du-biterrois-a-lhonneur-lors-dune-soiree-de-rencontres-dediee-aux-produits-locaux\/#primaryimage"},"thumbnailUrl":"https:\/\/pulse-beziers.fr\/wp-content\/uploads\/2024\/03\/image001.jpg","articleSection":["EVENEMENT"],"inLanguage":"fr-FR"},{"@type":"WebPage","@id":"https:\/\/pulse-beziers.fr\/index.php\/2024\/03\/12\/les-vins-du-biterrois-a-lhonneur-lors-dune-soiree-de-rencontres-dediee-aux-produits-locaux\/","url":"https:\/\/pulse-beziers.fr\/index.php\/2024\/03\/12\/les-vins-du-biterrois-a-lhonneur-lors-dune-soiree-de-rencontres-dediee-aux-produits-locaux\/","name":"Les vins du biterrois \u00e0 l\u2019honneur - PULSE","isPartOf":{"@id":"https:\/\/pulse-beziers.fr\/#website"},"primaryImageOfPage":{"@id":"https:\/\/pulse-beziers.fr\/index.php\/2024\/03\/12\/les-vins-du-biterrois-a-lhonneur-lors-dune-soiree-de-rencontres-dediee-aux-produits-locaux\/#primaryimage"},"image":{"@id":"https:\/\/pulse-beziers.fr\/index.php\/2024\/03\/12\/les-vins-du-biterrois-a-lhonneur-lors-dune-soiree-de-rencontres-dediee-aux-produits-locaux\/#primaryimage"},"thumbnailUrl":"https:\/\/pulse-beziers.fr\/wp-content\/uploads\/2024\/03\/image001.jpg","datePublished":"2024-03-12T15:41:05+00:00","dateModified":"2024-03-12T15:45:03+00:00","breadcrumb":{"@id":"https:\/\/pulse-beziers.fr\/index.php\/2024\/03\/12\/les-vins-du-biterrois-a-lhonneur-lors-dune-soiree-de-rencontres-dediee-aux-produits-locaux\/#breadcrumb"},"inLanguage":"fr-FR","potentialAction":[{"@type":"ReadAction","target":["https:\/\/pulse-beziers.fr\/index.php\/2024\/03\/12\/les-vins-du-biterrois-a-lhonneur-lors-dune-soiree-de-rencontres-dediee-aux-produits-locaux\/"]}]},{"@type":"ImageObject","inLanguage":"fr-FR","@id":"https:\/\/pulse-beziers.fr\/index.php\/2024\/03\/12\/les-vins-du-biterrois-a-lhonneur-lors-dune-soiree-de-rencontres-dediee-aux-produits-locaux\/#primaryimage","url":"https:\/\/pulse-beziers.fr\/wp-content\/uploads\/2024\/03\/image001.jpg","contentUrl":"https:\/\/pulse-beziers.fr\/wp-content\/uploads\/2024\/03\/image001.jpg","width":2048,"height":1366},{"@type":"BreadcrumbList","@id":"https:\/\/pulse-beziers.fr\/index.php\/2024\/03\/12\/les-vins-du-biterrois-a-lhonneur-lors-dune-soiree-de-rencontres-dediee-aux-produits-locaux\/#breadcrumb","itemListElement":[{"@type":"ListItem","position":1,"name":"Accueil","item":"https:\/\/pulse-beziers.fr\/"},{"@type":"ListItem","position":2,"name":"Les vins du biterrois \u00e0 l\u2019honneur"}]},{"@type":"WebSite","@id":"https:\/\/pulse-beziers.fr\/#website","url":"https:\/\/pulse-beziers.fr\/","name":"PULSE","description":"B\u00e9ziers M\u00e9diterran\u00e9e","publisher":{"@id":"https:\/\/pulse-beziers.fr\/#organization"},"potentialAction":[{"@type":"SearchAction","target":{"@type":"EntryPoint","urlTemplate":"https:\/\/pulse-beziers.fr\/?s={search_term_string}"},"query-input":{"@type":"PropertyValueSpecification","valueRequired":true,"valueName":"search_term_string"}}],"inLanguage":"fr-FR"},{"@type":"Organization","@id":"https:\/\/pulse-beziers.fr\/#organization","name":"PULSE","url":"https:\/\/pulse-beziers.fr\/","logo":{"@type":"ImageObject","inLanguage":"fr-FR","@id":"https:\/\/pulse-beziers.fr\/#\/schema\/logo\/image\/","url":"https:\/\/pulse-beziers.fr\/wp-content\/uploads\/2023\/10\/PULSE_OK.png","contentUrl":"https:\/\/pulse-beziers.fr\/wp-content\/uploads\/2023\/10\/PULSE_OK.png","width":1490,"height":506,"caption":"PULSE"},"image":{"@id":"https:\/\/pulse-beziers.fr\/#\/schema\/logo\/image\/"}},{"@type":"Person","@id":"https:\/\/pulse-beziers.fr\/#\/schema\/person\/e342ddedadbd0064dde1b874b20c4298","name":"admin2231","image":{"@type":"ImageObject","inLanguage":"fr-FR","@id":"https:\/\/secure.gravatar.com\/avatar\/96a2c1e3e2c27fce1f5c62307e8ca30c2ba438c7c21107033e27326b15d2f2ec?s=96&d=mm&r=g","url":"https:\/\/secure.gravatar.com\/avatar\/96a2c1e3e2c27fce1f5c62307e8ca30c2ba438c7c21107033e27326b15d2f2ec?s=96&d=mm&r=g","contentUrl":"https:\/\/secure.gravatar.com\/avatar\/96a2c1e3e2c27fce1f5c62307e8ca30c2ba438c7c21107033e27326b15d2f2ec?s=96&d=mm&r=g","caption":"admin2231"},"sameAs":["http:\/\/pulse-beziers.fr"],"url":"https:\/\/pulse-beziers.fr\/index.php\/author\/admin2231\/"}]}},"jetpack_featured_media_url":"https:\/\/pulse-beziers.fr\/wp-content\/uploads\/2024\/03\/image001.jpg","jetpack_sharing_enabled":true,"_links":{"self":[{"href":"https:\/\/pulse-beziers.fr\/index.php\/wp-json\/wp\/v2\/posts\/4428","targetHints":{"allow":["GET"]}}],"collection":[{"href":"https:\/\/pulse-beziers.fr\/index.php\/wp-json\/wp\/v2\/posts"}],"about":[{"href":"https:\/\/pulse-beziers.fr\/index.php\/wp-json\/wp\/v2\/types\/post"}],"author":[{"embeddable":true,"href":"https:\/\/pulse-beziers.fr\/index.php\/wp-json\/wp\/v2\/users\/1"}],"replies":[{"embeddable":true,"href":"https:\/\/pulse-beziers.fr\/index.php\/wp-json\/wp\/v2\/comments?post=4428"}],"version-history":[{"count":5,"href":"https:\/\/pulse-beziers.fr\/index.php\/wp-json\/wp\/v2\/posts\/4428\/revisions"}],"predecessor-version":[{"id":4439,"href":"https:\/\/pulse-beziers.fr\/index.php\/wp-json\/wp\/v2\/posts\/4428\/revisions\/4439"}],"wp:featuredmedia":[{"embeddable":true,"href":"https:\/\/pulse-beziers.fr\/index.php\/wp-json\/wp\/v2\/media\/4430"}],"wp:attachment":[{"href":"https:\/\/pulse-beziers.fr\/index.php\/wp-json\/wp\/v2\/media?parent=4428"}],"wp:term":[{"taxonomy":"category","embeddable":true,"href":"https:\/\/pulse-beziers.fr\/index.php\/wp-json\/wp\/v2\/categories?post=4428"},{"taxonomy":"post_tag","embeddable":true,"href":"https:\/\/pulse-beziers.fr\/index.php\/wp-json\/wp\/v2\/tags?post=4428"}],"curies":[{"name":"wp","href":"https:\/\/api.w.org\/{rel}","templated":true}]}}