{"id":4440,"date":"2024-03-13T14:10:38","date_gmt":"2024-03-13T13:10:38","guid":{"rendered":"https:\/\/pulse-beziers.fr\/?p=4440"},"modified":"2024-03-13T14:20:35","modified_gmt":"2024-03-13T13:20:35","slug":"foirissime-de-beziers-un-rendez-vous-a-ne-pas-manquer","status":"publish","type":"post","link":"https:\/\/pulse-beziers.fr\/index.php\/2024\/03\/13\/foirissime-de-beziers-un-rendez-vous-a-ne-pas-manquer\/","title":{"rendered":"Foir\u2019Issime de B\u00e9ziers\u00a0: un rendez-vous \u00e0 ne pas manquer\u00a0!"},"content":{"rendered":"\t\t<div data-elementor-type=\"wp-post\" data-elementor-id=\"4440\" class=\"elementor elementor-4440\">\n\t\t\t\t\t\t<section class=\"elementor-section elementor-top-section elementor-element elementor-element-48b0bfd elementor-section-boxed elementor-section-height-default elementor-section-height-default\" data-id=\"48b0bfd\" data-element_type=\"section\" data-e-type=\"section\">\n\t\t\t\t\t\t<div class=\"elementor-container elementor-column-gap-default\">\n\t\t\t\t\t<div class=\"elementor-column elementor-col-100 elementor-top-column elementor-element elementor-element-b329ed3\" data-id=\"b329ed3\" data-element_type=\"column\" data-e-type=\"column\">\n\t\t\t<div class=\"elementor-widget-wrap elementor-element-populated\">\n\t\t\t\t\t\t<div class=\"elementor-element elementor-element-686a4b2 elementor-widget__width-initial elementor-widget elementor-widget-text-editor\" data-id=\"686a4b2\" data-element_type=\"widget\" data-e-type=\"widget\" data-widget_type=\"text-editor.default\">\n\t\t\t\t<div class=\"elementor-widget-container\">\n\t\t\t\t\t\t\t\t\t<p class=\"x_MsoNormal\"><b>Foir\u2019Issime de B\u00e9ziers\u00a0: un rendez-vous \u00e0 ne pas manquer\u00a0!<\/b><\/p><p class=\"x_MsoNormal\">La foire de B\u00e9ziers aura lieu du 21 au 24 mars 2024 au Parc des Expositions avec notamment le salon de l\u2019immobilier qui en fait le rendez-vous de tous les promoteurs de la r\u00e9gion\u00a0!<\/p><p class=\"x_MsoNormal\">P\u00f4le Loisirs, tourisme et sport, d\u00e9fil\u00e9 d\u2019animaux tot\u00e9miques, espace guinguette exotique, espace bien-\u00eatre, espace habitat, r\u00e9novation \u00e9co-responsable et \u00e9co-\u00e9nergie\u2026<\/p><p>De nombreuses animations autour de la nature et de l\u2019environnement seront propos\u00e9es aux visiteurs : expositions sur les \u00e9nergies renouvelables, ateliers et conf\u00e9rences sur la conservation de la nature, march\u00e9 de produits bio et locaux, exposition-vente d\u2019articles \u00e9cologiques\u2026<\/p><p class=\"x_MsoNormal\">Plus de 10\u00a0000 visiteurs et 150 exposants au rendez-vous de cette nouvelle \u00e9dition qui promet d\u2019\u00eatre un succ\u00e8s\u00a0!<\/p><p>\ud83d\udcc5\u00a0<b>Dates :<\/b>\u00a0jeudi 21 au dimanche 24 mars 2024<br aria-hidden=\"true\" \/>\ud83d\udd52\u00a0<b>Horaires :<\/b>\u00a0jeudi, vendredi et samedi de 10h-20h nocturnes 20h-23h sur l\u2019espace guinguette et dimanche 10h-18h.<br aria-hidden=\"true\" \/>\ud83d\udccd\u00a0<b>Lieu :<\/b>\u00a0Parc des Exposi<b>tion<\/b>s de B\u00e9ziers<br aria-hidden=\"true\" \/><b>\u2714<\/b><b>\u00a0Entr\u00e9e gratuite<\/b><\/p><p aria-hidden=\"true\"><a href=\"https:\/\/www.calameo.com\/books\/00313723544c21c60e9c6\">Voir le programme<\/a><\/p>\t\t\t\t\t\t\t\t<\/div>\n\t\t\t\t<\/div>\n\t\t\t\t\t<\/div>\n\t\t<\/div>\n\t\t\t\t\t<\/div>\n\t\t<\/section>\n\t\t\t\t<\/div>\n\t\t","protected":false},"excerpt":{"rendered":"<p>Foir\u2019Issime de B\u00e9ziers\u00a0: un rendez-vous \u00e0 ne pas manquer\u00a0! La foire de B\u00e9ziers aura lieu du 21 au 24 mars 2024 au Parc des Expositions avec notamment le salon de l\u2019immobilier qui en fait le rendez-vous de tous les promoteurs de la r\u00e9gion\u00a0! P\u00f4le Loisirs, tourisme et sport, d\u00e9fil\u00e9 d\u2019animaux tot\u00e9miques, espace guinguette exotique, espace [&hellip;]<\/p>\n","protected":false},"author":1,"featured_media":4441,"comment_status":"closed","ping_status":"closed","sticky":false,"template":"","format":"standard","meta":{"_jetpack_memberships_contains_paid_content":false,"footnotes":""},"categories":[4],"tags":[],"class_list":["post-4440","post","type-post","status-publish","format-standard","has-post-thumbnail","hentry","category-evenement"],"yoast_head":"<!-- This site is optimized with the Yoast SEO plugin v27.3 - https:\/\/yoast.com\/product\/yoast-seo-wordpress\/ -->\n<title>Foir\u2019Issime de B\u00e9ziers\u00a0: un rendez-vous \u00e0 ne pas manquer\u00a0! - PULSE<\/title>\n<meta name=\"robots\" content=\"index, follow, max-snippet:-1, max-image-preview:large, max-video-preview:-1\" \/>\n<link rel=\"canonical\" href=\"https:\/\/pulse-beziers.fr\/index.php\/2024\/03\/13\/foirissime-de-beziers-un-rendez-vous-a-ne-pas-manquer\/\" \/>\n<meta property=\"og:locale\" content=\"fr_FR\" \/>\n<meta property=\"og:type\" content=\"article\" \/>\n<meta property=\"og:title\" content=\"Foir\u2019Issime de B\u00e9ziers\u00a0: un rendez-vous \u00e0 ne pas manquer\u00a0! - PULSE\" \/>\n<meta property=\"og:description\" content=\"Foir\u2019Issime de B\u00e9ziers\u00a0: un rendez-vous \u00e0 ne pas manquer\u00a0! La foire de B\u00e9ziers aura lieu du 21 au 24 mars 2024 au Parc des Expositions avec notamment le salon de l\u2019immobilier qui en fait le rendez-vous de tous les promoteurs de la r\u00e9gion\u00a0! P\u00f4le Loisirs, tourisme et sport, d\u00e9fil\u00e9 d\u2019animaux tot\u00e9miques, espace guinguette exotique, espace [&hellip;]\" \/>\n<meta property=\"og:url\" content=\"https:\/\/pulse-beziers.fr\/index.php\/2024\/03\/13\/foirissime-de-beziers-un-rendez-vous-a-ne-pas-manquer\/\" \/>\n<meta property=\"og:site_name\" content=\"PULSE\" \/>\n<meta property=\"article:published_time\" content=\"2024-03-13T13:10:38+00:00\" \/>\n<meta property=\"article:modified_time\" content=\"2024-03-13T13:20:35+00:00\" \/>\n<meta property=\"og:image\" content=\"https:\/\/pulse-beziers.fr\/wp-content\/uploads\/2024\/03\/Foire-Beziers-2024.jpg\" \/>\n\t<meta property=\"og:image:width\" content=\"800\" \/>\n\t<meta property=\"og:image:height\" content=\"800\" \/>\n\t<meta property=\"og:image:type\" content=\"image\/jpeg\" \/>\n<meta name=\"author\" content=\"admin2231\" \/>\n<meta name=\"twitter:card\" content=\"summary_large_image\" \/>\n<meta name=\"twitter:label1\" content=\"\u00c9crit par\" \/>\n\t<meta name=\"twitter:data1\" content=\"admin2231\" \/>\n\t<meta name=\"twitter:label2\" content=\"Dur\u00e9e de lecture estim\u00e9e\" \/>\n\t<meta name=\"twitter:data2\" content=\"2 minutes\" \/>\n<script type=\"application\/ld+json\" class=\"yoast-schema-graph\">{\"@context\":\"https:\\\/\\\/schema.org\",\"@graph\":[{\"@type\":\"Article\",\"@id\":\"https:\\\/\\\/pulse-beziers.fr\\\/index.php\\\/2024\\\/03\\\/13\\\/foirissime-de-beziers-un-rendez-vous-a-ne-pas-manquer\\\/#article\",\"isPartOf\":{\"@id\":\"https:\\\/\\\/pulse-beziers.fr\\\/index.php\\\/2024\\\/03\\\/13\\\/foirissime-de-beziers-un-rendez-vous-a-ne-pas-manquer\\\/\"},\"author\":{\"name\":\"admin2231\",\"@id\":\"https:\\\/\\\/pulse-beziers.fr\\\/#\\\/schema\\\/person\\\/e342ddedadbd0064dde1b874b20c4298\"},\"headline\":\"Foir\u2019Issime de B\u00e9ziers\u00a0: un rendez-vous \u00e0 ne pas manquer\u00a0!\",\"datePublished\":\"2024-03-13T13:10:38+00:00\",\"dateModified\":\"2024-03-13T13:20:35+00:00\",\"mainEntityOfPage\":{\"@id\":\"https:\\\/\\\/pulse-beziers.fr\\\/index.php\\\/2024\\\/03\\\/13\\\/foirissime-de-beziers-un-rendez-vous-a-ne-pas-manquer\\\/\"},\"wordCount\":176,\"publisher\":{\"@id\":\"https:\\\/\\\/pulse-beziers.fr\\\/#organization\"},\"image\":{\"@id\":\"https:\\\/\\\/pulse-beziers.fr\\\/index.php\\\/2024\\\/03\\\/13\\\/foirissime-de-beziers-un-rendez-vous-a-ne-pas-manquer\\\/#primaryimage\"},\"thumbnailUrl\":\"https:\\\/\\\/pulse-beziers.fr\\\/wp-content\\\/uploads\\\/2024\\\/03\\\/Foire-Beziers-2024.jpg\",\"articleSection\":[\"EVENEMENT\"],\"inLanguage\":\"fr-FR\"},{\"@type\":\"WebPage\",\"@id\":\"https:\\\/\\\/pulse-beziers.fr\\\/index.php\\\/2024\\\/03\\\/13\\\/foirissime-de-beziers-un-rendez-vous-a-ne-pas-manquer\\\/\",\"url\":\"https:\\\/\\\/pulse-beziers.fr\\\/index.php\\\/2024\\\/03\\\/13\\\/foirissime-de-beziers-un-rendez-vous-a-ne-pas-manquer\\\/\",\"name\":\"Foir\u2019Issime de B\u00e9ziers\u00a0: un rendez-vous \u00e0 ne pas manquer\u00a0! - PULSE\",\"isPartOf\":{\"@id\":\"https:\\\/\\\/pulse-beziers.fr\\\/#website\"},\"primaryImageOfPage\":{\"@id\":\"https:\\\/\\\/pulse-beziers.fr\\\/index.php\\\/2024\\\/03\\\/13\\\/foirissime-de-beziers-un-rendez-vous-a-ne-pas-manquer\\\/#primaryimage\"},\"image\":{\"@id\":\"https:\\\/\\\/pulse-beziers.fr\\\/index.php\\\/2024\\\/03\\\/13\\\/foirissime-de-beziers-un-rendez-vous-a-ne-pas-manquer\\\/#primaryimage\"},\"thumbnailUrl\":\"https:\\\/\\\/pulse-beziers.fr\\\/wp-content\\\/uploads\\\/2024\\\/03\\\/Foire-Beziers-2024.jpg\",\"datePublished\":\"2024-03-13T13:10:38+00:00\",\"dateModified\":\"2024-03-13T13:20:35+00:00\",\"breadcrumb\":{\"@id\":\"https:\\\/\\\/pulse-beziers.fr\\\/index.php\\\/2024\\\/03\\\/13\\\/foirissime-de-beziers-un-rendez-vous-a-ne-pas-manquer\\\/#breadcrumb\"},\"inLanguage\":\"fr-FR\",\"potentialAction\":[{\"@type\":\"ReadAction\",\"target\":[\"https:\\\/\\\/pulse-beziers.fr\\\/index.php\\\/2024\\\/03\\\/13\\\/foirissime-de-beziers-un-rendez-vous-a-ne-pas-manquer\\\/\"]}]},{\"@type\":\"ImageObject\",\"inLanguage\":\"fr-FR\",\"@id\":\"https:\\\/\\\/pulse-beziers.fr\\\/index.php\\\/2024\\\/03\\\/13\\\/foirissime-de-beziers-un-rendez-vous-a-ne-pas-manquer\\\/#primaryimage\",\"url\":\"https:\\\/\\\/pulse-beziers.fr\\\/wp-content\\\/uploads\\\/2024\\\/03\\\/Foire-Beziers-2024.jpg\",\"contentUrl\":\"https:\\\/\\\/pulse-beziers.fr\\\/wp-content\\\/uploads\\\/2024\\\/03\\\/Foire-Beziers-2024.jpg\",\"width\":800,\"height\":800},{\"@type\":\"BreadcrumbList\",\"@id\":\"https:\\\/\\\/pulse-beziers.fr\\\/index.php\\\/2024\\\/03\\\/13\\\/foirissime-de-beziers-un-rendez-vous-a-ne-pas-manquer\\\/#breadcrumb\",\"itemListElement\":[{\"@type\":\"ListItem\",\"position\":1,\"name\":\"Accueil\",\"item\":\"https:\\\/\\\/pulse-beziers.fr\\\/\"},{\"@type\":\"ListItem\",\"position\":2,\"name\":\"Foir\u2019Issime de B\u00e9ziers\u00a0: un rendez-vous \u00e0 ne pas manquer\u00a0!\"}]},{\"@type\":\"WebSite\",\"@id\":\"https:\\\/\\\/pulse-beziers.fr\\\/#website\",\"url\":\"https:\\\/\\\/pulse-beziers.fr\\\/\",\"name\":\"PULSE\",\"description\":\"B\u00e9ziers M\u00e9diterran\u00e9e\",\"publisher\":{\"@id\":\"https:\\\/\\\/pulse-beziers.fr\\\/#organization\"},\"potentialAction\":[{\"@type\":\"SearchAction\",\"target\":{\"@type\":\"EntryPoint\",\"urlTemplate\":\"https:\\\/\\\/pulse-beziers.fr\\\/?s={search_term_string}\"},\"query-input\":{\"@type\":\"PropertyValueSpecification\",\"valueRequired\":true,\"valueName\":\"search_term_string\"}}],\"inLanguage\":\"fr-FR\"},{\"@type\":\"Organization\",\"@id\":\"https:\\\/\\\/pulse-beziers.fr\\\/#organization\",\"name\":\"PULSE\",\"url\":\"https:\\\/\\\/pulse-beziers.fr\\\/\",\"logo\":{\"@type\":\"ImageObject\",\"inLanguage\":\"fr-FR\",\"@id\":\"https:\\\/\\\/pulse-beziers.fr\\\/#\\\/schema\\\/logo\\\/image\\\/\",\"url\":\"https:\\\/\\\/pulse-beziers.fr\\\/wp-content\\\/uploads\\\/2023\\\/10\\\/PULSE_OK.png\",\"contentUrl\":\"https:\\\/\\\/pulse-beziers.fr\\\/wp-content\\\/uploads\\\/2023\\\/10\\\/PULSE_OK.png\",\"width\":1490,\"height\":506,\"caption\":\"PULSE\"},\"image\":{\"@id\":\"https:\\\/\\\/pulse-beziers.fr\\\/#\\\/schema\\\/logo\\\/image\\\/\"}},{\"@type\":\"Person\",\"@id\":\"https:\\\/\\\/pulse-beziers.fr\\\/#\\\/schema\\\/person\\\/e342ddedadbd0064dde1b874b20c4298\",\"name\":\"admin2231\",\"image\":{\"@type\":\"ImageObject\",\"inLanguage\":\"fr-FR\",\"@id\":\"https:\\\/\\\/secure.gravatar.com\\\/avatar\\\/96a2c1e3e2c27fce1f5c62307e8ca30c2ba438c7c21107033e27326b15d2f2ec?s=96&d=mm&r=g\",\"url\":\"https:\\\/\\\/secure.gravatar.com\\\/avatar\\\/96a2c1e3e2c27fce1f5c62307e8ca30c2ba438c7c21107033e27326b15d2f2ec?s=96&d=mm&r=g\",\"contentUrl\":\"https:\\\/\\\/secure.gravatar.com\\\/avatar\\\/96a2c1e3e2c27fce1f5c62307e8ca30c2ba438c7c21107033e27326b15d2f2ec?s=96&d=mm&r=g\",\"caption\":\"admin2231\"},\"sameAs\":[\"http:\\\/\\\/pulse-beziers.fr\"],\"url\":\"https:\\\/\\\/pulse-beziers.fr\\\/index.php\\\/author\\\/admin2231\\\/\"}]}<\/script>\n<!-- \/ Yoast SEO plugin. -->","yoast_head_json":{"title":"Foir\u2019Issime de B\u00e9ziers\u00a0: un rendez-vous \u00e0 ne pas manquer\u00a0! - PULSE","robots":{"index":"index","follow":"follow","max-snippet":"max-snippet:-1","max-image-preview":"max-image-preview:large","max-video-preview":"max-video-preview:-1"},"canonical":"https:\/\/pulse-beziers.fr\/index.php\/2024\/03\/13\/foirissime-de-beziers-un-rendez-vous-a-ne-pas-manquer\/","og_locale":"fr_FR","og_type":"article","og_title":"Foir\u2019Issime de B\u00e9ziers\u00a0: un rendez-vous \u00e0 ne pas manquer\u00a0! - PULSE","og_description":"Foir\u2019Issime de B\u00e9ziers\u00a0: un rendez-vous \u00e0 ne pas manquer\u00a0! La foire de B\u00e9ziers aura lieu du 21 au 24 mars 2024 au Parc des Expositions avec notamment le salon de l\u2019immobilier qui en fait le rendez-vous de tous les promoteurs de la r\u00e9gion\u00a0! P\u00f4le Loisirs, tourisme et sport, d\u00e9fil\u00e9 d\u2019animaux tot\u00e9miques, espace guinguette exotique, espace [&hellip;]","og_url":"https:\/\/pulse-beziers.fr\/index.php\/2024\/03\/13\/foirissime-de-beziers-un-rendez-vous-a-ne-pas-manquer\/","og_site_name":"PULSE","article_published_time":"2024-03-13T13:10:38+00:00","article_modified_time":"2024-03-13T13:20:35+00:00","og_image":[{"width":800,"height":800,"url":"https:\/\/pulse-beziers.fr\/wp-content\/uploads\/2024\/03\/Foire-Beziers-2024.jpg","type":"image\/jpeg"}],"author":"admin2231","twitter_card":"summary_large_image","twitter_misc":{"\u00c9crit par":"admin2231","Dur\u00e9e de lecture estim\u00e9e":"2 minutes"},"schema":{"@context":"https:\/\/schema.org","@graph":[{"@type":"Article","@id":"https:\/\/pulse-beziers.fr\/index.php\/2024\/03\/13\/foirissime-de-beziers-un-rendez-vous-a-ne-pas-manquer\/#article","isPartOf":{"@id":"https:\/\/pulse-beziers.fr\/index.php\/2024\/03\/13\/foirissime-de-beziers-un-rendez-vous-a-ne-pas-manquer\/"},"author":{"name":"admin2231","@id":"https:\/\/pulse-beziers.fr\/#\/schema\/person\/e342ddedadbd0064dde1b874b20c4298"},"headline":"Foir\u2019Issime de B\u00e9ziers\u00a0: un rendez-vous \u00e0 ne pas manquer\u00a0!","datePublished":"2024-03-13T13:10:38+00:00","dateModified":"2024-03-13T13:20:35+00:00","mainEntityOfPage":{"@id":"https:\/\/pulse-beziers.fr\/index.php\/2024\/03\/13\/foirissime-de-beziers-un-rendez-vous-a-ne-pas-manquer\/"},"wordCount":176,"publisher":{"@id":"https:\/\/pulse-beziers.fr\/#organization"},"image":{"@id":"https:\/\/pulse-beziers.fr\/index.php\/2024\/03\/13\/foirissime-de-beziers-un-rendez-vous-a-ne-pas-manquer\/#primaryimage"},"thumbnailUrl":"https:\/\/pulse-beziers.fr\/wp-content\/uploads\/2024\/03\/Foire-Beziers-2024.jpg","articleSection":["EVENEMENT"],"inLanguage":"fr-FR"},{"@type":"WebPage","@id":"https:\/\/pulse-beziers.fr\/index.php\/2024\/03\/13\/foirissime-de-beziers-un-rendez-vous-a-ne-pas-manquer\/","url":"https:\/\/pulse-beziers.fr\/index.php\/2024\/03\/13\/foirissime-de-beziers-un-rendez-vous-a-ne-pas-manquer\/","name":"Foir\u2019Issime de B\u00e9ziers\u00a0: un rendez-vous \u00e0 ne pas manquer\u00a0! - PULSE","isPartOf":{"@id":"https:\/\/pulse-beziers.fr\/#website"},"primaryImageOfPage":{"@id":"https:\/\/pulse-beziers.fr\/index.php\/2024\/03\/13\/foirissime-de-beziers-un-rendez-vous-a-ne-pas-manquer\/#primaryimage"},"image":{"@id":"https:\/\/pulse-beziers.fr\/index.php\/2024\/03\/13\/foirissime-de-beziers-un-rendez-vous-a-ne-pas-manquer\/#primaryimage"},"thumbnailUrl":"https:\/\/pulse-beziers.fr\/wp-content\/uploads\/2024\/03\/Foire-Beziers-2024.jpg","datePublished":"2024-03-13T13:10:38+00:00","dateModified":"2024-03-13T13:20:35+00:00","breadcrumb":{"@id":"https:\/\/pulse-beziers.fr\/index.php\/2024\/03\/13\/foirissime-de-beziers-un-rendez-vous-a-ne-pas-manquer\/#breadcrumb"},"inLanguage":"fr-FR","potentialAction":[{"@type":"ReadAction","target":["https:\/\/pulse-beziers.fr\/index.php\/2024\/03\/13\/foirissime-de-beziers-un-rendez-vous-a-ne-pas-manquer\/"]}]},{"@type":"ImageObject","inLanguage":"fr-FR","@id":"https:\/\/pulse-beziers.fr\/index.php\/2024\/03\/13\/foirissime-de-beziers-un-rendez-vous-a-ne-pas-manquer\/#primaryimage","url":"https:\/\/pulse-beziers.fr\/wp-content\/uploads\/2024\/03\/Foire-Beziers-2024.jpg","contentUrl":"https:\/\/pulse-beziers.fr\/wp-content\/uploads\/2024\/03\/Foire-Beziers-2024.jpg","width":800,"height":800},{"@type":"BreadcrumbList","@id":"https:\/\/pulse-beziers.fr\/index.php\/2024\/03\/13\/foirissime-de-beziers-un-rendez-vous-a-ne-pas-manquer\/#breadcrumb","itemListElement":[{"@type":"ListItem","position":1,"name":"Accueil","item":"https:\/\/pulse-beziers.fr\/"},{"@type":"ListItem","position":2,"name":"Foir\u2019Issime de B\u00e9ziers\u00a0: un rendez-vous \u00e0 ne pas manquer\u00a0!"}]},{"@type":"WebSite","@id":"https:\/\/pulse-beziers.fr\/#website","url":"https:\/\/pulse-beziers.fr\/","name":"PULSE","description":"B\u00e9ziers M\u00e9diterran\u00e9e","publisher":{"@id":"https:\/\/pulse-beziers.fr\/#organization"},"potentialAction":[{"@type":"SearchAction","target":{"@type":"EntryPoint","urlTemplate":"https:\/\/pulse-beziers.fr\/?s={search_term_string}"},"query-input":{"@type":"PropertyValueSpecification","valueRequired":true,"valueName":"search_term_string"}}],"inLanguage":"fr-FR"},{"@type":"Organization","@id":"https:\/\/pulse-beziers.fr\/#organization","name":"PULSE","url":"https:\/\/pulse-beziers.fr\/","logo":{"@type":"ImageObject","inLanguage":"fr-FR","@id":"https:\/\/pulse-beziers.fr\/#\/schema\/logo\/image\/","url":"https:\/\/pulse-beziers.fr\/wp-content\/uploads\/2023\/10\/PULSE_OK.png","contentUrl":"https:\/\/pulse-beziers.fr\/wp-content\/uploads\/2023\/10\/PULSE_OK.png","width":1490,"height":506,"caption":"PULSE"},"image":{"@id":"https:\/\/pulse-beziers.fr\/#\/schema\/logo\/image\/"}},{"@type":"Person","@id":"https:\/\/pulse-beziers.fr\/#\/schema\/person\/e342ddedadbd0064dde1b874b20c4298","name":"admin2231","image":{"@type":"ImageObject","inLanguage":"fr-FR","@id":"https:\/\/secure.gravatar.com\/avatar\/96a2c1e3e2c27fce1f5c62307e8ca30c2ba438c7c21107033e27326b15d2f2ec?s=96&d=mm&r=g","url":"https:\/\/secure.gravatar.com\/avatar\/96a2c1e3e2c27fce1f5c62307e8ca30c2ba438c7c21107033e27326b15d2f2ec?s=96&d=mm&r=g","contentUrl":"https:\/\/secure.gravatar.com\/avatar\/96a2c1e3e2c27fce1f5c62307e8ca30c2ba438c7c21107033e27326b15d2f2ec?s=96&d=mm&r=g","caption":"admin2231"},"sameAs":["http:\/\/pulse-beziers.fr"],"url":"https:\/\/pulse-beziers.fr\/index.php\/author\/admin2231\/"}]}},"jetpack_featured_media_url":"https:\/\/pulse-beziers.fr\/wp-content\/uploads\/2024\/03\/Foire-Beziers-2024.jpg","jetpack_sharing_enabled":true,"_links":{"self":[{"href":"https:\/\/pulse-beziers.fr\/index.php\/wp-json\/wp\/v2\/posts\/4440","targetHints":{"allow":["GET"]}}],"collection":[{"href":"https:\/\/pulse-beziers.fr\/index.php\/wp-json\/wp\/v2\/posts"}],"about":[{"href":"https:\/\/pulse-beziers.fr\/index.php\/wp-json\/wp\/v2\/types\/post"}],"author":[{"embeddable":true,"href":"https:\/\/pulse-beziers.fr\/index.php\/wp-json\/wp\/v2\/users\/1"}],"replies":[{"embeddable":true,"href":"https:\/\/pulse-beziers.fr\/index.php\/wp-json\/wp\/v2\/comments?post=4440"}],"version-history":[{"count":10,"href":"https:\/\/pulse-beziers.fr\/index.php\/wp-json\/wp\/v2\/posts\/4440\/revisions"}],"predecessor-version":[{"id":4452,"href":"https:\/\/pulse-beziers.fr\/index.php\/wp-json\/wp\/v2\/posts\/4440\/revisions\/4452"}],"wp:featuredmedia":[{"embeddable":true,"href":"https:\/\/pulse-beziers.fr\/index.php\/wp-json\/wp\/v2\/media\/4441"}],"wp:attachment":[{"href":"https:\/\/pulse-beziers.fr\/index.php\/wp-json\/wp\/v2\/media?parent=4440"}],"wp:term":[{"taxonomy":"category","embeddable":true,"href":"https:\/\/pulse-beziers.fr\/index.php\/wp-json\/wp\/v2\/categories?post=4440"},{"taxonomy":"post_tag","embeddable":true,"href":"https:\/\/pulse-beziers.fr\/index.php\/wp-json\/wp\/v2\/tags?post=4440"}],"curies":[{"name":"wp","href":"https:\/\/api.w.org\/{rel}","templated":true}]}}