{"id":4459,"date":"2024-03-18T11:36:32","date_gmt":"2024-03-18T10:36:32","guid":{"rendered":"https:\/\/pulse-beziers.fr\/?p=4459"},"modified":"2024-03-18T11:36:34","modified_gmt":"2024-03-18T10:36:34","slug":"participez-a-la-1ere-matinale-de-pulse","status":"publish","type":"post","link":"https:\/\/pulse-beziers.fr\/index.php\/2024\/03\/18\/participez-a-la-1ere-matinale-de-pulse\/","title":{"rendered":"Participez \u00e0 la 1\u00e8re\u00a0Matinale de PULSE\u00a0"},"content":{"rendered":"\n<p>PULSE lance ses matinales, un rendez-vous business pour rencontrer les entreprises et cr\u00e9er de l\u2019\u00e9change sur un format petit-d\u00e9jeuner th\u00e9matique.<\/p>\n\n\n\n<p>La 1<sup>\u00e8re<\/sup>&nbsp;\u00e9dition des Matinales est d\u00e9di\u00e9e aux \u00ab&nbsp;<strong>Cr\u00e9ateurs d\u2019entreprise et start-ups&nbsp;<\/strong>\u00bb, avec au programme&nbsp;plusieurs interventions :<\/p>\n\n\n\n<p>\u2714 La p\u00e9pini\u00e8re INNOVOSUD<\/p>\n\n\n\n<p>\u2714 IBOH \u2013 r\u00e9seau associatif de financement et d\u2019accompagnement des cr\u00e9ateurs d\u2019entreprise<\/p>\n\n\n\n<p>\u2714 Le D\u00e9veloppement Economique de l\u2019Agglo B\u00e9ziers M\u00e9diterran\u00e9e<\/p>\n\n\n\n<p>\u2714 Des g\u00e9rants d\u2019espaces de coworking<\/p>\n\n\n\n<p>Rendez-vous&nbsp;mardi 2 avril 2024 de 8h \u00e0 10h \u00e0 La Cave \u00e0 Manger &#8211; 24 av Jean Foucault \u00e0 B\u00e9ziers.<\/p>\n\n\n\n<p><strong>Pour vous inscrire&nbsp;:&nbsp;<\/strong>&nbsp;<a href=\"https:\/\/fra01.safelinks.protection.outlook.com\/?url=https%3A%2F%2Fstatic.teoola.com%2Fevt-3184-beziersetco%26lg%3Dfr&amp;data=05%7C02%7C%7C231173506b104ee4076908dc47351109%7Cebce2f3723d948cfaf40a0fe0b8b4a3e%7C0%7C0%7C638463540469193458%7CUnknown%7CTWFpbGZsb3d8eyJWIjoiMC4wLjAwMDAiLCJQIjoiV2luMzIiLCJBTiI6Ik1haWwiLCJXVCI6Mn0%3D%7C0%7C%7C%7C&amp;sdata=rxX5F6AWSkFDSW%2BL3UidCYe%2Fpqf%2BM52OXJhkCpHpEQs%3D&amp;reserved=0\" target=\"_blank\" rel=\"noreferrer noopener\">https:\/\/static.teoola.com\/evt-3184-beziersetco&amp;lg=fr<\/a><\/p>\n","protected":false},"excerpt":{"rendered":"<p>PULSE lance ses matinales, un rendez-vous business pour rencontrer les entreprises et cr\u00e9er de l\u2019\u00e9change sur un format petit-d\u00e9jeuner th\u00e9matique. La 1\u00e8re&nbsp;\u00e9dition des Matinales est d\u00e9di\u00e9e aux \u00ab&nbsp;Cr\u00e9ateurs d\u2019entreprise et start-ups&nbsp;\u00bb, avec au programme&nbsp;plusieurs interventions : \u2714 La p\u00e9pini\u00e8re INNOVOSUD \u2714 IBOH \u2013 r\u00e9seau associatif de financement et d\u2019accompagnement des cr\u00e9ateurs d\u2019entreprise \u2714 Le D\u00e9veloppement [&hellip;]<\/p>\n","protected":false},"author":1,"featured_media":4460,"comment_status":"closed","ping_status":"closed","sticky":false,"template":"","format":"standard","meta":{"_jetpack_memberships_contains_paid_content":false,"footnotes":""},"categories":[4],"tags":[],"class_list":["post-4459","post","type-post","status-publish","format-standard","has-post-thumbnail","hentry","category-evenement"],"yoast_head":"<!-- This site is optimized with the Yoast SEO plugin v27.3 - https:\/\/yoast.com\/product\/yoast-seo-wordpress\/ -->\n<title>Participez \u00e0 la 1\u00e8re\u00a0Matinale de PULSE\u00a0 - PULSE<\/title>\n<meta name=\"robots\" content=\"index, follow, max-snippet:-1, max-image-preview:large, max-video-preview:-1\" \/>\n<link rel=\"canonical\" href=\"https:\/\/pulse-beziers.fr\/index.php\/2024\/03\/18\/participez-a-la-1ere-matinale-de-pulse\/\" \/>\n<meta property=\"og:locale\" content=\"fr_FR\" \/>\n<meta property=\"og:type\" content=\"article\" \/>\n<meta property=\"og:title\" content=\"Participez \u00e0 la 1\u00e8re\u00a0Matinale de PULSE\u00a0 - PULSE\" \/>\n<meta property=\"og:description\" content=\"PULSE lance ses matinales, un rendez-vous business pour rencontrer les entreprises et cr\u00e9er de l\u2019\u00e9change sur un format petit-d\u00e9jeuner th\u00e9matique. La 1\u00e8re&nbsp;\u00e9dition des Matinales est d\u00e9di\u00e9e aux \u00ab&nbsp;Cr\u00e9ateurs d\u2019entreprise et start-ups&nbsp;\u00bb, avec au programme&nbsp;plusieurs interventions : \u2714 La p\u00e9pini\u00e8re INNOVOSUD \u2714 IBOH \u2013 r\u00e9seau associatif de financement et d\u2019accompagnement des cr\u00e9ateurs d\u2019entreprise \u2714 Le D\u00e9veloppement [&hellip;]\" \/>\n<meta property=\"og:url\" content=\"https:\/\/pulse-beziers.fr\/index.php\/2024\/03\/18\/participez-a-la-1ere-matinale-de-pulse\/\" \/>\n<meta property=\"og:site_name\" content=\"PULSE\" \/>\n<meta property=\"article:published_time\" content=\"2024-03-18T10:36:32+00:00\" \/>\n<meta property=\"article:modified_time\" content=\"2024-03-18T10:36:34+00:00\" \/>\n<meta property=\"og:image\" content=\"https:\/\/pulse-beziers.fr\/wp-content\/uploads\/2024\/03\/thumbnail_visuel-site-PULSE-matinales_1.jpg\" \/>\n\t<meta property=\"og:image:width\" content=\"1500\" \/>\n\t<meta property=\"og:image:height\" content=\"1000\" \/>\n\t<meta property=\"og:image:type\" content=\"image\/jpeg\" \/>\n<meta name=\"author\" content=\"admin2231\" \/>\n<meta name=\"twitter:card\" content=\"summary_large_image\" \/>\n<meta name=\"twitter:label1\" content=\"\u00c9crit par\" \/>\n\t<meta name=\"twitter:data1\" content=\"admin2231\" \/>\n\t<meta name=\"twitter:label2\" content=\"Dur\u00e9e de lecture estim\u00e9e\" \/>\n\t<meta name=\"twitter:data2\" content=\"1 minute\" \/>\n<script type=\"application\/ld+json\" class=\"yoast-schema-graph\">{\"@context\":\"https:\\\/\\\/schema.org\",\"@graph\":[{\"@type\":\"Article\",\"@id\":\"https:\\\/\\\/pulse-beziers.fr\\\/index.php\\\/2024\\\/03\\\/18\\\/participez-a-la-1ere-matinale-de-pulse\\\/#article\",\"isPartOf\":{\"@id\":\"https:\\\/\\\/pulse-beziers.fr\\\/index.php\\\/2024\\\/03\\\/18\\\/participez-a-la-1ere-matinale-de-pulse\\\/\"},\"author\":{\"name\":\"admin2231\",\"@id\":\"https:\\\/\\\/pulse-beziers.fr\\\/#\\\/schema\\\/person\\\/e342ddedadbd0064dde1b874b20c4298\"},\"headline\":\"Participez \u00e0 la 1\u00e8re\u00a0Matinale de PULSE\u00a0\",\"datePublished\":\"2024-03-18T10:36:32+00:00\",\"dateModified\":\"2024-03-18T10:36:34+00:00\",\"mainEntityOfPage\":{\"@id\":\"https:\\\/\\\/pulse-beziers.fr\\\/index.php\\\/2024\\\/03\\\/18\\\/participez-a-la-1ere-matinale-de-pulse\\\/\"},\"wordCount\":124,\"publisher\":{\"@id\":\"https:\\\/\\\/pulse-beziers.fr\\\/#organization\"},\"image\":{\"@id\":\"https:\\\/\\\/pulse-beziers.fr\\\/index.php\\\/2024\\\/03\\\/18\\\/participez-a-la-1ere-matinale-de-pulse\\\/#primaryimage\"},\"thumbnailUrl\":\"https:\\\/\\\/pulse-beziers.fr\\\/wp-content\\\/uploads\\\/2024\\\/03\\\/thumbnail_visuel-site-PULSE-matinales_1.jpg\",\"articleSection\":[\"EVENEMENT\"],\"inLanguage\":\"fr-FR\"},{\"@type\":\"WebPage\",\"@id\":\"https:\\\/\\\/pulse-beziers.fr\\\/index.php\\\/2024\\\/03\\\/18\\\/participez-a-la-1ere-matinale-de-pulse\\\/\",\"url\":\"https:\\\/\\\/pulse-beziers.fr\\\/index.php\\\/2024\\\/03\\\/18\\\/participez-a-la-1ere-matinale-de-pulse\\\/\",\"name\":\"Participez \u00e0 la 1\u00e8re\u00a0Matinale de PULSE\u00a0 - PULSE\",\"isPartOf\":{\"@id\":\"https:\\\/\\\/pulse-beziers.fr\\\/#website\"},\"primaryImageOfPage\":{\"@id\":\"https:\\\/\\\/pulse-beziers.fr\\\/index.php\\\/2024\\\/03\\\/18\\\/participez-a-la-1ere-matinale-de-pulse\\\/#primaryimage\"},\"image\":{\"@id\":\"https:\\\/\\\/pulse-beziers.fr\\\/index.php\\\/2024\\\/03\\\/18\\\/participez-a-la-1ere-matinale-de-pulse\\\/#primaryimage\"},\"thumbnailUrl\":\"https:\\\/\\\/pulse-beziers.fr\\\/wp-content\\\/uploads\\\/2024\\\/03\\\/thumbnail_visuel-site-PULSE-matinales_1.jpg\",\"datePublished\":\"2024-03-18T10:36:32+00:00\",\"dateModified\":\"2024-03-18T10:36:34+00:00\",\"breadcrumb\":{\"@id\":\"https:\\\/\\\/pulse-beziers.fr\\\/index.php\\\/2024\\\/03\\\/18\\\/participez-a-la-1ere-matinale-de-pulse\\\/#breadcrumb\"},\"inLanguage\":\"fr-FR\",\"potentialAction\":[{\"@type\":\"ReadAction\",\"target\":[\"https:\\\/\\\/pulse-beziers.fr\\\/index.php\\\/2024\\\/03\\\/18\\\/participez-a-la-1ere-matinale-de-pulse\\\/\"]}]},{\"@type\":\"ImageObject\",\"inLanguage\":\"fr-FR\",\"@id\":\"https:\\\/\\\/pulse-beziers.fr\\\/index.php\\\/2024\\\/03\\\/18\\\/participez-a-la-1ere-matinale-de-pulse\\\/#primaryimage\",\"url\":\"https:\\\/\\\/pulse-beziers.fr\\\/wp-content\\\/uploads\\\/2024\\\/03\\\/thumbnail_visuel-site-PULSE-matinales_1.jpg\",\"contentUrl\":\"https:\\\/\\\/pulse-beziers.fr\\\/wp-content\\\/uploads\\\/2024\\\/03\\\/thumbnail_visuel-site-PULSE-matinales_1.jpg\",\"width\":1500,\"height\":1000},{\"@type\":\"BreadcrumbList\",\"@id\":\"https:\\\/\\\/pulse-beziers.fr\\\/index.php\\\/2024\\\/03\\\/18\\\/participez-a-la-1ere-matinale-de-pulse\\\/#breadcrumb\",\"itemListElement\":[{\"@type\":\"ListItem\",\"position\":1,\"name\":\"Accueil\",\"item\":\"https:\\\/\\\/pulse-beziers.fr\\\/\"},{\"@type\":\"ListItem\",\"position\":2,\"name\":\"Participez \u00e0 la 1\u00e8re\u00a0Matinale de PULSE\u00a0\"}]},{\"@type\":\"WebSite\",\"@id\":\"https:\\\/\\\/pulse-beziers.fr\\\/#website\",\"url\":\"https:\\\/\\\/pulse-beziers.fr\\\/\",\"name\":\"PULSE\",\"description\":\"B\u00e9ziers M\u00e9diterran\u00e9e\",\"publisher\":{\"@id\":\"https:\\\/\\\/pulse-beziers.fr\\\/#organization\"},\"potentialAction\":[{\"@type\":\"SearchAction\",\"target\":{\"@type\":\"EntryPoint\",\"urlTemplate\":\"https:\\\/\\\/pulse-beziers.fr\\\/?s={search_term_string}\"},\"query-input\":{\"@type\":\"PropertyValueSpecification\",\"valueRequired\":true,\"valueName\":\"search_term_string\"}}],\"inLanguage\":\"fr-FR\"},{\"@type\":\"Organization\",\"@id\":\"https:\\\/\\\/pulse-beziers.fr\\\/#organization\",\"name\":\"PULSE\",\"url\":\"https:\\\/\\\/pulse-beziers.fr\\\/\",\"logo\":{\"@type\":\"ImageObject\",\"inLanguage\":\"fr-FR\",\"@id\":\"https:\\\/\\\/pulse-beziers.fr\\\/#\\\/schema\\\/logo\\\/image\\\/\",\"url\":\"https:\\\/\\\/pulse-beziers.fr\\\/wp-content\\\/uploads\\\/2023\\\/10\\\/PULSE_OK.png\",\"contentUrl\":\"https:\\\/\\\/pulse-beziers.fr\\\/wp-content\\\/uploads\\\/2023\\\/10\\\/PULSE_OK.png\",\"width\":1490,\"height\":506,\"caption\":\"PULSE\"},\"image\":{\"@id\":\"https:\\\/\\\/pulse-beziers.fr\\\/#\\\/schema\\\/logo\\\/image\\\/\"}},{\"@type\":\"Person\",\"@id\":\"https:\\\/\\\/pulse-beziers.fr\\\/#\\\/schema\\\/person\\\/e342ddedadbd0064dde1b874b20c4298\",\"name\":\"admin2231\",\"image\":{\"@type\":\"ImageObject\",\"inLanguage\":\"fr-FR\",\"@id\":\"https:\\\/\\\/secure.gravatar.com\\\/avatar\\\/96a2c1e3e2c27fce1f5c62307e8ca30c2ba438c7c21107033e27326b15d2f2ec?s=96&d=mm&r=g\",\"url\":\"https:\\\/\\\/secure.gravatar.com\\\/avatar\\\/96a2c1e3e2c27fce1f5c62307e8ca30c2ba438c7c21107033e27326b15d2f2ec?s=96&d=mm&r=g\",\"contentUrl\":\"https:\\\/\\\/secure.gravatar.com\\\/avatar\\\/96a2c1e3e2c27fce1f5c62307e8ca30c2ba438c7c21107033e27326b15d2f2ec?s=96&d=mm&r=g\",\"caption\":\"admin2231\"},\"sameAs\":[\"http:\\\/\\\/pulse-beziers.fr\"],\"url\":\"https:\\\/\\\/pulse-beziers.fr\\\/index.php\\\/author\\\/admin2231\\\/\"}]}<\/script>\n<!-- \/ Yoast SEO plugin. -->","yoast_head_json":{"title":"Participez \u00e0 la 1\u00e8re\u00a0Matinale de PULSE\u00a0 - PULSE","robots":{"index":"index","follow":"follow","max-snippet":"max-snippet:-1","max-image-preview":"max-image-preview:large","max-video-preview":"max-video-preview:-1"},"canonical":"https:\/\/pulse-beziers.fr\/index.php\/2024\/03\/18\/participez-a-la-1ere-matinale-de-pulse\/","og_locale":"fr_FR","og_type":"article","og_title":"Participez \u00e0 la 1\u00e8re\u00a0Matinale de PULSE\u00a0 - PULSE","og_description":"PULSE lance ses matinales, un rendez-vous business pour rencontrer les entreprises et cr\u00e9er de l\u2019\u00e9change sur un format petit-d\u00e9jeuner th\u00e9matique. La 1\u00e8re&nbsp;\u00e9dition des Matinales est d\u00e9di\u00e9e aux \u00ab&nbsp;Cr\u00e9ateurs d\u2019entreprise et start-ups&nbsp;\u00bb, avec au programme&nbsp;plusieurs interventions : \u2714 La p\u00e9pini\u00e8re INNOVOSUD \u2714 IBOH \u2013 r\u00e9seau associatif de financement et d\u2019accompagnement des cr\u00e9ateurs d\u2019entreprise \u2714 Le D\u00e9veloppement [&hellip;]","og_url":"https:\/\/pulse-beziers.fr\/index.php\/2024\/03\/18\/participez-a-la-1ere-matinale-de-pulse\/","og_site_name":"PULSE","article_published_time":"2024-03-18T10:36:32+00:00","article_modified_time":"2024-03-18T10:36:34+00:00","og_image":[{"width":1500,"height":1000,"url":"https:\/\/pulse-beziers.fr\/wp-content\/uploads\/2024\/03\/thumbnail_visuel-site-PULSE-matinales_1.jpg","type":"image\/jpeg"}],"author":"admin2231","twitter_card":"summary_large_image","twitter_misc":{"\u00c9crit par":"admin2231","Dur\u00e9e de lecture estim\u00e9e":"1 minute"},"schema":{"@context":"https:\/\/schema.org","@graph":[{"@type":"Article","@id":"https:\/\/pulse-beziers.fr\/index.php\/2024\/03\/18\/participez-a-la-1ere-matinale-de-pulse\/#article","isPartOf":{"@id":"https:\/\/pulse-beziers.fr\/index.php\/2024\/03\/18\/participez-a-la-1ere-matinale-de-pulse\/"},"author":{"name":"admin2231","@id":"https:\/\/pulse-beziers.fr\/#\/schema\/person\/e342ddedadbd0064dde1b874b20c4298"},"headline":"Participez \u00e0 la 1\u00e8re\u00a0Matinale de PULSE\u00a0","datePublished":"2024-03-18T10:36:32+00:00","dateModified":"2024-03-18T10:36:34+00:00","mainEntityOfPage":{"@id":"https:\/\/pulse-beziers.fr\/index.php\/2024\/03\/18\/participez-a-la-1ere-matinale-de-pulse\/"},"wordCount":124,"publisher":{"@id":"https:\/\/pulse-beziers.fr\/#organization"},"image":{"@id":"https:\/\/pulse-beziers.fr\/index.php\/2024\/03\/18\/participez-a-la-1ere-matinale-de-pulse\/#primaryimage"},"thumbnailUrl":"https:\/\/pulse-beziers.fr\/wp-content\/uploads\/2024\/03\/thumbnail_visuel-site-PULSE-matinales_1.jpg","articleSection":["EVENEMENT"],"inLanguage":"fr-FR"},{"@type":"WebPage","@id":"https:\/\/pulse-beziers.fr\/index.php\/2024\/03\/18\/participez-a-la-1ere-matinale-de-pulse\/","url":"https:\/\/pulse-beziers.fr\/index.php\/2024\/03\/18\/participez-a-la-1ere-matinale-de-pulse\/","name":"Participez \u00e0 la 1\u00e8re\u00a0Matinale de PULSE\u00a0 - PULSE","isPartOf":{"@id":"https:\/\/pulse-beziers.fr\/#website"},"primaryImageOfPage":{"@id":"https:\/\/pulse-beziers.fr\/index.php\/2024\/03\/18\/participez-a-la-1ere-matinale-de-pulse\/#primaryimage"},"image":{"@id":"https:\/\/pulse-beziers.fr\/index.php\/2024\/03\/18\/participez-a-la-1ere-matinale-de-pulse\/#primaryimage"},"thumbnailUrl":"https:\/\/pulse-beziers.fr\/wp-content\/uploads\/2024\/03\/thumbnail_visuel-site-PULSE-matinales_1.jpg","datePublished":"2024-03-18T10:36:32+00:00","dateModified":"2024-03-18T10:36:34+00:00","breadcrumb":{"@id":"https:\/\/pulse-beziers.fr\/index.php\/2024\/03\/18\/participez-a-la-1ere-matinale-de-pulse\/#breadcrumb"},"inLanguage":"fr-FR","potentialAction":[{"@type":"ReadAction","target":["https:\/\/pulse-beziers.fr\/index.php\/2024\/03\/18\/participez-a-la-1ere-matinale-de-pulse\/"]}]},{"@type":"ImageObject","inLanguage":"fr-FR","@id":"https:\/\/pulse-beziers.fr\/index.php\/2024\/03\/18\/participez-a-la-1ere-matinale-de-pulse\/#primaryimage","url":"https:\/\/pulse-beziers.fr\/wp-content\/uploads\/2024\/03\/thumbnail_visuel-site-PULSE-matinales_1.jpg","contentUrl":"https:\/\/pulse-beziers.fr\/wp-content\/uploads\/2024\/03\/thumbnail_visuel-site-PULSE-matinales_1.jpg","width":1500,"height":1000},{"@type":"BreadcrumbList","@id":"https:\/\/pulse-beziers.fr\/index.php\/2024\/03\/18\/participez-a-la-1ere-matinale-de-pulse\/#breadcrumb","itemListElement":[{"@type":"ListItem","position":1,"name":"Accueil","item":"https:\/\/pulse-beziers.fr\/"},{"@type":"ListItem","position":2,"name":"Participez \u00e0 la 1\u00e8re\u00a0Matinale de PULSE\u00a0"}]},{"@type":"WebSite","@id":"https:\/\/pulse-beziers.fr\/#website","url":"https:\/\/pulse-beziers.fr\/","name":"PULSE","description":"B\u00e9ziers M\u00e9diterran\u00e9e","publisher":{"@id":"https:\/\/pulse-beziers.fr\/#organization"},"potentialAction":[{"@type":"SearchAction","target":{"@type":"EntryPoint","urlTemplate":"https:\/\/pulse-beziers.fr\/?s={search_term_string}"},"query-input":{"@type":"PropertyValueSpecification","valueRequired":true,"valueName":"search_term_string"}}],"inLanguage":"fr-FR"},{"@type":"Organization","@id":"https:\/\/pulse-beziers.fr\/#organization","name":"PULSE","url":"https:\/\/pulse-beziers.fr\/","logo":{"@type":"ImageObject","inLanguage":"fr-FR","@id":"https:\/\/pulse-beziers.fr\/#\/schema\/logo\/image\/","url":"https:\/\/pulse-beziers.fr\/wp-content\/uploads\/2023\/10\/PULSE_OK.png","contentUrl":"https:\/\/pulse-beziers.fr\/wp-content\/uploads\/2023\/10\/PULSE_OK.png","width":1490,"height":506,"caption":"PULSE"},"image":{"@id":"https:\/\/pulse-beziers.fr\/#\/schema\/logo\/image\/"}},{"@type":"Person","@id":"https:\/\/pulse-beziers.fr\/#\/schema\/person\/e342ddedadbd0064dde1b874b20c4298","name":"admin2231","image":{"@type":"ImageObject","inLanguage":"fr-FR","@id":"https:\/\/secure.gravatar.com\/avatar\/96a2c1e3e2c27fce1f5c62307e8ca30c2ba438c7c21107033e27326b15d2f2ec?s=96&d=mm&r=g","url":"https:\/\/secure.gravatar.com\/avatar\/96a2c1e3e2c27fce1f5c62307e8ca30c2ba438c7c21107033e27326b15d2f2ec?s=96&d=mm&r=g","contentUrl":"https:\/\/secure.gravatar.com\/avatar\/96a2c1e3e2c27fce1f5c62307e8ca30c2ba438c7c21107033e27326b15d2f2ec?s=96&d=mm&r=g","caption":"admin2231"},"sameAs":["http:\/\/pulse-beziers.fr"],"url":"https:\/\/pulse-beziers.fr\/index.php\/author\/admin2231\/"}]}},"jetpack_featured_media_url":"https:\/\/pulse-beziers.fr\/wp-content\/uploads\/2024\/03\/thumbnail_visuel-site-PULSE-matinales_1.jpg","jetpack_sharing_enabled":true,"_links":{"self":[{"href":"https:\/\/pulse-beziers.fr\/index.php\/wp-json\/wp\/v2\/posts\/4459","targetHints":{"allow":["GET"]}}],"collection":[{"href":"https:\/\/pulse-beziers.fr\/index.php\/wp-json\/wp\/v2\/posts"}],"about":[{"href":"https:\/\/pulse-beziers.fr\/index.php\/wp-json\/wp\/v2\/types\/post"}],"author":[{"embeddable":true,"href":"https:\/\/pulse-beziers.fr\/index.php\/wp-json\/wp\/v2\/users\/1"}],"replies":[{"embeddable":true,"href":"https:\/\/pulse-beziers.fr\/index.php\/wp-json\/wp\/v2\/comments?post=4459"}],"version-history":[{"count":1,"href":"https:\/\/pulse-beziers.fr\/index.php\/wp-json\/wp\/v2\/posts\/4459\/revisions"}],"predecessor-version":[{"id":4461,"href":"https:\/\/pulse-beziers.fr\/index.php\/wp-json\/wp\/v2\/posts\/4459\/revisions\/4461"}],"wp:featuredmedia":[{"embeddable":true,"href":"https:\/\/pulse-beziers.fr\/index.php\/wp-json\/wp\/v2\/media\/4460"}],"wp:attachment":[{"href":"https:\/\/pulse-beziers.fr\/index.php\/wp-json\/wp\/v2\/media?parent=4459"}],"wp:term":[{"taxonomy":"category","embeddable":true,"href":"https:\/\/pulse-beziers.fr\/index.php\/wp-json\/wp\/v2\/categories?post=4459"},{"taxonomy":"post_tag","embeddable":true,"href":"https:\/\/pulse-beziers.fr\/index.php\/wp-json\/wp\/v2\/tags?post=4459"}],"curies":[{"name":"wp","href":"https:\/\/api.w.org\/{rel}","templated":true}]}}