{"id":4498,"date":"2024-03-26T16:35:26","date_gmt":"2024-03-26T15:35:26","guid":{"rendered":"https:\/\/pulse-beziers.fr\/?p=4498"},"modified":"2024-03-26T16:35:28","modified_gmt":"2024-03-26T15:35:28","slug":"pulse-au-coeur-des-tables-rondes","status":"publish","type":"post","link":"https:\/\/pulse-beziers.fr\/index.php\/2024\/03\/26\/pulse-au-coeur-des-tables-rondes\/","title":{"rendered":"PULSE au c\u0153ur des tables-rondes"},"content":{"rendered":"\n<p>A l\u2019occasion de la Foire Expo de B\u00e9ziers, l\u2019agence PULSE a pris part vendredi 22 mars 2024 aux tables rondes sur le sens du travail et les nouveaux m\u00e9tiers.<\/p>\n\n\n\n<p>R\u00e9unissant divers acteurs de l&#8217;\u00e9conomie locale biterroise, les d\u00e9bats ont mis en lumi\u00e8re les d\u00e9fis et opportunit\u00e9s li\u00e9s \u00e0 la red\u00e9finition du travail et l&#8217;adaptation aux nouveaux m\u00e9tiers engendr\u00e9s par la transition environnementale et l\u2019intelligence artificielle.<\/p>\n\n\n\n<p>B\u00e9ziers, autrefois marqu\u00e9e par la d\u00e9sindustrialisation, est aujourd&#8217;hui au premier plan de l&#8217;innovation gr\u00e2ce \u00e0 l&#8217;\u00e9mergence de secteurs cl\u00e9s tels que l&#8217;hydrog\u00e8ne d\u00e9carbon\u00e9. Genvia, en tant qu\u2019acteur majeur de cette transformation, se positionne en pr\u00e9curseur dans la production d&#8217;\u00e9lectrolyseurs, symbolisant le potentiel de renouveau \u00e9conomique biterrois. La dynamique est \u00e9galement port\u00e9e par l\u2019\u00e9cosyst\u00e8me EDEN qui f\u00e9d\u00e8re tous les acteurs concern\u00e9s par le d\u00e9veloppement de cette p\u00e9pite \u00e9conomique.<\/p>\n\n\n\n<p>Le dynamisme local est aussi soutenu par les initiatives entrepreneuriales, avec la p\u00e9pini\u00e8re Innovosud qui promeut le d\u00e9veloppement de start-ups, et l&#8217;arriv\u00e9e prochaine de l&#8217;\u00e9cole d&#8217;ing\u00e9nieurs Polytech \u00e0 B\u00e9ziers. Le lancement de nouvelles fili\u00e8res d\u2019enseignement dans l&#8217;industrie a \u00e9galement \u00e9t\u00e9 \u00e9voqu\u00e9, soulignant l&#8217;importance d\u2019avoir des formations adapt\u00e9es aux besoins du march\u00e9 local de l\u2019emploi. Ces nouveaux m\u00e9tiers repr\u00e9sentent un atout formidable pour attirer des talents en attente d\u2019un cadre de travail diff\u00e9rent (t\u00e9l\u00e9travail, cadre de vie\u2026).<\/p>\n\n\n\n<p>Cette \u00e9volution positive de l\u2019environnement \u00e9conomique local est le r\u00e9sultat d&#8217;une collaboration \u00e9troite entre les entreprises, les institutions et les organismes de d\u00e9veloppement \u00e9conomique comme PULSE B\u00e9ziers M\u00e9diterran\u00e9e. C\u00e9dric BOTELLA, vice-pr\u00e9sident de PULSE, a rappel\u00e9 la n\u00e9cessit\u00e9 de dialogue et d&#8217;engagement commun pour ne pas manquer les opportunit\u00e9s de transformation.<\/p>\n","protected":false},"excerpt":{"rendered":"<p>A l\u2019occasion de la Foire Expo de B\u00e9ziers, l\u2019agence PULSE a pris part vendredi 22 mars 2024 aux tables rondes sur le sens du travail et les nouveaux m\u00e9tiers. R\u00e9unissant divers acteurs de l&#8217;\u00e9conomie locale biterroise, les d\u00e9bats ont mis en lumi\u00e8re les d\u00e9fis et opportunit\u00e9s li\u00e9s \u00e0 la red\u00e9finition du travail et l&#8217;adaptation aux [&hellip;]<\/p>\n","protected":false},"author":1,"featured_media":4499,"comment_status":"closed","ping_status":"closed","sticky":false,"template":"","format":"standard","meta":{"_jetpack_memberships_contains_paid_content":false,"footnotes":""},"categories":[4],"tags":[],"class_list":["post-4498","post","type-post","status-publish","format-standard","has-post-thumbnail","hentry","category-evenement"],"yoast_head":"<!-- This site is optimized with the Yoast SEO plugin v27.3 - https:\/\/yoast.com\/product\/yoast-seo-wordpress\/ -->\n<title>PULSE au c\u0153ur des tables-rondes - PULSE<\/title>\n<meta name=\"robots\" content=\"index, follow, max-snippet:-1, max-image-preview:large, max-video-preview:-1\" \/>\n<link rel=\"canonical\" href=\"https:\/\/pulse-beziers.fr\/index.php\/2024\/03\/26\/pulse-au-coeur-des-tables-rondes\/\" \/>\n<meta property=\"og:locale\" content=\"fr_FR\" \/>\n<meta property=\"og:type\" content=\"article\" \/>\n<meta property=\"og:title\" content=\"PULSE au c\u0153ur des tables-rondes - PULSE\" \/>\n<meta property=\"og:description\" content=\"A l\u2019occasion de la Foire Expo de B\u00e9ziers, l\u2019agence PULSE a pris part vendredi 22 mars 2024 aux tables rondes sur le sens du travail et les nouveaux m\u00e9tiers. R\u00e9unissant divers acteurs de l&#8217;\u00e9conomie locale biterroise, les d\u00e9bats ont mis en lumi\u00e8re les d\u00e9fis et opportunit\u00e9s li\u00e9s \u00e0 la red\u00e9finition du travail et l&#8217;adaptation aux [&hellip;]\" \/>\n<meta property=\"og:url\" content=\"https:\/\/pulse-beziers.fr\/index.php\/2024\/03\/26\/pulse-au-coeur-des-tables-rondes\/\" \/>\n<meta property=\"og:site_name\" content=\"PULSE\" \/>\n<meta property=\"article:published_time\" content=\"2024-03-26T15:35:26+00:00\" \/>\n<meta property=\"article:modified_time\" content=\"2024-03-26T15:35:28+00:00\" \/>\n<meta property=\"og:image\" content=\"https:\/\/pulse-beziers.fr\/wp-content\/uploads\/2024\/03\/IMG_20240322_182415.jpg\" \/>\n\t<meta property=\"og:image:width\" content=\"1600\" \/>\n\t<meta property=\"og:image:height\" content=\"1200\" \/>\n\t<meta property=\"og:image:type\" content=\"image\/jpeg\" \/>\n<meta name=\"author\" content=\"admin2231\" \/>\n<meta name=\"twitter:card\" content=\"summary_large_image\" \/>\n<meta name=\"twitter:label1\" content=\"\u00c9crit par\" \/>\n\t<meta name=\"twitter:data1\" content=\"admin2231\" \/>\n\t<meta name=\"twitter:label2\" content=\"Dur\u00e9e de lecture estim\u00e9e\" \/>\n\t<meta name=\"twitter:data2\" content=\"2 minutes\" \/>\n<script type=\"application\/ld+json\" class=\"yoast-schema-graph\">{\"@context\":\"https:\\\/\\\/schema.org\",\"@graph\":[{\"@type\":\"Article\",\"@id\":\"https:\\\/\\\/pulse-beziers.fr\\\/index.php\\\/2024\\\/03\\\/26\\\/pulse-au-coeur-des-tables-rondes\\\/#article\",\"isPartOf\":{\"@id\":\"https:\\\/\\\/pulse-beziers.fr\\\/index.php\\\/2024\\\/03\\\/26\\\/pulse-au-coeur-des-tables-rondes\\\/\"},\"author\":{\"name\":\"admin2231\",\"@id\":\"https:\\\/\\\/pulse-beziers.fr\\\/#\\\/schema\\\/person\\\/e342ddedadbd0064dde1b874b20c4298\"},\"headline\":\"PULSE au c\u0153ur des tables-rondes\",\"datePublished\":\"2024-03-26T15:35:26+00:00\",\"dateModified\":\"2024-03-26T15:35:28+00:00\",\"mainEntityOfPage\":{\"@id\":\"https:\\\/\\\/pulse-beziers.fr\\\/index.php\\\/2024\\\/03\\\/26\\\/pulse-au-coeur-des-tables-rondes\\\/\"},\"wordCount\":321,\"publisher\":{\"@id\":\"https:\\\/\\\/pulse-beziers.fr\\\/#organization\"},\"image\":{\"@id\":\"https:\\\/\\\/pulse-beziers.fr\\\/index.php\\\/2024\\\/03\\\/26\\\/pulse-au-coeur-des-tables-rondes\\\/#primaryimage\"},\"thumbnailUrl\":\"https:\\\/\\\/pulse-beziers.fr\\\/wp-content\\\/uploads\\\/2024\\\/03\\\/IMG_20240322_182415.jpg\",\"articleSection\":[\"EVENEMENT\"],\"inLanguage\":\"fr-FR\"},{\"@type\":\"WebPage\",\"@id\":\"https:\\\/\\\/pulse-beziers.fr\\\/index.php\\\/2024\\\/03\\\/26\\\/pulse-au-coeur-des-tables-rondes\\\/\",\"url\":\"https:\\\/\\\/pulse-beziers.fr\\\/index.php\\\/2024\\\/03\\\/26\\\/pulse-au-coeur-des-tables-rondes\\\/\",\"name\":\"PULSE au c\u0153ur des tables-rondes - PULSE\",\"isPartOf\":{\"@id\":\"https:\\\/\\\/pulse-beziers.fr\\\/#website\"},\"primaryImageOfPage\":{\"@id\":\"https:\\\/\\\/pulse-beziers.fr\\\/index.php\\\/2024\\\/03\\\/26\\\/pulse-au-coeur-des-tables-rondes\\\/#primaryimage\"},\"image\":{\"@id\":\"https:\\\/\\\/pulse-beziers.fr\\\/index.php\\\/2024\\\/03\\\/26\\\/pulse-au-coeur-des-tables-rondes\\\/#primaryimage\"},\"thumbnailUrl\":\"https:\\\/\\\/pulse-beziers.fr\\\/wp-content\\\/uploads\\\/2024\\\/03\\\/IMG_20240322_182415.jpg\",\"datePublished\":\"2024-03-26T15:35:26+00:00\",\"dateModified\":\"2024-03-26T15:35:28+00:00\",\"breadcrumb\":{\"@id\":\"https:\\\/\\\/pulse-beziers.fr\\\/index.php\\\/2024\\\/03\\\/26\\\/pulse-au-coeur-des-tables-rondes\\\/#breadcrumb\"},\"inLanguage\":\"fr-FR\",\"potentialAction\":[{\"@type\":\"ReadAction\",\"target\":[\"https:\\\/\\\/pulse-beziers.fr\\\/index.php\\\/2024\\\/03\\\/26\\\/pulse-au-coeur-des-tables-rondes\\\/\"]}]},{\"@type\":\"ImageObject\",\"inLanguage\":\"fr-FR\",\"@id\":\"https:\\\/\\\/pulse-beziers.fr\\\/index.php\\\/2024\\\/03\\\/26\\\/pulse-au-coeur-des-tables-rondes\\\/#primaryimage\",\"url\":\"https:\\\/\\\/pulse-beziers.fr\\\/wp-content\\\/uploads\\\/2024\\\/03\\\/IMG_20240322_182415.jpg\",\"contentUrl\":\"https:\\\/\\\/pulse-beziers.fr\\\/wp-content\\\/uploads\\\/2024\\\/03\\\/IMG_20240322_182415.jpg\",\"width\":1600,\"height\":1200},{\"@type\":\"BreadcrumbList\",\"@id\":\"https:\\\/\\\/pulse-beziers.fr\\\/index.php\\\/2024\\\/03\\\/26\\\/pulse-au-coeur-des-tables-rondes\\\/#breadcrumb\",\"itemListElement\":[{\"@type\":\"ListItem\",\"position\":1,\"name\":\"Accueil\",\"item\":\"https:\\\/\\\/pulse-beziers.fr\\\/\"},{\"@type\":\"ListItem\",\"position\":2,\"name\":\"PULSE au c\u0153ur des tables-rondes\"}]},{\"@type\":\"WebSite\",\"@id\":\"https:\\\/\\\/pulse-beziers.fr\\\/#website\",\"url\":\"https:\\\/\\\/pulse-beziers.fr\\\/\",\"name\":\"PULSE\",\"description\":\"B\u00e9ziers M\u00e9diterran\u00e9e\",\"publisher\":{\"@id\":\"https:\\\/\\\/pulse-beziers.fr\\\/#organization\"},\"potentialAction\":[{\"@type\":\"SearchAction\",\"target\":{\"@type\":\"EntryPoint\",\"urlTemplate\":\"https:\\\/\\\/pulse-beziers.fr\\\/?s={search_term_string}\"},\"query-input\":{\"@type\":\"PropertyValueSpecification\",\"valueRequired\":true,\"valueName\":\"search_term_string\"}}],\"inLanguage\":\"fr-FR\"},{\"@type\":\"Organization\",\"@id\":\"https:\\\/\\\/pulse-beziers.fr\\\/#organization\",\"name\":\"PULSE\",\"url\":\"https:\\\/\\\/pulse-beziers.fr\\\/\",\"logo\":{\"@type\":\"ImageObject\",\"inLanguage\":\"fr-FR\",\"@id\":\"https:\\\/\\\/pulse-beziers.fr\\\/#\\\/schema\\\/logo\\\/image\\\/\",\"url\":\"https:\\\/\\\/pulse-beziers.fr\\\/wp-content\\\/uploads\\\/2023\\\/10\\\/PULSE_OK.png\",\"contentUrl\":\"https:\\\/\\\/pulse-beziers.fr\\\/wp-content\\\/uploads\\\/2023\\\/10\\\/PULSE_OK.png\",\"width\":1490,\"height\":506,\"caption\":\"PULSE\"},\"image\":{\"@id\":\"https:\\\/\\\/pulse-beziers.fr\\\/#\\\/schema\\\/logo\\\/image\\\/\"}},{\"@type\":\"Person\",\"@id\":\"https:\\\/\\\/pulse-beziers.fr\\\/#\\\/schema\\\/person\\\/e342ddedadbd0064dde1b874b20c4298\",\"name\":\"admin2231\",\"image\":{\"@type\":\"ImageObject\",\"inLanguage\":\"fr-FR\",\"@id\":\"https:\\\/\\\/secure.gravatar.com\\\/avatar\\\/96a2c1e3e2c27fce1f5c62307e8ca30c2ba438c7c21107033e27326b15d2f2ec?s=96&d=mm&r=g\",\"url\":\"https:\\\/\\\/secure.gravatar.com\\\/avatar\\\/96a2c1e3e2c27fce1f5c62307e8ca30c2ba438c7c21107033e27326b15d2f2ec?s=96&d=mm&r=g\",\"contentUrl\":\"https:\\\/\\\/secure.gravatar.com\\\/avatar\\\/96a2c1e3e2c27fce1f5c62307e8ca30c2ba438c7c21107033e27326b15d2f2ec?s=96&d=mm&r=g\",\"caption\":\"admin2231\"},\"sameAs\":[\"http:\\\/\\\/pulse-beziers.fr\"],\"url\":\"https:\\\/\\\/pulse-beziers.fr\\\/index.php\\\/author\\\/admin2231\\\/\"}]}<\/script>\n<!-- \/ Yoast SEO plugin. -->","yoast_head_json":{"title":"PULSE au c\u0153ur des tables-rondes - PULSE","robots":{"index":"index","follow":"follow","max-snippet":"max-snippet:-1","max-image-preview":"max-image-preview:large","max-video-preview":"max-video-preview:-1"},"canonical":"https:\/\/pulse-beziers.fr\/index.php\/2024\/03\/26\/pulse-au-coeur-des-tables-rondes\/","og_locale":"fr_FR","og_type":"article","og_title":"PULSE au c\u0153ur des tables-rondes - PULSE","og_description":"A l\u2019occasion de la Foire Expo de B\u00e9ziers, l\u2019agence PULSE a pris part vendredi 22 mars 2024 aux tables rondes sur le sens du travail et les nouveaux m\u00e9tiers. R\u00e9unissant divers acteurs de l&#8217;\u00e9conomie locale biterroise, les d\u00e9bats ont mis en lumi\u00e8re les d\u00e9fis et opportunit\u00e9s li\u00e9s \u00e0 la red\u00e9finition du travail et l&#8217;adaptation aux [&hellip;]","og_url":"https:\/\/pulse-beziers.fr\/index.php\/2024\/03\/26\/pulse-au-coeur-des-tables-rondes\/","og_site_name":"PULSE","article_published_time":"2024-03-26T15:35:26+00:00","article_modified_time":"2024-03-26T15:35:28+00:00","og_image":[{"width":1600,"height":1200,"url":"https:\/\/pulse-beziers.fr\/wp-content\/uploads\/2024\/03\/IMG_20240322_182415.jpg","type":"image\/jpeg"}],"author":"admin2231","twitter_card":"summary_large_image","twitter_misc":{"\u00c9crit par":"admin2231","Dur\u00e9e de lecture estim\u00e9e":"2 minutes"},"schema":{"@context":"https:\/\/schema.org","@graph":[{"@type":"Article","@id":"https:\/\/pulse-beziers.fr\/index.php\/2024\/03\/26\/pulse-au-coeur-des-tables-rondes\/#article","isPartOf":{"@id":"https:\/\/pulse-beziers.fr\/index.php\/2024\/03\/26\/pulse-au-coeur-des-tables-rondes\/"},"author":{"name":"admin2231","@id":"https:\/\/pulse-beziers.fr\/#\/schema\/person\/e342ddedadbd0064dde1b874b20c4298"},"headline":"PULSE au c\u0153ur des tables-rondes","datePublished":"2024-03-26T15:35:26+00:00","dateModified":"2024-03-26T15:35:28+00:00","mainEntityOfPage":{"@id":"https:\/\/pulse-beziers.fr\/index.php\/2024\/03\/26\/pulse-au-coeur-des-tables-rondes\/"},"wordCount":321,"publisher":{"@id":"https:\/\/pulse-beziers.fr\/#organization"},"image":{"@id":"https:\/\/pulse-beziers.fr\/index.php\/2024\/03\/26\/pulse-au-coeur-des-tables-rondes\/#primaryimage"},"thumbnailUrl":"https:\/\/pulse-beziers.fr\/wp-content\/uploads\/2024\/03\/IMG_20240322_182415.jpg","articleSection":["EVENEMENT"],"inLanguage":"fr-FR"},{"@type":"WebPage","@id":"https:\/\/pulse-beziers.fr\/index.php\/2024\/03\/26\/pulse-au-coeur-des-tables-rondes\/","url":"https:\/\/pulse-beziers.fr\/index.php\/2024\/03\/26\/pulse-au-coeur-des-tables-rondes\/","name":"PULSE au c\u0153ur des tables-rondes - PULSE","isPartOf":{"@id":"https:\/\/pulse-beziers.fr\/#website"},"primaryImageOfPage":{"@id":"https:\/\/pulse-beziers.fr\/index.php\/2024\/03\/26\/pulse-au-coeur-des-tables-rondes\/#primaryimage"},"image":{"@id":"https:\/\/pulse-beziers.fr\/index.php\/2024\/03\/26\/pulse-au-coeur-des-tables-rondes\/#primaryimage"},"thumbnailUrl":"https:\/\/pulse-beziers.fr\/wp-content\/uploads\/2024\/03\/IMG_20240322_182415.jpg","datePublished":"2024-03-26T15:35:26+00:00","dateModified":"2024-03-26T15:35:28+00:00","breadcrumb":{"@id":"https:\/\/pulse-beziers.fr\/index.php\/2024\/03\/26\/pulse-au-coeur-des-tables-rondes\/#breadcrumb"},"inLanguage":"fr-FR","potentialAction":[{"@type":"ReadAction","target":["https:\/\/pulse-beziers.fr\/index.php\/2024\/03\/26\/pulse-au-coeur-des-tables-rondes\/"]}]},{"@type":"ImageObject","inLanguage":"fr-FR","@id":"https:\/\/pulse-beziers.fr\/index.php\/2024\/03\/26\/pulse-au-coeur-des-tables-rondes\/#primaryimage","url":"https:\/\/pulse-beziers.fr\/wp-content\/uploads\/2024\/03\/IMG_20240322_182415.jpg","contentUrl":"https:\/\/pulse-beziers.fr\/wp-content\/uploads\/2024\/03\/IMG_20240322_182415.jpg","width":1600,"height":1200},{"@type":"BreadcrumbList","@id":"https:\/\/pulse-beziers.fr\/index.php\/2024\/03\/26\/pulse-au-coeur-des-tables-rondes\/#breadcrumb","itemListElement":[{"@type":"ListItem","position":1,"name":"Accueil","item":"https:\/\/pulse-beziers.fr\/"},{"@type":"ListItem","position":2,"name":"PULSE au c\u0153ur des tables-rondes"}]},{"@type":"WebSite","@id":"https:\/\/pulse-beziers.fr\/#website","url":"https:\/\/pulse-beziers.fr\/","name":"PULSE","description":"B\u00e9ziers M\u00e9diterran\u00e9e","publisher":{"@id":"https:\/\/pulse-beziers.fr\/#organization"},"potentialAction":[{"@type":"SearchAction","target":{"@type":"EntryPoint","urlTemplate":"https:\/\/pulse-beziers.fr\/?s={search_term_string}"},"query-input":{"@type":"PropertyValueSpecification","valueRequired":true,"valueName":"search_term_string"}}],"inLanguage":"fr-FR"},{"@type":"Organization","@id":"https:\/\/pulse-beziers.fr\/#organization","name":"PULSE","url":"https:\/\/pulse-beziers.fr\/","logo":{"@type":"ImageObject","inLanguage":"fr-FR","@id":"https:\/\/pulse-beziers.fr\/#\/schema\/logo\/image\/","url":"https:\/\/pulse-beziers.fr\/wp-content\/uploads\/2023\/10\/PULSE_OK.png","contentUrl":"https:\/\/pulse-beziers.fr\/wp-content\/uploads\/2023\/10\/PULSE_OK.png","width":1490,"height":506,"caption":"PULSE"},"image":{"@id":"https:\/\/pulse-beziers.fr\/#\/schema\/logo\/image\/"}},{"@type":"Person","@id":"https:\/\/pulse-beziers.fr\/#\/schema\/person\/e342ddedadbd0064dde1b874b20c4298","name":"admin2231","image":{"@type":"ImageObject","inLanguage":"fr-FR","@id":"https:\/\/secure.gravatar.com\/avatar\/96a2c1e3e2c27fce1f5c62307e8ca30c2ba438c7c21107033e27326b15d2f2ec?s=96&d=mm&r=g","url":"https:\/\/secure.gravatar.com\/avatar\/96a2c1e3e2c27fce1f5c62307e8ca30c2ba438c7c21107033e27326b15d2f2ec?s=96&d=mm&r=g","contentUrl":"https:\/\/secure.gravatar.com\/avatar\/96a2c1e3e2c27fce1f5c62307e8ca30c2ba438c7c21107033e27326b15d2f2ec?s=96&d=mm&r=g","caption":"admin2231"},"sameAs":["http:\/\/pulse-beziers.fr"],"url":"https:\/\/pulse-beziers.fr\/index.php\/author\/admin2231\/"}]}},"jetpack_featured_media_url":"https:\/\/pulse-beziers.fr\/wp-content\/uploads\/2024\/03\/IMG_20240322_182415.jpg","jetpack_sharing_enabled":true,"_links":{"self":[{"href":"https:\/\/pulse-beziers.fr\/index.php\/wp-json\/wp\/v2\/posts\/4498","targetHints":{"allow":["GET"]}}],"collection":[{"href":"https:\/\/pulse-beziers.fr\/index.php\/wp-json\/wp\/v2\/posts"}],"about":[{"href":"https:\/\/pulse-beziers.fr\/index.php\/wp-json\/wp\/v2\/types\/post"}],"author":[{"embeddable":true,"href":"https:\/\/pulse-beziers.fr\/index.php\/wp-json\/wp\/v2\/users\/1"}],"replies":[{"embeddable":true,"href":"https:\/\/pulse-beziers.fr\/index.php\/wp-json\/wp\/v2\/comments?post=4498"}],"version-history":[{"count":1,"href":"https:\/\/pulse-beziers.fr\/index.php\/wp-json\/wp\/v2\/posts\/4498\/revisions"}],"predecessor-version":[{"id":4500,"href":"https:\/\/pulse-beziers.fr\/index.php\/wp-json\/wp\/v2\/posts\/4498\/revisions\/4500"}],"wp:featuredmedia":[{"embeddable":true,"href":"https:\/\/pulse-beziers.fr\/index.php\/wp-json\/wp\/v2\/media\/4499"}],"wp:attachment":[{"href":"https:\/\/pulse-beziers.fr\/index.php\/wp-json\/wp\/v2\/media?parent=4498"}],"wp:term":[{"taxonomy":"category","embeddable":true,"href":"https:\/\/pulse-beziers.fr\/index.php\/wp-json\/wp\/v2\/categories?post=4498"},{"taxonomy":"post_tag","embeddable":true,"href":"https:\/\/pulse-beziers.fr\/index.php\/wp-json\/wp\/v2\/tags?post=4498"}],"curies":[{"name":"wp","href":"https:\/\/api.w.org\/{rel}","templated":true}]}}