{"id":4501,"date":"2024-03-26T16:36:56","date_gmt":"2024-03-26T15:36:56","guid":{"rendered":"https:\/\/pulse-beziers.fr\/?p=4501"},"modified":"2024-03-26T16:36:58","modified_gmt":"2024-03-26T15:36:58","slug":"participez-au-forum-de-lalternance-de-liut-de-beziers","status":"publish","type":"post","link":"https:\/\/pulse-beziers.fr\/index.php\/2024\/03\/26\/participez-au-forum-de-lalternance-de-liut-de-beziers\/","title":{"rendered":"Participez au Forum de l\u2019Alternance de l\u2019IUT de B\u00e9ziers"},"content":{"rendered":"\n<p>Vous souhaitez recruter un \u00e9tudiant en alternance ? Alors ne manquez pas le Forum de l\u2019Alternance, organis\u00e9 par l\u2019IUT de B\u00e9ziers jeudi 4 avril 2024, de 8h30 \u00e0 12h, au sein de ses locaux situ\u00e9s place du 14 juillet \u00e0 B\u00e9ziers.<\/p>\n\n\n\n<p>L&#8217;IUT propose une gamme \u00e9tendue de formations adapt\u00e9es aux besoins du march\u00e9 de l&#8217;emploi, offrant toutes la possibilit\u00e9 d&#8217;un cursus en alternance d\u00e8s la deuxi\u00e8me ann\u00e9e (Bac +2\/3).<\/p>\n\n\n\n<p>Les cursus concern\u00e9s comprennent :<\/p>\n\n\n\n<p>\u00b7 Les Bachelors Universitaires de Technologie (BUT) d\u2019une dur\u00e9e de 3 ans dans les domaines des Techniques de Commercialisation, M\u00e9tiers du Multim\u00e9dia et de l\u2019Internet, R\u00e9seaux et T\u00e9l\u00e9communications.<\/p>\n\n\n\n<p>\u00b7 La Licence Professionnelle \u00e9galement en 3 ans, sp\u00e9cialis\u00e9e en Robotique et Intelligence Artificielle.<\/p>\n\n\n\n<p>Au programme de ce Forum de l\u2019Alternance :<\/p>\n\n\n\n<p>\u00b7 Rencontre et \u00e9changes avec le CFA de l&#8217;Enseignement Sup\u00e9rieur LR et le Service Formation Continue de l&#8217;Universit\u00e9 de Montpellier<\/p>\n\n\n\n<p>\u00b7 Entretiens de recrutement avec les \u00e9tudiants des diff\u00e9rentes fili\u00e8res de l\u2019IUT.<\/p>\n\n\n\n<p>Comment participer ?<\/p>\n\n\n\n<p>Pour les entreprises int\u00e9ress\u00e9es, l&#8217;inscription est obligatoire avant le 29 mars 2024. Merci d&#8217;envoyer votre demande de participation par mail \u00e0 iutb-relations-entreprises@umontpellier.fr.<\/p>\n\n\n\n<p>En participant \u00e0 ce forum en tant qu\u2019entreprise, vous contribuez \u00e0 la formation de la future g\u00e9n\u00e9ration de professionnels sur le territoire. Venez nombreux pour faire de ce forum un succ\u00e8s et contribuer \u00e0 l\u2019avenir des jeunes talents sur le Biterrois !<\/p>\n","protected":false},"excerpt":{"rendered":"<p>Vous souhaitez recruter un \u00e9tudiant en alternance ? Alors ne manquez pas le Forum de l\u2019Alternance, organis\u00e9 par l\u2019IUT de B\u00e9ziers jeudi 4 avril 2024, de 8h30 \u00e0 12h, au sein de ses locaux situ\u00e9s place du 14 juillet \u00e0 B\u00e9ziers. L&#8217;IUT propose une gamme \u00e9tendue de formations adapt\u00e9es aux besoins du march\u00e9 de l&#8217;emploi, [&hellip;]<\/p>\n","protected":false},"author":1,"featured_media":4502,"comment_status":"closed","ping_status":"closed","sticky":false,"template":"","format":"standard","meta":{"_jetpack_memberships_contains_paid_content":false,"footnotes":""},"categories":[4],"tags":[],"class_list":["post-4501","post","type-post","status-publish","format-standard","has-post-thumbnail","hentry","category-evenement"],"yoast_head":"<!-- This site is optimized with the Yoast SEO plugin v27.3 - https:\/\/yoast.com\/product\/yoast-seo-wordpress\/ -->\n<title>Participez au Forum de l\u2019Alternance de l\u2019IUT de B\u00e9ziers - PULSE<\/title>\n<meta name=\"robots\" content=\"index, follow, max-snippet:-1, max-image-preview:large, max-video-preview:-1\" \/>\n<link rel=\"canonical\" href=\"https:\/\/pulse-beziers.fr\/index.php\/2024\/03\/26\/participez-au-forum-de-lalternance-de-liut-de-beziers\/\" \/>\n<meta property=\"og:locale\" content=\"fr_FR\" \/>\n<meta property=\"og:type\" content=\"article\" \/>\n<meta property=\"og:title\" content=\"Participez au Forum de l\u2019Alternance de l\u2019IUT de B\u00e9ziers - PULSE\" \/>\n<meta property=\"og:description\" content=\"Vous souhaitez recruter un \u00e9tudiant en alternance ? Alors ne manquez pas le Forum de l\u2019Alternance, organis\u00e9 par l\u2019IUT de B\u00e9ziers jeudi 4 avril 2024, de 8h30 \u00e0 12h, au sein de ses locaux situ\u00e9s place du 14 juillet \u00e0 B\u00e9ziers. L&#8217;IUT propose une gamme \u00e9tendue de formations adapt\u00e9es aux besoins du march\u00e9 de l&#8217;emploi, [&hellip;]\" \/>\n<meta property=\"og:url\" content=\"https:\/\/pulse-beziers.fr\/index.php\/2024\/03\/26\/participez-au-forum-de-lalternance-de-liut-de-beziers\/\" \/>\n<meta property=\"og:site_name\" content=\"PULSE\" \/>\n<meta property=\"article:published_time\" content=\"2024-03-26T15:36:56+00:00\" \/>\n<meta property=\"article:modified_time\" content=\"2024-03-26T15:36:58+00:00\" \/>\n<meta property=\"og:image\" content=\"https:\/\/pulse-beziers.fr\/wp-content\/uploads\/2024\/03\/actu-forum-alternance.jpg\" \/>\n\t<meta property=\"og:image:width\" content=\"1024\" \/>\n\t<meta property=\"og:image:height\" content=\"768\" \/>\n\t<meta property=\"og:image:type\" content=\"image\/jpeg\" \/>\n<meta name=\"author\" content=\"admin2231\" \/>\n<meta name=\"twitter:card\" content=\"summary_large_image\" \/>\n<meta name=\"twitter:label1\" content=\"\u00c9crit par\" \/>\n\t<meta name=\"twitter:data1\" content=\"admin2231\" \/>\n\t<meta name=\"twitter:label2\" content=\"Dur\u00e9e de lecture estim\u00e9e\" \/>\n\t<meta name=\"twitter:data2\" content=\"2 minutes\" \/>\n<script type=\"application\/ld+json\" class=\"yoast-schema-graph\">{\"@context\":\"https:\\\/\\\/schema.org\",\"@graph\":[{\"@type\":\"Article\",\"@id\":\"https:\\\/\\\/pulse-beziers.fr\\\/index.php\\\/2024\\\/03\\\/26\\\/participez-au-forum-de-lalternance-de-liut-de-beziers\\\/#article\",\"isPartOf\":{\"@id\":\"https:\\\/\\\/pulse-beziers.fr\\\/index.php\\\/2024\\\/03\\\/26\\\/participez-au-forum-de-lalternance-de-liut-de-beziers\\\/\"},\"author\":{\"name\":\"admin2231\",\"@id\":\"https:\\\/\\\/pulse-beziers.fr\\\/#\\\/schema\\\/person\\\/e342ddedadbd0064dde1b874b20c4298\"},\"headline\":\"Participez au Forum de l\u2019Alternance de l\u2019IUT de B\u00e9ziers\",\"datePublished\":\"2024-03-26T15:36:56+00:00\",\"dateModified\":\"2024-03-26T15:36:58+00:00\",\"mainEntityOfPage\":{\"@id\":\"https:\\\/\\\/pulse-beziers.fr\\\/index.php\\\/2024\\\/03\\\/26\\\/participez-au-forum-de-lalternance-de-liut-de-beziers\\\/\"},\"wordCount\":246,\"publisher\":{\"@id\":\"https:\\\/\\\/pulse-beziers.fr\\\/#organization\"},\"image\":{\"@id\":\"https:\\\/\\\/pulse-beziers.fr\\\/index.php\\\/2024\\\/03\\\/26\\\/participez-au-forum-de-lalternance-de-liut-de-beziers\\\/#primaryimage\"},\"thumbnailUrl\":\"https:\\\/\\\/pulse-beziers.fr\\\/wp-content\\\/uploads\\\/2024\\\/03\\\/actu-forum-alternance.jpg\",\"articleSection\":[\"EVENEMENT\"],\"inLanguage\":\"fr-FR\"},{\"@type\":\"WebPage\",\"@id\":\"https:\\\/\\\/pulse-beziers.fr\\\/index.php\\\/2024\\\/03\\\/26\\\/participez-au-forum-de-lalternance-de-liut-de-beziers\\\/\",\"url\":\"https:\\\/\\\/pulse-beziers.fr\\\/index.php\\\/2024\\\/03\\\/26\\\/participez-au-forum-de-lalternance-de-liut-de-beziers\\\/\",\"name\":\"Participez au Forum de l\u2019Alternance de l\u2019IUT de B\u00e9ziers - PULSE\",\"isPartOf\":{\"@id\":\"https:\\\/\\\/pulse-beziers.fr\\\/#website\"},\"primaryImageOfPage\":{\"@id\":\"https:\\\/\\\/pulse-beziers.fr\\\/index.php\\\/2024\\\/03\\\/26\\\/participez-au-forum-de-lalternance-de-liut-de-beziers\\\/#primaryimage\"},\"image\":{\"@id\":\"https:\\\/\\\/pulse-beziers.fr\\\/index.php\\\/2024\\\/03\\\/26\\\/participez-au-forum-de-lalternance-de-liut-de-beziers\\\/#primaryimage\"},\"thumbnailUrl\":\"https:\\\/\\\/pulse-beziers.fr\\\/wp-content\\\/uploads\\\/2024\\\/03\\\/actu-forum-alternance.jpg\",\"datePublished\":\"2024-03-26T15:36:56+00:00\",\"dateModified\":\"2024-03-26T15:36:58+00:00\",\"breadcrumb\":{\"@id\":\"https:\\\/\\\/pulse-beziers.fr\\\/index.php\\\/2024\\\/03\\\/26\\\/participez-au-forum-de-lalternance-de-liut-de-beziers\\\/#breadcrumb\"},\"inLanguage\":\"fr-FR\",\"potentialAction\":[{\"@type\":\"ReadAction\",\"target\":[\"https:\\\/\\\/pulse-beziers.fr\\\/index.php\\\/2024\\\/03\\\/26\\\/participez-au-forum-de-lalternance-de-liut-de-beziers\\\/\"]}]},{\"@type\":\"ImageObject\",\"inLanguage\":\"fr-FR\",\"@id\":\"https:\\\/\\\/pulse-beziers.fr\\\/index.php\\\/2024\\\/03\\\/26\\\/participez-au-forum-de-lalternance-de-liut-de-beziers\\\/#primaryimage\",\"url\":\"https:\\\/\\\/pulse-beziers.fr\\\/wp-content\\\/uploads\\\/2024\\\/03\\\/actu-forum-alternance.jpg\",\"contentUrl\":\"https:\\\/\\\/pulse-beziers.fr\\\/wp-content\\\/uploads\\\/2024\\\/03\\\/actu-forum-alternance.jpg\",\"width\":1024,\"height\":768},{\"@type\":\"BreadcrumbList\",\"@id\":\"https:\\\/\\\/pulse-beziers.fr\\\/index.php\\\/2024\\\/03\\\/26\\\/participez-au-forum-de-lalternance-de-liut-de-beziers\\\/#breadcrumb\",\"itemListElement\":[{\"@type\":\"ListItem\",\"position\":1,\"name\":\"Accueil\",\"item\":\"https:\\\/\\\/pulse-beziers.fr\\\/\"},{\"@type\":\"ListItem\",\"position\":2,\"name\":\"Participez au Forum de l\u2019Alternance de l\u2019IUT de B\u00e9ziers\"}]},{\"@type\":\"WebSite\",\"@id\":\"https:\\\/\\\/pulse-beziers.fr\\\/#website\",\"url\":\"https:\\\/\\\/pulse-beziers.fr\\\/\",\"name\":\"PULSE\",\"description\":\"B\u00e9ziers M\u00e9diterran\u00e9e\",\"publisher\":{\"@id\":\"https:\\\/\\\/pulse-beziers.fr\\\/#organization\"},\"potentialAction\":[{\"@type\":\"SearchAction\",\"target\":{\"@type\":\"EntryPoint\",\"urlTemplate\":\"https:\\\/\\\/pulse-beziers.fr\\\/?s={search_term_string}\"},\"query-input\":{\"@type\":\"PropertyValueSpecification\",\"valueRequired\":true,\"valueName\":\"search_term_string\"}}],\"inLanguage\":\"fr-FR\"},{\"@type\":\"Organization\",\"@id\":\"https:\\\/\\\/pulse-beziers.fr\\\/#organization\",\"name\":\"PULSE\",\"url\":\"https:\\\/\\\/pulse-beziers.fr\\\/\",\"logo\":{\"@type\":\"ImageObject\",\"inLanguage\":\"fr-FR\",\"@id\":\"https:\\\/\\\/pulse-beziers.fr\\\/#\\\/schema\\\/logo\\\/image\\\/\",\"url\":\"https:\\\/\\\/pulse-beziers.fr\\\/wp-content\\\/uploads\\\/2023\\\/10\\\/PULSE_OK.png\",\"contentUrl\":\"https:\\\/\\\/pulse-beziers.fr\\\/wp-content\\\/uploads\\\/2023\\\/10\\\/PULSE_OK.png\",\"width\":1490,\"height\":506,\"caption\":\"PULSE\"},\"image\":{\"@id\":\"https:\\\/\\\/pulse-beziers.fr\\\/#\\\/schema\\\/logo\\\/image\\\/\"}},{\"@type\":\"Person\",\"@id\":\"https:\\\/\\\/pulse-beziers.fr\\\/#\\\/schema\\\/person\\\/e342ddedadbd0064dde1b874b20c4298\",\"name\":\"admin2231\",\"image\":{\"@type\":\"ImageObject\",\"inLanguage\":\"fr-FR\",\"@id\":\"https:\\\/\\\/secure.gravatar.com\\\/avatar\\\/96a2c1e3e2c27fce1f5c62307e8ca30c2ba438c7c21107033e27326b15d2f2ec?s=96&d=mm&r=g\",\"url\":\"https:\\\/\\\/secure.gravatar.com\\\/avatar\\\/96a2c1e3e2c27fce1f5c62307e8ca30c2ba438c7c21107033e27326b15d2f2ec?s=96&d=mm&r=g\",\"contentUrl\":\"https:\\\/\\\/secure.gravatar.com\\\/avatar\\\/96a2c1e3e2c27fce1f5c62307e8ca30c2ba438c7c21107033e27326b15d2f2ec?s=96&d=mm&r=g\",\"caption\":\"admin2231\"},\"sameAs\":[\"http:\\\/\\\/pulse-beziers.fr\"],\"url\":\"https:\\\/\\\/pulse-beziers.fr\\\/index.php\\\/author\\\/admin2231\\\/\"}]}<\/script>\n<!-- \/ Yoast SEO plugin. -->","yoast_head_json":{"title":"Participez au Forum de l\u2019Alternance de l\u2019IUT de B\u00e9ziers - PULSE","robots":{"index":"index","follow":"follow","max-snippet":"max-snippet:-1","max-image-preview":"max-image-preview:large","max-video-preview":"max-video-preview:-1"},"canonical":"https:\/\/pulse-beziers.fr\/index.php\/2024\/03\/26\/participez-au-forum-de-lalternance-de-liut-de-beziers\/","og_locale":"fr_FR","og_type":"article","og_title":"Participez au Forum de l\u2019Alternance de l\u2019IUT de B\u00e9ziers - PULSE","og_description":"Vous souhaitez recruter un \u00e9tudiant en alternance ? Alors ne manquez pas le Forum de l\u2019Alternance, organis\u00e9 par l\u2019IUT de B\u00e9ziers jeudi 4 avril 2024, de 8h30 \u00e0 12h, au sein de ses locaux situ\u00e9s place du 14 juillet \u00e0 B\u00e9ziers. L&#8217;IUT propose une gamme \u00e9tendue de formations adapt\u00e9es aux besoins du march\u00e9 de l&#8217;emploi, [&hellip;]","og_url":"https:\/\/pulse-beziers.fr\/index.php\/2024\/03\/26\/participez-au-forum-de-lalternance-de-liut-de-beziers\/","og_site_name":"PULSE","article_published_time":"2024-03-26T15:36:56+00:00","article_modified_time":"2024-03-26T15:36:58+00:00","og_image":[{"width":1024,"height":768,"url":"https:\/\/pulse-beziers.fr\/wp-content\/uploads\/2024\/03\/actu-forum-alternance.jpg","type":"image\/jpeg"}],"author":"admin2231","twitter_card":"summary_large_image","twitter_misc":{"\u00c9crit par":"admin2231","Dur\u00e9e de lecture estim\u00e9e":"2 minutes"},"schema":{"@context":"https:\/\/schema.org","@graph":[{"@type":"Article","@id":"https:\/\/pulse-beziers.fr\/index.php\/2024\/03\/26\/participez-au-forum-de-lalternance-de-liut-de-beziers\/#article","isPartOf":{"@id":"https:\/\/pulse-beziers.fr\/index.php\/2024\/03\/26\/participez-au-forum-de-lalternance-de-liut-de-beziers\/"},"author":{"name":"admin2231","@id":"https:\/\/pulse-beziers.fr\/#\/schema\/person\/e342ddedadbd0064dde1b874b20c4298"},"headline":"Participez au Forum de l\u2019Alternance de l\u2019IUT de B\u00e9ziers","datePublished":"2024-03-26T15:36:56+00:00","dateModified":"2024-03-26T15:36:58+00:00","mainEntityOfPage":{"@id":"https:\/\/pulse-beziers.fr\/index.php\/2024\/03\/26\/participez-au-forum-de-lalternance-de-liut-de-beziers\/"},"wordCount":246,"publisher":{"@id":"https:\/\/pulse-beziers.fr\/#organization"},"image":{"@id":"https:\/\/pulse-beziers.fr\/index.php\/2024\/03\/26\/participez-au-forum-de-lalternance-de-liut-de-beziers\/#primaryimage"},"thumbnailUrl":"https:\/\/pulse-beziers.fr\/wp-content\/uploads\/2024\/03\/actu-forum-alternance.jpg","articleSection":["EVENEMENT"],"inLanguage":"fr-FR"},{"@type":"WebPage","@id":"https:\/\/pulse-beziers.fr\/index.php\/2024\/03\/26\/participez-au-forum-de-lalternance-de-liut-de-beziers\/","url":"https:\/\/pulse-beziers.fr\/index.php\/2024\/03\/26\/participez-au-forum-de-lalternance-de-liut-de-beziers\/","name":"Participez au Forum de l\u2019Alternance de l\u2019IUT de B\u00e9ziers - PULSE","isPartOf":{"@id":"https:\/\/pulse-beziers.fr\/#website"},"primaryImageOfPage":{"@id":"https:\/\/pulse-beziers.fr\/index.php\/2024\/03\/26\/participez-au-forum-de-lalternance-de-liut-de-beziers\/#primaryimage"},"image":{"@id":"https:\/\/pulse-beziers.fr\/index.php\/2024\/03\/26\/participez-au-forum-de-lalternance-de-liut-de-beziers\/#primaryimage"},"thumbnailUrl":"https:\/\/pulse-beziers.fr\/wp-content\/uploads\/2024\/03\/actu-forum-alternance.jpg","datePublished":"2024-03-26T15:36:56+00:00","dateModified":"2024-03-26T15:36:58+00:00","breadcrumb":{"@id":"https:\/\/pulse-beziers.fr\/index.php\/2024\/03\/26\/participez-au-forum-de-lalternance-de-liut-de-beziers\/#breadcrumb"},"inLanguage":"fr-FR","potentialAction":[{"@type":"ReadAction","target":["https:\/\/pulse-beziers.fr\/index.php\/2024\/03\/26\/participez-au-forum-de-lalternance-de-liut-de-beziers\/"]}]},{"@type":"ImageObject","inLanguage":"fr-FR","@id":"https:\/\/pulse-beziers.fr\/index.php\/2024\/03\/26\/participez-au-forum-de-lalternance-de-liut-de-beziers\/#primaryimage","url":"https:\/\/pulse-beziers.fr\/wp-content\/uploads\/2024\/03\/actu-forum-alternance.jpg","contentUrl":"https:\/\/pulse-beziers.fr\/wp-content\/uploads\/2024\/03\/actu-forum-alternance.jpg","width":1024,"height":768},{"@type":"BreadcrumbList","@id":"https:\/\/pulse-beziers.fr\/index.php\/2024\/03\/26\/participez-au-forum-de-lalternance-de-liut-de-beziers\/#breadcrumb","itemListElement":[{"@type":"ListItem","position":1,"name":"Accueil","item":"https:\/\/pulse-beziers.fr\/"},{"@type":"ListItem","position":2,"name":"Participez au Forum de l\u2019Alternance de l\u2019IUT de B\u00e9ziers"}]},{"@type":"WebSite","@id":"https:\/\/pulse-beziers.fr\/#website","url":"https:\/\/pulse-beziers.fr\/","name":"PULSE","description":"B\u00e9ziers M\u00e9diterran\u00e9e","publisher":{"@id":"https:\/\/pulse-beziers.fr\/#organization"},"potentialAction":[{"@type":"SearchAction","target":{"@type":"EntryPoint","urlTemplate":"https:\/\/pulse-beziers.fr\/?s={search_term_string}"},"query-input":{"@type":"PropertyValueSpecification","valueRequired":true,"valueName":"search_term_string"}}],"inLanguage":"fr-FR"},{"@type":"Organization","@id":"https:\/\/pulse-beziers.fr\/#organization","name":"PULSE","url":"https:\/\/pulse-beziers.fr\/","logo":{"@type":"ImageObject","inLanguage":"fr-FR","@id":"https:\/\/pulse-beziers.fr\/#\/schema\/logo\/image\/","url":"https:\/\/pulse-beziers.fr\/wp-content\/uploads\/2023\/10\/PULSE_OK.png","contentUrl":"https:\/\/pulse-beziers.fr\/wp-content\/uploads\/2023\/10\/PULSE_OK.png","width":1490,"height":506,"caption":"PULSE"},"image":{"@id":"https:\/\/pulse-beziers.fr\/#\/schema\/logo\/image\/"}},{"@type":"Person","@id":"https:\/\/pulse-beziers.fr\/#\/schema\/person\/e342ddedadbd0064dde1b874b20c4298","name":"admin2231","image":{"@type":"ImageObject","inLanguage":"fr-FR","@id":"https:\/\/secure.gravatar.com\/avatar\/96a2c1e3e2c27fce1f5c62307e8ca30c2ba438c7c21107033e27326b15d2f2ec?s=96&d=mm&r=g","url":"https:\/\/secure.gravatar.com\/avatar\/96a2c1e3e2c27fce1f5c62307e8ca30c2ba438c7c21107033e27326b15d2f2ec?s=96&d=mm&r=g","contentUrl":"https:\/\/secure.gravatar.com\/avatar\/96a2c1e3e2c27fce1f5c62307e8ca30c2ba438c7c21107033e27326b15d2f2ec?s=96&d=mm&r=g","caption":"admin2231"},"sameAs":["http:\/\/pulse-beziers.fr"],"url":"https:\/\/pulse-beziers.fr\/index.php\/author\/admin2231\/"}]}},"jetpack_featured_media_url":"https:\/\/pulse-beziers.fr\/wp-content\/uploads\/2024\/03\/actu-forum-alternance.jpg","jetpack_sharing_enabled":true,"_links":{"self":[{"href":"https:\/\/pulse-beziers.fr\/index.php\/wp-json\/wp\/v2\/posts\/4501","targetHints":{"allow":["GET"]}}],"collection":[{"href":"https:\/\/pulse-beziers.fr\/index.php\/wp-json\/wp\/v2\/posts"}],"about":[{"href":"https:\/\/pulse-beziers.fr\/index.php\/wp-json\/wp\/v2\/types\/post"}],"author":[{"embeddable":true,"href":"https:\/\/pulse-beziers.fr\/index.php\/wp-json\/wp\/v2\/users\/1"}],"replies":[{"embeddable":true,"href":"https:\/\/pulse-beziers.fr\/index.php\/wp-json\/wp\/v2\/comments?post=4501"}],"version-history":[{"count":1,"href":"https:\/\/pulse-beziers.fr\/index.php\/wp-json\/wp\/v2\/posts\/4501\/revisions"}],"predecessor-version":[{"id":4503,"href":"https:\/\/pulse-beziers.fr\/index.php\/wp-json\/wp\/v2\/posts\/4501\/revisions\/4503"}],"wp:featuredmedia":[{"embeddable":true,"href":"https:\/\/pulse-beziers.fr\/index.php\/wp-json\/wp\/v2\/media\/4502"}],"wp:attachment":[{"href":"https:\/\/pulse-beziers.fr\/index.php\/wp-json\/wp\/v2\/media?parent=4501"}],"wp:term":[{"taxonomy":"category","embeddable":true,"href":"https:\/\/pulse-beziers.fr\/index.php\/wp-json\/wp\/v2\/categories?post=4501"},{"taxonomy":"post_tag","embeddable":true,"href":"https:\/\/pulse-beziers.fr\/index.php\/wp-json\/wp\/v2\/tags?post=4501"}],"curies":[{"name":"wp","href":"https:\/\/api.w.org\/{rel}","templated":true}]}}