{"id":4660,"date":"2024-04-12T12:28:15","date_gmt":"2024-04-12T10:28:15","guid":{"rendered":"https:\/\/pulse-beziers.fr\/?p=4660"},"modified":"2024-04-15T17:08:58","modified_gmt":"2024-04-15T15:08:58","slug":"rencontrons-nous-au-salon-taf","status":"publish","type":"post","link":"https:\/\/pulse-beziers.fr\/index.php\/2024\/04\/12\/rencontrons-nous-au-salon-taf\/","title":{"rendered":"Rencontrons-nous au salon TAF\u00a0!"},"content":{"rendered":"\n<p>Jeudi 25 avril, L\u2019Agence PULSE B\u00e9ziers M\u00e9diterran\u00e9e sera pr\u00e9sente aux c\u00f4t\u00e9s de 75 organismes de formation et d\u2019orientation et plus de 150 entreprises&nbsp;\u00e0 l\u2019occasion du salon TAF B\u00e9ziers\/Ouest H\u00e9rault !<\/p>\n\n\n\n<p>En recherche d\u2019emploi&nbsp;? De contact direct avec des entreprises&nbsp;? D\u2019informations sur les formations et l\u2019apprentissage&nbsp;? En d\u00e9marche d\u2019orientation, de reconversion, de qualification, de cr\u00e9ation d\u2019activit\u00e9 ou d\u2019entreprise&nbsp;?<\/p>\n\n\n\n<p>Vous trouverez toutes les r\u00e9ponses \u00e0 vos interrogations lors de la seconde \u00e9dition du salon TAF.<\/p>\n\n\n\n<p><strong>Notre mission&nbsp;: \u00catre un facilitateur du d\u00e9veloppement de votre entreprise.<\/strong><\/p>\n\n\n\n<p>Ev\u00e9nement organis\u00e9 par la R\u00e9gion Occitanie, en partenariat avec France Travail, les Missions locales du territoire et Cap Emploi.<\/p>\n\n\n\n<p><strong>Informations pratiques<\/strong><\/p>\n\n\n\n<p><strong>\ud83d\udcc5<\/strong><strong> Date&nbsp;: <\/strong>Jeudi 25 avril<\/p>\n\n\n\n<p><strong>\u23f2\ufe0f<\/strong><strong> Horaires&nbsp;: <\/strong>de 9h \u00e0 17h<\/p>\n\n\n\n<p><strong>\ud83d\udccd<\/strong><strong> Adresse&nbsp;: <\/strong>Parc des expositions, Av. du Viguier, 34500 B\u00e9ziers (H\u00e9rault)<\/p>\n\n\n\n<p><strong>\ud83c\udd93<\/strong><strong> Ev\u00e8nement gratuit &nbsp;<\/strong><\/p>\n\n\n\n<p><a href=\"https:\/\/www.laregion.fr\/Salon-TAF-de-Beziers-Ouest-Herault\">Plus d\u2019informations ici&nbsp;!<\/a><\/p>\n","protected":false},"excerpt":{"rendered":"<p>Jeudi 25 avril, L\u2019Agence PULSE B\u00e9ziers M\u00e9diterran\u00e9e sera pr\u00e9sente aux c\u00f4t\u00e9s de 75 organismes de formation et d\u2019orientation et plus de 150 entreprises&nbsp;\u00e0 l\u2019occasion du salon TAF B\u00e9ziers\/Ouest H\u00e9rault ! En recherche d\u2019emploi&nbsp;? De contact direct avec des entreprises&nbsp;? D\u2019informations sur les formations et l\u2019apprentissage&nbsp;? En d\u00e9marche d\u2019orientation, de reconversion, de qualification, de cr\u00e9ation d\u2019activit\u00e9 [&hellip;]<\/p>\n","protected":false},"author":4,"featured_media":4661,"comment_status":"closed","ping_status":"closed","sticky":false,"template":"","format":"standard","meta":{"_jetpack_memberships_contains_paid_content":false,"footnotes":""},"categories":[4],"tags":[],"class_list":["post-4660","post","type-post","status-publish","format-standard","has-post-thumbnail","hentry","category-evenement"],"yoast_head":"<!-- This site is optimized with the Yoast SEO plugin v27.3 - https:\/\/yoast.com\/product\/yoast-seo-wordpress\/ -->\n<title>Rencontrons-nous au salon TAF\u00a0! - PULSE<\/title>\n<meta name=\"robots\" content=\"index, follow, max-snippet:-1, max-image-preview:large, max-video-preview:-1\" \/>\n<link rel=\"canonical\" href=\"https:\/\/pulse-beziers.fr\/index.php\/2024\/04\/12\/rencontrons-nous-au-salon-taf\/\" \/>\n<meta property=\"og:locale\" content=\"fr_FR\" \/>\n<meta property=\"og:type\" content=\"article\" \/>\n<meta property=\"og:title\" content=\"Rencontrons-nous au salon TAF\u00a0! - PULSE\" \/>\n<meta property=\"og:description\" content=\"Jeudi 25 avril, L\u2019Agence PULSE B\u00e9ziers M\u00e9diterran\u00e9e sera pr\u00e9sente aux c\u00f4t\u00e9s de 75 organismes de formation et d\u2019orientation et plus de 150 entreprises&nbsp;\u00e0 l\u2019occasion du salon TAF B\u00e9ziers\/Ouest H\u00e9rault ! En recherche d\u2019emploi&nbsp;? De contact direct avec des entreprises&nbsp;? D\u2019informations sur les formations et l\u2019apprentissage&nbsp;? En d\u00e9marche d\u2019orientation, de reconversion, de qualification, de cr\u00e9ation d\u2019activit\u00e9 [&hellip;]\" \/>\n<meta property=\"og:url\" content=\"https:\/\/pulse-beziers.fr\/index.php\/2024\/04\/12\/rencontrons-nous-au-salon-taf\/\" \/>\n<meta property=\"og:site_name\" content=\"PULSE\" \/>\n<meta property=\"article:published_time\" content=\"2024-04-12T10:28:15+00:00\" \/>\n<meta property=\"article:modified_time\" content=\"2024-04-15T15:08:58+00:00\" \/>\n<meta property=\"og:image\" content=\"https:\/\/pulse-beziers.fr\/wp-content\/uploads\/2024\/04\/TAF.jpeg\" \/>\n\t<meta property=\"og:image:width\" content=\"500\" \/>\n\t<meta property=\"og:image:height\" content=\"262\" \/>\n\t<meta property=\"og:image:type\" content=\"image\/jpeg\" \/>\n<meta name=\"author\" content=\"Jordan\" \/>\n<meta name=\"twitter:card\" content=\"summary_large_image\" \/>\n<meta name=\"twitter:label1\" content=\"\u00c9crit par\" \/>\n\t<meta name=\"twitter:data1\" content=\"Jordan\" \/>\n\t<meta name=\"twitter:label2\" content=\"Dur\u00e9e de lecture estim\u00e9e\" \/>\n\t<meta name=\"twitter:data2\" content=\"1 minute\" \/>\n<script type=\"application\/ld+json\" class=\"yoast-schema-graph\">{\"@context\":\"https:\\\/\\\/schema.org\",\"@graph\":[{\"@type\":\"Article\",\"@id\":\"https:\\\/\\\/pulse-beziers.fr\\\/index.php\\\/2024\\\/04\\\/12\\\/rencontrons-nous-au-salon-taf\\\/#article\",\"isPartOf\":{\"@id\":\"https:\\\/\\\/pulse-beziers.fr\\\/index.php\\\/2024\\\/04\\\/12\\\/rencontrons-nous-au-salon-taf\\\/\"},\"author\":{\"name\":\"Jordan\",\"@id\":\"https:\\\/\\\/pulse-beziers.fr\\\/#\\\/schema\\\/person\\\/ce4160d5785562dc30723e520933e8e9\"},\"headline\":\"Rencontrons-nous au salon TAF\u00a0!\",\"datePublished\":\"2024-04-12T10:28:15+00:00\",\"dateModified\":\"2024-04-15T15:08:58+00:00\",\"mainEntityOfPage\":{\"@id\":\"https:\\\/\\\/pulse-beziers.fr\\\/index.php\\\/2024\\\/04\\\/12\\\/rencontrons-nous-au-salon-taf\\\/\"},\"wordCount\":163,\"publisher\":{\"@id\":\"https:\\\/\\\/pulse-beziers.fr\\\/#organization\"},\"image\":{\"@id\":\"https:\\\/\\\/pulse-beziers.fr\\\/index.php\\\/2024\\\/04\\\/12\\\/rencontrons-nous-au-salon-taf\\\/#primaryimage\"},\"thumbnailUrl\":\"https:\\\/\\\/pulse-beziers.fr\\\/wp-content\\\/uploads\\\/2024\\\/04\\\/TAF.jpeg\",\"articleSection\":[\"EVENEMENT\"],\"inLanguage\":\"fr-FR\"},{\"@type\":\"WebPage\",\"@id\":\"https:\\\/\\\/pulse-beziers.fr\\\/index.php\\\/2024\\\/04\\\/12\\\/rencontrons-nous-au-salon-taf\\\/\",\"url\":\"https:\\\/\\\/pulse-beziers.fr\\\/index.php\\\/2024\\\/04\\\/12\\\/rencontrons-nous-au-salon-taf\\\/\",\"name\":\"Rencontrons-nous au salon TAF\u00a0! - PULSE\",\"isPartOf\":{\"@id\":\"https:\\\/\\\/pulse-beziers.fr\\\/#website\"},\"primaryImageOfPage\":{\"@id\":\"https:\\\/\\\/pulse-beziers.fr\\\/index.php\\\/2024\\\/04\\\/12\\\/rencontrons-nous-au-salon-taf\\\/#primaryimage\"},\"image\":{\"@id\":\"https:\\\/\\\/pulse-beziers.fr\\\/index.php\\\/2024\\\/04\\\/12\\\/rencontrons-nous-au-salon-taf\\\/#primaryimage\"},\"thumbnailUrl\":\"https:\\\/\\\/pulse-beziers.fr\\\/wp-content\\\/uploads\\\/2024\\\/04\\\/TAF.jpeg\",\"datePublished\":\"2024-04-12T10:28:15+00:00\",\"dateModified\":\"2024-04-15T15:08:58+00:00\",\"breadcrumb\":{\"@id\":\"https:\\\/\\\/pulse-beziers.fr\\\/index.php\\\/2024\\\/04\\\/12\\\/rencontrons-nous-au-salon-taf\\\/#breadcrumb\"},\"inLanguage\":\"fr-FR\",\"potentialAction\":[{\"@type\":\"ReadAction\",\"target\":[\"https:\\\/\\\/pulse-beziers.fr\\\/index.php\\\/2024\\\/04\\\/12\\\/rencontrons-nous-au-salon-taf\\\/\"]}]},{\"@type\":\"ImageObject\",\"inLanguage\":\"fr-FR\",\"@id\":\"https:\\\/\\\/pulse-beziers.fr\\\/index.php\\\/2024\\\/04\\\/12\\\/rencontrons-nous-au-salon-taf\\\/#primaryimage\",\"url\":\"https:\\\/\\\/pulse-beziers.fr\\\/wp-content\\\/uploads\\\/2024\\\/04\\\/TAF.jpeg\",\"contentUrl\":\"https:\\\/\\\/pulse-beziers.fr\\\/wp-content\\\/uploads\\\/2024\\\/04\\\/TAF.jpeg\",\"width\":500,\"height\":262},{\"@type\":\"BreadcrumbList\",\"@id\":\"https:\\\/\\\/pulse-beziers.fr\\\/index.php\\\/2024\\\/04\\\/12\\\/rencontrons-nous-au-salon-taf\\\/#breadcrumb\",\"itemListElement\":[{\"@type\":\"ListItem\",\"position\":1,\"name\":\"Accueil\",\"item\":\"https:\\\/\\\/pulse-beziers.fr\\\/\"},{\"@type\":\"ListItem\",\"position\":2,\"name\":\"Rencontrons-nous au salon TAF\u00a0!\"}]},{\"@type\":\"WebSite\",\"@id\":\"https:\\\/\\\/pulse-beziers.fr\\\/#website\",\"url\":\"https:\\\/\\\/pulse-beziers.fr\\\/\",\"name\":\"PULSE\",\"description\":\"B\u00e9ziers M\u00e9diterran\u00e9e\",\"publisher\":{\"@id\":\"https:\\\/\\\/pulse-beziers.fr\\\/#organization\"},\"potentialAction\":[{\"@type\":\"SearchAction\",\"target\":{\"@type\":\"EntryPoint\",\"urlTemplate\":\"https:\\\/\\\/pulse-beziers.fr\\\/?s={search_term_string}\"},\"query-input\":{\"@type\":\"PropertyValueSpecification\",\"valueRequired\":true,\"valueName\":\"search_term_string\"}}],\"inLanguage\":\"fr-FR\"},{\"@type\":\"Organization\",\"@id\":\"https:\\\/\\\/pulse-beziers.fr\\\/#organization\",\"name\":\"PULSE\",\"url\":\"https:\\\/\\\/pulse-beziers.fr\\\/\",\"logo\":{\"@type\":\"ImageObject\",\"inLanguage\":\"fr-FR\",\"@id\":\"https:\\\/\\\/pulse-beziers.fr\\\/#\\\/schema\\\/logo\\\/image\\\/\",\"url\":\"https:\\\/\\\/pulse-beziers.fr\\\/wp-content\\\/uploads\\\/2023\\\/10\\\/PULSE_OK.png\",\"contentUrl\":\"https:\\\/\\\/pulse-beziers.fr\\\/wp-content\\\/uploads\\\/2023\\\/10\\\/PULSE_OK.png\",\"width\":1490,\"height\":506,\"caption\":\"PULSE\"},\"image\":{\"@id\":\"https:\\\/\\\/pulse-beziers.fr\\\/#\\\/schema\\\/logo\\\/image\\\/\"}},{\"@type\":\"Person\",\"@id\":\"https:\\\/\\\/pulse-beziers.fr\\\/#\\\/schema\\\/person\\\/ce4160d5785562dc30723e520933e8e9\",\"name\":\"Jordan\",\"image\":{\"@type\":\"ImageObject\",\"inLanguage\":\"fr-FR\",\"@id\":\"https:\\\/\\\/secure.gravatar.com\\\/avatar\\\/ae88e378bde730769fc25248bfc128d509bc64fc2fad4d6455517f85742a87fd?s=96&d=mm&r=g\",\"url\":\"https:\\\/\\\/secure.gravatar.com\\\/avatar\\\/ae88e378bde730769fc25248bfc128d509bc64fc2fad4d6455517f85742a87fd?s=96&d=mm&r=g\",\"contentUrl\":\"https:\\\/\\\/secure.gravatar.com\\\/avatar\\\/ae88e378bde730769fc25248bfc128d509bc64fc2fad4d6455517f85742a87fd?s=96&d=mm&r=g\",\"caption\":\"Jordan\"},\"url\":\"https:\\\/\\\/pulse-beziers.fr\\\/index.php\\\/author\\\/jordan\\\/\"}]}<\/script>\n<!-- \/ Yoast SEO plugin. -->","yoast_head_json":{"title":"Rencontrons-nous au salon TAF\u00a0! - PULSE","robots":{"index":"index","follow":"follow","max-snippet":"max-snippet:-1","max-image-preview":"max-image-preview:large","max-video-preview":"max-video-preview:-1"},"canonical":"https:\/\/pulse-beziers.fr\/index.php\/2024\/04\/12\/rencontrons-nous-au-salon-taf\/","og_locale":"fr_FR","og_type":"article","og_title":"Rencontrons-nous au salon TAF\u00a0! - PULSE","og_description":"Jeudi 25 avril, L\u2019Agence PULSE B\u00e9ziers M\u00e9diterran\u00e9e sera pr\u00e9sente aux c\u00f4t\u00e9s de 75 organismes de formation et d\u2019orientation et plus de 150 entreprises&nbsp;\u00e0 l\u2019occasion du salon TAF B\u00e9ziers\/Ouest H\u00e9rault ! En recherche d\u2019emploi&nbsp;? De contact direct avec des entreprises&nbsp;? D\u2019informations sur les formations et l\u2019apprentissage&nbsp;? En d\u00e9marche d\u2019orientation, de reconversion, de qualification, de cr\u00e9ation d\u2019activit\u00e9 [&hellip;]","og_url":"https:\/\/pulse-beziers.fr\/index.php\/2024\/04\/12\/rencontrons-nous-au-salon-taf\/","og_site_name":"PULSE","article_published_time":"2024-04-12T10:28:15+00:00","article_modified_time":"2024-04-15T15:08:58+00:00","og_image":[{"width":500,"height":262,"url":"https:\/\/pulse-beziers.fr\/wp-content\/uploads\/2024\/04\/TAF.jpeg","type":"image\/jpeg"}],"author":"Jordan","twitter_card":"summary_large_image","twitter_misc":{"\u00c9crit par":"Jordan","Dur\u00e9e de lecture estim\u00e9e":"1 minute"},"schema":{"@context":"https:\/\/schema.org","@graph":[{"@type":"Article","@id":"https:\/\/pulse-beziers.fr\/index.php\/2024\/04\/12\/rencontrons-nous-au-salon-taf\/#article","isPartOf":{"@id":"https:\/\/pulse-beziers.fr\/index.php\/2024\/04\/12\/rencontrons-nous-au-salon-taf\/"},"author":{"name":"Jordan","@id":"https:\/\/pulse-beziers.fr\/#\/schema\/person\/ce4160d5785562dc30723e520933e8e9"},"headline":"Rencontrons-nous au salon TAF\u00a0!","datePublished":"2024-04-12T10:28:15+00:00","dateModified":"2024-04-15T15:08:58+00:00","mainEntityOfPage":{"@id":"https:\/\/pulse-beziers.fr\/index.php\/2024\/04\/12\/rencontrons-nous-au-salon-taf\/"},"wordCount":163,"publisher":{"@id":"https:\/\/pulse-beziers.fr\/#organization"},"image":{"@id":"https:\/\/pulse-beziers.fr\/index.php\/2024\/04\/12\/rencontrons-nous-au-salon-taf\/#primaryimage"},"thumbnailUrl":"https:\/\/pulse-beziers.fr\/wp-content\/uploads\/2024\/04\/TAF.jpeg","articleSection":["EVENEMENT"],"inLanguage":"fr-FR"},{"@type":"WebPage","@id":"https:\/\/pulse-beziers.fr\/index.php\/2024\/04\/12\/rencontrons-nous-au-salon-taf\/","url":"https:\/\/pulse-beziers.fr\/index.php\/2024\/04\/12\/rencontrons-nous-au-salon-taf\/","name":"Rencontrons-nous au salon TAF\u00a0! - PULSE","isPartOf":{"@id":"https:\/\/pulse-beziers.fr\/#website"},"primaryImageOfPage":{"@id":"https:\/\/pulse-beziers.fr\/index.php\/2024\/04\/12\/rencontrons-nous-au-salon-taf\/#primaryimage"},"image":{"@id":"https:\/\/pulse-beziers.fr\/index.php\/2024\/04\/12\/rencontrons-nous-au-salon-taf\/#primaryimage"},"thumbnailUrl":"https:\/\/pulse-beziers.fr\/wp-content\/uploads\/2024\/04\/TAF.jpeg","datePublished":"2024-04-12T10:28:15+00:00","dateModified":"2024-04-15T15:08:58+00:00","breadcrumb":{"@id":"https:\/\/pulse-beziers.fr\/index.php\/2024\/04\/12\/rencontrons-nous-au-salon-taf\/#breadcrumb"},"inLanguage":"fr-FR","potentialAction":[{"@type":"ReadAction","target":["https:\/\/pulse-beziers.fr\/index.php\/2024\/04\/12\/rencontrons-nous-au-salon-taf\/"]}]},{"@type":"ImageObject","inLanguage":"fr-FR","@id":"https:\/\/pulse-beziers.fr\/index.php\/2024\/04\/12\/rencontrons-nous-au-salon-taf\/#primaryimage","url":"https:\/\/pulse-beziers.fr\/wp-content\/uploads\/2024\/04\/TAF.jpeg","contentUrl":"https:\/\/pulse-beziers.fr\/wp-content\/uploads\/2024\/04\/TAF.jpeg","width":500,"height":262},{"@type":"BreadcrumbList","@id":"https:\/\/pulse-beziers.fr\/index.php\/2024\/04\/12\/rencontrons-nous-au-salon-taf\/#breadcrumb","itemListElement":[{"@type":"ListItem","position":1,"name":"Accueil","item":"https:\/\/pulse-beziers.fr\/"},{"@type":"ListItem","position":2,"name":"Rencontrons-nous au salon TAF\u00a0!"}]},{"@type":"WebSite","@id":"https:\/\/pulse-beziers.fr\/#website","url":"https:\/\/pulse-beziers.fr\/","name":"PULSE","description":"B\u00e9ziers M\u00e9diterran\u00e9e","publisher":{"@id":"https:\/\/pulse-beziers.fr\/#organization"},"potentialAction":[{"@type":"SearchAction","target":{"@type":"EntryPoint","urlTemplate":"https:\/\/pulse-beziers.fr\/?s={search_term_string}"},"query-input":{"@type":"PropertyValueSpecification","valueRequired":true,"valueName":"search_term_string"}}],"inLanguage":"fr-FR"},{"@type":"Organization","@id":"https:\/\/pulse-beziers.fr\/#organization","name":"PULSE","url":"https:\/\/pulse-beziers.fr\/","logo":{"@type":"ImageObject","inLanguage":"fr-FR","@id":"https:\/\/pulse-beziers.fr\/#\/schema\/logo\/image\/","url":"https:\/\/pulse-beziers.fr\/wp-content\/uploads\/2023\/10\/PULSE_OK.png","contentUrl":"https:\/\/pulse-beziers.fr\/wp-content\/uploads\/2023\/10\/PULSE_OK.png","width":1490,"height":506,"caption":"PULSE"},"image":{"@id":"https:\/\/pulse-beziers.fr\/#\/schema\/logo\/image\/"}},{"@type":"Person","@id":"https:\/\/pulse-beziers.fr\/#\/schema\/person\/ce4160d5785562dc30723e520933e8e9","name":"Jordan","image":{"@type":"ImageObject","inLanguage":"fr-FR","@id":"https:\/\/secure.gravatar.com\/avatar\/ae88e378bde730769fc25248bfc128d509bc64fc2fad4d6455517f85742a87fd?s=96&d=mm&r=g","url":"https:\/\/secure.gravatar.com\/avatar\/ae88e378bde730769fc25248bfc128d509bc64fc2fad4d6455517f85742a87fd?s=96&d=mm&r=g","contentUrl":"https:\/\/secure.gravatar.com\/avatar\/ae88e378bde730769fc25248bfc128d509bc64fc2fad4d6455517f85742a87fd?s=96&d=mm&r=g","caption":"Jordan"},"url":"https:\/\/pulse-beziers.fr\/index.php\/author\/jordan\/"}]}},"jetpack_featured_media_url":"https:\/\/pulse-beziers.fr\/wp-content\/uploads\/2024\/04\/TAF.jpeg","jetpack_sharing_enabled":true,"_links":{"self":[{"href":"https:\/\/pulse-beziers.fr\/index.php\/wp-json\/wp\/v2\/posts\/4660","targetHints":{"allow":["GET"]}}],"collection":[{"href":"https:\/\/pulse-beziers.fr\/index.php\/wp-json\/wp\/v2\/posts"}],"about":[{"href":"https:\/\/pulse-beziers.fr\/index.php\/wp-json\/wp\/v2\/types\/post"}],"author":[{"embeddable":true,"href":"https:\/\/pulse-beziers.fr\/index.php\/wp-json\/wp\/v2\/users\/4"}],"replies":[{"embeddable":true,"href":"https:\/\/pulse-beziers.fr\/index.php\/wp-json\/wp\/v2\/comments?post=4660"}],"version-history":[{"count":1,"href":"https:\/\/pulse-beziers.fr\/index.php\/wp-json\/wp\/v2\/posts\/4660\/revisions"}],"predecessor-version":[{"id":4662,"href":"https:\/\/pulse-beziers.fr\/index.php\/wp-json\/wp\/v2\/posts\/4660\/revisions\/4662"}],"wp:featuredmedia":[{"embeddable":true,"href":"https:\/\/pulse-beziers.fr\/index.php\/wp-json\/wp\/v2\/media\/4661"}],"wp:attachment":[{"href":"https:\/\/pulse-beziers.fr\/index.php\/wp-json\/wp\/v2\/media?parent=4660"}],"wp:term":[{"taxonomy":"category","embeddable":true,"href":"https:\/\/pulse-beziers.fr\/index.php\/wp-json\/wp\/v2\/categories?post=4660"},{"taxonomy":"post_tag","embeddable":true,"href":"https:\/\/pulse-beziers.fr\/index.php\/wp-json\/wp\/v2\/tags?post=4660"}],"curies":[{"name":"wp","href":"https:\/\/api.w.org\/{rel}","templated":true}]}}