{"id":4813,"date":"2024-05-06T12:25:11","date_gmt":"2024-05-06T10:25:11","guid":{"rendered":"https:\/\/pulse-beziers.fr\/?p=4813"},"modified":"2024-05-06T15:49:17","modified_gmt":"2024-05-06T13:49:17","slug":"participez-a-la-deuxieme-matinale-pulse","status":"publish","type":"post","link":"https:\/\/pulse-beziers.fr\/index.php\/2024\/05\/06\/participez-a-la-deuxieme-matinale-pulse\/","title":{"rendered":"Participez \u00e0 la deuxi\u00e8me Matinale PULSE !"},"content":{"rendered":"\n<p>Apr\u00e8s le succ\u00e8s\u00a0de la premi\u00e8re \u00e9dition,\u00a0<a href=\"https:\/\/pulse-beziers.fr\/\">PULSE B\u00e9ziers M\u00e9diterran\u00e9e<\/a>\u00a0vous donne rendez-vous pour une seconde Matinale sur le th\u00e8me \u00ab\u00a0<strong>La gestion de la croissance d&#8217;entreprise<\/strong>\u00a0\u00bb.<\/p>\n\n\n\n<p>&#8211; Le foncier disponible sur le territoire<br>&#8211; Identifier les locaux professionnels pour votre activit\u00e9<br>&#8211; Comment financer ses investissements ?<br>&#8211; Des experts pour vous accompagner<br>____________________________________________________________<br>Au programme des interventions&nbsp;:<br>\u27a1\ufe0f FONCIER \u2013&nbsp;<a href=\"https:\/\/www.viaterra-epl.fr\/\">VIATERRA<\/a><br>\u27a1\ufe0f IMMO PRO &#8211;&nbsp;<a href=\"https:\/\/www.arthur-loyd.com\/beziers\">ARTHUR LOYD<\/a><br>\u27a1\ufe0f BANQUES \u2013&nbsp;<a href=\"https:\/\/www.linkedin.com\/company\/banque-populaire-du-sud\/\">Banque <\/a><a href=\"https:\/\/www.banquepopulaire.fr\/sud\/\">Populaire du Sud<\/a>&nbsp;&#8211; Soci\u00e9t\u00e9 G\u00e9n\u00e9rale<br>\u27a1\ufe0f FINANCE &#8211;&nbsp;<a href=\"https:\/\/www.bpifrance.fr\/\">Bpifrance<\/a><br>\u27a1\ufe0f EXPERTISE &#8211;&nbsp;<a href=\"https:\/\/www.axylis.fr\/\">Axylis&nbsp;<\/a>&#8211;&nbsp;<a href=\"https:\/\/www.linkedin.com\/in\/ACoAAABx42IBzQWf9PHyvtZi8tjxfdgtTTjCTwE\">Sacha EXPERT<\/a><br>_____________________________________________________________<br>\ud83d\udcc5 \ud835\udc03\ud835\udc1a\ud835\udc2d\ud835\udc1e : Mardi 21 Mai 2024<br>\ud83d\udd52 \ud835\udc07\ud835\udc28\ud835\udc2b\ud835\udc1a\ud835\udc22\ud835\udc2b\ud835\udc1e\ud835\udc2c : 8h &#8211; 10h<br>\ud83d\udccd \ud835\udc0b\ud835\udc22\ud835\udc1e\ud835\udc2e : \ud835\uddd5\ud835\udde5\ud835\uddd4\ud835\udde6\ud835\udde6\ud835\uddd8\ud835\udde5\ud835\udddc\ud835\uddd8 \ud835\uddd6\ud835\udddb\ud835\uddd8\ud835\udded \ud835\udde5\ud835\uddd4\ud835\udde2\ud835\udde8\ud835\udddf \u2013 Stade Raoul Barri\u00e8re \u2013 B\u00e9ziers<\/p>\n\n\n\n<p>\ud83d\udc49 <a href=\"https:\/\/static.teoola.com\/evt-3285-beziersetco&amp;lg=fr\">\ud835\udc09\ud835\udc04 \ud835\udc0c\u2019\ud835\udc08\ud835\udc0d\ud835\udc12\ud835\udc02\ud835\udc11\ud835\udc08\ud835\udc12 \ud835\udc08\ud835\udc02\ud835\udc08<\/a><br>______________________________________________________________<br>\u2705Rejoignez le collectif&nbsp;<strong>PULSE&nbsp;<\/strong>pour rencontrer celles et ceux qui entreprennent et innovent sur le Biterrois.<br>\ud83d\udc49 <a href=\"https:\/\/pulse-beziers.fr\/index.php\/adherez\/\">Retrouvez le bulletin d\u2019adh\u00e9sion 2024 en cliquant ici<\/a><\/p>\n","protected":false},"excerpt":{"rendered":"<p>Apr\u00e8s le succ\u00e8s\u00a0de la premi\u00e8re \u00e9dition,\u00a0PULSE B\u00e9ziers M\u00e9diterran\u00e9e\u00a0vous donne rendez-vous pour une seconde Matinale sur le th\u00e8me \u00ab\u00a0La gestion de la croissance d&#8217;entreprise\u00a0\u00bb. &#8211; Le foncier disponible sur le territoire&#8211; Identifier les locaux professionnels pour votre activit\u00e9&#8211; Comment financer ses investissements ?&#8211; Des experts pour vous accompagner____________________________________________________________Au programme des interventions&nbsp;:\u27a1\ufe0f FONCIER \u2013&nbsp;VIATERRA\u27a1\ufe0f IMMO PRO &#8211;&nbsp;ARTHUR [&hellip;]<\/p>\n","protected":false},"author":4,"featured_media":4814,"comment_status":"closed","ping_status":"closed","sticky":false,"template":"","format":"standard","meta":{"_jetpack_memberships_contains_paid_content":false,"footnotes":""},"categories":[4],"tags":[],"class_list":["post-4813","post","type-post","status-publish","format-standard","has-post-thumbnail","hentry","category-evenement"],"yoast_head":"<!-- This site is optimized with the Yoast SEO plugin v27.3 - https:\/\/yoast.com\/product\/yoast-seo-wordpress\/ -->\n<title>Participez \u00e0 la deuxi\u00e8me Matinale PULSE !<\/title>\n<meta name=\"description\" content=\"EVENEMENT - Participez \u00e0 la deuxi\u00e8me Matinale PULSE ! sur le th\u00e8me de la gestion de la croissance d&#039;entreprise\" \/>\n<meta name=\"robots\" content=\"index, follow, max-snippet:-1, max-image-preview:large, max-video-preview:-1\" \/>\n<link rel=\"canonical\" href=\"https:\/\/pulse-beziers.fr\/index.php\/2024\/05\/06\/participez-a-la-deuxieme-matinale-pulse\/\" \/>\n<meta property=\"og:locale\" content=\"fr_FR\" \/>\n<meta property=\"og:type\" content=\"article\" \/>\n<meta property=\"og:title\" content=\"Participez \u00e0 la deuxi\u00e8me Matinale PULSE !\" \/>\n<meta property=\"og:description\" content=\"EVENEMENT - Participez \u00e0 la deuxi\u00e8me Matinale PULSE ! sur le th\u00e8me de la gestion de la croissance d&#039;entreprise\" \/>\n<meta property=\"og:url\" content=\"https:\/\/pulse-beziers.fr\/index.php\/2024\/05\/06\/participez-a-la-deuxieme-matinale-pulse\/\" \/>\n<meta property=\"og:site_name\" content=\"PULSE\" \/>\n<meta property=\"article:published_time\" content=\"2024-05-06T10:25:11+00:00\" \/>\n<meta property=\"article:modified_time\" content=\"2024-05-06T13:49:17+00:00\" \/>\n<meta property=\"og:image\" content=\"https:\/\/pulse-beziers.fr\/wp-content\/uploads\/2024\/05\/Visuel-siteweb-Matinale-1024x512.png\" \/>\n\t<meta property=\"og:image:width\" content=\"1024\" \/>\n\t<meta property=\"og:image:height\" content=\"512\" \/>\n\t<meta property=\"og:image:type\" content=\"image\/png\" \/>\n<meta name=\"author\" content=\"Jordan\" \/>\n<meta name=\"twitter:card\" content=\"summary_large_image\" \/>\n<meta name=\"twitter:label1\" content=\"\u00c9crit par\" \/>\n\t<meta name=\"twitter:data1\" content=\"Jordan\" \/>\n\t<meta name=\"twitter:label2\" content=\"Dur\u00e9e de lecture estim\u00e9e\" \/>\n\t<meta name=\"twitter:data2\" content=\"1 minute\" \/>\n<script type=\"application\/ld+json\" class=\"yoast-schema-graph\">{\"@context\":\"https:\\\/\\\/schema.org\",\"@graph\":[{\"@type\":\"Article\",\"@id\":\"https:\\\/\\\/pulse-beziers.fr\\\/index.php\\\/2024\\\/05\\\/06\\\/participez-a-la-deuxieme-matinale-pulse\\\/#article\",\"isPartOf\":{\"@id\":\"https:\\\/\\\/pulse-beziers.fr\\\/index.php\\\/2024\\\/05\\\/06\\\/participez-a-la-deuxieme-matinale-pulse\\\/\"},\"author\":{\"name\":\"Jordan\",\"@id\":\"https:\\\/\\\/pulse-beziers.fr\\\/#\\\/schema\\\/person\\\/ce4160d5785562dc30723e520933e8e9\"},\"headline\":\"Participez \u00e0 la deuxi\u00e8me Matinale PULSE !\",\"datePublished\":\"2024-05-06T10:25:11+00:00\",\"dateModified\":\"2024-05-06T13:49:17+00:00\",\"mainEntityOfPage\":{\"@id\":\"https:\\\/\\\/pulse-beziers.fr\\\/index.php\\\/2024\\\/05\\\/06\\\/participez-a-la-deuxieme-matinale-pulse\\\/\"},\"wordCount\":142,\"publisher\":{\"@id\":\"https:\\\/\\\/pulse-beziers.fr\\\/#organization\"},\"image\":{\"@id\":\"https:\\\/\\\/pulse-beziers.fr\\\/index.php\\\/2024\\\/05\\\/06\\\/participez-a-la-deuxieme-matinale-pulse\\\/#primaryimage\"},\"thumbnailUrl\":\"https:\\\/\\\/pulse-beziers.fr\\\/wp-content\\\/uploads\\\/2024\\\/05\\\/Visuel-siteweb-Matinale.png\",\"articleSection\":[\"EVENEMENT\"],\"inLanguage\":\"fr-FR\"},{\"@type\":\"WebPage\",\"@id\":\"https:\\\/\\\/pulse-beziers.fr\\\/index.php\\\/2024\\\/05\\\/06\\\/participez-a-la-deuxieme-matinale-pulse\\\/\",\"url\":\"https:\\\/\\\/pulse-beziers.fr\\\/index.php\\\/2024\\\/05\\\/06\\\/participez-a-la-deuxieme-matinale-pulse\\\/\",\"name\":\"Participez \u00e0 la deuxi\u00e8me Matinale PULSE !\",\"isPartOf\":{\"@id\":\"https:\\\/\\\/pulse-beziers.fr\\\/#website\"},\"primaryImageOfPage\":{\"@id\":\"https:\\\/\\\/pulse-beziers.fr\\\/index.php\\\/2024\\\/05\\\/06\\\/participez-a-la-deuxieme-matinale-pulse\\\/#primaryimage\"},\"image\":{\"@id\":\"https:\\\/\\\/pulse-beziers.fr\\\/index.php\\\/2024\\\/05\\\/06\\\/participez-a-la-deuxieme-matinale-pulse\\\/#primaryimage\"},\"thumbnailUrl\":\"https:\\\/\\\/pulse-beziers.fr\\\/wp-content\\\/uploads\\\/2024\\\/05\\\/Visuel-siteweb-Matinale.png\",\"datePublished\":\"2024-05-06T10:25:11+00:00\",\"dateModified\":\"2024-05-06T13:49:17+00:00\",\"description\":\"EVENEMENT - Participez \u00e0 la deuxi\u00e8me Matinale PULSE ! sur le th\u00e8me de la gestion de la croissance d'entreprise\",\"breadcrumb\":{\"@id\":\"https:\\\/\\\/pulse-beziers.fr\\\/index.php\\\/2024\\\/05\\\/06\\\/participez-a-la-deuxieme-matinale-pulse\\\/#breadcrumb\"},\"inLanguage\":\"fr-FR\",\"potentialAction\":[{\"@type\":\"ReadAction\",\"target\":[\"https:\\\/\\\/pulse-beziers.fr\\\/index.php\\\/2024\\\/05\\\/06\\\/participez-a-la-deuxieme-matinale-pulse\\\/\"]}]},{\"@type\":\"ImageObject\",\"inLanguage\":\"fr-FR\",\"@id\":\"https:\\\/\\\/pulse-beziers.fr\\\/index.php\\\/2024\\\/05\\\/06\\\/participez-a-la-deuxieme-matinale-pulse\\\/#primaryimage\",\"url\":\"https:\\\/\\\/pulse-beziers.fr\\\/wp-content\\\/uploads\\\/2024\\\/05\\\/Visuel-siteweb-Matinale.png\",\"contentUrl\":\"https:\\\/\\\/pulse-beziers.fr\\\/wp-content\\\/uploads\\\/2024\\\/05\\\/Visuel-siteweb-Matinale.png\",\"width\":2400,\"height\":1200},{\"@type\":\"BreadcrumbList\",\"@id\":\"https:\\\/\\\/pulse-beziers.fr\\\/index.php\\\/2024\\\/05\\\/06\\\/participez-a-la-deuxieme-matinale-pulse\\\/#breadcrumb\",\"itemListElement\":[{\"@type\":\"ListItem\",\"position\":1,\"name\":\"Accueil\",\"item\":\"https:\\\/\\\/pulse-beziers.fr\\\/\"},{\"@type\":\"ListItem\",\"position\":2,\"name\":\"Participez \u00e0 la deuxi\u00e8me Matinale PULSE !\"}]},{\"@type\":\"WebSite\",\"@id\":\"https:\\\/\\\/pulse-beziers.fr\\\/#website\",\"url\":\"https:\\\/\\\/pulse-beziers.fr\\\/\",\"name\":\"PULSE\",\"description\":\"B\u00e9ziers M\u00e9diterran\u00e9e\",\"publisher\":{\"@id\":\"https:\\\/\\\/pulse-beziers.fr\\\/#organization\"},\"potentialAction\":[{\"@type\":\"SearchAction\",\"target\":{\"@type\":\"EntryPoint\",\"urlTemplate\":\"https:\\\/\\\/pulse-beziers.fr\\\/?s={search_term_string}\"},\"query-input\":{\"@type\":\"PropertyValueSpecification\",\"valueRequired\":true,\"valueName\":\"search_term_string\"}}],\"inLanguage\":\"fr-FR\"},{\"@type\":\"Organization\",\"@id\":\"https:\\\/\\\/pulse-beziers.fr\\\/#organization\",\"name\":\"PULSE\",\"url\":\"https:\\\/\\\/pulse-beziers.fr\\\/\",\"logo\":{\"@type\":\"ImageObject\",\"inLanguage\":\"fr-FR\",\"@id\":\"https:\\\/\\\/pulse-beziers.fr\\\/#\\\/schema\\\/logo\\\/image\\\/\",\"url\":\"https:\\\/\\\/pulse-beziers.fr\\\/wp-content\\\/uploads\\\/2023\\\/10\\\/PULSE_OK.png\",\"contentUrl\":\"https:\\\/\\\/pulse-beziers.fr\\\/wp-content\\\/uploads\\\/2023\\\/10\\\/PULSE_OK.png\",\"width\":1490,\"height\":506,\"caption\":\"PULSE\"},\"image\":{\"@id\":\"https:\\\/\\\/pulse-beziers.fr\\\/#\\\/schema\\\/logo\\\/image\\\/\"}},{\"@type\":\"Person\",\"@id\":\"https:\\\/\\\/pulse-beziers.fr\\\/#\\\/schema\\\/person\\\/ce4160d5785562dc30723e520933e8e9\",\"name\":\"Jordan\",\"image\":{\"@type\":\"ImageObject\",\"inLanguage\":\"fr-FR\",\"@id\":\"https:\\\/\\\/secure.gravatar.com\\\/avatar\\\/ae88e378bde730769fc25248bfc128d509bc64fc2fad4d6455517f85742a87fd?s=96&d=mm&r=g\",\"url\":\"https:\\\/\\\/secure.gravatar.com\\\/avatar\\\/ae88e378bde730769fc25248bfc128d509bc64fc2fad4d6455517f85742a87fd?s=96&d=mm&r=g\",\"contentUrl\":\"https:\\\/\\\/secure.gravatar.com\\\/avatar\\\/ae88e378bde730769fc25248bfc128d509bc64fc2fad4d6455517f85742a87fd?s=96&d=mm&r=g\",\"caption\":\"Jordan\"},\"url\":\"https:\\\/\\\/pulse-beziers.fr\\\/index.php\\\/author\\\/jordan\\\/\"}]}<\/script>\n<!-- \/ Yoast SEO plugin. -->","yoast_head_json":{"title":"Participez \u00e0 la deuxi\u00e8me Matinale PULSE !","description":"EVENEMENT - Participez \u00e0 la deuxi\u00e8me Matinale PULSE ! sur le th\u00e8me de la gestion de la croissance d'entreprise","robots":{"index":"index","follow":"follow","max-snippet":"max-snippet:-1","max-image-preview":"max-image-preview:large","max-video-preview":"max-video-preview:-1"},"canonical":"https:\/\/pulse-beziers.fr\/index.php\/2024\/05\/06\/participez-a-la-deuxieme-matinale-pulse\/","og_locale":"fr_FR","og_type":"article","og_title":"Participez \u00e0 la deuxi\u00e8me Matinale PULSE !","og_description":"EVENEMENT - Participez \u00e0 la deuxi\u00e8me Matinale PULSE ! sur le th\u00e8me de la gestion de la croissance d'entreprise","og_url":"https:\/\/pulse-beziers.fr\/index.php\/2024\/05\/06\/participez-a-la-deuxieme-matinale-pulse\/","og_site_name":"PULSE","article_published_time":"2024-05-06T10:25:11+00:00","article_modified_time":"2024-05-06T13:49:17+00:00","og_image":[{"width":1024,"height":512,"url":"https:\/\/pulse-beziers.fr\/wp-content\/uploads\/2024\/05\/Visuel-siteweb-Matinale-1024x512.png","type":"image\/png"}],"author":"Jordan","twitter_card":"summary_large_image","twitter_misc":{"\u00c9crit par":"Jordan","Dur\u00e9e de lecture estim\u00e9e":"1 minute"},"schema":{"@context":"https:\/\/schema.org","@graph":[{"@type":"Article","@id":"https:\/\/pulse-beziers.fr\/index.php\/2024\/05\/06\/participez-a-la-deuxieme-matinale-pulse\/#article","isPartOf":{"@id":"https:\/\/pulse-beziers.fr\/index.php\/2024\/05\/06\/participez-a-la-deuxieme-matinale-pulse\/"},"author":{"name":"Jordan","@id":"https:\/\/pulse-beziers.fr\/#\/schema\/person\/ce4160d5785562dc30723e520933e8e9"},"headline":"Participez \u00e0 la deuxi\u00e8me Matinale PULSE !","datePublished":"2024-05-06T10:25:11+00:00","dateModified":"2024-05-06T13:49:17+00:00","mainEntityOfPage":{"@id":"https:\/\/pulse-beziers.fr\/index.php\/2024\/05\/06\/participez-a-la-deuxieme-matinale-pulse\/"},"wordCount":142,"publisher":{"@id":"https:\/\/pulse-beziers.fr\/#organization"},"image":{"@id":"https:\/\/pulse-beziers.fr\/index.php\/2024\/05\/06\/participez-a-la-deuxieme-matinale-pulse\/#primaryimage"},"thumbnailUrl":"https:\/\/pulse-beziers.fr\/wp-content\/uploads\/2024\/05\/Visuel-siteweb-Matinale.png","articleSection":["EVENEMENT"],"inLanguage":"fr-FR"},{"@type":"WebPage","@id":"https:\/\/pulse-beziers.fr\/index.php\/2024\/05\/06\/participez-a-la-deuxieme-matinale-pulse\/","url":"https:\/\/pulse-beziers.fr\/index.php\/2024\/05\/06\/participez-a-la-deuxieme-matinale-pulse\/","name":"Participez \u00e0 la deuxi\u00e8me Matinale PULSE !","isPartOf":{"@id":"https:\/\/pulse-beziers.fr\/#website"},"primaryImageOfPage":{"@id":"https:\/\/pulse-beziers.fr\/index.php\/2024\/05\/06\/participez-a-la-deuxieme-matinale-pulse\/#primaryimage"},"image":{"@id":"https:\/\/pulse-beziers.fr\/index.php\/2024\/05\/06\/participez-a-la-deuxieme-matinale-pulse\/#primaryimage"},"thumbnailUrl":"https:\/\/pulse-beziers.fr\/wp-content\/uploads\/2024\/05\/Visuel-siteweb-Matinale.png","datePublished":"2024-05-06T10:25:11+00:00","dateModified":"2024-05-06T13:49:17+00:00","description":"EVENEMENT - Participez \u00e0 la deuxi\u00e8me Matinale PULSE ! sur le th\u00e8me de la gestion de la croissance d'entreprise","breadcrumb":{"@id":"https:\/\/pulse-beziers.fr\/index.php\/2024\/05\/06\/participez-a-la-deuxieme-matinale-pulse\/#breadcrumb"},"inLanguage":"fr-FR","potentialAction":[{"@type":"ReadAction","target":["https:\/\/pulse-beziers.fr\/index.php\/2024\/05\/06\/participez-a-la-deuxieme-matinale-pulse\/"]}]},{"@type":"ImageObject","inLanguage":"fr-FR","@id":"https:\/\/pulse-beziers.fr\/index.php\/2024\/05\/06\/participez-a-la-deuxieme-matinale-pulse\/#primaryimage","url":"https:\/\/pulse-beziers.fr\/wp-content\/uploads\/2024\/05\/Visuel-siteweb-Matinale.png","contentUrl":"https:\/\/pulse-beziers.fr\/wp-content\/uploads\/2024\/05\/Visuel-siteweb-Matinale.png","width":2400,"height":1200},{"@type":"BreadcrumbList","@id":"https:\/\/pulse-beziers.fr\/index.php\/2024\/05\/06\/participez-a-la-deuxieme-matinale-pulse\/#breadcrumb","itemListElement":[{"@type":"ListItem","position":1,"name":"Accueil","item":"https:\/\/pulse-beziers.fr\/"},{"@type":"ListItem","position":2,"name":"Participez \u00e0 la deuxi\u00e8me Matinale PULSE !"}]},{"@type":"WebSite","@id":"https:\/\/pulse-beziers.fr\/#website","url":"https:\/\/pulse-beziers.fr\/","name":"PULSE","description":"B\u00e9ziers M\u00e9diterran\u00e9e","publisher":{"@id":"https:\/\/pulse-beziers.fr\/#organization"},"potentialAction":[{"@type":"SearchAction","target":{"@type":"EntryPoint","urlTemplate":"https:\/\/pulse-beziers.fr\/?s={search_term_string}"},"query-input":{"@type":"PropertyValueSpecification","valueRequired":true,"valueName":"search_term_string"}}],"inLanguage":"fr-FR"},{"@type":"Organization","@id":"https:\/\/pulse-beziers.fr\/#organization","name":"PULSE","url":"https:\/\/pulse-beziers.fr\/","logo":{"@type":"ImageObject","inLanguage":"fr-FR","@id":"https:\/\/pulse-beziers.fr\/#\/schema\/logo\/image\/","url":"https:\/\/pulse-beziers.fr\/wp-content\/uploads\/2023\/10\/PULSE_OK.png","contentUrl":"https:\/\/pulse-beziers.fr\/wp-content\/uploads\/2023\/10\/PULSE_OK.png","width":1490,"height":506,"caption":"PULSE"},"image":{"@id":"https:\/\/pulse-beziers.fr\/#\/schema\/logo\/image\/"}},{"@type":"Person","@id":"https:\/\/pulse-beziers.fr\/#\/schema\/person\/ce4160d5785562dc30723e520933e8e9","name":"Jordan","image":{"@type":"ImageObject","inLanguage":"fr-FR","@id":"https:\/\/secure.gravatar.com\/avatar\/ae88e378bde730769fc25248bfc128d509bc64fc2fad4d6455517f85742a87fd?s=96&d=mm&r=g","url":"https:\/\/secure.gravatar.com\/avatar\/ae88e378bde730769fc25248bfc128d509bc64fc2fad4d6455517f85742a87fd?s=96&d=mm&r=g","contentUrl":"https:\/\/secure.gravatar.com\/avatar\/ae88e378bde730769fc25248bfc128d509bc64fc2fad4d6455517f85742a87fd?s=96&d=mm&r=g","caption":"Jordan"},"url":"https:\/\/pulse-beziers.fr\/index.php\/author\/jordan\/"}]}},"jetpack_featured_media_url":"https:\/\/pulse-beziers.fr\/wp-content\/uploads\/2024\/05\/Visuel-siteweb-Matinale.png","jetpack_sharing_enabled":true,"_links":{"self":[{"href":"https:\/\/pulse-beziers.fr\/index.php\/wp-json\/wp\/v2\/posts\/4813","targetHints":{"allow":["GET"]}}],"collection":[{"href":"https:\/\/pulse-beziers.fr\/index.php\/wp-json\/wp\/v2\/posts"}],"about":[{"href":"https:\/\/pulse-beziers.fr\/index.php\/wp-json\/wp\/v2\/types\/post"}],"author":[{"embeddable":true,"href":"https:\/\/pulse-beziers.fr\/index.php\/wp-json\/wp\/v2\/users\/4"}],"replies":[{"embeddable":true,"href":"https:\/\/pulse-beziers.fr\/index.php\/wp-json\/wp\/v2\/comments?post=4813"}],"version-history":[{"count":3,"href":"https:\/\/pulse-beziers.fr\/index.php\/wp-json\/wp\/v2\/posts\/4813\/revisions"}],"predecessor-version":[{"id":4817,"href":"https:\/\/pulse-beziers.fr\/index.php\/wp-json\/wp\/v2\/posts\/4813\/revisions\/4817"}],"wp:featuredmedia":[{"embeddable":true,"href":"https:\/\/pulse-beziers.fr\/index.php\/wp-json\/wp\/v2\/media\/4814"}],"wp:attachment":[{"href":"https:\/\/pulse-beziers.fr\/index.php\/wp-json\/wp\/v2\/media?parent=4813"}],"wp:term":[{"taxonomy":"category","embeddable":true,"href":"https:\/\/pulse-beziers.fr\/index.php\/wp-json\/wp\/v2\/categories?post=4813"},{"taxonomy":"post_tag","embeddable":true,"href":"https:\/\/pulse-beziers.fr\/index.php\/wp-json\/wp\/v2\/tags?post=4813"}],"curies":[{"name":"wp","href":"https:\/\/api.w.org\/{rel}","templated":true}]}}