{"id":5075,"date":"2024-05-15T16:07:29","date_gmt":"2024-05-15T14:07:29","guid":{"rendered":"https:\/\/pulse-beziers.fr\/?p=5075"},"modified":"2024-05-31T12:09:07","modified_gmt":"2024-05-31T10:09:07","slug":"feria-des-entrepreneurs-2024","status":"publish","type":"post","link":"https:\/\/pulse-beziers.fr\/index.php\/2024\/05\/15\/feria-des-entrepreneurs-2024\/","title":{"rendered":"Feria des Entrepreneurs 2024"},"content":{"rendered":"\n<p>Le Palais des Congr\u00e8s de B\u00e9ziers accueillera la <strong>F\u00e9ria des Entrepreneurs<\/strong> le 4 juin prochain, de 8h \u00e0 16h.<\/p>\n\n\n\n<p>Cet \u00e9v\u00e9nement gratuit est une occasion unique pour les entrepreneurs, futurs cr\u00e9ateurs et repreneurs d\u2019entreprises de se rencontrer, d&#8217;\u00e9changer et de se d\u00e9velopper dans une ambiance conviviale.<\/p>\n\n\n\n<p><strong>Pourquoi participer \u00e0 la Fzria des Entrepreneurs ?<\/strong><\/p>\n\n\n\n<p><strong>Cr\u00e9er, reprendre, d\u00e9velopper<\/strong> sont les ma\u00eetres mots de cette journ\u00e9e. Que vous ayez une id\u00e9e de business, que vous cherchiez \u00e0 reprendre une activit\u00e9 existante ou que vous souhaitiez faire cro\u00eetre votre entreprise, la F\u00e9ria des Entrepreneurs est faite pour vous. Voici quelques bonnes raisons de ne pas manquer cet \u00e9v\u00e9nement :<\/p>\n\n\n\n<ol class=\"wp-block-list\" start=\"1\">\n<li><strong>Rencontres et R\u00e9seautage<\/strong> :\n<ul class=\"wp-block-list\">\n<li>Profitez de la pr\u00e9sence de nombreux professionnels du secteur pour \u00e9largir votre r\u00e9seau.<\/li>\n\n\n\n<li>\u00c9changez avec des experts en cr\u00e9ation et d\u00e9veloppement d\u2019entreprises.<\/li>\n<\/ul>\n<\/li>\n\n\n\n<li><strong>Ateliers et Conf\u00e9rences<\/strong> :\n<ul class=\"wp-block-list\">\n<li>Participez \u00e0 des ateliers interactifs et des conf\u00e9rences anim\u00e9es par des sp\u00e9cialistes.<\/li>\n\n\n\n<li>Obtenez des conseils pratiques et des informations pr\u00e9cieuses sur les aspects juridiques, financiers et marketing de la cr\u00e9ation et du d\u00e9veloppement d\u2019entreprise.<\/li>\n<\/ul>\n<\/li>\n\n\n\n<li><strong>Exposants et Stands<\/strong> :\n<ul class=\"wp-block-list\">\n<li>Visitez les stands des exposants pour d\u00e9couvrir les services et produits qui peuvent vous aider \u00e0 concr\u00e9tiser vos projets.<\/li>\n\n\n\n<li>Rencontrez des organismes de soutien aux entrepreneurs et des investisseurs potentiels.<\/li>\n<\/ul>\n<\/li>\n<\/ol>\n\n\n\n<p>Plus d\u2019informations&nbsp;en <a href=\"https:\/\/www.herault.cci.fr\/vous-etes\/createur-repreneur\/feria-des-entrepreneurs\">cliquant ici<\/a><\/p>\n\n\n\n<p><strong>\u00c0 l\u2019occasion de la F\u00e9ria des entrepreneurs, PULSE B\u00e9ziers M\u00e9diterran\u00e9e vous propose de participer \u00e0 la conf\u00e9rence \u00ab&nbsp;Parcours d\u2019Entrepreneurs&nbsp;\u00bb.<\/strong><\/p>\n\n\n\n<p>Suivez le partage inspirant de 3 success stories <em>made in B\u00e9ziers<\/em> :<\/p>\n\n\n\n<p>\ud83d\udd35 Mathilde BOULACHIN &#8211; Fondatrice et PDG de CHAVIN<\/p>\n\n\n\n<p>\ud83d\udd35 C\u00e9dric BOTELLA &#8211; Fondateur et PDG de Instadrone<\/p>\n\n\n\n<p>\ud83d\udd35 Stephane LAURINO et Fabien LAURINO &#8211; Co-fondateurs de Maison Laurino<\/p>\n\n\n\n<p>\ud83d\udccdRendez-vous \u00e0 partir de 8h \u00e0 l&#8217;Auditorium Yves Nat &#8211; Rez de chauss\u00e9e<\/p>\n\n\n\n<div class=\"wp-block-jetpack-slideshow aligncenter\" data-effect=\"slide\"><div class=\"wp-block-jetpack-slideshow_container swiper-container\"><ul class=\"wp-block-jetpack-slideshow_swiper-wrapper swiper-wrapper\"><li class=\"wp-block-jetpack-slideshow_slide swiper-slide\"><figure><img fetchpriority=\"high\" decoding=\"async\" width=\"1053\" height=\"621\" alt=\"\" class=\"wp-block-jetpack-slideshow_image wp-image-5151\" data-id=\"5151\" src=\"https:\/\/pulse-beziers.fr\/wp-content\/uploads\/2024\/05\/Exposants-1.png\" srcset=\"https:\/\/pulse-beziers.fr\/wp-content\/uploads\/2024\/05\/Exposants-1.png 1053w, https:\/\/pulse-beziers.fr\/wp-content\/uploads\/2024\/05\/Exposants-1-300x177.png 300w, https:\/\/pulse-beziers.fr\/wp-content\/uploads\/2024\/05\/Exposants-1-1024x604.png 1024w, https:\/\/pulse-beziers.fr\/wp-content\/uploads\/2024\/05\/Exposants-1-768x453.png 768w, https:\/\/pulse-beziers.fr\/wp-content\/uploads\/2024\/05\/Exposants-1-600x354.png 600w\" sizes=\"(max-width: 1053px) 100vw, 1053px\" \/><\/figure><\/li><li class=\"wp-block-jetpack-slideshow_slide swiper-slide\"><figure><img decoding=\"async\" width=\"1065\" height=\"724\" alt=\"\" class=\"wp-block-jetpack-slideshow_image wp-image-5152\" data-id=\"5152\" src=\"https:\/\/pulse-beziers.fr\/wp-content\/uploads\/2024\/05\/Exposants-2.png\" srcset=\"https:\/\/pulse-beziers.fr\/wp-content\/uploads\/2024\/05\/Exposants-2.png 1065w, https:\/\/pulse-beziers.fr\/wp-content\/uploads\/2024\/05\/Exposants-2-300x204.png 300w, https:\/\/pulse-beziers.fr\/wp-content\/uploads\/2024\/05\/Exposants-2-1024x696.png 1024w, https:\/\/pulse-beziers.fr\/wp-content\/uploads\/2024\/05\/Exposants-2-768x522.png 768w, https:\/\/pulse-beziers.fr\/wp-content\/uploads\/2024\/05\/Exposants-2-600x408.png 600w\" sizes=\"(max-width: 1065px) 100vw, 1065px\" \/><\/figure><\/li><\/ul><a class=\"wp-block-jetpack-slideshow_button-prev swiper-button-prev swiper-button-white\" role=\"button\"><\/a><a class=\"wp-block-jetpack-slideshow_button-next swiper-button-next swiper-button-white\" role=\"button\"><\/a><a aria-label=\"Pause Slideshow\" class=\"wp-block-jetpack-slideshow_button-pause\" role=\"button\"><\/a><div class=\"wp-block-jetpack-slideshow_pagination swiper-pagination swiper-pagination-white\"><\/div><\/div><\/div>\n","protected":false},"excerpt":{"rendered":"<p>Le Palais des Congr\u00e8s de B\u00e9ziers accueillera la F\u00e9ria des Entrepreneurs le 4 juin prochain, de 8h \u00e0 16h. Cet \u00e9v\u00e9nement gratuit est une occasion unique pour les entrepreneurs, futurs cr\u00e9ateurs et repreneurs d\u2019entreprises de se rencontrer, d&#8217;\u00e9changer et de se d\u00e9velopper dans une ambiance conviviale. Pourquoi participer \u00e0 la Fzria des Entrepreneurs ? Cr\u00e9er, [&hellip;]<\/p>\n","protected":false},"author":4,"featured_media":5085,"comment_status":"closed","ping_status":"closed","sticky":false,"template":"","format":"standard","meta":{"_jetpack_memberships_contains_paid_content":false,"footnotes":""},"categories":[4],"tags":[],"class_list":["post-5075","post","type-post","status-publish","format-standard","has-post-thumbnail","hentry","category-evenement"],"yoast_head":"<!-- This site is optimized with the Yoast SEO plugin v27.3 - https:\/\/yoast.com\/product\/yoast-seo-wordpress\/ -->\n<title>Feria des Entrepreneurs 2024 - PULSE<\/title>\n<meta name=\"description\" content=\"EVENEMENT - Feria des Entrepreneurs 2024\" \/>\n<meta name=\"robots\" content=\"index, follow, max-snippet:-1, max-image-preview:large, max-video-preview:-1\" \/>\n<link rel=\"canonical\" href=\"https:\/\/pulse-beziers.fr\/index.php\/2024\/05\/15\/feria-des-entrepreneurs-2024\/\" \/>\n<meta property=\"og:locale\" content=\"fr_FR\" \/>\n<meta property=\"og:type\" content=\"article\" \/>\n<meta property=\"og:title\" content=\"Feria des Entrepreneurs 2024 - PULSE\" \/>\n<meta property=\"og:description\" content=\"EVENEMENT - Feria des Entrepreneurs 2024\" \/>\n<meta property=\"og:url\" content=\"https:\/\/pulse-beziers.fr\/index.php\/2024\/05\/15\/feria-des-entrepreneurs-2024\/\" \/>\n<meta property=\"og:site_name\" content=\"PULSE\" \/>\n<meta property=\"article:published_time\" content=\"2024-05-15T14:07:29+00:00\" \/>\n<meta property=\"article:modified_time\" content=\"2024-05-31T10:09:07+00:00\" \/>\n<meta property=\"og:image\" content=\"https:\/\/pulse-beziers.fr\/wp-content\/uploads\/2024\/05\/feriagrandformat-1024x725.png\" \/>\n\t<meta property=\"og:image:width\" content=\"1024\" \/>\n\t<meta property=\"og:image:height\" content=\"725\" \/>\n\t<meta property=\"og:image:type\" content=\"image\/png\" \/>\n<meta name=\"author\" content=\"Jordan\" \/>\n<meta name=\"twitter:card\" content=\"summary_large_image\" \/>\n<meta name=\"twitter:label1\" content=\"\u00c9crit par\" \/>\n\t<meta name=\"twitter:data1\" content=\"Jordan\" \/>\n\t<meta name=\"twitter:label2\" content=\"Dur\u00e9e de lecture estim\u00e9e\" \/>\n\t<meta name=\"twitter:data2\" content=\"2 minutes\" \/>\n<script type=\"application\/ld+json\" class=\"yoast-schema-graph\">{\"@context\":\"https:\\\/\\\/schema.org\",\"@graph\":[{\"@type\":\"Article\",\"@id\":\"https:\\\/\\\/pulse-beziers.fr\\\/index.php\\\/2024\\\/05\\\/15\\\/feria-des-entrepreneurs-2024\\\/#article\",\"isPartOf\":{\"@id\":\"https:\\\/\\\/pulse-beziers.fr\\\/index.php\\\/2024\\\/05\\\/15\\\/feria-des-entrepreneurs-2024\\\/\"},\"author\":{\"name\":\"Jordan\",\"@id\":\"https:\\\/\\\/pulse-beziers.fr\\\/#\\\/schema\\\/person\\\/ce4160d5785562dc30723e520933e8e9\"},\"headline\":\"Feria des Entrepreneurs 2024\",\"datePublished\":\"2024-05-15T14:07:29+00:00\",\"dateModified\":\"2024-05-31T10:09:07+00:00\",\"mainEntityOfPage\":{\"@id\":\"https:\\\/\\\/pulse-beziers.fr\\\/index.php\\\/2024\\\/05\\\/15\\\/feria-des-entrepreneurs-2024\\\/\"},\"wordCount\":311,\"publisher\":{\"@id\":\"https:\\\/\\\/pulse-beziers.fr\\\/#organization\"},\"image\":{\"@id\":\"https:\\\/\\\/pulse-beziers.fr\\\/index.php\\\/2024\\\/05\\\/15\\\/feria-des-entrepreneurs-2024\\\/#primaryimage\"},\"thumbnailUrl\":\"https:\\\/\\\/pulse-beziers.fr\\\/wp-content\\\/uploads\\\/2024\\\/05\\\/feriagrandformat.png\",\"articleSection\":[\"EVENEMENT\"],\"inLanguage\":\"fr-FR\"},{\"@type\":\"WebPage\",\"@id\":\"https:\\\/\\\/pulse-beziers.fr\\\/index.php\\\/2024\\\/05\\\/15\\\/feria-des-entrepreneurs-2024\\\/\",\"url\":\"https:\\\/\\\/pulse-beziers.fr\\\/index.php\\\/2024\\\/05\\\/15\\\/feria-des-entrepreneurs-2024\\\/\",\"name\":\"Feria des Entrepreneurs 2024 - PULSE\",\"isPartOf\":{\"@id\":\"https:\\\/\\\/pulse-beziers.fr\\\/#website\"},\"primaryImageOfPage\":{\"@id\":\"https:\\\/\\\/pulse-beziers.fr\\\/index.php\\\/2024\\\/05\\\/15\\\/feria-des-entrepreneurs-2024\\\/#primaryimage\"},\"image\":{\"@id\":\"https:\\\/\\\/pulse-beziers.fr\\\/index.php\\\/2024\\\/05\\\/15\\\/feria-des-entrepreneurs-2024\\\/#primaryimage\"},\"thumbnailUrl\":\"https:\\\/\\\/pulse-beziers.fr\\\/wp-content\\\/uploads\\\/2024\\\/05\\\/feriagrandformat.png\",\"datePublished\":\"2024-05-15T14:07:29+00:00\",\"dateModified\":\"2024-05-31T10:09:07+00:00\",\"description\":\"EVENEMENT - Feria des Entrepreneurs 2024\",\"breadcrumb\":{\"@id\":\"https:\\\/\\\/pulse-beziers.fr\\\/index.php\\\/2024\\\/05\\\/15\\\/feria-des-entrepreneurs-2024\\\/#breadcrumb\"},\"inLanguage\":\"fr-FR\",\"potentialAction\":[{\"@type\":\"ReadAction\",\"target\":[\"https:\\\/\\\/pulse-beziers.fr\\\/index.php\\\/2024\\\/05\\\/15\\\/feria-des-entrepreneurs-2024\\\/\"]}]},{\"@type\":\"ImageObject\",\"inLanguage\":\"fr-FR\",\"@id\":\"https:\\\/\\\/pulse-beziers.fr\\\/index.php\\\/2024\\\/05\\\/15\\\/feria-des-entrepreneurs-2024\\\/#primaryimage\",\"url\":\"https:\\\/\\\/pulse-beziers.fr\\\/wp-content\\\/uploads\\\/2024\\\/05\\\/feriagrandformat.png\",\"contentUrl\":\"https:\\\/\\\/pulse-beziers.fr\\\/wp-content\\\/uploads\\\/2024\\\/05\\\/feriagrandformat.png\",\"width\":2048,\"height\":1449},{\"@type\":\"BreadcrumbList\",\"@id\":\"https:\\\/\\\/pulse-beziers.fr\\\/index.php\\\/2024\\\/05\\\/15\\\/feria-des-entrepreneurs-2024\\\/#breadcrumb\",\"itemListElement\":[{\"@type\":\"ListItem\",\"position\":1,\"name\":\"Accueil\",\"item\":\"https:\\\/\\\/pulse-beziers.fr\\\/\"},{\"@type\":\"ListItem\",\"position\":2,\"name\":\"Feria des Entrepreneurs 2024\"}]},{\"@type\":\"WebSite\",\"@id\":\"https:\\\/\\\/pulse-beziers.fr\\\/#website\",\"url\":\"https:\\\/\\\/pulse-beziers.fr\\\/\",\"name\":\"PULSE\",\"description\":\"B\u00e9ziers M\u00e9diterran\u00e9e\",\"publisher\":{\"@id\":\"https:\\\/\\\/pulse-beziers.fr\\\/#organization\"},\"potentialAction\":[{\"@type\":\"SearchAction\",\"target\":{\"@type\":\"EntryPoint\",\"urlTemplate\":\"https:\\\/\\\/pulse-beziers.fr\\\/?s={search_term_string}\"},\"query-input\":{\"@type\":\"PropertyValueSpecification\",\"valueRequired\":true,\"valueName\":\"search_term_string\"}}],\"inLanguage\":\"fr-FR\"},{\"@type\":\"Organization\",\"@id\":\"https:\\\/\\\/pulse-beziers.fr\\\/#organization\",\"name\":\"PULSE\",\"url\":\"https:\\\/\\\/pulse-beziers.fr\\\/\",\"logo\":{\"@type\":\"ImageObject\",\"inLanguage\":\"fr-FR\",\"@id\":\"https:\\\/\\\/pulse-beziers.fr\\\/#\\\/schema\\\/logo\\\/image\\\/\",\"url\":\"https:\\\/\\\/pulse-beziers.fr\\\/wp-content\\\/uploads\\\/2023\\\/10\\\/PULSE_OK.png\",\"contentUrl\":\"https:\\\/\\\/pulse-beziers.fr\\\/wp-content\\\/uploads\\\/2023\\\/10\\\/PULSE_OK.png\",\"width\":1490,\"height\":506,\"caption\":\"PULSE\"},\"image\":{\"@id\":\"https:\\\/\\\/pulse-beziers.fr\\\/#\\\/schema\\\/logo\\\/image\\\/\"}},{\"@type\":\"Person\",\"@id\":\"https:\\\/\\\/pulse-beziers.fr\\\/#\\\/schema\\\/person\\\/ce4160d5785562dc30723e520933e8e9\",\"name\":\"Jordan\",\"image\":{\"@type\":\"ImageObject\",\"inLanguage\":\"fr-FR\",\"@id\":\"https:\\\/\\\/secure.gravatar.com\\\/avatar\\\/ae88e378bde730769fc25248bfc128d509bc64fc2fad4d6455517f85742a87fd?s=96&d=mm&r=g\",\"url\":\"https:\\\/\\\/secure.gravatar.com\\\/avatar\\\/ae88e378bde730769fc25248bfc128d509bc64fc2fad4d6455517f85742a87fd?s=96&d=mm&r=g\",\"contentUrl\":\"https:\\\/\\\/secure.gravatar.com\\\/avatar\\\/ae88e378bde730769fc25248bfc128d509bc64fc2fad4d6455517f85742a87fd?s=96&d=mm&r=g\",\"caption\":\"Jordan\"},\"url\":\"https:\\\/\\\/pulse-beziers.fr\\\/index.php\\\/author\\\/jordan\\\/\"}]}<\/script>\n<!-- \/ Yoast SEO plugin. -->","yoast_head_json":{"title":"Feria des Entrepreneurs 2024 - PULSE","description":"EVENEMENT - Feria des Entrepreneurs 2024","robots":{"index":"index","follow":"follow","max-snippet":"max-snippet:-1","max-image-preview":"max-image-preview:large","max-video-preview":"max-video-preview:-1"},"canonical":"https:\/\/pulse-beziers.fr\/index.php\/2024\/05\/15\/feria-des-entrepreneurs-2024\/","og_locale":"fr_FR","og_type":"article","og_title":"Feria des Entrepreneurs 2024 - PULSE","og_description":"EVENEMENT - Feria des Entrepreneurs 2024","og_url":"https:\/\/pulse-beziers.fr\/index.php\/2024\/05\/15\/feria-des-entrepreneurs-2024\/","og_site_name":"PULSE","article_published_time":"2024-05-15T14:07:29+00:00","article_modified_time":"2024-05-31T10:09:07+00:00","og_image":[{"width":1024,"height":725,"url":"https:\/\/pulse-beziers.fr\/wp-content\/uploads\/2024\/05\/feriagrandformat-1024x725.png","type":"image\/png"}],"author":"Jordan","twitter_card":"summary_large_image","twitter_misc":{"\u00c9crit par":"Jordan","Dur\u00e9e de lecture estim\u00e9e":"2 minutes"},"schema":{"@context":"https:\/\/schema.org","@graph":[{"@type":"Article","@id":"https:\/\/pulse-beziers.fr\/index.php\/2024\/05\/15\/feria-des-entrepreneurs-2024\/#article","isPartOf":{"@id":"https:\/\/pulse-beziers.fr\/index.php\/2024\/05\/15\/feria-des-entrepreneurs-2024\/"},"author":{"name":"Jordan","@id":"https:\/\/pulse-beziers.fr\/#\/schema\/person\/ce4160d5785562dc30723e520933e8e9"},"headline":"Feria des Entrepreneurs 2024","datePublished":"2024-05-15T14:07:29+00:00","dateModified":"2024-05-31T10:09:07+00:00","mainEntityOfPage":{"@id":"https:\/\/pulse-beziers.fr\/index.php\/2024\/05\/15\/feria-des-entrepreneurs-2024\/"},"wordCount":311,"publisher":{"@id":"https:\/\/pulse-beziers.fr\/#organization"},"image":{"@id":"https:\/\/pulse-beziers.fr\/index.php\/2024\/05\/15\/feria-des-entrepreneurs-2024\/#primaryimage"},"thumbnailUrl":"https:\/\/pulse-beziers.fr\/wp-content\/uploads\/2024\/05\/feriagrandformat.png","articleSection":["EVENEMENT"],"inLanguage":"fr-FR"},{"@type":"WebPage","@id":"https:\/\/pulse-beziers.fr\/index.php\/2024\/05\/15\/feria-des-entrepreneurs-2024\/","url":"https:\/\/pulse-beziers.fr\/index.php\/2024\/05\/15\/feria-des-entrepreneurs-2024\/","name":"Feria des Entrepreneurs 2024 - PULSE","isPartOf":{"@id":"https:\/\/pulse-beziers.fr\/#website"},"primaryImageOfPage":{"@id":"https:\/\/pulse-beziers.fr\/index.php\/2024\/05\/15\/feria-des-entrepreneurs-2024\/#primaryimage"},"image":{"@id":"https:\/\/pulse-beziers.fr\/index.php\/2024\/05\/15\/feria-des-entrepreneurs-2024\/#primaryimage"},"thumbnailUrl":"https:\/\/pulse-beziers.fr\/wp-content\/uploads\/2024\/05\/feriagrandformat.png","datePublished":"2024-05-15T14:07:29+00:00","dateModified":"2024-05-31T10:09:07+00:00","description":"EVENEMENT - Feria des Entrepreneurs 2024","breadcrumb":{"@id":"https:\/\/pulse-beziers.fr\/index.php\/2024\/05\/15\/feria-des-entrepreneurs-2024\/#breadcrumb"},"inLanguage":"fr-FR","potentialAction":[{"@type":"ReadAction","target":["https:\/\/pulse-beziers.fr\/index.php\/2024\/05\/15\/feria-des-entrepreneurs-2024\/"]}]},{"@type":"ImageObject","inLanguage":"fr-FR","@id":"https:\/\/pulse-beziers.fr\/index.php\/2024\/05\/15\/feria-des-entrepreneurs-2024\/#primaryimage","url":"https:\/\/pulse-beziers.fr\/wp-content\/uploads\/2024\/05\/feriagrandformat.png","contentUrl":"https:\/\/pulse-beziers.fr\/wp-content\/uploads\/2024\/05\/feriagrandformat.png","width":2048,"height":1449},{"@type":"BreadcrumbList","@id":"https:\/\/pulse-beziers.fr\/index.php\/2024\/05\/15\/feria-des-entrepreneurs-2024\/#breadcrumb","itemListElement":[{"@type":"ListItem","position":1,"name":"Accueil","item":"https:\/\/pulse-beziers.fr\/"},{"@type":"ListItem","position":2,"name":"Feria des Entrepreneurs 2024"}]},{"@type":"WebSite","@id":"https:\/\/pulse-beziers.fr\/#website","url":"https:\/\/pulse-beziers.fr\/","name":"PULSE","description":"B\u00e9ziers M\u00e9diterran\u00e9e","publisher":{"@id":"https:\/\/pulse-beziers.fr\/#organization"},"potentialAction":[{"@type":"SearchAction","target":{"@type":"EntryPoint","urlTemplate":"https:\/\/pulse-beziers.fr\/?s={search_term_string}"},"query-input":{"@type":"PropertyValueSpecification","valueRequired":true,"valueName":"search_term_string"}}],"inLanguage":"fr-FR"},{"@type":"Organization","@id":"https:\/\/pulse-beziers.fr\/#organization","name":"PULSE","url":"https:\/\/pulse-beziers.fr\/","logo":{"@type":"ImageObject","inLanguage":"fr-FR","@id":"https:\/\/pulse-beziers.fr\/#\/schema\/logo\/image\/","url":"https:\/\/pulse-beziers.fr\/wp-content\/uploads\/2023\/10\/PULSE_OK.png","contentUrl":"https:\/\/pulse-beziers.fr\/wp-content\/uploads\/2023\/10\/PULSE_OK.png","width":1490,"height":506,"caption":"PULSE"},"image":{"@id":"https:\/\/pulse-beziers.fr\/#\/schema\/logo\/image\/"}},{"@type":"Person","@id":"https:\/\/pulse-beziers.fr\/#\/schema\/person\/ce4160d5785562dc30723e520933e8e9","name":"Jordan","image":{"@type":"ImageObject","inLanguage":"fr-FR","@id":"https:\/\/secure.gravatar.com\/avatar\/ae88e378bde730769fc25248bfc128d509bc64fc2fad4d6455517f85742a87fd?s=96&d=mm&r=g","url":"https:\/\/secure.gravatar.com\/avatar\/ae88e378bde730769fc25248bfc128d509bc64fc2fad4d6455517f85742a87fd?s=96&d=mm&r=g","contentUrl":"https:\/\/secure.gravatar.com\/avatar\/ae88e378bde730769fc25248bfc128d509bc64fc2fad4d6455517f85742a87fd?s=96&d=mm&r=g","caption":"Jordan"},"url":"https:\/\/pulse-beziers.fr\/index.php\/author\/jordan\/"}]}},"jetpack_featured_media_url":"https:\/\/pulse-beziers.fr\/wp-content\/uploads\/2024\/05\/feriagrandformat.png","jetpack_sharing_enabled":true,"_links":{"self":[{"href":"https:\/\/pulse-beziers.fr\/index.php\/wp-json\/wp\/v2\/posts\/5075","targetHints":{"allow":["GET"]}}],"collection":[{"href":"https:\/\/pulse-beziers.fr\/index.php\/wp-json\/wp\/v2\/posts"}],"about":[{"href":"https:\/\/pulse-beziers.fr\/index.php\/wp-json\/wp\/v2\/types\/post"}],"author":[{"embeddable":true,"href":"https:\/\/pulse-beziers.fr\/index.php\/wp-json\/wp\/v2\/users\/4"}],"replies":[{"embeddable":true,"href":"https:\/\/pulse-beziers.fr\/index.php\/wp-json\/wp\/v2\/comments?post=5075"}],"version-history":[{"count":5,"href":"https:\/\/pulse-beziers.fr\/index.php\/wp-json\/wp\/v2\/posts\/5075\/revisions"}],"predecessor-version":[{"id":5158,"href":"https:\/\/pulse-beziers.fr\/index.php\/wp-json\/wp\/v2\/posts\/5075\/revisions\/5158"}],"wp:featuredmedia":[{"embeddable":true,"href":"https:\/\/pulse-beziers.fr\/index.php\/wp-json\/wp\/v2\/media\/5085"}],"wp:attachment":[{"href":"https:\/\/pulse-beziers.fr\/index.php\/wp-json\/wp\/v2\/media?parent=5075"}],"wp:term":[{"taxonomy":"category","embeddable":true,"href":"https:\/\/pulse-beziers.fr\/index.php\/wp-json\/wp\/v2\/categories?post=5075"},{"taxonomy":"post_tag","embeddable":true,"href":"https:\/\/pulse-beziers.fr\/index.php\/wp-json\/wp\/v2\/tags?post=5075"}],"curies":[{"name":"wp","href":"https:\/\/api.w.org\/{rel}","templated":true}]}}