{"id":5093,"date":"2024-05-17T09:34:52","date_gmt":"2024-05-17T07:34:52","guid":{"rendered":"https:\/\/pulse-beziers.fr\/?p=5093"},"modified":"2024-05-21T14:49:22","modified_gmt":"2024-05-21T12:49:22","slug":"bientot-starbucks-la-fnac-et-amorino-a-beziers","status":"publish","type":"post","link":"https:\/\/pulse-beziers.fr\/index.php\/2024\/05\/17\/bientot-starbucks-la-fnac-et-amorino-a-beziers\/","title":{"rendered":"Bient\u00f4t Starbucks, la FNAC et Amorino \u00e0 B\u00e9ziers"},"content":{"rendered":"\n<p><strong>L&#8217;Agglo B\u00e9ziers M\u00e9diterran\u00e9e se distingue de plus en plus comme un p\u00f4le d&#8217;attractivit\u00e9 majeur pour les grandes enseignes et les investisseurs.<\/strong> R\u00e9cemment, plusieurs grandes franchises parmi lesquelles <em>Fnac, Starbucks, Amorino<\/em>, et <em>Sud Express <\/em>ont manifest\u00e9 un int\u00e9r\u00eat marqu\u00e9 pour s&#8217;implanter au c\u0153ur de B\u00e9ziers. Cette tendance t\u00e9moigne non seulement de l&#8217;attrait \u00e9conomique de la r\u00e9gion, mais aussi des efforts de la municipalit\u00e9 pour dynamiser le centre-ville.<\/p>\n\n\n\n<p>Lors du dernier conseil municipal, S\u00e9bastien Saez, conseiller municipal charg\u00e9 du commerce, a mis en lumi\u00e8re les avanc\u00e9es r\u00e9alis\u00e9es. Les enseignes int\u00e9ress\u00e9es ont d\u00e9j\u00e0 identifi\u00e9 des locaux et les n\u00e9gociations avec les propri\u00e9taires sont en cours. Ce retour des grandes marques est un signal fort de la vitalit\u00e9 \u00e9conomique de B\u00e9ziers. En effet, la Ville a r\u00e9cemment lanc\u00e9 un <a href=\"https:\/\/www.ville-beziers.fr\/economie-emploi\/commerces-et-services\/revitalisation-commerciale\">Office du commerce<\/a> pour faciliter ce mouvement et offrir un soutien accru aux commer\u00e7ants locaux.<\/p>\n\n\n\n<p>L&#8217;objectif est clair : revitaliser le centre-ville en cr\u00e9ant un environnement propice aux affaires. Avec l&#8217;appui de la CCI de l&#8217;H\u00e9rault et la collaboration des associations de commer\u00e7ants, des mesures concr\u00e8tes sont mises en place. Cette initiative comprend notamment une subvention de 15 000 euros visant \u00e0 encourager l&#8217;implantation de nouvelles enseignes.<\/p>\n\n\n\n<h2 class=\"wp-block-heading\"><strong>Un taux de vacances commerciale en baisse<\/strong><\/h2>\n\n\n\n<p>Les r\u00e9sultats ne se sont pas fait attendre. Le taux de vacance commerciale, qui \u00e9tait de 24 % en 2014, est aujourd&#8217;hui en nette diminution (<strong>15%<\/strong>) gr\u00e2ce \u00e0 ces efforts concert\u00e9s. La municipalit\u00e9 s&#8217;attache \u00e0 maintenir cette dynamique positive et \u00e0 favoriser une occupation commerciale diversifi\u00e9e et attractive.<\/p>\n\n\n\n<p>La cr\u00e9ation de l&#8217;Office du commerce s&#8217;accompagne \u00e9galement d&#8217;un projet de r\u00e9am\u00e9nagement des espaces publics et d&#8217;am\u00e9lioration des infrastructures urbaines. Ces actions visent \u00e0 renforcer l&#8217;attractivit\u00e9 du centre-ville et \u00e0 offrir un cadre de vie agr\u00e9able aux habitants et aux visiteurs.<\/p>\n\n\n\n<h2 class=\"wp-block-heading\"><strong>Le Biterrois renoue avec son attractivit\u00e9 historique<\/strong><\/h2>\n\n\n\n<p>L&#8217;Agglo, par ses initiatives, se positionne comme un territoire de choix pour les entreprises souhaitant s&#8217;installer dans un environnement en pleine croissance. Cette attractivit\u00e9 renouvel\u00e9e est le fruit d&#8217;une volont\u00e9 commune de la municipalit\u00e9, des acteurs \u00e9conomiques et des habitants de b\u00e2tir un avenir prosp\u00e8re pour B\u00e9ziers.<\/p>\n\n\n\n<p>En conclusion, <em>PULSE<\/em> se f\u00e9licite de ces d\u00e9veloppements et reste d\u00e9termin\u00e9e \u00e0 poursuivre ses efforts pour attirer toujours plus d&#8217;investissements et renforcer l&#8217;\u00e9conomie locale.<\/p>\n\n\n\n<p>L&#8217;avenir s&#8217;annonce prometteur pour B\u00e9ziers&nbsp;!<\/p>\n\n\n\n<p>Vous souhaitez des renseignements quant \u00e0 un projet d\u2019installation \u00e0 B\u00e9ziers&nbsp;? Contactez PULSE en <a href=\"https:\/\/pulse-beziers.fr\/index.php\/contact\/\">cliquant ici<\/a>.<\/p>\n","protected":false},"excerpt":{"rendered":"<p>L&#8217;Agglo B\u00e9ziers M\u00e9diterran\u00e9e se distingue de plus en plus comme un p\u00f4le d&#8217;attractivit\u00e9 majeur pour les grandes enseignes et les investisseurs. R\u00e9cemment, plusieurs grandes franchises parmi lesquelles Fnac, Starbucks, Amorino, et Sud Express ont manifest\u00e9 un int\u00e9r\u00eat marqu\u00e9 pour s&#8217;implanter au c\u0153ur de B\u00e9ziers. Cette tendance t\u00e9moigne non seulement de l&#8217;attrait \u00e9conomique de la r\u00e9gion, [&hellip;]<\/p>\n","protected":false},"author":4,"featured_media":5105,"comment_status":"closed","ping_status":"closed","sticky":false,"template":"","format":"standard","meta":{"_jetpack_memberships_contains_paid_content":false,"footnotes":""},"categories":[6],"tags":[],"class_list":["post-5093","post","type-post","status-publish","format-standard","has-post-thumbnail","hentry","category-economie"],"yoast_head":"<!-- This site is optimized with the Yoast SEO plugin v27.3 - https:\/\/yoast.com\/product\/yoast-seo-wordpress\/ -->\n<title>Bient\u00f4t Starbucks, la FNAC et Amorino \u00e0 B\u00e9ziers - PULSE<\/title>\n<meta name=\"description\" content=\"ECONOMIE - Starbucks FNAC Amorino , marques fran\u00e7aises et internationales ont le projet de s&#039;installer dans le centre-ville de B\u00e9ziers.\" \/>\n<meta name=\"robots\" content=\"index, follow, max-snippet:-1, max-image-preview:large, max-video-preview:-1\" \/>\n<link rel=\"canonical\" href=\"https:\/\/pulse-beziers.fr\/index.php\/2024\/05\/17\/bientot-starbucks-la-fnac-et-amorino-a-beziers\/\" \/>\n<meta property=\"og:locale\" content=\"fr_FR\" \/>\n<meta property=\"og:type\" content=\"article\" \/>\n<meta property=\"og:title\" content=\"Bient\u00f4t Starbucks, la FNAC et Amorino \u00e0 B\u00e9ziers - PULSE\" \/>\n<meta property=\"og:description\" content=\"ECONOMIE - Starbucks FNAC Amorino , marques fran\u00e7aises et internationales ont le projet de s&#039;installer dans le centre-ville de B\u00e9ziers.\" \/>\n<meta property=\"og:url\" content=\"https:\/\/pulse-beziers.fr\/index.php\/2024\/05\/17\/bientot-starbucks-la-fnac-et-amorino-a-beziers\/\" \/>\n<meta property=\"og:site_name\" content=\"PULSE\" \/>\n<meta property=\"article:published_time\" content=\"2024-05-17T07:34:52+00:00\" \/>\n<meta property=\"article:modified_time\" content=\"2024-05-21T12:49:22+00:00\" \/>\n<meta property=\"og:image\" content=\"https:\/\/pulse-beziers.fr\/wp-content\/uploads\/2024\/05\/BEZIER_Ext_Cam_02_04-04-2023-2048x1449-1-1024x725.png\" \/>\n\t<meta property=\"og:image:width\" content=\"1024\" \/>\n\t<meta property=\"og:image:height\" content=\"725\" \/>\n\t<meta property=\"og:image:type\" content=\"image\/png\" \/>\n<meta name=\"author\" content=\"Jordan\" \/>\n<meta name=\"twitter:card\" content=\"summary_large_image\" \/>\n<meta name=\"twitter:label1\" content=\"\u00c9crit par\" \/>\n\t<meta name=\"twitter:data1\" content=\"Jordan\" \/>\n\t<meta name=\"twitter:label2\" content=\"Dur\u00e9e de lecture estim\u00e9e\" \/>\n\t<meta name=\"twitter:data2\" content=\"2 minutes\" \/>\n<script type=\"application\/ld+json\" class=\"yoast-schema-graph\">{\"@context\":\"https:\\\/\\\/schema.org\",\"@graph\":[{\"@type\":\"Article\",\"@id\":\"https:\\\/\\\/pulse-beziers.fr\\\/index.php\\\/2024\\\/05\\\/17\\\/bientot-starbucks-la-fnac-et-amorino-a-beziers\\\/#article\",\"isPartOf\":{\"@id\":\"https:\\\/\\\/pulse-beziers.fr\\\/index.php\\\/2024\\\/05\\\/17\\\/bientot-starbucks-la-fnac-et-amorino-a-beziers\\\/\"},\"author\":{\"name\":\"Jordan\",\"@id\":\"https:\\\/\\\/pulse-beziers.fr\\\/#\\\/schema\\\/person\\\/ce4160d5785562dc30723e520933e8e9\"},\"headline\":\"Bient\u00f4t Starbucks, la FNAC et Amorino \u00e0 B\u00e9ziers\",\"datePublished\":\"2024-05-17T07:34:52+00:00\",\"dateModified\":\"2024-05-21T12:49:22+00:00\",\"mainEntityOfPage\":{\"@id\":\"https:\\\/\\\/pulse-beziers.fr\\\/index.php\\\/2024\\\/05\\\/17\\\/bientot-starbucks-la-fnac-et-amorino-a-beziers\\\/\"},\"wordCount\":431,\"publisher\":{\"@id\":\"https:\\\/\\\/pulse-beziers.fr\\\/#organization\"},\"image\":{\"@id\":\"https:\\\/\\\/pulse-beziers.fr\\\/index.php\\\/2024\\\/05\\\/17\\\/bientot-starbucks-la-fnac-et-amorino-a-beziers\\\/#primaryimage\"},\"thumbnailUrl\":\"https:\\\/\\\/pulse-beziers.fr\\\/wp-content\\\/uploads\\\/2024\\\/05\\\/BEZIER_Ext_Cam_02_04-04-2023-2048x1449-1.png\",\"articleSection\":[\"ECONOMIE\"],\"inLanguage\":\"fr-FR\"},{\"@type\":\"WebPage\",\"@id\":\"https:\\\/\\\/pulse-beziers.fr\\\/index.php\\\/2024\\\/05\\\/17\\\/bientot-starbucks-la-fnac-et-amorino-a-beziers\\\/\",\"url\":\"https:\\\/\\\/pulse-beziers.fr\\\/index.php\\\/2024\\\/05\\\/17\\\/bientot-starbucks-la-fnac-et-amorino-a-beziers\\\/\",\"name\":\"Bient\u00f4t Starbucks, la FNAC et Amorino \u00e0 B\u00e9ziers - PULSE\",\"isPartOf\":{\"@id\":\"https:\\\/\\\/pulse-beziers.fr\\\/#website\"},\"primaryImageOfPage\":{\"@id\":\"https:\\\/\\\/pulse-beziers.fr\\\/index.php\\\/2024\\\/05\\\/17\\\/bientot-starbucks-la-fnac-et-amorino-a-beziers\\\/#primaryimage\"},\"image\":{\"@id\":\"https:\\\/\\\/pulse-beziers.fr\\\/index.php\\\/2024\\\/05\\\/17\\\/bientot-starbucks-la-fnac-et-amorino-a-beziers\\\/#primaryimage\"},\"thumbnailUrl\":\"https:\\\/\\\/pulse-beziers.fr\\\/wp-content\\\/uploads\\\/2024\\\/05\\\/BEZIER_Ext_Cam_02_04-04-2023-2048x1449-1.png\",\"datePublished\":\"2024-05-17T07:34:52+00:00\",\"dateModified\":\"2024-05-21T12:49:22+00:00\",\"description\":\"ECONOMIE - Starbucks FNAC Amorino , marques fran\u00e7aises et internationales ont le projet de s'installer dans le centre-ville de B\u00e9ziers.\",\"breadcrumb\":{\"@id\":\"https:\\\/\\\/pulse-beziers.fr\\\/index.php\\\/2024\\\/05\\\/17\\\/bientot-starbucks-la-fnac-et-amorino-a-beziers\\\/#breadcrumb\"},\"inLanguage\":\"fr-FR\",\"potentialAction\":[{\"@type\":\"ReadAction\",\"target\":[\"https:\\\/\\\/pulse-beziers.fr\\\/index.php\\\/2024\\\/05\\\/17\\\/bientot-starbucks-la-fnac-et-amorino-a-beziers\\\/\"]}]},{\"@type\":\"ImageObject\",\"inLanguage\":\"fr-FR\",\"@id\":\"https:\\\/\\\/pulse-beziers.fr\\\/index.php\\\/2024\\\/05\\\/17\\\/bientot-starbucks-la-fnac-et-amorino-a-beziers\\\/#primaryimage\",\"url\":\"https:\\\/\\\/pulse-beziers.fr\\\/wp-content\\\/uploads\\\/2024\\\/05\\\/BEZIER_Ext_Cam_02_04-04-2023-2048x1449-1.png\",\"contentUrl\":\"https:\\\/\\\/pulse-beziers.fr\\\/wp-content\\\/uploads\\\/2024\\\/05\\\/BEZIER_Ext_Cam_02_04-04-2023-2048x1449-1.png\",\"width\":2048,\"height\":1449},{\"@type\":\"BreadcrumbList\",\"@id\":\"https:\\\/\\\/pulse-beziers.fr\\\/index.php\\\/2024\\\/05\\\/17\\\/bientot-starbucks-la-fnac-et-amorino-a-beziers\\\/#breadcrumb\",\"itemListElement\":[{\"@type\":\"ListItem\",\"position\":1,\"name\":\"Accueil\",\"item\":\"https:\\\/\\\/pulse-beziers.fr\\\/\"},{\"@type\":\"ListItem\",\"position\":2,\"name\":\"Bient\u00f4t Starbucks, la FNAC et Amorino \u00e0 B\u00e9ziers\"}]},{\"@type\":\"WebSite\",\"@id\":\"https:\\\/\\\/pulse-beziers.fr\\\/#website\",\"url\":\"https:\\\/\\\/pulse-beziers.fr\\\/\",\"name\":\"PULSE\",\"description\":\"B\u00e9ziers M\u00e9diterran\u00e9e\",\"publisher\":{\"@id\":\"https:\\\/\\\/pulse-beziers.fr\\\/#organization\"},\"potentialAction\":[{\"@type\":\"SearchAction\",\"target\":{\"@type\":\"EntryPoint\",\"urlTemplate\":\"https:\\\/\\\/pulse-beziers.fr\\\/?s={search_term_string}\"},\"query-input\":{\"@type\":\"PropertyValueSpecification\",\"valueRequired\":true,\"valueName\":\"search_term_string\"}}],\"inLanguage\":\"fr-FR\"},{\"@type\":\"Organization\",\"@id\":\"https:\\\/\\\/pulse-beziers.fr\\\/#organization\",\"name\":\"PULSE\",\"url\":\"https:\\\/\\\/pulse-beziers.fr\\\/\",\"logo\":{\"@type\":\"ImageObject\",\"inLanguage\":\"fr-FR\",\"@id\":\"https:\\\/\\\/pulse-beziers.fr\\\/#\\\/schema\\\/logo\\\/image\\\/\",\"url\":\"https:\\\/\\\/pulse-beziers.fr\\\/wp-content\\\/uploads\\\/2023\\\/10\\\/PULSE_OK.png\",\"contentUrl\":\"https:\\\/\\\/pulse-beziers.fr\\\/wp-content\\\/uploads\\\/2023\\\/10\\\/PULSE_OK.png\",\"width\":1490,\"height\":506,\"caption\":\"PULSE\"},\"image\":{\"@id\":\"https:\\\/\\\/pulse-beziers.fr\\\/#\\\/schema\\\/logo\\\/image\\\/\"}},{\"@type\":\"Person\",\"@id\":\"https:\\\/\\\/pulse-beziers.fr\\\/#\\\/schema\\\/person\\\/ce4160d5785562dc30723e520933e8e9\",\"name\":\"Jordan\",\"image\":{\"@type\":\"ImageObject\",\"inLanguage\":\"fr-FR\",\"@id\":\"https:\\\/\\\/secure.gravatar.com\\\/avatar\\\/ae88e378bde730769fc25248bfc128d509bc64fc2fad4d6455517f85742a87fd?s=96&d=mm&r=g\",\"url\":\"https:\\\/\\\/secure.gravatar.com\\\/avatar\\\/ae88e378bde730769fc25248bfc128d509bc64fc2fad4d6455517f85742a87fd?s=96&d=mm&r=g\",\"contentUrl\":\"https:\\\/\\\/secure.gravatar.com\\\/avatar\\\/ae88e378bde730769fc25248bfc128d509bc64fc2fad4d6455517f85742a87fd?s=96&d=mm&r=g\",\"caption\":\"Jordan\"},\"url\":\"https:\\\/\\\/pulse-beziers.fr\\\/index.php\\\/author\\\/jordan\\\/\"}]}<\/script>\n<!-- \/ Yoast SEO plugin. -->","yoast_head_json":{"title":"Bient\u00f4t Starbucks, la FNAC et Amorino \u00e0 B\u00e9ziers - PULSE","description":"ECONOMIE - Starbucks FNAC Amorino , marques fran\u00e7aises et internationales ont le projet de s'installer dans le centre-ville de B\u00e9ziers.","robots":{"index":"index","follow":"follow","max-snippet":"max-snippet:-1","max-image-preview":"max-image-preview:large","max-video-preview":"max-video-preview:-1"},"canonical":"https:\/\/pulse-beziers.fr\/index.php\/2024\/05\/17\/bientot-starbucks-la-fnac-et-amorino-a-beziers\/","og_locale":"fr_FR","og_type":"article","og_title":"Bient\u00f4t Starbucks, la FNAC et Amorino \u00e0 B\u00e9ziers - PULSE","og_description":"ECONOMIE - Starbucks FNAC Amorino , marques fran\u00e7aises et internationales ont le projet de s'installer dans le centre-ville de B\u00e9ziers.","og_url":"https:\/\/pulse-beziers.fr\/index.php\/2024\/05\/17\/bientot-starbucks-la-fnac-et-amorino-a-beziers\/","og_site_name":"PULSE","article_published_time":"2024-05-17T07:34:52+00:00","article_modified_time":"2024-05-21T12:49:22+00:00","og_image":[{"width":1024,"height":725,"url":"https:\/\/pulse-beziers.fr\/wp-content\/uploads\/2024\/05\/BEZIER_Ext_Cam_02_04-04-2023-2048x1449-1-1024x725.png","type":"image\/png"}],"author":"Jordan","twitter_card":"summary_large_image","twitter_misc":{"\u00c9crit par":"Jordan","Dur\u00e9e de lecture estim\u00e9e":"2 minutes"},"schema":{"@context":"https:\/\/schema.org","@graph":[{"@type":"Article","@id":"https:\/\/pulse-beziers.fr\/index.php\/2024\/05\/17\/bientot-starbucks-la-fnac-et-amorino-a-beziers\/#article","isPartOf":{"@id":"https:\/\/pulse-beziers.fr\/index.php\/2024\/05\/17\/bientot-starbucks-la-fnac-et-amorino-a-beziers\/"},"author":{"name":"Jordan","@id":"https:\/\/pulse-beziers.fr\/#\/schema\/person\/ce4160d5785562dc30723e520933e8e9"},"headline":"Bient\u00f4t Starbucks, la FNAC et Amorino \u00e0 B\u00e9ziers","datePublished":"2024-05-17T07:34:52+00:00","dateModified":"2024-05-21T12:49:22+00:00","mainEntityOfPage":{"@id":"https:\/\/pulse-beziers.fr\/index.php\/2024\/05\/17\/bientot-starbucks-la-fnac-et-amorino-a-beziers\/"},"wordCount":431,"publisher":{"@id":"https:\/\/pulse-beziers.fr\/#organization"},"image":{"@id":"https:\/\/pulse-beziers.fr\/index.php\/2024\/05\/17\/bientot-starbucks-la-fnac-et-amorino-a-beziers\/#primaryimage"},"thumbnailUrl":"https:\/\/pulse-beziers.fr\/wp-content\/uploads\/2024\/05\/BEZIER_Ext_Cam_02_04-04-2023-2048x1449-1.png","articleSection":["ECONOMIE"],"inLanguage":"fr-FR"},{"@type":"WebPage","@id":"https:\/\/pulse-beziers.fr\/index.php\/2024\/05\/17\/bientot-starbucks-la-fnac-et-amorino-a-beziers\/","url":"https:\/\/pulse-beziers.fr\/index.php\/2024\/05\/17\/bientot-starbucks-la-fnac-et-amorino-a-beziers\/","name":"Bient\u00f4t Starbucks, la FNAC et Amorino \u00e0 B\u00e9ziers - PULSE","isPartOf":{"@id":"https:\/\/pulse-beziers.fr\/#website"},"primaryImageOfPage":{"@id":"https:\/\/pulse-beziers.fr\/index.php\/2024\/05\/17\/bientot-starbucks-la-fnac-et-amorino-a-beziers\/#primaryimage"},"image":{"@id":"https:\/\/pulse-beziers.fr\/index.php\/2024\/05\/17\/bientot-starbucks-la-fnac-et-amorino-a-beziers\/#primaryimage"},"thumbnailUrl":"https:\/\/pulse-beziers.fr\/wp-content\/uploads\/2024\/05\/BEZIER_Ext_Cam_02_04-04-2023-2048x1449-1.png","datePublished":"2024-05-17T07:34:52+00:00","dateModified":"2024-05-21T12:49:22+00:00","description":"ECONOMIE - Starbucks FNAC Amorino , marques fran\u00e7aises et internationales ont le projet de s'installer dans le centre-ville de B\u00e9ziers.","breadcrumb":{"@id":"https:\/\/pulse-beziers.fr\/index.php\/2024\/05\/17\/bientot-starbucks-la-fnac-et-amorino-a-beziers\/#breadcrumb"},"inLanguage":"fr-FR","potentialAction":[{"@type":"ReadAction","target":["https:\/\/pulse-beziers.fr\/index.php\/2024\/05\/17\/bientot-starbucks-la-fnac-et-amorino-a-beziers\/"]}]},{"@type":"ImageObject","inLanguage":"fr-FR","@id":"https:\/\/pulse-beziers.fr\/index.php\/2024\/05\/17\/bientot-starbucks-la-fnac-et-amorino-a-beziers\/#primaryimage","url":"https:\/\/pulse-beziers.fr\/wp-content\/uploads\/2024\/05\/BEZIER_Ext_Cam_02_04-04-2023-2048x1449-1.png","contentUrl":"https:\/\/pulse-beziers.fr\/wp-content\/uploads\/2024\/05\/BEZIER_Ext_Cam_02_04-04-2023-2048x1449-1.png","width":2048,"height":1449},{"@type":"BreadcrumbList","@id":"https:\/\/pulse-beziers.fr\/index.php\/2024\/05\/17\/bientot-starbucks-la-fnac-et-amorino-a-beziers\/#breadcrumb","itemListElement":[{"@type":"ListItem","position":1,"name":"Accueil","item":"https:\/\/pulse-beziers.fr\/"},{"@type":"ListItem","position":2,"name":"Bient\u00f4t Starbucks, la FNAC et Amorino \u00e0 B\u00e9ziers"}]},{"@type":"WebSite","@id":"https:\/\/pulse-beziers.fr\/#website","url":"https:\/\/pulse-beziers.fr\/","name":"PULSE","description":"B\u00e9ziers M\u00e9diterran\u00e9e","publisher":{"@id":"https:\/\/pulse-beziers.fr\/#organization"},"potentialAction":[{"@type":"SearchAction","target":{"@type":"EntryPoint","urlTemplate":"https:\/\/pulse-beziers.fr\/?s={search_term_string}"},"query-input":{"@type":"PropertyValueSpecification","valueRequired":true,"valueName":"search_term_string"}}],"inLanguage":"fr-FR"},{"@type":"Organization","@id":"https:\/\/pulse-beziers.fr\/#organization","name":"PULSE","url":"https:\/\/pulse-beziers.fr\/","logo":{"@type":"ImageObject","inLanguage":"fr-FR","@id":"https:\/\/pulse-beziers.fr\/#\/schema\/logo\/image\/","url":"https:\/\/pulse-beziers.fr\/wp-content\/uploads\/2023\/10\/PULSE_OK.png","contentUrl":"https:\/\/pulse-beziers.fr\/wp-content\/uploads\/2023\/10\/PULSE_OK.png","width":1490,"height":506,"caption":"PULSE"},"image":{"@id":"https:\/\/pulse-beziers.fr\/#\/schema\/logo\/image\/"}},{"@type":"Person","@id":"https:\/\/pulse-beziers.fr\/#\/schema\/person\/ce4160d5785562dc30723e520933e8e9","name":"Jordan","image":{"@type":"ImageObject","inLanguage":"fr-FR","@id":"https:\/\/secure.gravatar.com\/avatar\/ae88e378bde730769fc25248bfc128d509bc64fc2fad4d6455517f85742a87fd?s=96&d=mm&r=g","url":"https:\/\/secure.gravatar.com\/avatar\/ae88e378bde730769fc25248bfc128d509bc64fc2fad4d6455517f85742a87fd?s=96&d=mm&r=g","contentUrl":"https:\/\/secure.gravatar.com\/avatar\/ae88e378bde730769fc25248bfc128d509bc64fc2fad4d6455517f85742a87fd?s=96&d=mm&r=g","caption":"Jordan"},"url":"https:\/\/pulse-beziers.fr\/index.php\/author\/jordan\/"}]}},"jetpack_featured_media_url":"https:\/\/pulse-beziers.fr\/wp-content\/uploads\/2024\/05\/BEZIER_Ext_Cam_02_04-04-2023-2048x1449-1.png","jetpack_sharing_enabled":true,"_links":{"self":[{"href":"https:\/\/pulse-beziers.fr\/index.php\/wp-json\/wp\/v2\/posts\/5093","targetHints":{"allow":["GET"]}}],"collection":[{"href":"https:\/\/pulse-beziers.fr\/index.php\/wp-json\/wp\/v2\/posts"}],"about":[{"href":"https:\/\/pulse-beziers.fr\/index.php\/wp-json\/wp\/v2\/types\/post"}],"author":[{"embeddable":true,"href":"https:\/\/pulse-beziers.fr\/index.php\/wp-json\/wp\/v2\/users\/4"}],"replies":[{"embeddable":true,"href":"https:\/\/pulse-beziers.fr\/index.php\/wp-json\/wp\/v2\/comments?post=5093"}],"version-history":[{"count":1,"href":"https:\/\/pulse-beziers.fr\/index.php\/wp-json\/wp\/v2\/posts\/5093\/revisions"}],"predecessor-version":[{"id":5095,"href":"https:\/\/pulse-beziers.fr\/index.php\/wp-json\/wp\/v2\/posts\/5093\/revisions\/5095"}],"wp:featuredmedia":[{"embeddable":true,"href":"https:\/\/pulse-beziers.fr\/index.php\/wp-json\/wp\/v2\/media\/5105"}],"wp:attachment":[{"href":"https:\/\/pulse-beziers.fr\/index.php\/wp-json\/wp\/v2\/media?parent=5093"}],"wp:term":[{"taxonomy":"category","embeddable":true,"href":"https:\/\/pulse-beziers.fr\/index.php\/wp-json\/wp\/v2\/categories?post=5093"},{"taxonomy":"post_tag","embeddable":true,"href":"https:\/\/pulse-beziers.fr\/index.php\/wp-json\/wp\/v2\/tags?post=5093"}],"curies":[{"name":"wp","href":"https:\/\/api.w.org\/{rel}","templated":true}]}}