{"id":5099,"date":"2024-05-21T14:12:08","date_gmt":"2024-05-21T12:12:08","guid":{"rendered":"https:\/\/pulse-beziers.fr\/?p=5099"},"modified":"2024-05-24T08:34:02","modified_gmt":"2024-05-24T06:34:02","slug":"un-succes-pour-la-2eme-matinale-de-pulse","status":"publish","type":"post","link":"https:\/\/pulse-beziers.fr\/index.php\/2024\/05\/21\/un-succes-pour-la-2eme-matinale-de-pulse\/","title":{"rendered":"Un succ\u00e8s pour la 2\u00e8me Matinale Eco de Pulse"},"content":{"rendered":"\n<p><strong>Ce mardi 21 mai 2024 s\u2019est tenue la seconde \u00e9dition des Matinales Eco de Pulse B\u00e9ziers M\u00e9diterran\u00e9e. Le th\u00e8me de ce petit d\u00e9jeuner business \u00e9tait \u00ab\u00a0La gestion de la croissance d\u2019entreprise\u00a0\u00bb.<\/strong><\/p>\n\n\n\n<p>Plus de 70 membres \u00e9taient pr\u00e9sents ce matin, dans l\u2019enceinte de la brasserie Chez Raoul, au c\u0153ur du stade Raoul Barri\u00e8re, pour assister \u00e0 la seconde Matinale.<\/p>\n\n\n\n<p>Les participants ont pu \u00e9couter, \u00e0 tour de r\u00f4le, diff\u00e9rents intervenants, partenaires du r\u00e9seau PULSE. Ces derniers ont pris la parole pour pr\u00e9senter leur champ d\u2019action et proposer des solutions aux entrepreneurs.<\/p>\n\n\n\n<p>Parmi les entit\u00e9s ayant pris la parole, on retrouve&nbsp;:<\/p>\n\n\n\n<ul class=\"wp-block-list\">\n<li>La soci\u00e9t\u00e9 Viaterra dans le domaine du foncier<\/li>\n\n\n\n<li>La soci\u00e9t\u00e9 Arthur Loyd dans le domaine de l\u2019immobilier<\/li>\n\n\n\n<li>Les soci\u00e9t\u00e9s Dare Done, Axylis et Fortil dans le domaine du conseil et de l\u2019expertise<\/li>\n\n\n\n<li>La Banque Populaire du Sud et SG-Courtois B\u00e9ziers dans le domaine de la banque<\/li>\n<\/ul>\n\n\n\n<p><strong>Robert M\u00e9nard, Maire de B\u00e9ziers et Pr\u00e9sident de Pulse B\u00e9ziers M\u00e9diterran\u00e9e, a rappel\u00e9 l\u2019importance de ces rendez-vous.<\/strong><\/p>\n\n\n\n<p>\u00c0 la suite des diff\u00e9rentes interventions, Mathilde Boulachin et C\u00e9dric Botella, tous deux vice-pr\u00e9sidents de Pulse, ont invit\u00e9 les participants \u00e0 \u00e9changer autour d\u2019un petit-d\u00e9jeuner convivial.&nbsp;<\/p>\n\n\n\n<p>Ancien international Fran\u00e7ais de rugby \u00e0 XV, Fran\u00e7ois Trinh-Duc, aujourd\u2019hui Directeur de la soci\u00e9t\u00e9 Fortil \u00e9tait pr\u00e9sent pour partager son exp\u00e9rience. Ce dernier ayant entam\u00e9 et r\u00e9ussi une reconversion professionnelle \u00e0 la suite de sa carri\u00e8re de joueur.<\/p>\n\n\n\n<p><strong>Une convention de partenariat a ensuite \u00e9t\u00e9 sign\u00e9e entre France Travail B\u00e9ziers, L\u2019AS B\u00e9ziers H\u00e9rault et PULSE B\u00e9ziers M\u00e9diterran\u00e9e. Nous vous pr\u00e9senterons le contenu de cette convention dans un prochain article.<\/strong><\/p>\n\n\n\n<p>Vous avez rat\u00e9 ce rendez-vous&nbsp;? Rejoignez le r\u00e9seau PULSE en <a href=\"https:\/\/pulse-beziers.fr\/index.php\/adherez\/\">cliquant ici<\/a> pour \u00eatre au courant de toutes les actualit\u00e9s et participer aux \u00e9v\u00e9nements \u00e9conomiques.<\/p>\n","protected":false},"excerpt":{"rendered":"<p>Ce mardi 21 mai 2024 s\u2019est tenue la seconde \u00e9dition des Matinales Eco de Pulse B\u00e9ziers M\u00e9diterran\u00e9e. Le th\u00e8me de ce petit d\u00e9jeuner business \u00e9tait \u00ab\u00a0La gestion de la croissance d\u2019entreprise\u00a0\u00bb. Plus de 70 membres \u00e9taient pr\u00e9sents ce matin, dans l\u2019enceinte de la brasserie Chez Raoul, au c\u0153ur du stade Raoul Barri\u00e8re, pour assister \u00e0 [&hellip;]<\/p>\n","protected":false},"author":4,"featured_media":5104,"comment_status":"closed","ping_status":"closed","sticky":false,"template":"","format":"standard","meta":{"_jetpack_memberships_contains_paid_content":false,"footnotes":""},"categories":[4],"tags":[],"class_list":["post-5099","post","type-post","status-publish","format-standard","has-post-thumbnail","hentry","category-evenement"],"yoast_head":"<!-- This site is optimized with the Yoast SEO plugin v27.3 - https:\/\/yoast.com\/product\/yoast-seo-wordpress\/ -->\n<title>Un succ\u00e8s pour la 2\u00e8me Matinale Eco de Pulse - PULSE<\/title>\n<meta name=\"description\" content=\"PULSE - EVENEMENT - Un succ\u00e8s pour la 2\u00e8me Matinale Eco de Pulse\" \/>\n<meta name=\"robots\" content=\"index, follow, max-snippet:-1, max-image-preview:large, max-video-preview:-1\" \/>\n<link rel=\"canonical\" href=\"https:\/\/pulse-beziers.fr\/index.php\/2024\/05\/21\/un-succes-pour-la-2eme-matinale-de-pulse\/\" \/>\n<meta property=\"og:locale\" content=\"fr_FR\" \/>\n<meta property=\"og:type\" content=\"article\" \/>\n<meta property=\"og:title\" content=\"Un succ\u00e8s pour la 2\u00e8me Matinale Eco de Pulse - PULSE\" \/>\n<meta property=\"og:description\" content=\"PULSE - EVENEMENT - Un succ\u00e8s pour la 2\u00e8me Matinale Eco de Pulse\" \/>\n<meta property=\"og:url\" content=\"https:\/\/pulse-beziers.fr\/index.php\/2024\/05\/21\/un-succes-pour-la-2eme-matinale-de-pulse\/\" \/>\n<meta property=\"og:site_name\" content=\"PULSE\" \/>\n<meta property=\"article:published_time\" content=\"2024-05-21T12:12:08+00:00\" \/>\n<meta property=\"article:modified_time\" content=\"2024-05-24T06:34:02+00:00\" \/>\n<meta property=\"og:image\" content=\"https:\/\/pulse-beziers.fr\/wp-content\/uploads\/2024\/05\/actu-pulse-1024x725.png\" \/>\n\t<meta property=\"og:image:width\" content=\"1024\" \/>\n\t<meta property=\"og:image:height\" content=\"725\" \/>\n\t<meta property=\"og:image:type\" content=\"image\/png\" \/>\n<meta name=\"author\" content=\"Jordan\" \/>\n<meta name=\"twitter:card\" content=\"summary_large_image\" \/>\n<meta name=\"twitter:label1\" content=\"\u00c9crit par\" \/>\n\t<meta name=\"twitter:data1\" content=\"Jordan\" \/>\n\t<meta name=\"twitter:label2\" content=\"Dur\u00e9e de lecture estim\u00e9e\" \/>\n\t<meta name=\"twitter:data2\" content=\"2 minutes\" \/>\n<script type=\"application\/ld+json\" class=\"yoast-schema-graph\">{\"@context\":\"https:\\\/\\\/schema.org\",\"@graph\":[{\"@type\":\"Article\",\"@id\":\"https:\\\/\\\/pulse-beziers.fr\\\/index.php\\\/2024\\\/05\\\/21\\\/un-succes-pour-la-2eme-matinale-de-pulse\\\/#article\",\"isPartOf\":{\"@id\":\"https:\\\/\\\/pulse-beziers.fr\\\/index.php\\\/2024\\\/05\\\/21\\\/un-succes-pour-la-2eme-matinale-de-pulse\\\/\"},\"author\":{\"name\":\"Jordan\",\"@id\":\"https:\\\/\\\/pulse-beziers.fr\\\/#\\\/schema\\\/person\\\/ce4160d5785562dc30723e520933e8e9\"},\"headline\":\"Un succ\u00e8s pour la 2\u00e8me Matinale Eco de Pulse\",\"datePublished\":\"2024-05-21T12:12:08+00:00\",\"dateModified\":\"2024-05-24T06:34:02+00:00\",\"mainEntityOfPage\":{\"@id\":\"https:\\\/\\\/pulse-beziers.fr\\\/index.php\\\/2024\\\/05\\\/21\\\/un-succes-pour-la-2eme-matinale-de-pulse\\\/\"},\"wordCount\":342,\"publisher\":{\"@id\":\"https:\\\/\\\/pulse-beziers.fr\\\/#organization\"},\"image\":{\"@id\":\"https:\\\/\\\/pulse-beziers.fr\\\/index.php\\\/2024\\\/05\\\/21\\\/un-succes-pour-la-2eme-matinale-de-pulse\\\/#primaryimage\"},\"thumbnailUrl\":\"https:\\\/\\\/pulse-beziers.fr\\\/wp-content\\\/uploads\\\/2024\\\/05\\\/actu-pulse.png\",\"articleSection\":[\"EVENEMENT\"],\"inLanguage\":\"fr-FR\"},{\"@type\":\"WebPage\",\"@id\":\"https:\\\/\\\/pulse-beziers.fr\\\/index.php\\\/2024\\\/05\\\/21\\\/un-succes-pour-la-2eme-matinale-de-pulse\\\/\",\"url\":\"https:\\\/\\\/pulse-beziers.fr\\\/index.php\\\/2024\\\/05\\\/21\\\/un-succes-pour-la-2eme-matinale-de-pulse\\\/\",\"name\":\"Un succ\u00e8s pour la 2\u00e8me Matinale Eco de Pulse - PULSE\",\"isPartOf\":{\"@id\":\"https:\\\/\\\/pulse-beziers.fr\\\/#website\"},\"primaryImageOfPage\":{\"@id\":\"https:\\\/\\\/pulse-beziers.fr\\\/index.php\\\/2024\\\/05\\\/21\\\/un-succes-pour-la-2eme-matinale-de-pulse\\\/#primaryimage\"},\"image\":{\"@id\":\"https:\\\/\\\/pulse-beziers.fr\\\/index.php\\\/2024\\\/05\\\/21\\\/un-succes-pour-la-2eme-matinale-de-pulse\\\/#primaryimage\"},\"thumbnailUrl\":\"https:\\\/\\\/pulse-beziers.fr\\\/wp-content\\\/uploads\\\/2024\\\/05\\\/actu-pulse.png\",\"datePublished\":\"2024-05-21T12:12:08+00:00\",\"dateModified\":\"2024-05-24T06:34:02+00:00\",\"description\":\"PULSE - EVENEMENT - Un succ\u00e8s pour la 2\u00e8me Matinale Eco de Pulse\",\"breadcrumb\":{\"@id\":\"https:\\\/\\\/pulse-beziers.fr\\\/index.php\\\/2024\\\/05\\\/21\\\/un-succes-pour-la-2eme-matinale-de-pulse\\\/#breadcrumb\"},\"inLanguage\":\"fr-FR\",\"potentialAction\":[{\"@type\":\"ReadAction\",\"target\":[\"https:\\\/\\\/pulse-beziers.fr\\\/index.php\\\/2024\\\/05\\\/21\\\/un-succes-pour-la-2eme-matinale-de-pulse\\\/\"]}]},{\"@type\":\"ImageObject\",\"inLanguage\":\"fr-FR\",\"@id\":\"https:\\\/\\\/pulse-beziers.fr\\\/index.php\\\/2024\\\/05\\\/21\\\/un-succes-pour-la-2eme-matinale-de-pulse\\\/#primaryimage\",\"url\":\"https:\\\/\\\/pulse-beziers.fr\\\/wp-content\\\/uploads\\\/2024\\\/05\\\/actu-pulse.png\",\"contentUrl\":\"https:\\\/\\\/pulse-beziers.fr\\\/wp-content\\\/uploads\\\/2024\\\/05\\\/actu-pulse.png\",\"width\":2048,\"height\":1449},{\"@type\":\"BreadcrumbList\",\"@id\":\"https:\\\/\\\/pulse-beziers.fr\\\/index.php\\\/2024\\\/05\\\/21\\\/un-succes-pour-la-2eme-matinale-de-pulse\\\/#breadcrumb\",\"itemListElement\":[{\"@type\":\"ListItem\",\"position\":1,\"name\":\"Accueil\",\"item\":\"https:\\\/\\\/pulse-beziers.fr\\\/\"},{\"@type\":\"ListItem\",\"position\":2,\"name\":\"Un succ\u00e8s pour la 2\u00e8me Matinale Eco de Pulse\"}]},{\"@type\":\"WebSite\",\"@id\":\"https:\\\/\\\/pulse-beziers.fr\\\/#website\",\"url\":\"https:\\\/\\\/pulse-beziers.fr\\\/\",\"name\":\"PULSE\",\"description\":\"B\u00e9ziers M\u00e9diterran\u00e9e\",\"publisher\":{\"@id\":\"https:\\\/\\\/pulse-beziers.fr\\\/#organization\"},\"potentialAction\":[{\"@type\":\"SearchAction\",\"target\":{\"@type\":\"EntryPoint\",\"urlTemplate\":\"https:\\\/\\\/pulse-beziers.fr\\\/?s={search_term_string}\"},\"query-input\":{\"@type\":\"PropertyValueSpecification\",\"valueRequired\":true,\"valueName\":\"search_term_string\"}}],\"inLanguage\":\"fr-FR\"},{\"@type\":\"Organization\",\"@id\":\"https:\\\/\\\/pulse-beziers.fr\\\/#organization\",\"name\":\"PULSE\",\"url\":\"https:\\\/\\\/pulse-beziers.fr\\\/\",\"logo\":{\"@type\":\"ImageObject\",\"inLanguage\":\"fr-FR\",\"@id\":\"https:\\\/\\\/pulse-beziers.fr\\\/#\\\/schema\\\/logo\\\/image\\\/\",\"url\":\"https:\\\/\\\/pulse-beziers.fr\\\/wp-content\\\/uploads\\\/2023\\\/10\\\/PULSE_OK.png\",\"contentUrl\":\"https:\\\/\\\/pulse-beziers.fr\\\/wp-content\\\/uploads\\\/2023\\\/10\\\/PULSE_OK.png\",\"width\":1490,\"height\":506,\"caption\":\"PULSE\"},\"image\":{\"@id\":\"https:\\\/\\\/pulse-beziers.fr\\\/#\\\/schema\\\/logo\\\/image\\\/\"}},{\"@type\":\"Person\",\"@id\":\"https:\\\/\\\/pulse-beziers.fr\\\/#\\\/schema\\\/person\\\/ce4160d5785562dc30723e520933e8e9\",\"name\":\"Jordan\",\"image\":{\"@type\":\"ImageObject\",\"inLanguage\":\"fr-FR\",\"@id\":\"https:\\\/\\\/secure.gravatar.com\\\/avatar\\\/ae88e378bde730769fc25248bfc128d509bc64fc2fad4d6455517f85742a87fd?s=96&d=mm&r=g\",\"url\":\"https:\\\/\\\/secure.gravatar.com\\\/avatar\\\/ae88e378bde730769fc25248bfc128d509bc64fc2fad4d6455517f85742a87fd?s=96&d=mm&r=g\",\"contentUrl\":\"https:\\\/\\\/secure.gravatar.com\\\/avatar\\\/ae88e378bde730769fc25248bfc128d509bc64fc2fad4d6455517f85742a87fd?s=96&d=mm&r=g\",\"caption\":\"Jordan\"},\"url\":\"https:\\\/\\\/pulse-beziers.fr\\\/index.php\\\/author\\\/jordan\\\/\"}]}<\/script>\n<!-- \/ Yoast SEO plugin. -->","yoast_head_json":{"title":"Un succ\u00e8s pour la 2\u00e8me Matinale Eco de Pulse - PULSE","description":"PULSE - EVENEMENT - Un succ\u00e8s pour la 2\u00e8me Matinale Eco de Pulse","robots":{"index":"index","follow":"follow","max-snippet":"max-snippet:-1","max-image-preview":"max-image-preview:large","max-video-preview":"max-video-preview:-1"},"canonical":"https:\/\/pulse-beziers.fr\/index.php\/2024\/05\/21\/un-succes-pour-la-2eme-matinale-de-pulse\/","og_locale":"fr_FR","og_type":"article","og_title":"Un succ\u00e8s pour la 2\u00e8me Matinale Eco de Pulse - PULSE","og_description":"PULSE - EVENEMENT - Un succ\u00e8s pour la 2\u00e8me Matinale Eco de Pulse","og_url":"https:\/\/pulse-beziers.fr\/index.php\/2024\/05\/21\/un-succes-pour-la-2eme-matinale-de-pulse\/","og_site_name":"PULSE","article_published_time":"2024-05-21T12:12:08+00:00","article_modified_time":"2024-05-24T06:34:02+00:00","og_image":[{"width":1024,"height":725,"url":"https:\/\/pulse-beziers.fr\/wp-content\/uploads\/2024\/05\/actu-pulse-1024x725.png","type":"image\/png"}],"author":"Jordan","twitter_card":"summary_large_image","twitter_misc":{"\u00c9crit par":"Jordan","Dur\u00e9e de lecture estim\u00e9e":"2 minutes"},"schema":{"@context":"https:\/\/schema.org","@graph":[{"@type":"Article","@id":"https:\/\/pulse-beziers.fr\/index.php\/2024\/05\/21\/un-succes-pour-la-2eme-matinale-de-pulse\/#article","isPartOf":{"@id":"https:\/\/pulse-beziers.fr\/index.php\/2024\/05\/21\/un-succes-pour-la-2eme-matinale-de-pulse\/"},"author":{"name":"Jordan","@id":"https:\/\/pulse-beziers.fr\/#\/schema\/person\/ce4160d5785562dc30723e520933e8e9"},"headline":"Un succ\u00e8s pour la 2\u00e8me Matinale Eco de Pulse","datePublished":"2024-05-21T12:12:08+00:00","dateModified":"2024-05-24T06:34:02+00:00","mainEntityOfPage":{"@id":"https:\/\/pulse-beziers.fr\/index.php\/2024\/05\/21\/un-succes-pour-la-2eme-matinale-de-pulse\/"},"wordCount":342,"publisher":{"@id":"https:\/\/pulse-beziers.fr\/#organization"},"image":{"@id":"https:\/\/pulse-beziers.fr\/index.php\/2024\/05\/21\/un-succes-pour-la-2eme-matinale-de-pulse\/#primaryimage"},"thumbnailUrl":"https:\/\/pulse-beziers.fr\/wp-content\/uploads\/2024\/05\/actu-pulse.png","articleSection":["EVENEMENT"],"inLanguage":"fr-FR"},{"@type":"WebPage","@id":"https:\/\/pulse-beziers.fr\/index.php\/2024\/05\/21\/un-succes-pour-la-2eme-matinale-de-pulse\/","url":"https:\/\/pulse-beziers.fr\/index.php\/2024\/05\/21\/un-succes-pour-la-2eme-matinale-de-pulse\/","name":"Un succ\u00e8s pour la 2\u00e8me Matinale Eco de Pulse - PULSE","isPartOf":{"@id":"https:\/\/pulse-beziers.fr\/#website"},"primaryImageOfPage":{"@id":"https:\/\/pulse-beziers.fr\/index.php\/2024\/05\/21\/un-succes-pour-la-2eme-matinale-de-pulse\/#primaryimage"},"image":{"@id":"https:\/\/pulse-beziers.fr\/index.php\/2024\/05\/21\/un-succes-pour-la-2eme-matinale-de-pulse\/#primaryimage"},"thumbnailUrl":"https:\/\/pulse-beziers.fr\/wp-content\/uploads\/2024\/05\/actu-pulse.png","datePublished":"2024-05-21T12:12:08+00:00","dateModified":"2024-05-24T06:34:02+00:00","description":"PULSE - EVENEMENT - Un succ\u00e8s pour la 2\u00e8me Matinale Eco de Pulse","breadcrumb":{"@id":"https:\/\/pulse-beziers.fr\/index.php\/2024\/05\/21\/un-succes-pour-la-2eme-matinale-de-pulse\/#breadcrumb"},"inLanguage":"fr-FR","potentialAction":[{"@type":"ReadAction","target":["https:\/\/pulse-beziers.fr\/index.php\/2024\/05\/21\/un-succes-pour-la-2eme-matinale-de-pulse\/"]}]},{"@type":"ImageObject","inLanguage":"fr-FR","@id":"https:\/\/pulse-beziers.fr\/index.php\/2024\/05\/21\/un-succes-pour-la-2eme-matinale-de-pulse\/#primaryimage","url":"https:\/\/pulse-beziers.fr\/wp-content\/uploads\/2024\/05\/actu-pulse.png","contentUrl":"https:\/\/pulse-beziers.fr\/wp-content\/uploads\/2024\/05\/actu-pulse.png","width":2048,"height":1449},{"@type":"BreadcrumbList","@id":"https:\/\/pulse-beziers.fr\/index.php\/2024\/05\/21\/un-succes-pour-la-2eme-matinale-de-pulse\/#breadcrumb","itemListElement":[{"@type":"ListItem","position":1,"name":"Accueil","item":"https:\/\/pulse-beziers.fr\/"},{"@type":"ListItem","position":2,"name":"Un succ\u00e8s pour la 2\u00e8me Matinale Eco de Pulse"}]},{"@type":"WebSite","@id":"https:\/\/pulse-beziers.fr\/#website","url":"https:\/\/pulse-beziers.fr\/","name":"PULSE","description":"B\u00e9ziers M\u00e9diterran\u00e9e","publisher":{"@id":"https:\/\/pulse-beziers.fr\/#organization"},"potentialAction":[{"@type":"SearchAction","target":{"@type":"EntryPoint","urlTemplate":"https:\/\/pulse-beziers.fr\/?s={search_term_string}"},"query-input":{"@type":"PropertyValueSpecification","valueRequired":true,"valueName":"search_term_string"}}],"inLanguage":"fr-FR"},{"@type":"Organization","@id":"https:\/\/pulse-beziers.fr\/#organization","name":"PULSE","url":"https:\/\/pulse-beziers.fr\/","logo":{"@type":"ImageObject","inLanguage":"fr-FR","@id":"https:\/\/pulse-beziers.fr\/#\/schema\/logo\/image\/","url":"https:\/\/pulse-beziers.fr\/wp-content\/uploads\/2023\/10\/PULSE_OK.png","contentUrl":"https:\/\/pulse-beziers.fr\/wp-content\/uploads\/2023\/10\/PULSE_OK.png","width":1490,"height":506,"caption":"PULSE"},"image":{"@id":"https:\/\/pulse-beziers.fr\/#\/schema\/logo\/image\/"}},{"@type":"Person","@id":"https:\/\/pulse-beziers.fr\/#\/schema\/person\/ce4160d5785562dc30723e520933e8e9","name":"Jordan","image":{"@type":"ImageObject","inLanguage":"fr-FR","@id":"https:\/\/secure.gravatar.com\/avatar\/ae88e378bde730769fc25248bfc128d509bc64fc2fad4d6455517f85742a87fd?s=96&d=mm&r=g","url":"https:\/\/secure.gravatar.com\/avatar\/ae88e378bde730769fc25248bfc128d509bc64fc2fad4d6455517f85742a87fd?s=96&d=mm&r=g","contentUrl":"https:\/\/secure.gravatar.com\/avatar\/ae88e378bde730769fc25248bfc128d509bc64fc2fad4d6455517f85742a87fd?s=96&d=mm&r=g","caption":"Jordan"},"url":"https:\/\/pulse-beziers.fr\/index.php\/author\/jordan\/"}]}},"jetpack_featured_media_url":"https:\/\/pulse-beziers.fr\/wp-content\/uploads\/2024\/05\/actu-pulse.png","jetpack_sharing_enabled":true,"_links":{"self":[{"href":"https:\/\/pulse-beziers.fr\/index.php\/wp-json\/wp\/v2\/posts\/5099","targetHints":{"allow":["GET"]}}],"collection":[{"href":"https:\/\/pulse-beziers.fr\/index.php\/wp-json\/wp\/v2\/posts"}],"about":[{"href":"https:\/\/pulse-beziers.fr\/index.php\/wp-json\/wp\/v2\/types\/post"}],"author":[{"embeddable":true,"href":"https:\/\/pulse-beziers.fr\/index.php\/wp-json\/wp\/v2\/users\/4"}],"replies":[{"embeddable":true,"href":"https:\/\/pulse-beziers.fr\/index.php\/wp-json\/wp\/v2\/comments?post=5099"}],"version-history":[{"count":4,"href":"https:\/\/pulse-beziers.fr\/index.php\/wp-json\/wp\/v2\/posts\/5099\/revisions"}],"predecessor-version":[{"id":5119,"href":"https:\/\/pulse-beziers.fr\/index.php\/wp-json\/wp\/v2\/posts\/5099\/revisions\/5119"}],"wp:featuredmedia":[{"embeddable":true,"href":"https:\/\/pulse-beziers.fr\/index.php\/wp-json\/wp\/v2\/media\/5104"}],"wp:attachment":[{"href":"https:\/\/pulse-beziers.fr\/index.php\/wp-json\/wp\/v2\/media?parent=5099"}],"wp:term":[{"taxonomy":"category","embeddable":true,"href":"https:\/\/pulse-beziers.fr\/index.php\/wp-json\/wp\/v2\/categories?post=5099"},{"taxonomy":"post_tag","embeddable":true,"href":"https:\/\/pulse-beziers.fr\/index.php\/wp-json\/wp\/v2\/tags?post=5099"}],"curies":[{"name":"wp","href":"https:\/\/api.w.org\/{rel}","templated":true}]}}