{"id":5112,"date":"2024-05-23T16:28:27","date_gmt":"2024-05-23T14:28:27","guid":{"rendered":"https:\/\/pulse-beziers.fr\/?p=5112"},"modified":"2024-05-23T16:29:58","modified_gmt":"2024-05-23T14:29:58","slug":"evenement-conference-de-arnaud-montebourg","status":"publish","type":"post","link":"https:\/\/pulse-beziers.fr\/index.php\/2024\/05\/23\/evenement-conference-de-arnaud-montebourg\/","title":{"rendered":"EVENEMENT &#8211; Conf\u00e9rence de Arnaud MONTEBOURG"},"content":{"rendered":"\n<p>Nous avons le plaisir de vous inviter \u00e0 une soir\u00e9e \u00e9v\u00e9nement organis\u00e9e par l&#8217;Agence PULSE B\u00e9ziers M\u00e9diterran\u00e9e. Nous vous donnons rendez-vous Jeudi 13 juin, \u00e0 partir de 19h au Th\u00e9\u00e2tre Municipal de B\u00e9ziers.<\/p>\n\n\n\n<p>Lors de cette conf\u00e9rence, Arnaud Montebourg, ancien Ministre de l&#8217;\u00c9conomie, partagera ses perspectives sur un th\u00e8me crucial : <\/p>\n\n\n\n<p><strong>&#8220;Comment r\u00e9industrialiser les territoires et restaurer la souverainet\u00e9 \u00e9conomique de la France&#8221;. <\/strong><\/p>\n\n\n\n<p>Cet \u00e9v\u00e9nement, anim\u00e9 par Robert M\u00e9nard, Maire de B\u00e9ziers et Pr\u00e9sident de PULSE, sera une occasion unique d&#8217;\u00e9changer avec un expert de l&#8217;\u00e9conomie. Suite \u00e0 la conf\u00e9rence, un temps sera d\u00e9di\u00e9 aux \u00e9changes avec l&#8217;auditoire. Cela permettra \u00e0 chacun de poser des questions et de d\u00e9battre des enjeux \u00e9conomiques actuels.<\/p>\n\n\n\n<p>Pour cl\u00f4turer cette soir\u00e9e, nous vous convions \u00e0 un cocktail d\u00eenatoire, offrant une opportunit\u00e9 de networking dans une ambiance conviviale. <\/p>\n\n\n\n<p>Les places \u00e9tant limit\u00e9es, nous vous invitons \u00e0 vous inscrire d\u00e8s maintenant en cliquant sur le bouton ci-dessous : <\/p>\n\n\n\n<div class=\"wp-block-buttons is-content-justification-center is-layout-flex wp-container-core-buttons-is-layout-16018d1d wp-block-buttons-is-layout-flex\">\n<div class=\"wp-block-button\"><a class=\"wp-block-button__link wp-element-button\" href=\"https:\/\/static.teoola.com\/evt-3364-beziersetco&amp;lg=fr\">JE M&#8217;INSCRIS<\/a><\/div>\n<\/div>\n\n\n\n<p><\/p>\n\n\n\n<p>Rejoignez l&#8217;\u00e9cosyst\u00e8me PULSE et acc\u00e9dez aux fonctionnalit\u00e9s de l&#8217;espace adh\u00e9rents en <a href=\"https:\/\/pulse-beziers.fr\/index.php\/adherez\/\">cliquant ici<\/a><\/p>\n","protected":false},"excerpt":{"rendered":"<p>Nous avons le plaisir de vous inviter \u00e0 une soir\u00e9e \u00e9v\u00e9nement organis\u00e9e par l&#8217;Agence PULSE B\u00e9ziers M\u00e9diterran\u00e9e. Nous vous donnons rendez-vous Jeudi 13 juin, \u00e0 partir de 19h au Th\u00e9\u00e2tre Municipal de B\u00e9ziers. Lors de cette conf\u00e9rence, Arnaud Montebourg, ancien Ministre de l&#8217;\u00c9conomie, partagera ses perspectives sur un th\u00e8me crucial : &#8220;Comment r\u00e9industrialiser les territoires [&hellip;]<\/p>\n","protected":false},"author":4,"featured_media":5114,"comment_status":"closed","ping_status":"closed","sticky":false,"template":"","format":"standard","meta":{"_jetpack_memberships_contains_paid_content":false,"footnotes":""},"categories":[4],"tags":[],"class_list":["post-5112","post","type-post","status-publish","format-standard","has-post-thumbnail","hentry","category-evenement"],"yoast_head":"<!-- This site is optimized with the Yoast SEO plugin v27.3 - https:\/\/yoast.com\/product\/yoast-seo-wordpress\/ -->\n<title>EVENEMENT - Conf\u00e9rence de Arnaud MONTEBOURG - PULSE<\/title>\n<meta name=\"description\" content=\"EVENEMENT - EVENEMENT - Conf\u00e9rence de Arnaud MONTEBOURG - Soir\u00e9e \u00e9v\u00e9nement organis\u00e9e par l&#039;Agence PULSE B\u00e9ziers M\u00e9diterran\u00e9e\" \/>\n<meta name=\"robots\" content=\"index, follow, max-snippet:-1, max-image-preview:large, max-video-preview:-1\" \/>\n<link rel=\"canonical\" href=\"https:\/\/pulse-beziers.fr\/index.php\/2024\/05\/23\/evenement-conference-de-arnaud-montebourg\/\" \/>\n<meta property=\"og:locale\" content=\"fr_FR\" \/>\n<meta property=\"og:type\" content=\"article\" \/>\n<meta property=\"og:title\" content=\"EVENEMENT - Conf\u00e9rence de Arnaud MONTEBOURG - PULSE\" \/>\n<meta property=\"og:description\" content=\"EVENEMENT - EVENEMENT - Conf\u00e9rence de Arnaud MONTEBOURG - Soir\u00e9e \u00e9v\u00e9nement organis\u00e9e par l&#039;Agence PULSE B\u00e9ziers M\u00e9diterran\u00e9e\" \/>\n<meta property=\"og:url\" content=\"https:\/\/pulse-beziers.fr\/index.php\/2024\/05\/23\/evenement-conference-de-arnaud-montebourg\/\" \/>\n<meta property=\"og:site_name\" content=\"PULSE\" \/>\n<meta property=\"article:published_time\" content=\"2024-05-23T14:28:27+00:00\" \/>\n<meta property=\"article:modified_time\" content=\"2024-05-23T14:29:58+00:00\" \/>\n<meta property=\"og:image\" content=\"https:\/\/pulse-beziers.fr\/wp-content\/uploads\/2024\/05\/Visuel-site-PULSE-1.jpg\" \/>\n\t<meta property=\"og:image:width\" content=\"2048\" \/>\n\t<meta property=\"og:image:height\" content=\"1449\" \/>\n\t<meta property=\"og:image:type\" content=\"image\/jpeg\" \/>\n<meta name=\"author\" content=\"Jordan\" \/>\n<meta name=\"twitter:card\" content=\"summary_large_image\" \/>\n<meta name=\"twitter:label1\" content=\"\u00c9crit par\" \/>\n\t<meta name=\"twitter:data1\" content=\"Jordan\" \/>\n\t<meta name=\"twitter:label2\" content=\"Dur\u00e9e de lecture estim\u00e9e\" \/>\n\t<meta name=\"twitter:data2\" content=\"1 minute\" \/>\n<script type=\"application\/ld+json\" class=\"yoast-schema-graph\">{\"@context\":\"https:\\\/\\\/schema.org\",\"@graph\":[{\"@type\":\"Article\",\"@id\":\"https:\\\/\\\/pulse-beziers.fr\\\/index.php\\\/2024\\\/05\\\/23\\\/evenement-conference-de-arnaud-montebourg\\\/#article\",\"isPartOf\":{\"@id\":\"https:\\\/\\\/pulse-beziers.fr\\\/index.php\\\/2024\\\/05\\\/23\\\/evenement-conference-de-arnaud-montebourg\\\/\"},\"author\":{\"name\":\"Jordan\",\"@id\":\"https:\\\/\\\/pulse-beziers.fr\\\/#\\\/schema\\\/person\\\/ce4160d5785562dc30723e520933e8e9\"},\"headline\":\"EVENEMENT &#8211; Conf\u00e9rence de Arnaud MONTEBOURG\",\"datePublished\":\"2024-05-23T14:28:27+00:00\",\"dateModified\":\"2024-05-23T14:29:58+00:00\",\"mainEntityOfPage\":{\"@id\":\"https:\\\/\\\/pulse-beziers.fr\\\/index.php\\\/2024\\\/05\\\/23\\\/evenement-conference-de-arnaud-montebourg\\\/\"},\"wordCount\":196,\"publisher\":{\"@id\":\"https:\\\/\\\/pulse-beziers.fr\\\/#organization\"},\"image\":{\"@id\":\"https:\\\/\\\/pulse-beziers.fr\\\/index.php\\\/2024\\\/05\\\/23\\\/evenement-conference-de-arnaud-montebourg\\\/#primaryimage\"},\"thumbnailUrl\":\"https:\\\/\\\/pulse-beziers.fr\\\/wp-content\\\/uploads\\\/2024\\\/05\\\/Visuel-site-PULSE-1.jpg\",\"articleSection\":[\"EVENEMENT\"],\"inLanguage\":\"fr-FR\"},{\"@type\":\"WebPage\",\"@id\":\"https:\\\/\\\/pulse-beziers.fr\\\/index.php\\\/2024\\\/05\\\/23\\\/evenement-conference-de-arnaud-montebourg\\\/\",\"url\":\"https:\\\/\\\/pulse-beziers.fr\\\/index.php\\\/2024\\\/05\\\/23\\\/evenement-conference-de-arnaud-montebourg\\\/\",\"name\":\"EVENEMENT - Conf\u00e9rence de Arnaud MONTEBOURG - PULSE\",\"isPartOf\":{\"@id\":\"https:\\\/\\\/pulse-beziers.fr\\\/#website\"},\"primaryImageOfPage\":{\"@id\":\"https:\\\/\\\/pulse-beziers.fr\\\/index.php\\\/2024\\\/05\\\/23\\\/evenement-conference-de-arnaud-montebourg\\\/#primaryimage\"},\"image\":{\"@id\":\"https:\\\/\\\/pulse-beziers.fr\\\/index.php\\\/2024\\\/05\\\/23\\\/evenement-conference-de-arnaud-montebourg\\\/#primaryimage\"},\"thumbnailUrl\":\"https:\\\/\\\/pulse-beziers.fr\\\/wp-content\\\/uploads\\\/2024\\\/05\\\/Visuel-site-PULSE-1.jpg\",\"datePublished\":\"2024-05-23T14:28:27+00:00\",\"dateModified\":\"2024-05-23T14:29:58+00:00\",\"description\":\"EVENEMENT - EVENEMENT - Conf\u00e9rence de Arnaud MONTEBOURG - Soir\u00e9e \u00e9v\u00e9nement organis\u00e9e par l'Agence PULSE B\u00e9ziers M\u00e9diterran\u00e9e\",\"breadcrumb\":{\"@id\":\"https:\\\/\\\/pulse-beziers.fr\\\/index.php\\\/2024\\\/05\\\/23\\\/evenement-conference-de-arnaud-montebourg\\\/#breadcrumb\"},\"inLanguage\":\"fr-FR\",\"potentialAction\":[{\"@type\":\"ReadAction\",\"target\":[\"https:\\\/\\\/pulse-beziers.fr\\\/index.php\\\/2024\\\/05\\\/23\\\/evenement-conference-de-arnaud-montebourg\\\/\"]}]},{\"@type\":\"ImageObject\",\"inLanguage\":\"fr-FR\",\"@id\":\"https:\\\/\\\/pulse-beziers.fr\\\/index.php\\\/2024\\\/05\\\/23\\\/evenement-conference-de-arnaud-montebourg\\\/#primaryimage\",\"url\":\"https:\\\/\\\/pulse-beziers.fr\\\/wp-content\\\/uploads\\\/2024\\\/05\\\/Visuel-site-PULSE-1.jpg\",\"contentUrl\":\"https:\\\/\\\/pulse-beziers.fr\\\/wp-content\\\/uploads\\\/2024\\\/05\\\/Visuel-site-PULSE-1.jpg\",\"width\":2048,\"height\":1449},{\"@type\":\"BreadcrumbList\",\"@id\":\"https:\\\/\\\/pulse-beziers.fr\\\/index.php\\\/2024\\\/05\\\/23\\\/evenement-conference-de-arnaud-montebourg\\\/#breadcrumb\",\"itemListElement\":[{\"@type\":\"ListItem\",\"position\":1,\"name\":\"Accueil\",\"item\":\"https:\\\/\\\/pulse-beziers.fr\\\/\"},{\"@type\":\"ListItem\",\"position\":2,\"name\":\"EVENEMENT &#8211; Conf\u00e9rence de Arnaud MONTEBOURG\"}]},{\"@type\":\"WebSite\",\"@id\":\"https:\\\/\\\/pulse-beziers.fr\\\/#website\",\"url\":\"https:\\\/\\\/pulse-beziers.fr\\\/\",\"name\":\"PULSE\",\"description\":\"B\u00e9ziers M\u00e9diterran\u00e9e\",\"publisher\":{\"@id\":\"https:\\\/\\\/pulse-beziers.fr\\\/#organization\"},\"potentialAction\":[{\"@type\":\"SearchAction\",\"target\":{\"@type\":\"EntryPoint\",\"urlTemplate\":\"https:\\\/\\\/pulse-beziers.fr\\\/?s={search_term_string}\"},\"query-input\":{\"@type\":\"PropertyValueSpecification\",\"valueRequired\":true,\"valueName\":\"search_term_string\"}}],\"inLanguage\":\"fr-FR\"},{\"@type\":\"Organization\",\"@id\":\"https:\\\/\\\/pulse-beziers.fr\\\/#organization\",\"name\":\"PULSE\",\"url\":\"https:\\\/\\\/pulse-beziers.fr\\\/\",\"logo\":{\"@type\":\"ImageObject\",\"inLanguage\":\"fr-FR\",\"@id\":\"https:\\\/\\\/pulse-beziers.fr\\\/#\\\/schema\\\/logo\\\/image\\\/\",\"url\":\"https:\\\/\\\/pulse-beziers.fr\\\/wp-content\\\/uploads\\\/2023\\\/10\\\/PULSE_OK.png\",\"contentUrl\":\"https:\\\/\\\/pulse-beziers.fr\\\/wp-content\\\/uploads\\\/2023\\\/10\\\/PULSE_OK.png\",\"width\":1490,\"height\":506,\"caption\":\"PULSE\"},\"image\":{\"@id\":\"https:\\\/\\\/pulse-beziers.fr\\\/#\\\/schema\\\/logo\\\/image\\\/\"}},{\"@type\":\"Person\",\"@id\":\"https:\\\/\\\/pulse-beziers.fr\\\/#\\\/schema\\\/person\\\/ce4160d5785562dc30723e520933e8e9\",\"name\":\"Jordan\",\"image\":{\"@type\":\"ImageObject\",\"inLanguage\":\"fr-FR\",\"@id\":\"https:\\\/\\\/secure.gravatar.com\\\/avatar\\\/ae88e378bde730769fc25248bfc128d509bc64fc2fad4d6455517f85742a87fd?s=96&d=mm&r=g\",\"url\":\"https:\\\/\\\/secure.gravatar.com\\\/avatar\\\/ae88e378bde730769fc25248bfc128d509bc64fc2fad4d6455517f85742a87fd?s=96&d=mm&r=g\",\"contentUrl\":\"https:\\\/\\\/secure.gravatar.com\\\/avatar\\\/ae88e378bde730769fc25248bfc128d509bc64fc2fad4d6455517f85742a87fd?s=96&d=mm&r=g\",\"caption\":\"Jordan\"},\"url\":\"https:\\\/\\\/pulse-beziers.fr\\\/index.php\\\/author\\\/jordan\\\/\"}]}<\/script>\n<!-- \/ Yoast SEO plugin. -->","yoast_head_json":{"title":"EVENEMENT - Conf\u00e9rence de Arnaud MONTEBOURG - PULSE","description":"EVENEMENT - EVENEMENT - Conf\u00e9rence de Arnaud MONTEBOURG - Soir\u00e9e \u00e9v\u00e9nement organis\u00e9e par l'Agence PULSE B\u00e9ziers M\u00e9diterran\u00e9e","robots":{"index":"index","follow":"follow","max-snippet":"max-snippet:-1","max-image-preview":"max-image-preview:large","max-video-preview":"max-video-preview:-1"},"canonical":"https:\/\/pulse-beziers.fr\/index.php\/2024\/05\/23\/evenement-conference-de-arnaud-montebourg\/","og_locale":"fr_FR","og_type":"article","og_title":"EVENEMENT - Conf\u00e9rence de Arnaud MONTEBOURG - PULSE","og_description":"EVENEMENT - EVENEMENT - Conf\u00e9rence de Arnaud MONTEBOURG - Soir\u00e9e \u00e9v\u00e9nement organis\u00e9e par l'Agence PULSE B\u00e9ziers M\u00e9diterran\u00e9e","og_url":"https:\/\/pulse-beziers.fr\/index.php\/2024\/05\/23\/evenement-conference-de-arnaud-montebourg\/","og_site_name":"PULSE","article_published_time":"2024-05-23T14:28:27+00:00","article_modified_time":"2024-05-23T14:29:58+00:00","og_image":[{"width":2048,"height":1449,"url":"https:\/\/pulse-beziers.fr\/wp-content\/uploads\/2024\/05\/Visuel-site-PULSE-1.jpg","type":"image\/jpeg"}],"author":"Jordan","twitter_card":"summary_large_image","twitter_misc":{"\u00c9crit par":"Jordan","Dur\u00e9e de lecture estim\u00e9e":"1 minute"},"schema":{"@context":"https:\/\/schema.org","@graph":[{"@type":"Article","@id":"https:\/\/pulse-beziers.fr\/index.php\/2024\/05\/23\/evenement-conference-de-arnaud-montebourg\/#article","isPartOf":{"@id":"https:\/\/pulse-beziers.fr\/index.php\/2024\/05\/23\/evenement-conference-de-arnaud-montebourg\/"},"author":{"name":"Jordan","@id":"https:\/\/pulse-beziers.fr\/#\/schema\/person\/ce4160d5785562dc30723e520933e8e9"},"headline":"EVENEMENT &#8211; Conf\u00e9rence de Arnaud MONTEBOURG","datePublished":"2024-05-23T14:28:27+00:00","dateModified":"2024-05-23T14:29:58+00:00","mainEntityOfPage":{"@id":"https:\/\/pulse-beziers.fr\/index.php\/2024\/05\/23\/evenement-conference-de-arnaud-montebourg\/"},"wordCount":196,"publisher":{"@id":"https:\/\/pulse-beziers.fr\/#organization"},"image":{"@id":"https:\/\/pulse-beziers.fr\/index.php\/2024\/05\/23\/evenement-conference-de-arnaud-montebourg\/#primaryimage"},"thumbnailUrl":"https:\/\/pulse-beziers.fr\/wp-content\/uploads\/2024\/05\/Visuel-site-PULSE-1.jpg","articleSection":["EVENEMENT"],"inLanguage":"fr-FR"},{"@type":"WebPage","@id":"https:\/\/pulse-beziers.fr\/index.php\/2024\/05\/23\/evenement-conference-de-arnaud-montebourg\/","url":"https:\/\/pulse-beziers.fr\/index.php\/2024\/05\/23\/evenement-conference-de-arnaud-montebourg\/","name":"EVENEMENT - Conf\u00e9rence de Arnaud MONTEBOURG - PULSE","isPartOf":{"@id":"https:\/\/pulse-beziers.fr\/#website"},"primaryImageOfPage":{"@id":"https:\/\/pulse-beziers.fr\/index.php\/2024\/05\/23\/evenement-conference-de-arnaud-montebourg\/#primaryimage"},"image":{"@id":"https:\/\/pulse-beziers.fr\/index.php\/2024\/05\/23\/evenement-conference-de-arnaud-montebourg\/#primaryimage"},"thumbnailUrl":"https:\/\/pulse-beziers.fr\/wp-content\/uploads\/2024\/05\/Visuel-site-PULSE-1.jpg","datePublished":"2024-05-23T14:28:27+00:00","dateModified":"2024-05-23T14:29:58+00:00","description":"EVENEMENT - EVENEMENT - Conf\u00e9rence de Arnaud MONTEBOURG - Soir\u00e9e \u00e9v\u00e9nement organis\u00e9e par l'Agence PULSE B\u00e9ziers M\u00e9diterran\u00e9e","breadcrumb":{"@id":"https:\/\/pulse-beziers.fr\/index.php\/2024\/05\/23\/evenement-conference-de-arnaud-montebourg\/#breadcrumb"},"inLanguage":"fr-FR","potentialAction":[{"@type":"ReadAction","target":["https:\/\/pulse-beziers.fr\/index.php\/2024\/05\/23\/evenement-conference-de-arnaud-montebourg\/"]}]},{"@type":"ImageObject","inLanguage":"fr-FR","@id":"https:\/\/pulse-beziers.fr\/index.php\/2024\/05\/23\/evenement-conference-de-arnaud-montebourg\/#primaryimage","url":"https:\/\/pulse-beziers.fr\/wp-content\/uploads\/2024\/05\/Visuel-site-PULSE-1.jpg","contentUrl":"https:\/\/pulse-beziers.fr\/wp-content\/uploads\/2024\/05\/Visuel-site-PULSE-1.jpg","width":2048,"height":1449},{"@type":"BreadcrumbList","@id":"https:\/\/pulse-beziers.fr\/index.php\/2024\/05\/23\/evenement-conference-de-arnaud-montebourg\/#breadcrumb","itemListElement":[{"@type":"ListItem","position":1,"name":"Accueil","item":"https:\/\/pulse-beziers.fr\/"},{"@type":"ListItem","position":2,"name":"EVENEMENT &#8211; Conf\u00e9rence de Arnaud MONTEBOURG"}]},{"@type":"WebSite","@id":"https:\/\/pulse-beziers.fr\/#website","url":"https:\/\/pulse-beziers.fr\/","name":"PULSE","description":"B\u00e9ziers M\u00e9diterran\u00e9e","publisher":{"@id":"https:\/\/pulse-beziers.fr\/#organization"},"potentialAction":[{"@type":"SearchAction","target":{"@type":"EntryPoint","urlTemplate":"https:\/\/pulse-beziers.fr\/?s={search_term_string}"},"query-input":{"@type":"PropertyValueSpecification","valueRequired":true,"valueName":"search_term_string"}}],"inLanguage":"fr-FR"},{"@type":"Organization","@id":"https:\/\/pulse-beziers.fr\/#organization","name":"PULSE","url":"https:\/\/pulse-beziers.fr\/","logo":{"@type":"ImageObject","inLanguage":"fr-FR","@id":"https:\/\/pulse-beziers.fr\/#\/schema\/logo\/image\/","url":"https:\/\/pulse-beziers.fr\/wp-content\/uploads\/2023\/10\/PULSE_OK.png","contentUrl":"https:\/\/pulse-beziers.fr\/wp-content\/uploads\/2023\/10\/PULSE_OK.png","width":1490,"height":506,"caption":"PULSE"},"image":{"@id":"https:\/\/pulse-beziers.fr\/#\/schema\/logo\/image\/"}},{"@type":"Person","@id":"https:\/\/pulse-beziers.fr\/#\/schema\/person\/ce4160d5785562dc30723e520933e8e9","name":"Jordan","image":{"@type":"ImageObject","inLanguage":"fr-FR","@id":"https:\/\/secure.gravatar.com\/avatar\/ae88e378bde730769fc25248bfc128d509bc64fc2fad4d6455517f85742a87fd?s=96&d=mm&r=g","url":"https:\/\/secure.gravatar.com\/avatar\/ae88e378bde730769fc25248bfc128d509bc64fc2fad4d6455517f85742a87fd?s=96&d=mm&r=g","contentUrl":"https:\/\/secure.gravatar.com\/avatar\/ae88e378bde730769fc25248bfc128d509bc64fc2fad4d6455517f85742a87fd?s=96&d=mm&r=g","caption":"Jordan"},"url":"https:\/\/pulse-beziers.fr\/index.php\/author\/jordan\/"}]}},"jetpack_featured_media_url":"https:\/\/pulse-beziers.fr\/wp-content\/uploads\/2024\/05\/Visuel-site-PULSE-1.jpg","jetpack_sharing_enabled":true,"_links":{"self":[{"href":"https:\/\/pulse-beziers.fr\/index.php\/wp-json\/wp\/v2\/posts\/5112","targetHints":{"allow":["GET"]}}],"collection":[{"href":"https:\/\/pulse-beziers.fr\/index.php\/wp-json\/wp\/v2\/posts"}],"about":[{"href":"https:\/\/pulse-beziers.fr\/index.php\/wp-json\/wp\/v2\/types\/post"}],"author":[{"embeddable":true,"href":"https:\/\/pulse-beziers.fr\/index.php\/wp-json\/wp\/v2\/users\/4"}],"replies":[{"embeddable":true,"href":"https:\/\/pulse-beziers.fr\/index.php\/wp-json\/wp\/v2\/comments?post=5112"}],"version-history":[{"count":2,"href":"https:\/\/pulse-beziers.fr\/index.php\/wp-json\/wp\/v2\/posts\/5112\/revisions"}],"predecessor-version":[{"id":5116,"href":"https:\/\/pulse-beziers.fr\/index.php\/wp-json\/wp\/v2\/posts\/5112\/revisions\/5116"}],"wp:featuredmedia":[{"embeddable":true,"href":"https:\/\/pulse-beziers.fr\/index.php\/wp-json\/wp\/v2\/media\/5114"}],"wp:attachment":[{"href":"https:\/\/pulse-beziers.fr\/index.php\/wp-json\/wp\/v2\/media?parent=5112"}],"wp:term":[{"taxonomy":"category","embeddable":true,"href":"https:\/\/pulse-beziers.fr\/index.php\/wp-json\/wp\/v2\/categories?post=5112"},{"taxonomy":"post_tag","embeddable":true,"href":"https:\/\/pulse-beziers.fr\/index.php\/wp-json\/wp\/v2\/tags?post=5112"}],"curies":[{"name":"wp","href":"https:\/\/api.w.org\/{rel}","templated":true}]}}