{"id":5141,"date":"2024-05-29T17:04:28","date_gmt":"2024-05-29T15:04:28","guid":{"rendered":"https:\/\/pulse-beziers.fr\/?p=5141"},"modified":"2024-05-30T12:22:17","modified_gmt":"2024-05-30T10:22:17","slug":"les-entrepreneurs-font-leur-feria","status":"publish","type":"post","link":"https:\/\/pulse-beziers.fr\/index.php\/2024\/05\/29\/les-entrepreneurs-font-leur-feria\/","title":{"rendered":"Les entrepreneurs ont aussi leur F\u00e9ria"},"content":{"rendered":"\n<p><strong>Andr\u00e9 Deljarry, Pr\u00e9sident de la CCI H\u00e9rault et 1<sup>er<\/sup> VP de la CCI Occitanie, et Robert M\u00e9nard, Maire de B\u00e9ziers et Pr\u00e9sident de l\u2019Agglo B\u00e9ziers M\u00e9diterran\u00e9e, donnaient une conf\u00e9rence de presse, ce mercredi 29 mai, pour annoncer la F\u00e9ria des Entrepreneurs.<\/strong><\/p>\n\n\n\n<p>L\u2019\u00e9v\u00e9nement aura lieu mardi 4 Juin prochain de 8h \u00e0 16h au Palais des congr\u00e8s de B\u00e9ziers. Il sera gratuit et ouvert \u00e0 tous.<\/p>\n\n\n\n<p>Il s\u2019agit de la 19<sup>\u00e8me<\/sup> \u00e9dition de cet \u00e9v\u00e9nement phare qui rassemble porteurs de projets, institutions et organismes d\u2019accompagnement.<\/p>\n\n\n\n<p>Cette ann\u00e9e encore, plus de 40 interlocuteurs seront pr\u00e9sents pour aiguiller les visiteurs dans leurs projets de cr\u00e9ation, reprise ou d\u00e9veloppement d\u2019entreprise.<\/p>\n\n\n\n<p>La Feria des entrepreneurs sera rythm\u00e9e par 4 temps forts&nbsp;:<\/p>\n\n\n\n<ul class=\"wp-block-list\">\n<li>Une table-ronde \u00ab&nbsp;Parcours d\u2019entrepreneurs&nbsp;\u00bb dont nous vous parlions <a href=\"https:\/\/pulse-beziers.fr\/index.php\/2024\/05\/15\/feria-des-entrepreneurs-2024\/\">ici<\/a><\/li>\n\n\n\n<li>Un atelier cr\u00e9ation\/reprise d\u2019entreprise<\/li>\n\n\n\n<li>Un atelier visant \u00e0 changer de regard sur l\u2019URSSAF et les Imp\u00f4ts<\/li>\n\n\n\n<li>Un atelier \u00ab&nbsp;Rejoindre un r\u00e9seau \u00e9conomique&nbsp;\u00bb<\/li>\n<\/ul>\n\n\n\n<p>Retrouvez le programme complet de l\u2019\u00e9v\u00e9nement et inscrivez-vous aux ateliers en cliquant <a href=\"https:\/\/www.herault.cci.fr\/evenement\/feria-des-entrepreneurs-2024\">ici<\/a><\/p>\n\n\n\n<p>Les porteurs de projets pourront \u00e9galement b\u00e9n\u00e9ficier de rendez-vous individuels, gratuits et confidentiels, avec les diff\u00e9rents interlocuteurs pr\u00e9sents lors de la Feria.<\/p>\n\n\n\n<h3 class=\"wp-block-heading\">L\u2019accompagnement, un mod\u00e8le qui fonctionne<\/h3>\n\n\n\n<p>Tout au long de l\u2019ann\u00e9e, les porteurs de projet peuvent b\u00e9n\u00e9ficier d\u2019un accompagnement personnalis\u00e9 du bin\u00f4me CCI-Collectivit\u00e9, qui se positionnent en r\u00e9els facilitateurs.<\/p>\n\n\n\n<p>Que ce soit sur le plan administratif comme sur le plan financier, la CCI et l\u2019Agglo, notamment via l\u2019agence de d\u00e9veloppement \u00e9conomique Pulse, participent au d\u00e9veloppement du tissu entrepreneurial Biterrois.<\/p>\n\n\n\n<p>M. Deljarry annonce m\u00eame un chiffre&nbsp;: 70% des entreprises b\u00e9n\u00e9ficiant d\u2019un accompagnement de la CCI ont plus de facilit\u00e9s \u00e0 s\u2019implanter et \u00e0 se d\u00e9velopper. Sans accompagnement, ce chiffre est ramen\u00e9 \u00e0 50%.<\/p>\n\n\n\n<h3 class=\"wp-block-heading\">Des fili\u00e8res porteuses de promesses<\/h3>\n\n\n\n<p>Le pr\u00e9sident de la CCI H\u00e9rault \u00e9voque ensuite des perspectives \u00e0 B\u00e9ziers. Il \u00e9voque notamment la fili\u00e8re industrielle et l\u2019hydrog\u00e8ne, qui devraient amener \u00e0 la cr\u00e9ation de 5 000 emplois dans les 10 ann\u00e9es \u00e0 venir.<\/p>\n\n\n\n<p><strong>Informations pratiques&nbsp;:<\/strong><\/p>\n\n\n\n<p>Date&nbsp;: Mardi 4 juin<\/p>\n\n\n\n<p>Horaires&nbsp;: 8h \u00e0 18h<\/p>\n\n\n\n<p>Lieu&nbsp;: Palais des Congr\u00e8s de B\u00e9ziers<\/p>\n\n\n\n<p>Parking&nbsp;: Jean Jaur\u00e8s (Gratuit pour l\u2019\u00e9v\u00e9nement)<\/p>\n","protected":false},"excerpt":{"rendered":"<p>Andr\u00e9 Deljarry, Pr\u00e9sident de la CCI H\u00e9rault et 1er VP de la CCI Occitanie, et Robert M\u00e9nard, Maire de B\u00e9ziers et Pr\u00e9sident de l\u2019Agglo B\u00e9ziers M\u00e9diterran\u00e9e, donnaient une conf\u00e9rence de presse, ce mercredi 29 mai, pour annoncer la F\u00e9ria des Entrepreneurs. L\u2019\u00e9v\u00e9nement aura lieu mardi 4 Juin prochain de 8h \u00e0 16h au Palais des [&hellip;]<\/p>\n","protected":false},"author":4,"featured_media":5142,"comment_status":"closed","ping_status":"closed","sticky":false,"template":"","format":"standard","meta":{"_jetpack_memberships_contains_paid_content":false,"footnotes":""},"categories":[4],"tags":[],"class_list":["post-5141","post","type-post","status-publish","format-standard","has-post-thumbnail","hentry","category-evenement"],"yoast_head":"<!-- This site is optimized with the Yoast SEO plugin v27.3 - https:\/\/yoast.com\/product\/yoast-seo-wordpress\/ -->\n<title>Les entrepreneurs ont aussi leur F\u00e9ria - PULSE<\/title>\n<meta name=\"description\" content=\"EVENEMENT EVENEMENT Les entrepreneurs ont aussi leur F\u00e9ria\" \/>\n<meta name=\"robots\" content=\"index, follow, max-snippet:-1, max-image-preview:large, max-video-preview:-1\" \/>\n<link rel=\"canonical\" href=\"https:\/\/pulse-beziers.fr\/index.php\/2024\/05\/29\/les-entrepreneurs-font-leur-feria\/\" \/>\n<meta property=\"og:locale\" content=\"fr_FR\" \/>\n<meta property=\"og:type\" content=\"article\" \/>\n<meta property=\"og:title\" content=\"Les entrepreneurs ont aussi leur F\u00e9ria - PULSE\" \/>\n<meta property=\"og:description\" content=\"EVENEMENT EVENEMENT Les entrepreneurs ont aussi leur F\u00e9ria\" \/>\n<meta property=\"og:url\" content=\"https:\/\/pulse-beziers.fr\/index.php\/2024\/05\/29\/les-entrepreneurs-font-leur-feria\/\" \/>\n<meta property=\"og:site_name\" content=\"PULSE\" \/>\n<meta property=\"article:published_time\" content=\"2024-05-29T15:04:28+00:00\" \/>\n<meta property=\"article:modified_time\" content=\"2024-05-30T10:22:17+00:00\" \/>\n<meta property=\"og:image\" content=\"https:\/\/pulse-beziers.fr\/wp-content\/uploads\/2024\/05\/FERIA-ENTREPRENEURS-1.jpg\" \/>\n\t<meta property=\"og:image:width\" content=\"2048\" \/>\n\t<meta property=\"og:image:height\" content=\"1449\" \/>\n\t<meta property=\"og:image:type\" content=\"image\/jpeg\" \/>\n<meta name=\"author\" content=\"Jordan\" \/>\n<meta name=\"twitter:card\" content=\"summary_large_image\" \/>\n<meta name=\"twitter:label1\" content=\"\u00c9crit par\" \/>\n\t<meta name=\"twitter:data1\" content=\"Jordan\" \/>\n\t<meta name=\"twitter:label2\" content=\"Dur\u00e9e de lecture estim\u00e9e\" \/>\n\t<meta name=\"twitter:data2\" content=\"2 minutes\" \/>\n<script type=\"application\/ld+json\" class=\"yoast-schema-graph\">{\"@context\":\"https:\\\/\\\/schema.org\",\"@graph\":[{\"@type\":\"Article\",\"@id\":\"https:\\\/\\\/pulse-beziers.fr\\\/index.php\\\/2024\\\/05\\\/29\\\/les-entrepreneurs-font-leur-feria\\\/#article\",\"isPartOf\":{\"@id\":\"https:\\\/\\\/pulse-beziers.fr\\\/index.php\\\/2024\\\/05\\\/29\\\/les-entrepreneurs-font-leur-feria\\\/\"},\"author\":{\"name\":\"Jordan\",\"@id\":\"https:\\\/\\\/pulse-beziers.fr\\\/#\\\/schema\\\/person\\\/ce4160d5785562dc30723e520933e8e9\"},\"headline\":\"Les entrepreneurs ont aussi leur F\u00e9ria\",\"datePublished\":\"2024-05-29T15:04:28+00:00\",\"dateModified\":\"2024-05-30T10:22:17+00:00\",\"mainEntityOfPage\":{\"@id\":\"https:\\\/\\\/pulse-beziers.fr\\\/index.php\\\/2024\\\/05\\\/29\\\/les-entrepreneurs-font-leur-feria\\\/\"},\"wordCount\":405,\"publisher\":{\"@id\":\"https:\\\/\\\/pulse-beziers.fr\\\/#organization\"},\"image\":{\"@id\":\"https:\\\/\\\/pulse-beziers.fr\\\/index.php\\\/2024\\\/05\\\/29\\\/les-entrepreneurs-font-leur-feria\\\/#primaryimage\"},\"thumbnailUrl\":\"https:\\\/\\\/pulse-beziers.fr\\\/wp-content\\\/uploads\\\/2024\\\/05\\\/FERIA-ENTREPRENEURS-1.jpg\",\"articleSection\":[\"EVENEMENT\"],\"inLanguage\":\"fr-FR\"},{\"@type\":\"WebPage\",\"@id\":\"https:\\\/\\\/pulse-beziers.fr\\\/index.php\\\/2024\\\/05\\\/29\\\/les-entrepreneurs-font-leur-feria\\\/\",\"url\":\"https:\\\/\\\/pulse-beziers.fr\\\/index.php\\\/2024\\\/05\\\/29\\\/les-entrepreneurs-font-leur-feria\\\/\",\"name\":\"Les entrepreneurs ont aussi leur F\u00e9ria - PULSE\",\"isPartOf\":{\"@id\":\"https:\\\/\\\/pulse-beziers.fr\\\/#website\"},\"primaryImageOfPage\":{\"@id\":\"https:\\\/\\\/pulse-beziers.fr\\\/index.php\\\/2024\\\/05\\\/29\\\/les-entrepreneurs-font-leur-feria\\\/#primaryimage\"},\"image\":{\"@id\":\"https:\\\/\\\/pulse-beziers.fr\\\/index.php\\\/2024\\\/05\\\/29\\\/les-entrepreneurs-font-leur-feria\\\/#primaryimage\"},\"thumbnailUrl\":\"https:\\\/\\\/pulse-beziers.fr\\\/wp-content\\\/uploads\\\/2024\\\/05\\\/FERIA-ENTREPRENEURS-1.jpg\",\"datePublished\":\"2024-05-29T15:04:28+00:00\",\"dateModified\":\"2024-05-30T10:22:17+00:00\",\"description\":\"EVENEMENT EVENEMENT Les entrepreneurs ont aussi leur F\u00e9ria\",\"breadcrumb\":{\"@id\":\"https:\\\/\\\/pulse-beziers.fr\\\/index.php\\\/2024\\\/05\\\/29\\\/les-entrepreneurs-font-leur-feria\\\/#breadcrumb\"},\"inLanguage\":\"fr-FR\",\"potentialAction\":[{\"@type\":\"ReadAction\",\"target\":[\"https:\\\/\\\/pulse-beziers.fr\\\/index.php\\\/2024\\\/05\\\/29\\\/les-entrepreneurs-font-leur-feria\\\/\"]}]},{\"@type\":\"ImageObject\",\"inLanguage\":\"fr-FR\",\"@id\":\"https:\\\/\\\/pulse-beziers.fr\\\/index.php\\\/2024\\\/05\\\/29\\\/les-entrepreneurs-font-leur-feria\\\/#primaryimage\",\"url\":\"https:\\\/\\\/pulse-beziers.fr\\\/wp-content\\\/uploads\\\/2024\\\/05\\\/FERIA-ENTREPRENEURS-1.jpg\",\"contentUrl\":\"https:\\\/\\\/pulse-beziers.fr\\\/wp-content\\\/uploads\\\/2024\\\/05\\\/FERIA-ENTREPRENEURS-1.jpg\",\"width\":2048,\"height\":1449},{\"@type\":\"BreadcrumbList\",\"@id\":\"https:\\\/\\\/pulse-beziers.fr\\\/index.php\\\/2024\\\/05\\\/29\\\/les-entrepreneurs-font-leur-feria\\\/#breadcrumb\",\"itemListElement\":[{\"@type\":\"ListItem\",\"position\":1,\"name\":\"Accueil\",\"item\":\"https:\\\/\\\/pulse-beziers.fr\\\/\"},{\"@type\":\"ListItem\",\"position\":2,\"name\":\"Les entrepreneurs ont aussi leur F\u00e9ria\"}]},{\"@type\":\"WebSite\",\"@id\":\"https:\\\/\\\/pulse-beziers.fr\\\/#website\",\"url\":\"https:\\\/\\\/pulse-beziers.fr\\\/\",\"name\":\"PULSE\",\"description\":\"B\u00e9ziers M\u00e9diterran\u00e9e\",\"publisher\":{\"@id\":\"https:\\\/\\\/pulse-beziers.fr\\\/#organization\"},\"potentialAction\":[{\"@type\":\"SearchAction\",\"target\":{\"@type\":\"EntryPoint\",\"urlTemplate\":\"https:\\\/\\\/pulse-beziers.fr\\\/?s={search_term_string}\"},\"query-input\":{\"@type\":\"PropertyValueSpecification\",\"valueRequired\":true,\"valueName\":\"search_term_string\"}}],\"inLanguage\":\"fr-FR\"},{\"@type\":\"Organization\",\"@id\":\"https:\\\/\\\/pulse-beziers.fr\\\/#organization\",\"name\":\"PULSE\",\"url\":\"https:\\\/\\\/pulse-beziers.fr\\\/\",\"logo\":{\"@type\":\"ImageObject\",\"inLanguage\":\"fr-FR\",\"@id\":\"https:\\\/\\\/pulse-beziers.fr\\\/#\\\/schema\\\/logo\\\/image\\\/\",\"url\":\"https:\\\/\\\/pulse-beziers.fr\\\/wp-content\\\/uploads\\\/2023\\\/10\\\/PULSE_OK.png\",\"contentUrl\":\"https:\\\/\\\/pulse-beziers.fr\\\/wp-content\\\/uploads\\\/2023\\\/10\\\/PULSE_OK.png\",\"width\":1490,\"height\":506,\"caption\":\"PULSE\"},\"image\":{\"@id\":\"https:\\\/\\\/pulse-beziers.fr\\\/#\\\/schema\\\/logo\\\/image\\\/\"}},{\"@type\":\"Person\",\"@id\":\"https:\\\/\\\/pulse-beziers.fr\\\/#\\\/schema\\\/person\\\/ce4160d5785562dc30723e520933e8e9\",\"name\":\"Jordan\",\"image\":{\"@type\":\"ImageObject\",\"inLanguage\":\"fr-FR\",\"@id\":\"https:\\\/\\\/secure.gravatar.com\\\/avatar\\\/ae88e378bde730769fc25248bfc128d509bc64fc2fad4d6455517f85742a87fd?s=96&d=mm&r=g\",\"url\":\"https:\\\/\\\/secure.gravatar.com\\\/avatar\\\/ae88e378bde730769fc25248bfc128d509bc64fc2fad4d6455517f85742a87fd?s=96&d=mm&r=g\",\"contentUrl\":\"https:\\\/\\\/secure.gravatar.com\\\/avatar\\\/ae88e378bde730769fc25248bfc128d509bc64fc2fad4d6455517f85742a87fd?s=96&d=mm&r=g\",\"caption\":\"Jordan\"},\"url\":\"https:\\\/\\\/pulse-beziers.fr\\\/index.php\\\/author\\\/jordan\\\/\"}]}<\/script>\n<!-- \/ Yoast SEO plugin. -->","yoast_head_json":{"title":"Les entrepreneurs ont aussi leur F\u00e9ria - PULSE","description":"EVENEMENT EVENEMENT Les entrepreneurs ont aussi leur F\u00e9ria","robots":{"index":"index","follow":"follow","max-snippet":"max-snippet:-1","max-image-preview":"max-image-preview:large","max-video-preview":"max-video-preview:-1"},"canonical":"https:\/\/pulse-beziers.fr\/index.php\/2024\/05\/29\/les-entrepreneurs-font-leur-feria\/","og_locale":"fr_FR","og_type":"article","og_title":"Les entrepreneurs ont aussi leur F\u00e9ria - PULSE","og_description":"EVENEMENT EVENEMENT Les entrepreneurs ont aussi leur F\u00e9ria","og_url":"https:\/\/pulse-beziers.fr\/index.php\/2024\/05\/29\/les-entrepreneurs-font-leur-feria\/","og_site_name":"PULSE","article_published_time":"2024-05-29T15:04:28+00:00","article_modified_time":"2024-05-30T10:22:17+00:00","og_image":[{"width":2048,"height":1449,"url":"https:\/\/pulse-beziers.fr\/wp-content\/uploads\/2024\/05\/FERIA-ENTREPRENEURS-1.jpg","type":"image\/jpeg"}],"author":"Jordan","twitter_card":"summary_large_image","twitter_misc":{"\u00c9crit par":"Jordan","Dur\u00e9e de lecture estim\u00e9e":"2 minutes"},"schema":{"@context":"https:\/\/schema.org","@graph":[{"@type":"Article","@id":"https:\/\/pulse-beziers.fr\/index.php\/2024\/05\/29\/les-entrepreneurs-font-leur-feria\/#article","isPartOf":{"@id":"https:\/\/pulse-beziers.fr\/index.php\/2024\/05\/29\/les-entrepreneurs-font-leur-feria\/"},"author":{"name":"Jordan","@id":"https:\/\/pulse-beziers.fr\/#\/schema\/person\/ce4160d5785562dc30723e520933e8e9"},"headline":"Les entrepreneurs ont aussi leur F\u00e9ria","datePublished":"2024-05-29T15:04:28+00:00","dateModified":"2024-05-30T10:22:17+00:00","mainEntityOfPage":{"@id":"https:\/\/pulse-beziers.fr\/index.php\/2024\/05\/29\/les-entrepreneurs-font-leur-feria\/"},"wordCount":405,"publisher":{"@id":"https:\/\/pulse-beziers.fr\/#organization"},"image":{"@id":"https:\/\/pulse-beziers.fr\/index.php\/2024\/05\/29\/les-entrepreneurs-font-leur-feria\/#primaryimage"},"thumbnailUrl":"https:\/\/pulse-beziers.fr\/wp-content\/uploads\/2024\/05\/FERIA-ENTREPRENEURS-1.jpg","articleSection":["EVENEMENT"],"inLanguage":"fr-FR"},{"@type":"WebPage","@id":"https:\/\/pulse-beziers.fr\/index.php\/2024\/05\/29\/les-entrepreneurs-font-leur-feria\/","url":"https:\/\/pulse-beziers.fr\/index.php\/2024\/05\/29\/les-entrepreneurs-font-leur-feria\/","name":"Les entrepreneurs ont aussi leur F\u00e9ria - PULSE","isPartOf":{"@id":"https:\/\/pulse-beziers.fr\/#website"},"primaryImageOfPage":{"@id":"https:\/\/pulse-beziers.fr\/index.php\/2024\/05\/29\/les-entrepreneurs-font-leur-feria\/#primaryimage"},"image":{"@id":"https:\/\/pulse-beziers.fr\/index.php\/2024\/05\/29\/les-entrepreneurs-font-leur-feria\/#primaryimage"},"thumbnailUrl":"https:\/\/pulse-beziers.fr\/wp-content\/uploads\/2024\/05\/FERIA-ENTREPRENEURS-1.jpg","datePublished":"2024-05-29T15:04:28+00:00","dateModified":"2024-05-30T10:22:17+00:00","description":"EVENEMENT EVENEMENT Les entrepreneurs ont aussi leur F\u00e9ria","breadcrumb":{"@id":"https:\/\/pulse-beziers.fr\/index.php\/2024\/05\/29\/les-entrepreneurs-font-leur-feria\/#breadcrumb"},"inLanguage":"fr-FR","potentialAction":[{"@type":"ReadAction","target":["https:\/\/pulse-beziers.fr\/index.php\/2024\/05\/29\/les-entrepreneurs-font-leur-feria\/"]}]},{"@type":"ImageObject","inLanguage":"fr-FR","@id":"https:\/\/pulse-beziers.fr\/index.php\/2024\/05\/29\/les-entrepreneurs-font-leur-feria\/#primaryimage","url":"https:\/\/pulse-beziers.fr\/wp-content\/uploads\/2024\/05\/FERIA-ENTREPRENEURS-1.jpg","contentUrl":"https:\/\/pulse-beziers.fr\/wp-content\/uploads\/2024\/05\/FERIA-ENTREPRENEURS-1.jpg","width":2048,"height":1449},{"@type":"BreadcrumbList","@id":"https:\/\/pulse-beziers.fr\/index.php\/2024\/05\/29\/les-entrepreneurs-font-leur-feria\/#breadcrumb","itemListElement":[{"@type":"ListItem","position":1,"name":"Accueil","item":"https:\/\/pulse-beziers.fr\/"},{"@type":"ListItem","position":2,"name":"Les entrepreneurs ont aussi leur F\u00e9ria"}]},{"@type":"WebSite","@id":"https:\/\/pulse-beziers.fr\/#website","url":"https:\/\/pulse-beziers.fr\/","name":"PULSE","description":"B\u00e9ziers M\u00e9diterran\u00e9e","publisher":{"@id":"https:\/\/pulse-beziers.fr\/#organization"},"potentialAction":[{"@type":"SearchAction","target":{"@type":"EntryPoint","urlTemplate":"https:\/\/pulse-beziers.fr\/?s={search_term_string}"},"query-input":{"@type":"PropertyValueSpecification","valueRequired":true,"valueName":"search_term_string"}}],"inLanguage":"fr-FR"},{"@type":"Organization","@id":"https:\/\/pulse-beziers.fr\/#organization","name":"PULSE","url":"https:\/\/pulse-beziers.fr\/","logo":{"@type":"ImageObject","inLanguage":"fr-FR","@id":"https:\/\/pulse-beziers.fr\/#\/schema\/logo\/image\/","url":"https:\/\/pulse-beziers.fr\/wp-content\/uploads\/2023\/10\/PULSE_OK.png","contentUrl":"https:\/\/pulse-beziers.fr\/wp-content\/uploads\/2023\/10\/PULSE_OK.png","width":1490,"height":506,"caption":"PULSE"},"image":{"@id":"https:\/\/pulse-beziers.fr\/#\/schema\/logo\/image\/"}},{"@type":"Person","@id":"https:\/\/pulse-beziers.fr\/#\/schema\/person\/ce4160d5785562dc30723e520933e8e9","name":"Jordan","image":{"@type":"ImageObject","inLanguage":"fr-FR","@id":"https:\/\/secure.gravatar.com\/avatar\/ae88e378bde730769fc25248bfc128d509bc64fc2fad4d6455517f85742a87fd?s=96&d=mm&r=g","url":"https:\/\/secure.gravatar.com\/avatar\/ae88e378bde730769fc25248bfc128d509bc64fc2fad4d6455517f85742a87fd?s=96&d=mm&r=g","contentUrl":"https:\/\/secure.gravatar.com\/avatar\/ae88e378bde730769fc25248bfc128d509bc64fc2fad4d6455517f85742a87fd?s=96&d=mm&r=g","caption":"Jordan"},"url":"https:\/\/pulse-beziers.fr\/index.php\/author\/jordan\/"}]}},"jetpack_featured_media_url":"https:\/\/pulse-beziers.fr\/wp-content\/uploads\/2024\/05\/FERIA-ENTREPRENEURS-1.jpg","jetpack_sharing_enabled":true,"_links":{"self":[{"href":"https:\/\/pulse-beziers.fr\/index.php\/wp-json\/wp\/v2\/posts\/5141","targetHints":{"allow":["GET"]}}],"collection":[{"href":"https:\/\/pulse-beziers.fr\/index.php\/wp-json\/wp\/v2\/posts"}],"about":[{"href":"https:\/\/pulse-beziers.fr\/index.php\/wp-json\/wp\/v2\/types\/post"}],"author":[{"embeddable":true,"href":"https:\/\/pulse-beziers.fr\/index.php\/wp-json\/wp\/v2\/users\/4"}],"replies":[{"embeddable":true,"href":"https:\/\/pulse-beziers.fr\/index.php\/wp-json\/wp\/v2\/comments?post=5141"}],"version-history":[{"count":2,"href":"https:\/\/pulse-beziers.fr\/index.php\/wp-json\/wp\/v2\/posts\/5141\/revisions"}],"predecessor-version":[{"id":5144,"href":"https:\/\/pulse-beziers.fr\/index.php\/wp-json\/wp\/v2\/posts\/5141\/revisions\/5144"}],"wp:featuredmedia":[{"embeddable":true,"href":"https:\/\/pulse-beziers.fr\/index.php\/wp-json\/wp\/v2\/media\/5142"}],"wp:attachment":[{"href":"https:\/\/pulse-beziers.fr\/index.php\/wp-json\/wp\/v2\/media?parent=5141"}],"wp:term":[{"taxonomy":"category","embeddable":true,"href":"https:\/\/pulse-beziers.fr\/index.php\/wp-json\/wp\/v2\/categories?post=5141"},{"taxonomy":"post_tag","embeddable":true,"href":"https:\/\/pulse-beziers.fr\/index.php\/wp-json\/wp\/v2\/tags?post=5141"}],"curies":[{"name":"wp","href":"https:\/\/api.w.org\/{rel}","templated":true}]}}