{"id":5417,"date":"2024-07-12T12:05:32","date_gmt":"2024-07-12T10:05:32","guid":{"rendered":"https:\/\/pulse-beziers.fr\/?p=5417"},"modified":"2024-07-12T12:05:34","modified_gmt":"2024-07-12T10:05:34","slug":"du-nouveau-pour-lemploi-des-travailleurs-handicapes","status":"publish","type":"post","link":"https:\/\/pulse-beziers.fr\/index.php\/2024\/07\/12\/du-nouveau-pour-lemploi-des-travailleurs-handicapes\/","title":{"rendered":"Du nouveau pour l&#8217;emploi des travailleurs handicap\u00e9s"},"content":{"rendered":"\n<p>Les entreprises de 20 salari\u00e9s ou plus peuvent r\u00e9pondre \u00e0 l&#8217;obligation d&#8217;emploi des travailleurs handicap\u00e9s (OETH) en appliquant un \u00ab accord agr\u00e9\u00e9 de branche, de groupe ou d\u2019entreprise \u00bb qui pr\u00e9voit la mise en \u0153uvre d\u2019un programme annuel ou pluriannuel en faveur des travailleurs handicap\u00e9s (art. L5212-8 du code du travail modifi\u00e9 par l\u2019art. 67 de la loi Avenir professionnel).<\/p>\n\n\n\n<p>La grande nouveaut\u00e9 r\u00e9side dans la proc\u00e9dure de demande d\u2019agr\u00e9ment ou de renouvellement, d\u00e9sormais centralis\u00e9e sur la plateforme web <a href=\"https:\/\/agapeth.fr\">AGAPE&#8217;TH<\/a>. Les employeurs doivent y d\u00e9poser une pr\u00e9sentation de l&#8217;accord sign\u00e9, incluant des plans d\u2019embauche et de maintien dans l\u2019emploi, des objectifs pr\u00e9cis et un budget pr\u00e9visionnel des actions.<\/p>\n\n\n\n<p><strong>Un accord est valable pour une dur\u00e9e maximale de trois ans et est renouvelable une fois.<\/strong><\/p>\n\n\n\n<p>Pour plus d&#8217;informations, contactez <em><a href=\"https:\/\/pulse-beziers.fr\/index.php\/contact\/\">PULSE<\/a><\/em>.<\/p>\n","protected":false},"excerpt":{"rendered":"<p>Les entreprises de 20 salari\u00e9s ou plus peuvent r\u00e9pondre \u00e0 l&#8217;obligation d&#8217;emploi des travailleurs handicap\u00e9s (OETH) en appliquant un \u00ab accord agr\u00e9\u00e9 de branche, de groupe ou d\u2019entreprise \u00bb qui pr\u00e9voit la mise en \u0153uvre d\u2019un programme annuel ou pluriannuel en faveur des travailleurs handicap\u00e9s (art. L5212-8 du code du travail modifi\u00e9 par l\u2019art. 67 [&hellip;]<\/p>\n","protected":false},"author":4,"featured_media":5420,"comment_status":"closed","ping_status":"closed","sticky":false,"template":"","format":"standard","meta":{"_jetpack_memberships_contains_paid_content":false,"footnotes":""},"categories":[9],"tags":[],"class_list":["post-5417","post","type-post","status-publish","format-standard","has-post-thumbnail","hentry","category-information"],"yoast_head":"<!-- This site is optimized with the Yoast SEO plugin v27.3 - https:\/\/yoast.com\/product\/yoast-seo-wordpress\/ -->\n<title>Du nouveau pour l&#039;emploi des travailleurs handicap\u00e9s - PULSE<\/title>\n<meta name=\"description\" content=\"PULSE vous pr\u00e9sente les nouveaut\u00e9s \u00e0 disposition des chefs d&#039;entreprise pour embaucher des travailleurs handicap\u00e9s.\" \/>\n<meta name=\"robots\" content=\"index, follow, max-snippet:-1, max-image-preview:large, max-video-preview:-1\" \/>\n<link rel=\"canonical\" href=\"https:\/\/pulse-beziers.fr\/index.php\/2024\/07\/12\/du-nouveau-pour-lemploi-des-travailleurs-handicapes\/\" \/>\n<meta property=\"og:locale\" content=\"fr_FR\" \/>\n<meta property=\"og:type\" content=\"article\" \/>\n<meta property=\"og:title\" content=\"Du nouveau pour l&#039;emploi des travailleurs handicap\u00e9s - PULSE\" \/>\n<meta property=\"og:description\" content=\"PULSE vous pr\u00e9sente les nouveaut\u00e9s \u00e0 disposition des chefs d&#039;entreprise pour embaucher des travailleurs handicap\u00e9s.\" \/>\n<meta property=\"og:url\" content=\"https:\/\/pulse-beziers.fr\/index.php\/2024\/07\/12\/du-nouveau-pour-lemploi-des-travailleurs-handicapes\/\" \/>\n<meta property=\"og:site_name\" content=\"PULSE\" \/>\n<meta property=\"article:published_time\" content=\"2024-07-12T10:05:32+00:00\" \/>\n<meta property=\"article:modified_time\" content=\"2024-07-12T10:05:34+00:00\" \/>\n<meta property=\"og:image\" content=\"https:\/\/pulse-beziers.fr\/wp-content\/uploads\/2024\/07\/RQTH-1-1024x725.png\" \/>\n\t<meta property=\"og:image:width\" content=\"1024\" \/>\n\t<meta property=\"og:image:height\" content=\"725\" \/>\n\t<meta property=\"og:image:type\" content=\"image\/png\" \/>\n<meta name=\"author\" content=\"Jordan\" \/>\n<meta name=\"twitter:card\" content=\"summary_large_image\" \/>\n<meta name=\"twitter:label1\" content=\"\u00c9crit par\" \/>\n\t<meta name=\"twitter:data1\" content=\"Jordan\" \/>\n\t<meta name=\"twitter:label2\" content=\"Dur\u00e9e de lecture estim\u00e9e\" \/>\n\t<meta name=\"twitter:data2\" content=\"1 minute\" \/>\n<script type=\"application\/ld+json\" class=\"yoast-schema-graph\">{\"@context\":\"https:\\\/\\\/schema.org\",\"@graph\":[{\"@type\":\"Article\",\"@id\":\"https:\\\/\\\/pulse-beziers.fr\\\/index.php\\\/2024\\\/07\\\/12\\\/du-nouveau-pour-lemploi-des-travailleurs-handicapes\\\/#article\",\"isPartOf\":{\"@id\":\"https:\\\/\\\/pulse-beziers.fr\\\/index.php\\\/2024\\\/07\\\/12\\\/du-nouveau-pour-lemploi-des-travailleurs-handicapes\\\/\"},\"author\":{\"name\":\"Jordan\",\"@id\":\"https:\\\/\\\/pulse-beziers.fr\\\/#\\\/schema\\\/person\\\/ce4160d5785562dc30723e520933e8e9\"},\"headline\":\"Du nouveau pour l&#8217;emploi des travailleurs handicap\u00e9s\",\"datePublished\":\"2024-07-12T10:05:32+00:00\",\"dateModified\":\"2024-07-12T10:05:34+00:00\",\"mainEntityOfPage\":{\"@id\":\"https:\\\/\\\/pulse-beziers.fr\\\/index.php\\\/2024\\\/07\\\/12\\\/du-nouveau-pour-lemploi-des-travailleurs-handicapes\\\/\"},\"wordCount\":154,\"publisher\":{\"@id\":\"https:\\\/\\\/pulse-beziers.fr\\\/#organization\"},\"image\":{\"@id\":\"https:\\\/\\\/pulse-beziers.fr\\\/index.php\\\/2024\\\/07\\\/12\\\/du-nouveau-pour-lemploi-des-travailleurs-handicapes\\\/#primaryimage\"},\"thumbnailUrl\":\"https:\\\/\\\/pulse-beziers.fr\\\/wp-content\\\/uploads\\\/2024\\\/07\\\/RQTH-1.png\",\"articleSection\":[\"INFORMATION\"],\"inLanguage\":\"fr-FR\"},{\"@type\":\"WebPage\",\"@id\":\"https:\\\/\\\/pulse-beziers.fr\\\/index.php\\\/2024\\\/07\\\/12\\\/du-nouveau-pour-lemploi-des-travailleurs-handicapes\\\/\",\"url\":\"https:\\\/\\\/pulse-beziers.fr\\\/index.php\\\/2024\\\/07\\\/12\\\/du-nouveau-pour-lemploi-des-travailleurs-handicapes\\\/\",\"name\":\"Du nouveau pour l'emploi des travailleurs handicap\u00e9s - PULSE\",\"isPartOf\":{\"@id\":\"https:\\\/\\\/pulse-beziers.fr\\\/#website\"},\"primaryImageOfPage\":{\"@id\":\"https:\\\/\\\/pulse-beziers.fr\\\/index.php\\\/2024\\\/07\\\/12\\\/du-nouveau-pour-lemploi-des-travailleurs-handicapes\\\/#primaryimage\"},\"image\":{\"@id\":\"https:\\\/\\\/pulse-beziers.fr\\\/index.php\\\/2024\\\/07\\\/12\\\/du-nouveau-pour-lemploi-des-travailleurs-handicapes\\\/#primaryimage\"},\"thumbnailUrl\":\"https:\\\/\\\/pulse-beziers.fr\\\/wp-content\\\/uploads\\\/2024\\\/07\\\/RQTH-1.png\",\"datePublished\":\"2024-07-12T10:05:32+00:00\",\"dateModified\":\"2024-07-12T10:05:34+00:00\",\"description\":\"PULSE vous pr\u00e9sente les nouveaut\u00e9s \u00e0 disposition des chefs d'entreprise pour embaucher des travailleurs handicap\u00e9s.\",\"breadcrumb\":{\"@id\":\"https:\\\/\\\/pulse-beziers.fr\\\/index.php\\\/2024\\\/07\\\/12\\\/du-nouveau-pour-lemploi-des-travailleurs-handicapes\\\/#breadcrumb\"},\"inLanguage\":\"fr-FR\",\"potentialAction\":[{\"@type\":\"ReadAction\",\"target\":[\"https:\\\/\\\/pulse-beziers.fr\\\/index.php\\\/2024\\\/07\\\/12\\\/du-nouveau-pour-lemploi-des-travailleurs-handicapes\\\/\"]}]},{\"@type\":\"ImageObject\",\"inLanguage\":\"fr-FR\",\"@id\":\"https:\\\/\\\/pulse-beziers.fr\\\/index.php\\\/2024\\\/07\\\/12\\\/du-nouveau-pour-lemploi-des-travailleurs-handicapes\\\/#primaryimage\",\"url\":\"https:\\\/\\\/pulse-beziers.fr\\\/wp-content\\\/uploads\\\/2024\\\/07\\\/RQTH-1.png\",\"contentUrl\":\"https:\\\/\\\/pulse-beziers.fr\\\/wp-content\\\/uploads\\\/2024\\\/07\\\/RQTH-1.png\",\"width\":2048,\"height\":1449},{\"@type\":\"BreadcrumbList\",\"@id\":\"https:\\\/\\\/pulse-beziers.fr\\\/index.php\\\/2024\\\/07\\\/12\\\/du-nouveau-pour-lemploi-des-travailleurs-handicapes\\\/#breadcrumb\",\"itemListElement\":[{\"@type\":\"ListItem\",\"position\":1,\"name\":\"Accueil\",\"item\":\"https:\\\/\\\/pulse-beziers.fr\\\/\"},{\"@type\":\"ListItem\",\"position\":2,\"name\":\"Du nouveau pour l&#8217;emploi des travailleurs handicap\u00e9s\"}]},{\"@type\":\"WebSite\",\"@id\":\"https:\\\/\\\/pulse-beziers.fr\\\/#website\",\"url\":\"https:\\\/\\\/pulse-beziers.fr\\\/\",\"name\":\"PULSE\",\"description\":\"B\u00e9ziers M\u00e9diterran\u00e9e\",\"publisher\":{\"@id\":\"https:\\\/\\\/pulse-beziers.fr\\\/#organization\"},\"potentialAction\":[{\"@type\":\"SearchAction\",\"target\":{\"@type\":\"EntryPoint\",\"urlTemplate\":\"https:\\\/\\\/pulse-beziers.fr\\\/?s={search_term_string}\"},\"query-input\":{\"@type\":\"PropertyValueSpecification\",\"valueRequired\":true,\"valueName\":\"search_term_string\"}}],\"inLanguage\":\"fr-FR\"},{\"@type\":\"Organization\",\"@id\":\"https:\\\/\\\/pulse-beziers.fr\\\/#organization\",\"name\":\"PULSE\",\"url\":\"https:\\\/\\\/pulse-beziers.fr\\\/\",\"logo\":{\"@type\":\"ImageObject\",\"inLanguage\":\"fr-FR\",\"@id\":\"https:\\\/\\\/pulse-beziers.fr\\\/#\\\/schema\\\/logo\\\/image\\\/\",\"url\":\"https:\\\/\\\/pulse-beziers.fr\\\/wp-content\\\/uploads\\\/2023\\\/10\\\/PULSE_OK.png\",\"contentUrl\":\"https:\\\/\\\/pulse-beziers.fr\\\/wp-content\\\/uploads\\\/2023\\\/10\\\/PULSE_OK.png\",\"width\":1490,\"height\":506,\"caption\":\"PULSE\"},\"image\":{\"@id\":\"https:\\\/\\\/pulse-beziers.fr\\\/#\\\/schema\\\/logo\\\/image\\\/\"}},{\"@type\":\"Person\",\"@id\":\"https:\\\/\\\/pulse-beziers.fr\\\/#\\\/schema\\\/person\\\/ce4160d5785562dc30723e520933e8e9\",\"name\":\"Jordan\",\"image\":{\"@type\":\"ImageObject\",\"inLanguage\":\"fr-FR\",\"@id\":\"https:\\\/\\\/secure.gravatar.com\\\/avatar\\\/ae88e378bde730769fc25248bfc128d509bc64fc2fad4d6455517f85742a87fd?s=96&d=mm&r=g\",\"url\":\"https:\\\/\\\/secure.gravatar.com\\\/avatar\\\/ae88e378bde730769fc25248bfc128d509bc64fc2fad4d6455517f85742a87fd?s=96&d=mm&r=g\",\"contentUrl\":\"https:\\\/\\\/secure.gravatar.com\\\/avatar\\\/ae88e378bde730769fc25248bfc128d509bc64fc2fad4d6455517f85742a87fd?s=96&d=mm&r=g\",\"caption\":\"Jordan\"},\"url\":\"https:\\\/\\\/pulse-beziers.fr\\\/index.php\\\/author\\\/jordan\\\/\"}]}<\/script>\n<!-- \/ Yoast SEO plugin. -->","yoast_head_json":{"title":"Du nouveau pour l'emploi des travailleurs handicap\u00e9s - PULSE","description":"PULSE vous pr\u00e9sente les nouveaut\u00e9s \u00e0 disposition des chefs d'entreprise pour embaucher des travailleurs handicap\u00e9s.","robots":{"index":"index","follow":"follow","max-snippet":"max-snippet:-1","max-image-preview":"max-image-preview:large","max-video-preview":"max-video-preview:-1"},"canonical":"https:\/\/pulse-beziers.fr\/index.php\/2024\/07\/12\/du-nouveau-pour-lemploi-des-travailleurs-handicapes\/","og_locale":"fr_FR","og_type":"article","og_title":"Du nouveau pour l'emploi des travailleurs handicap\u00e9s - PULSE","og_description":"PULSE vous pr\u00e9sente les nouveaut\u00e9s \u00e0 disposition des chefs d'entreprise pour embaucher des travailleurs handicap\u00e9s.","og_url":"https:\/\/pulse-beziers.fr\/index.php\/2024\/07\/12\/du-nouveau-pour-lemploi-des-travailleurs-handicapes\/","og_site_name":"PULSE","article_published_time":"2024-07-12T10:05:32+00:00","article_modified_time":"2024-07-12T10:05:34+00:00","og_image":[{"width":1024,"height":725,"url":"https:\/\/pulse-beziers.fr\/wp-content\/uploads\/2024\/07\/RQTH-1-1024x725.png","type":"image\/png"}],"author":"Jordan","twitter_card":"summary_large_image","twitter_misc":{"\u00c9crit par":"Jordan","Dur\u00e9e de lecture estim\u00e9e":"1 minute"},"schema":{"@context":"https:\/\/schema.org","@graph":[{"@type":"Article","@id":"https:\/\/pulse-beziers.fr\/index.php\/2024\/07\/12\/du-nouveau-pour-lemploi-des-travailleurs-handicapes\/#article","isPartOf":{"@id":"https:\/\/pulse-beziers.fr\/index.php\/2024\/07\/12\/du-nouveau-pour-lemploi-des-travailleurs-handicapes\/"},"author":{"name":"Jordan","@id":"https:\/\/pulse-beziers.fr\/#\/schema\/person\/ce4160d5785562dc30723e520933e8e9"},"headline":"Du nouveau pour l&#8217;emploi des travailleurs handicap\u00e9s","datePublished":"2024-07-12T10:05:32+00:00","dateModified":"2024-07-12T10:05:34+00:00","mainEntityOfPage":{"@id":"https:\/\/pulse-beziers.fr\/index.php\/2024\/07\/12\/du-nouveau-pour-lemploi-des-travailleurs-handicapes\/"},"wordCount":154,"publisher":{"@id":"https:\/\/pulse-beziers.fr\/#organization"},"image":{"@id":"https:\/\/pulse-beziers.fr\/index.php\/2024\/07\/12\/du-nouveau-pour-lemploi-des-travailleurs-handicapes\/#primaryimage"},"thumbnailUrl":"https:\/\/pulse-beziers.fr\/wp-content\/uploads\/2024\/07\/RQTH-1.png","articleSection":["INFORMATION"],"inLanguage":"fr-FR"},{"@type":"WebPage","@id":"https:\/\/pulse-beziers.fr\/index.php\/2024\/07\/12\/du-nouveau-pour-lemploi-des-travailleurs-handicapes\/","url":"https:\/\/pulse-beziers.fr\/index.php\/2024\/07\/12\/du-nouveau-pour-lemploi-des-travailleurs-handicapes\/","name":"Du nouveau pour l'emploi des travailleurs handicap\u00e9s - PULSE","isPartOf":{"@id":"https:\/\/pulse-beziers.fr\/#website"},"primaryImageOfPage":{"@id":"https:\/\/pulse-beziers.fr\/index.php\/2024\/07\/12\/du-nouveau-pour-lemploi-des-travailleurs-handicapes\/#primaryimage"},"image":{"@id":"https:\/\/pulse-beziers.fr\/index.php\/2024\/07\/12\/du-nouveau-pour-lemploi-des-travailleurs-handicapes\/#primaryimage"},"thumbnailUrl":"https:\/\/pulse-beziers.fr\/wp-content\/uploads\/2024\/07\/RQTH-1.png","datePublished":"2024-07-12T10:05:32+00:00","dateModified":"2024-07-12T10:05:34+00:00","description":"PULSE vous pr\u00e9sente les nouveaut\u00e9s \u00e0 disposition des chefs d'entreprise pour embaucher des travailleurs handicap\u00e9s.","breadcrumb":{"@id":"https:\/\/pulse-beziers.fr\/index.php\/2024\/07\/12\/du-nouveau-pour-lemploi-des-travailleurs-handicapes\/#breadcrumb"},"inLanguage":"fr-FR","potentialAction":[{"@type":"ReadAction","target":["https:\/\/pulse-beziers.fr\/index.php\/2024\/07\/12\/du-nouveau-pour-lemploi-des-travailleurs-handicapes\/"]}]},{"@type":"ImageObject","inLanguage":"fr-FR","@id":"https:\/\/pulse-beziers.fr\/index.php\/2024\/07\/12\/du-nouveau-pour-lemploi-des-travailleurs-handicapes\/#primaryimage","url":"https:\/\/pulse-beziers.fr\/wp-content\/uploads\/2024\/07\/RQTH-1.png","contentUrl":"https:\/\/pulse-beziers.fr\/wp-content\/uploads\/2024\/07\/RQTH-1.png","width":2048,"height":1449},{"@type":"BreadcrumbList","@id":"https:\/\/pulse-beziers.fr\/index.php\/2024\/07\/12\/du-nouveau-pour-lemploi-des-travailleurs-handicapes\/#breadcrumb","itemListElement":[{"@type":"ListItem","position":1,"name":"Accueil","item":"https:\/\/pulse-beziers.fr\/"},{"@type":"ListItem","position":2,"name":"Du nouveau pour l&#8217;emploi des travailleurs handicap\u00e9s"}]},{"@type":"WebSite","@id":"https:\/\/pulse-beziers.fr\/#website","url":"https:\/\/pulse-beziers.fr\/","name":"PULSE","description":"B\u00e9ziers M\u00e9diterran\u00e9e","publisher":{"@id":"https:\/\/pulse-beziers.fr\/#organization"},"potentialAction":[{"@type":"SearchAction","target":{"@type":"EntryPoint","urlTemplate":"https:\/\/pulse-beziers.fr\/?s={search_term_string}"},"query-input":{"@type":"PropertyValueSpecification","valueRequired":true,"valueName":"search_term_string"}}],"inLanguage":"fr-FR"},{"@type":"Organization","@id":"https:\/\/pulse-beziers.fr\/#organization","name":"PULSE","url":"https:\/\/pulse-beziers.fr\/","logo":{"@type":"ImageObject","inLanguage":"fr-FR","@id":"https:\/\/pulse-beziers.fr\/#\/schema\/logo\/image\/","url":"https:\/\/pulse-beziers.fr\/wp-content\/uploads\/2023\/10\/PULSE_OK.png","contentUrl":"https:\/\/pulse-beziers.fr\/wp-content\/uploads\/2023\/10\/PULSE_OK.png","width":1490,"height":506,"caption":"PULSE"},"image":{"@id":"https:\/\/pulse-beziers.fr\/#\/schema\/logo\/image\/"}},{"@type":"Person","@id":"https:\/\/pulse-beziers.fr\/#\/schema\/person\/ce4160d5785562dc30723e520933e8e9","name":"Jordan","image":{"@type":"ImageObject","inLanguage":"fr-FR","@id":"https:\/\/secure.gravatar.com\/avatar\/ae88e378bde730769fc25248bfc128d509bc64fc2fad4d6455517f85742a87fd?s=96&d=mm&r=g","url":"https:\/\/secure.gravatar.com\/avatar\/ae88e378bde730769fc25248bfc128d509bc64fc2fad4d6455517f85742a87fd?s=96&d=mm&r=g","contentUrl":"https:\/\/secure.gravatar.com\/avatar\/ae88e378bde730769fc25248bfc128d509bc64fc2fad4d6455517f85742a87fd?s=96&d=mm&r=g","caption":"Jordan"},"url":"https:\/\/pulse-beziers.fr\/index.php\/author\/jordan\/"}]}},"jetpack_featured_media_url":"https:\/\/pulse-beziers.fr\/wp-content\/uploads\/2024\/07\/RQTH-1.png","jetpack_sharing_enabled":true,"_links":{"self":[{"href":"https:\/\/pulse-beziers.fr\/index.php\/wp-json\/wp\/v2\/posts\/5417","targetHints":{"allow":["GET"]}}],"collection":[{"href":"https:\/\/pulse-beziers.fr\/index.php\/wp-json\/wp\/v2\/posts"}],"about":[{"href":"https:\/\/pulse-beziers.fr\/index.php\/wp-json\/wp\/v2\/types\/post"}],"author":[{"embeddable":true,"href":"https:\/\/pulse-beziers.fr\/index.php\/wp-json\/wp\/v2\/users\/4"}],"replies":[{"embeddable":true,"href":"https:\/\/pulse-beziers.fr\/index.php\/wp-json\/wp\/v2\/comments?post=5417"}],"version-history":[{"count":1,"href":"https:\/\/pulse-beziers.fr\/index.php\/wp-json\/wp\/v2\/posts\/5417\/revisions"}],"predecessor-version":[{"id":5421,"href":"https:\/\/pulse-beziers.fr\/index.php\/wp-json\/wp\/v2\/posts\/5417\/revisions\/5421"}],"wp:featuredmedia":[{"embeddable":true,"href":"https:\/\/pulse-beziers.fr\/index.php\/wp-json\/wp\/v2\/media\/5420"}],"wp:attachment":[{"href":"https:\/\/pulse-beziers.fr\/index.php\/wp-json\/wp\/v2\/media?parent=5417"}],"wp:term":[{"taxonomy":"category","embeddable":true,"href":"https:\/\/pulse-beziers.fr\/index.php\/wp-json\/wp\/v2\/categories?post=5417"},{"taxonomy":"post_tag","embeddable":true,"href":"https:\/\/pulse-beziers.fr\/index.php\/wp-json\/wp\/v2\/tags?post=5417"}],"curies":[{"name":"wp","href":"https:\/\/api.w.org\/{rel}","templated":true}]}}