{"id":5482,"date":"2024-07-31T08:54:38","date_gmt":"2024-07-31T06:54:38","guid":{"rendered":"https:\/\/pulse-beziers.fr\/?p=5482"},"modified":"2024-07-31T08:54:39","modified_gmt":"2024-07-31T06:54:39","slug":"que-calor","status":"publish","type":"post","link":"https:\/\/pulse-beziers.fr\/index.php\/2024\/07\/31\/que-calor\/","title":{"rendered":"Que calor\u00a0!"},"content":{"rendered":"\n<p><strong>En p\u00e9riode de forte chaleur, la sant\u00e9 de vos employ\u00e9s peut \u00eatre affect\u00e9e par la d\u00e9shydratation, les vertiges, la fatigue, les naus\u00e9es, et les malaises. En tant qu&#8217;employeur, vous avez des obligations l\u00e9gales pour assurer leur s\u00e9curit\u00e9 et leur bien-\u00eatre.<\/strong><\/p>\n\n\n\n<ol start=\"1\" class=\"wp-block-list\">\n<li><strong>\u00c9valuation des risques<\/strong> : Selon l&#8217;article R4121-1 du Code du travail, vous devez inclure les risques li\u00e9s aux ambiances thermiques dans le document unique d&#8217;\u00e9valuation des risques professionnels. Il est essentiel d&#8217;identifier et de pr\u00e9venir les dangers associ\u00e9s aux temp\u00e9ratures \u00e9lev\u00e9es.<\/li>\n\n\n\n<li><strong>Renouvellement de l&#8217;air<\/strong> : Conform\u00e9ment \u00e0 l&#8217;article R4222-1, l&#8217;air dans les locaux ferm\u00e9s doit \u00eatre renouvel\u00e9 r\u00e9guli\u00e8rement pour \u00e9viter des augmentations excessives de la temp\u00e9rature. Assurez-vous que vos syst\u00e8mes de ventilation sont efficaces et op\u00e9rationnels.<\/li>\n\n\n\n<li><strong>Eau potable et fra\u00eeche<\/strong> : Selon l&#8217;article R4225-2, vous devez fournir de l&#8217;eau potable et fra\u00eeche \u00e0 vos employ\u00e9s. Installer des fontaines d&#8217;eau et encourager les pauses r\u00e9guli\u00e8res pour l&#8217;hydratation sont des mesures indispensables.<\/li>\n\n\n\n<li><strong>R\u00e9\u00e9valuation quotidienne des risques en vigilance m\u00e9t\u00e9o &#8220;rouge&#8221;<\/strong> : En cas de vigilance m\u00e9t\u00e9o &#8220;rouge&#8221;, il est imp\u00e9ratif de r\u00e9\u00e9valuer les risques chaque jour pour adapter les mesures de protection en fonction des conditions climatiques extr\u00eames.<\/li>\n<\/ol>\n\n\n\n<p>Pour plus d&#8217;informations sur vos obligations en p\u00e9riode de canicule, consultez le site du minist\u00e8re de l&#8217;\u00c9conomie : <a href=\"https:\/\/economie.gouv.fr\/entreprises\/canicule-obligations-employeur\">Canicule : obligations de l&#8217;employeur<\/a>.<\/p>\n\n\n\n<p>Pour toute question ou besoin d&#8217;accompagnement, contactez <em>PULSE<\/em> via notre <a href=\"https:\/\/pulse-beziers.fr\/index.php\/contact\/\">formulaire de contact<\/a>.<\/p>\n\n\n\n<p><\/p>\n","protected":false},"excerpt":{"rendered":"<p>En p\u00e9riode de forte chaleur, la sant\u00e9 de vos employ\u00e9s peut \u00eatre affect\u00e9e par la d\u00e9shydratation, les vertiges, la fatigue, les naus\u00e9es, et les malaises. En tant qu&#8217;employeur, vous avez des obligations l\u00e9gales pour assurer leur s\u00e9curit\u00e9 et leur bien-\u00eatre. Pour plus d&#8217;informations sur vos obligations en p\u00e9riode de canicule, consultez le site du minist\u00e8re [&hellip;]<\/p>\n","protected":false},"author":4,"featured_media":5483,"comment_status":"closed","ping_status":"open","sticky":false,"template":"","format":"standard","meta":{"_jetpack_memberships_contains_paid_content":false,"footnotes":""},"categories":[9,153],"tags":[],"class_list":["post-5482","post","type-post","status-publish","format-standard","has-post-thumbnail","hentry","category-information","category-pratique"],"yoast_head":"<!-- This site is optimized with the Yoast SEO plugin v27.3 - https:\/\/yoast.com\/product\/yoast-seo-wordpress\/ -->\n<title>Que calor\u00a0! - PULSE<\/title>\n<meta name=\"description\" content=\"Quelques informations l\u00e9gales pour les employeurs afin de bien g\u00e9rer les p\u00e9riodes de forte chaleur en entreprise.\" \/>\n<meta name=\"robots\" content=\"index, follow, max-snippet:-1, max-image-preview:large, max-video-preview:-1\" \/>\n<link rel=\"canonical\" href=\"https:\/\/pulse-beziers.fr\/index.php\/2024\/07\/31\/que-calor\/\" \/>\n<meta property=\"og:locale\" content=\"fr_FR\" \/>\n<meta property=\"og:type\" content=\"article\" \/>\n<meta property=\"og:title\" content=\"Que calor\u00a0! - PULSE\" \/>\n<meta property=\"og:description\" content=\"Quelques informations l\u00e9gales pour les employeurs afin de bien g\u00e9rer les p\u00e9riodes de forte chaleur en entreprise.\" \/>\n<meta property=\"og:url\" content=\"https:\/\/pulse-beziers.fr\/index.php\/2024\/07\/31\/que-calor\/\" \/>\n<meta property=\"og:site_name\" content=\"PULSE\" \/>\n<meta property=\"article:published_time\" content=\"2024-07-31T06:54:38+00:00\" \/>\n<meta property=\"article:modified_time\" content=\"2024-07-31T06:54:39+00:00\" \/>\n<meta property=\"og:image\" content=\"https:\/\/pulse-beziers.fr\/wp-content\/uploads\/2024\/07\/chaleur.jpg\" \/>\n\t<meta property=\"og:image:width\" content=\"1434\" \/>\n\t<meta property=\"og:image:height\" content=\"1015\" \/>\n\t<meta property=\"og:image:type\" content=\"image\/jpeg\" \/>\n<meta name=\"author\" content=\"Jordan\" \/>\n<meta name=\"twitter:card\" content=\"summary_large_image\" \/>\n<meta name=\"twitter:label1\" content=\"\u00c9crit par\" \/>\n\t<meta name=\"twitter:data1\" content=\"Jordan\" \/>\n\t<meta name=\"twitter:label2\" content=\"Dur\u00e9e de lecture estim\u00e9e\" \/>\n\t<meta name=\"twitter:data2\" content=\"2 minutes\" \/>\n<script type=\"application\/ld+json\" class=\"yoast-schema-graph\">{\"@context\":\"https:\\\/\\\/schema.org\",\"@graph\":[{\"@type\":\"Article\",\"@id\":\"https:\\\/\\\/pulse-beziers.fr\\\/index.php\\\/2024\\\/07\\\/31\\\/que-calor\\\/#article\",\"isPartOf\":{\"@id\":\"https:\\\/\\\/pulse-beziers.fr\\\/index.php\\\/2024\\\/07\\\/31\\\/que-calor\\\/\"},\"author\":{\"name\":\"Jordan\",\"@id\":\"https:\\\/\\\/pulse-beziers.fr\\\/#\\\/schema\\\/person\\\/ce4160d5785562dc30723e520933e8e9\"},\"headline\":\"Que calor\u00a0!\",\"datePublished\":\"2024-07-31T06:54:38+00:00\",\"dateModified\":\"2024-07-31T06:54:39+00:00\",\"mainEntityOfPage\":{\"@id\":\"https:\\\/\\\/pulse-beziers.fr\\\/index.php\\\/2024\\\/07\\\/31\\\/que-calor\\\/\"},\"wordCount\":256,\"publisher\":{\"@id\":\"https:\\\/\\\/pulse-beziers.fr\\\/#organization\"},\"image\":{\"@id\":\"https:\\\/\\\/pulse-beziers.fr\\\/index.php\\\/2024\\\/07\\\/31\\\/que-calor\\\/#primaryimage\"},\"thumbnailUrl\":\"https:\\\/\\\/pulse-beziers.fr\\\/wp-content\\\/uploads\\\/2024\\\/07\\\/chaleur.jpg\",\"articleSection\":[\"INFORMATION\",\"PRATIQUE\"],\"inLanguage\":\"fr-FR\"},{\"@type\":\"WebPage\",\"@id\":\"https:\\\/\\\/pulse-beziers.fr\\\/index.php\\\/2024\\\/07\\\/31\\\/que-calor\\\/\",\"url\":\"https:\\\/\\\/pulse-beziers.fr\\\/index.php\\\/2024\\\/07\\\/31\\\/que-calor\\\/\",\"name\":\"Que calor\u00a0! - PULSE\",\"isPartOf\":{\"@id\":\"https:\\\/\\\/pulse-beziers.fr\\\/#website\"},\"primaryImageOfPage\":{\"@id\":\"https:\\\/\\\/pulse-beziers.fr\\\/index.php\\\/2024\\\/07\\\/31\\\/que-calor\\\/#primaryimage\"},\"image\":{\"@id\":\"https:\\\/\\\/pulse-beziers.fr\\\/index.php\\\/2024\\\/07\\\/31\\\/que-calor\\\/#primaryimage\"},\"thumbnailUrl\":\"https:\\\/\\\/pulse-beziers.fr\\\/wp-content\\\/uploads\\\/2024\\\/07\\\/chaleur.jpg\",\"datePublished\":\"2024-07-31T06:54:38+00:00\",\"dateModified\":\"2024-07-31T06:54:39+00:00\",\"description\":\"Quelques informations l\u00e9gales pour les employeurs afin de bien g\u00e9rer les p\u00e9riodes de forte chaleur en entreprise.\",\"breadcrumb\":{\"@id\":\"https:\\\/\\\/pulse-beziers.fr\\\/index.php\\\/2024\\\/07\\\/31\\\/que-calor\\\/#breadcrumb\"},\"inLanguage\":\"fr-FR\",\"potentialAction\":[{\"@type\":\"ReadAction\",\"target\":[\"https:\\\/\\\/pulse-beziers.fr\\\/index.php\\\/2024\\\/07\\\/31\\\/que-calor\\\/\"]}]},{\"@type\":\"ImageObject\",\"inLanguage\":\"fr-FR\",\"@id\":\"https:\\\/\\\/pulse-beziers.fr\\\/index.php\\\/2024\\\/07\\\/31\\\/que-calor\\\/#primaryimage\",\"url\":\"https:\\\/\\\/pulse-beziers.fr\\\/wp-content\\\/uploads\\\/2024\\\/07\\\/chaleur.jpg\",\"contentUrl\":\"https:\\\/\\\/pulse-beziers.fr\\\/wp-content\\\/uploads\\\/2024\\\/07\\\/chaleur.jpg\",\"width\":1434,\"height\":1015},{\"@type\":\"BreadcrumbList\",\"@id\":\"https:\\\/\\\/pulse-beziers.fr\\\/index.php\\\/2024\\\/07\\\/31\\\/que-calor\\\/#breadcrumb\",\"itemListElement\":[{\"@type\":\"ListItem\",\"position\":1,\"name\":\"Accueil\",\"item\":\"https:\\\/\\\/pulse-beziers.fr\\\/\"},{\"@type\":\"ListItem\",\"position\":2,\"name\":\"Que calor\u00a0!\"}]},{\"@type\":\"WebSite\",\"@id\":\"https:\\\/\\\/pulse-beziers.fr\\\/#website\",\"url\":\"https:\\\/\\\/pulse-beziers.fr\\\/\",\"name\":\"PULSE\",\"description\":\"B\u00e9ziers M\u00e9diterran\u00e9e\",\"publisher\":{\"@id\":\"https:\\\/\\\/pulse-beziers.fr\\\/#organization\"},\"potentialAction\":[{\"@type\":\"SearchAction\",\"target\":{\"@type\":\"EntryPoint\",\"urlTemplate\":\"https:\\\/\\\/pulse-beziers.fr\\\/?s={search_term_string}\"},\"query-input\":{\"@type\":\"PropertyValueSpecification\",\"valueRequired\":true,\"valueName\":\"search_term_string\"}}],\"inLanguage\":\"fr-FR\"},{\"@type\":\"Organization\",\"@id\":\"https:\\\/\\\/pulse-beziers.fr\\\/#organization\",\"name\":\"PULSE\",\"url\":\"https:\\\/\\\/pulse-beziers.fr\\\/\",\"logo\":{\"@type\":\"ImageObject\",\"inLanguage\":\"fr-FR\",\"@id\":\"https:\\\/\\\/pulse-beziers.fr\\\/#\\\/schema\\\/logo\\\/image\\\/\",\"url\":\"https:\\\/\\\/pulse-beziers.fr\\\/wp-content\\\/uploads\\\/2023\\\/10\\\/PULSE_OK.png\",\"contentUrl\":\"https:\\\/\\\/pulse-beziers.fr\\\/wp-content\\\/uploads\\\/2023\\\/10\\\/PULSE_OK.png\",\"width\":1490,\"height\":506,\"caption\":\"PULSE\"},\"image\":{\"@id\":\"https:\\\/\\\/pulse-beziers.fr\\\/#\\\/schema\\\/logo\\\/image\\\/\"}},{\"@type\":\"Person\",\"@id\":\"https:\\\/\\\/pulse-beziers.fr\\\/#\\\/schema\\\/person\\\/ce4160d5785562dc30723e520933e8e9\",\"name\":\"Jordan\",\"image\":{\"@type\":\"ImageObject\",\"inLanguage\":\"fr-FR\",\"@id\":\"https:\\\/\\\/secure.gravatar.com\\\/avatar\\\/ae88e378bde730769fc25248bfc128d509bc64fc2fad4d6455517f85742a87fd?s=96&d=mm&r=g\",\"url\":\"https:\\\/\\\/secure.gravatar.com\\\/avatar\\\/ae88e378bde730769fc25248bfc128d509bc64fc2fad4d6455517f85742a87fd?s=96&d=mm&r=g\",\"contentUrl\":\"https:\\\/\\\/secure.gravatar.com\\\/avatar\\\/ae88e378bde730769fc25248bfc128d509bc64fc2fad4d6455517f85742a87fd?s=96&d=mm&r=g\",\"caption\":\"Jordan\"},\"url\":\"https:\\\/\\\/pulse-beziers.fr\\\/index.php\\\/author\\\/jordan\\\/\"}]}<\/script>\n<!-- \/ Yoast SEO plugin. -->","yoast_head_json":{"title":"Que calor\u00a0! - PULSE","description":"Quelques informations l\u00e9gales pour les employeurs afin de bien g\u00e9rer les p\u00e9riodes de forte chaleur en entreprise.","robots":{"index":"index","follow":"follow","max-snippet":"max-snippet:-1","max-image-preview":"max-image-preview:large","max-video-preview":"max-video-preview:-1"},"canonical":"https:\/\/pulse-beziers.fr\/index.php\/2024\/07\/31\/que-calor\/","og_locale":"fr_FR","og_type":"article","og_title":"Que calor\u00a0! - PULSE","og_description":"Quelques informations l\u00e9gales pour les employeurs afin de bien g\u00e9rer les p\u00e9riodes de forte chaleur en entreprise.","og_url":"https:\/\/pulse-beziers.fr\/index.php\/2024\/07\/31\/que-calor\/","og_site_name":"PULSE","article_published_time":"2024-07-31T06:54:38+00:00","article_modified_time":"2024-07-31T06:54:39+00:00","og_image":[{"width":1434,"height":1015,"url":"https:\/\/pulse-beziers.fr\/wp-content\/uploads\/2024\/07\/chaleur.jpg","type":"image\/jpeg"}],"author":"Jordan","twitter_card":"summary_large_image","twitter_misc":{"\u00c9crit par":"Jordan","Dur\u00e9e de lecture estim\u00e9e":"2 minutes"},"schema":{"@context":"https:\/\/schema.org","@graph":[{"@type":"Article","@id":"https:\/\/pulse-beziers.fr\/index.php\/2024\/07\/31\/que-calor\/#article","isPartOf":{"@id":"https:\/\/pulse-beziers.fr\/index.php\/2024\/07\/31\/que-calor\/"},"author":{"name":"Jordan","@id":"https:\/\/pulse-beziers.fr\/#\/schema\/person\/ce4160d5785562dc30723e520933e8e9"},"headline":"Que calor\u00a0!","datePublished":"2024-07-31T06:54:38+00:00","dateModified":"2024-07-31T06:54:39+00:00","mainEntityOfPage":{"@id":"https:\/\/pulse-beziers.fr\/index.php\/2024\/07\/31\/que-calor\/"},"wordCount":256,"publisher":{"@id":"https:\/\/pulse-beziers.fr\/#organization"},"image":{"@id":"https:\/\/pulse-beziers.fr\/index.php\/2024\/07\/31\/que-calor\/#primaryimage"},"thumbnailUrl":"https:\/\/pulse-beziers.fr\/wp-content\/uploads\/2024\/07\/chaleur.jpg","articleSection":["INFORMATION","PRATIQUE"],"inLanguage":"fr-FR"},{"@type":"WebPage","@id":"https:\/\/pulse-beziers.fr\/index.php\/2024\/07\/31\/que-calor\/","url":"https:\/\/pulse-beziers.fr\/index.php\/2024\/07\/31\/que-calor\/","name":"Que calor\u00a0! - PULSE","isPartOf":{"@id":"https:\/\/pulse-beziers.fr\/#website"},"primaryImageOfPage":{"@id":"https:\/\/pulse-beziers.fr\/index.php\/2024\/07\/31\/que-calor\/#primaryimage"},"image":{"@id":"https:\/\/pulse-beziers.fr\/index.php\/2024\/07\/31\/que-calor\/#primaryimage"},"thumbnailUrl":"https:\/\/pulse-beziers.fr\/wp-content\/uploads\/2024\/07\/chaleur.jpg","datePublished":"2024-07-31T06:54:38+00:00","dateModified":"2024-07-31T06:54:39+00:00","description":"Quelques informations l\u00e9gales pour les employeurs afin de bien g\u00e9rer les p\u00e9riodes de forte chaleur en entreprise.","breadcrumb":{"@id":"https:\/\/pulse-beziers.fr\/index.php\/2024\/07\/31\/que-calor\/#breadcrumb"},"inLanguage":"fr-FR","potentialAction":[{"@type":"ReadAction","target":["https:\/\/pulse-beziers.fr\/index.php\/2024\/07\/31\/que-calor\/"]}]},{"@type":"ImageObject","inLanguage":"fr-FR","@id":"https:\/\/pulse-beziers.fr\/index.php\/2024\/07\/31\/que-calor\/#primaryimage","url":"https:\/\/pulse-beziers.fr\/wp-content\/uploads\/2024\/07\/chaleur.jpg","contentUrl":"https:\/\/pulse-beziers.fr\/wp-content\/uploads\/2024\/07\/chaleur.jpg","width":1434,"height":1015},{"@type":"BreadcrumbList","@id":"https:\/\/pulse-beziers.fr\/index.php\/2024\/07\/31\/que-calor\/#breadcrumb","itemListElement":[{"@type":"ListItem","position":1,"name":"Accueil","item":"https:\/\/pulse-beziers.fr\/"},{"@type":"ListItem","position":2,"name":"Que calor\u00a0!"}]},{"@type":"WebSite","@id":"https:\/\/pulse-beziers.fr\/#website","url":"https:\/\/pulse-beziers.fr\/","name":"PULSE","description":"B\u00e9ziers M\u00e9diterran\u00e9e","publisher":{"@id":"https:\/\/pulse-beziers.fr\/#organization"},"potentialAction":[{"@type":"SearchAction","target":{"@type":"EntryPoint","urlTemplate":"https:\/\/pulse-beziers.fr\/?s={search_term_string}"},"query-input":{"@type":"PropertyValueSpecification","valueRequired":true,"valueName":"search_term_string"}}],"inLanguage":"fr-FR"},{"@type":"Organization","@id":"https:\/\/pulse-beziers.fr\/#organization","name":"PULSE","url":"https:\/\/pulse-beziers.fr\/","logo":{"@type":"ImageObject","inLanguage":"fr-FR","@id":"https:\/\/pulse-beziers.fr\/#\/schema\/logo\/image\/","url":"https:\/\/pulse-beziers.fr\/wp-content\/uploads\/2023\/10\/PULSE_OK.png","contentUrl":"https:\/\/pulse-beziers.fr\/wp-content\/uploads\/2023\/10\/PULSE_OK.png","width":1490,"height":506,"caption":"PULSE"},"image":{"@id":"https:\/\/pulse-beziers.fr\/#\/schema\/logo\/image\/"}},{"@type":"Person","@id":"https:\/\/pulse-beziers.fr\/#\/schema\/person\/ce4160d5785562dc30723e520933e8e9","name":"Jordan","image":{"@type":"ImageObject","inLanguage":"fr-FR","@id":"https:\/\/secure.gravatar.com\/avatar\/ae88e378bde730769fc25248bfc128d509bc64fc2fad4d6455517f85742a87fd?s=96&d=mm&r=g","url":"https:\/\/secure.gravatar.com\/avatar\/ae88e378bde730769fc25248bfc128d509bc64fc2fad4d6455517f85742a87fd?s=96&d=mm&r=g","contentUrl":"https:\/\/secure.gravatar.com\/avatar\/ae88e378bde730769fc25248bfc128d509bc64fc2fad4d6455517f85742a87fd?s=96&d=mm&r=g","caption":"Jordan"},"url":"https:\/\/pulse-beziers.fr\/index.php\/author\/jordan\/"}]}},"jetpack_featured_media_url":"https:\/\/pulse-beziers.fr\/wp-content\/uploads\/2024\/07\/chaleur.jpg","jetpack_sharing_enabled":true,"_links":{"self":[{"href":"https:\/\/pulse-beziers.fr\/index.php\/wp-json\/wp\/v2\/posts\/5482","targetHints":{"allow":["GET"]}}],"collection":[{"href":"https:\/\/pulse-beziers.fr\/index.php\/wp-json\/wp\/v2\/posts"}],"about":[{"href":"https:\/\/pulse-beziers.fr\/index.php\/wp-json\/wp\/v2\/types\/post"}],"author":[{"embeddable":true,"href":"https:\/\/pulse-beziers.fr\/index.php\/wp-json\/wp\/v2\/users\/4"}],"replies":[{"embeddable":true,"href":"https:\/\/pulse-beziers.fr\/index.php\/wp-json\/wp\/v2\/comments?post=5482"}],"version-history":[{"count":1,"href":"https:\/\/pulse-beziers.fr\/index.php\/wp-json\/wp\/v2\/posts\/5482\/revisions"}],"predecessor-version":[{"id":5484,"href":"https:\/\/pulse-beziers.fr\/index.php\/wp-json\/wp\/v2\/posts\/5482\/revisions\/5484"}],"wp:featuredmedia":[{"embeddable":true,"href":"https:\/\/pulse-beziers.fr\/index.php\/wp-json\/wp\/v2\/media\/5483"}],"wp:attachment":[{"href":"https:\/\/pulse-beziers.fr\/index.php\/wp-json\/wp\/v2\/media?parent=5482"}],"wp:term":[{"taxonomy":"category","embeddable":true,"href":"https:\/\/pulse-beziers.fr\/index.php\/wp-json\/wp\/v2\/categories?post=5482"},{"taxonomy":"post_tag","embeddable":true,"href":"https:\/\/pulse-beziers.fr\/index.php\/wp-json\/wp\/v2\/tags?post=5482"}],"curies":[{"name":"wp","href":"https:\/\/api.w.org\/{rel}","templated":true}]}}