{"id":5486,"date":"2024-07-31T16:41:43","date_gmt":"2024-07-31T14:41:43","guid":{"rendered":"https:\/\/pulse-beziers.fr\/?p=5486"},"modified":"2024-07-31T16:41:44","modified_gmt":"2024-07-31T14:41:44","slug":"des-heraultais-dans-le-classement-des-500-fortunes-de-france","status":"publish","type":"post","link":"https:\/\/pulse-beziers.fr\/index.php\/2024\/07\/31\/des-heraultais-dans-le-classement-des-500-fortunes-de-france\/","title":{"rendered":"Des h\u00e9raultais dans le classement des 500 fortunes de France"},"content":{"rendered":"\n<p><strong>Le magazine <a href=\"https:\/\/www.challenges.fr\/\">Challenges<\/a> a publi\u00e9 son num\u00e9ro d&#8217;\u00e9t\u00e9 consacr\u00e9 aux 500 plus grandes fortunes professionnelles fran\u00e7aises, r\u00e9v\u00e9lant que quatorze entrepreneurs de la r\u00e9gion Occitanie figurent parmi les plus riches de France.<\/strong><\/p>\n\n\n\n<p>En t\u00eate de liste r\u00e9gionale, Mohed Altrad, dirigeant du groupe <strong>h\u00e9raultais<\/strong> <em>Altrad<\/em> sp\u00e9cialis\u00e9 dans les services \u00e0 l\u2019industrie, se classe \u00e0 la 21\u00e8me place nationale avec une fortune estim\u00e9e \u00e0 5,9 milliards d&#8217;euros. Jean-Marc Bouchet, \u00e9galement <strong>h\u00e9raultais<\/strong> et \u00e0 la t\u00eate de l\u2019\u00e9nerg\u00e9ticien <em>Qair<\/em>, est class\u00e9 en 431\u00e8me position. Lo\u00efc Soubeyrand, fondateur de la licorne <strong>h\u00e9raultaise<\/strong> <em>Swile<\/em>, sp\u00e9cialis\u00e9e dans la d\u00e9mat\u00e9rialisation des titres-restaurants, se positionne en 490\u00e8me place.<\/p>\n\n\n\n<p>D&#8217;autres figures notables de la r\u00e9gion incluent Fr\u00e9d\u00e9ric Gervoson du groupe agroalimentaire lotois <em>Andros<\/em> (78\u00e8me), Jean-Michel Signoles de <em>Goyard<\/em> (132\u00e8me), les fr\u00e8res Pierre-Georges et Philippe Chausson de <em>Chausson Mat\u00e9riaux<\/em> (201\u00e8me), ainsi que la famille Chambon de <em>Socri<\/em> (271\u00e8me) et Olivier Sadran de <em>Newrest<\/em> (m\u00eame classement).<\/p>\n\n\n\n<h6 class=\"wp-block-heading\"><em>Un projet ? <a href=\"https:\/\/pulse-beziers.fr\/index.php\/contact\/\">Contactez nous ! <\/a><\/em><\/h6>\n","protected":false},"excerpt":{"rendered":"<p>Le magazine Challenges a publi\u00e9 son num\u00e9ro d&#8217;\u00e9t\u00e9 consacr\u00e9 aux 500 plus grandes fortunes professionnelles fran\u00e7aises, r\u00e9v\u00e9lant que quatorze entrepreneurs de la r\u00e9gion Occitanie figurent parmi les plus riches de France. En t\u00eate de liste r\u00e9gionale, Mohed Altrad, dirigeant du groupe h\u00e9raultais Altrad sp\u00e9cialis\u00e9 dans les services \u00e0 l\u2019industrie, se classe \u00e0 la 21\u00e8me place [&hellip;]<\/p>\n","protected":false},"author":4,"featured_media":5487,"comment_status":"closed","ping_status":"open","sticky":false,"template":"","format":"standard","meta":{"_jetpack_memberships_contains_paid_content":false,"footnotes":""},"categories":[6],"tags":[],"class_list":["post-5486","post","type-post","status-publish","format-standard","has-post-thumbnail","hentry","category-economie"],"yoast_head":"<!-- This site is optimized with the Yoast SEO plugin v27.3 - https:\/\/yoast.com\/product\/yoast-seo-wordpress\/ -->\n<title>Des h\u00e9raultais dans le classement des 500 fortunes de France - PULSE<\/title>\n<meta name=\"description\" content=\"PULSE - Des h\u00e9raultais dans le classement des 500 fortunes de France\" \/>\n<meta name=\"robots\" content=\"index, follow, max-snippet:-1, max-image-preview:large, max-video-preview:-1\" \/>\n<link rel=\"canonical\" href=\"https:\/\/pulse-beziers.fr\/index.php\/2024\/07\/31\/des-heraultais-dans-le-classement-des-500-fortunes-de-france\/\" \/>\n<meta property=\"og:locale\" content=\"fr_FR\" \/>\n<meta property=\"og:type\" content=\"article\" \/>\n<meta property=\"og:title\" content=\"Des h\u00e9raultais dans le classement des 500 fortunes de France - PULSE\" \/>\n<meta property=\"og:description\" content=\"PULSE - Des h\u00e9raultais dans le classement des 500 fortunes de France\" \/>\n<meta property=\"og:url\" content=\"https:\/\/pulse-beziers.fr\/index.php\/2024\/07\/31\/des-heraultais-dans-le-classement-des-500-fortunes-de-france\/\" \/>\n<meta property=\"og:site_name\" content=\"PULSE\" \/>\n<meta property=\"article:published_time\" content=\"2024-07-31T14:41:43+00:00\" \/>\n<meta property=\"article:modified_time\" content=\"2024-07-31T14:41:44+00:00\" \/>\n<meta property=\"og:image\" content=\"https:\/\/pulse-beziers.fr\/wp-content\/uploads\/2024\/07\/fortune.jpg\" \/>\n\t<meta property=\"og:image:width\" content=\"2048\" \/>\n\t<meta property=\"og:image:height\" content=\"1449\" \/>\n\t<meta property=\"og:image:type\" content=\"image\/jpeg\" \/>\n<meta name=\"author\" content=\"Jordan\" \/>\n<meta name=\"twitter:card\" content=\"summary_large_image\" \/>\n<meta name=\"twitter:label1\" content=\"\u00c9crit par\" \/>\n\t<meta name=\"twitter:data1\" content=\"Jordan\" \/>\n\t<meta name=\"twitter:label2\" content=\"Dur\u00e9e de lecture estim\u00e9e\" \/>\n\t<meta name=\"twitter:data2\" content=\"1 minute\" \/>\n<script type=\"application\/ld+json\" class=\"yoast-schema-graph\">{\"@context\":\"https:\\\/\\\/schema.org\",\"@graph\":[{\"@type\":\"Article\",\"@id\":\"https:\\\/\\\/pulse-beziers.fr\\\/index.php\\\/2024\\\/07\\\/31\\\/des-heraultais-dans-le-classement-des-500-fortunes-de-france\\\/#article\",\"isPartOf\":{\"@id\":\"https:\\\/\\\/pulse-beziers.fr\\\/index.php\\\/2024\\\/07\\\/31\\\/des-heraultais-dans-le-classement-des-500-fortunes-de-france\\\/\"},\"author\":{\"name\":\"Jordan\",\"@id\":\"https:\\\/\\\/pulse-beziers.fr\\\/#\\\/schema\\\/person\\\/ce4160d5785562dc30723e520933e8e9\"},\"headline\":\"Des h\u00e9raultais dans le classement des 500 fortunes de France\",\"datePublished\":\"2024-07-31T14:41:43+00:00\",\"dateModified\":\"2024-07-31T14:41:44+00:00\",\"mainEntityOfPage\":{\"@id\":\"https:\\\/\\\/pulse-beziers.fr\\\/index.php\\\/2024\\\/07\\\/31\\\/des-heraultais-dans-le-classement-des-500-fortunes-de-france\\\/\"},\"wordCount\":180,\"publisher\":{\"@id\":\"https:\\\/\\\/pulse-beziers.fr\\\/#organization\"},\"image\":{\"@id\":\"https:\\\/\\\/pulse-beziers.fr\\\/index.php\\\/2024\\\/07\\\/31\\\/des-heraultais-dans-le-classement-des-500-fortunes-de-france\\\/#primaryimage\"},\"thumbnailUrl\":\"https:\\\/\\\/pulse-beziers.fr\\\/wp-content\\\/uploads\\\/2024\\\/07\\\/fortune.jpg\",\"articleSection\":[\"ECONOMIE\"],\"inLanguage\":\"fr-FR\"},{\"@type\":\"WebPage\",\"@id\":\"https:\\\/\\\/pulse-beziers.fr\\\/index.php\\\/2024\\\/07\\\/31\\\/des-heraultais-dans-le-classement-des-500-fortunes-de-france\\\/\",\"url\":\"https:\\\/\\\/pulse-beziers.fr\\\/index.php\\\/2024\\\/07\\\/31\\\/des-heraultais-dans-le-classement-des-500-fortunes-de-france\\\/\",\"name\":\"Des h\u00e9raultais dans le classement des 500 fortunes de France - PULSE\",\"isPartOf\":{\"@id\":\"https:\\\/\\\/pulse-beziers.fr\\\/#website\"},\"primaryImageOfPage\":{\"@id\":\"https:\\\/\\\/pulse-beziers.fr\\\/index.php\\\/2024\\\/07\\\/31\\\/des-heraultais-dans-le-classement-des-500-fortunes-de-france\\\/#primaryimage\"},\"image\":{\"@id\":\"https:\\\/\\\/pulse-beziers.fr\\\/index.php\\\/2024\\\/07\\\/31\\\/des-heraultais-dans-le-classement-des-500-fortunes-de-france\\\/#primaryimage\"},\"thumbnailUrl\":\"https:\\\/\\\/pulse-beziers.fr\\\/wp-content\\\/uploads\\\/2024\\\/07\\\/fortune.jpg\",\"datePublished\":\"2024-07-31T14:41:43+00:00\",\"dateModified\":\"2024-07-31T14:41:44+00:00\",\"description\":\"PULSE - Des h\u00e9raultais dans le classement des 500 fortunes de France\",\"breadcrumb\":{\"@id\":\"https:\\\/\\\/pulse-beziers.fr\\\/index.php\\\/2024\\\/07\\\/31\\\/des-heraultais-dans-le-classement-des-500-fortunes-de-france\\\/#breadcrumb\"},\"inLanguage\":\"fr-FR\",\"potentialAction\":[{\"@type\":\"ReadAction\",\"target\":[\"https:\\\/\\\/pulse-beziers.fr\\\/index.php\\\/2024\\\/07\\\/31\\\/des-heraultais-dans-le-classement-des-500-fortunes-de-france\\\/\"]}]},{\"@type\":\"ImageObject\",\"inLanguage\":\"fr-FR\",\"@id\":\"https:\\\/\\\/pulse-beziers.fr\\\/index.php\\\/2024\\\/07\\\/31\\\/des-heraultais-dans-le-classement-des-500-fortunes-de-france\\\/#primaryimage\",\"url\":\"https:\\\/\\\/pulse-beziers.fr\\\/wp-content\\\/uploads\\\/2024\\\/07\\\/fortune.jpg\",\"contentUrl\":\"https:\\\/\\\/pulse-beziers.fr\\\/wp-content\\\/uploads\\\/2024\\\/07\\\/fortune.jpg\",\"width\":2048,\"height\":1449},{\"@type\":\"BreadcrumbList\",\"@id\":\"https:\\\/\\\/pulse-beziers.fr\\\/index.php\\\/2024\\\/07\\\/31\\\/des-heraultais-dans-le-classement-des-500-fortunes-de-france\\\/#breadcrumb\",\"itemListElement\":[{\"@type\":\"ListItem\",\"position\":1,\"name\":\"Accueil\",\"item\":\"https:\\\/\\\/pulse-beziers.fr\\\/\"},{\"@type\":\"ListItem\",\"position\":2,\"name\":\"Des h\u00e9raultais dans le classement des 500 fortunes de France\"}]},{\"@type\":\"WebSite\",\"@id\":\"https:\\\/\\\/pulse-beziers.fr\\\/#website\",\"url\":\"https:\\\/\\\/pulse-beziers.fr\\\/\",\"name\":\"PULSE\",\"description\":\"B\u00e9ziers M\u00e9diterran\u00e9e\",\"publisher\":{\"@id\":\"https:\\\/\\\/pulse-beziers.fr\\\/#organization\"},\"potentialAction\":[{\"@type\":\"SearchAction\",\"target\":{\"@type\":\"EntryPoint\",\"urlTemplate\":\"https:\\\/\\\/pulse-beziers.fr\\\/?s={search_term_string}\"},\"query-input\":{\"@type\":\"PropertyValueSpecification\",\"valueRequired\":true,\"valueName\":\"search_term_string\"}}],\"inLanguage\":\"fr-FR\"},{\"@type\":\"Organization\",\"@id\":\"https:\\\/\\\/pulse-beziers.fr\\\/#organization\",\"name\":\"PULSE\",\"url\":\"https:\\\/\\\/pulse-beziers.fr\\\/\",\"logo\":{\"@type\":\"ImageObject\",\"inLanguage\":\"fr-FR\",\"@id\":\"https:\\\/\\\/pulse-beziers.fr\\\/#\\\/schema\\\/logo\\\/image\\\/\",\"url\":\"https:\\\/\\\/pulse-beziers.fr\\\/wp-content\\\/uploads\\\/2023\\\/10\\\/PULSE_OK.png\",\"contentUrl\":\"https:\\\/\\\/pulse-beziers.fr\\\/wp-content\\\/uploads\\\/2023\\\/10\\\/PULSE_OK.png\",\"width\":1490,\"height\":506,\"caption\":\"PULSE\"},\"image\":{\"@id\":\"https:\\\/\\\/pulse-beziers.fr\\\/#\\\/schema\\\/logo\\\/image\\\/\"}},{\"@type\":\"Person\",\"@id\":\"https:\\\/\\\/pulse-beziers.fr\\\/#\\\/schema\\\/person\\\/ce4160d5785562dc30723e520933e8e9\",\"name\":\"Jordan\",\"image\":{\"@type\":\"ImageObject\",\"inLanguage\":\"fr-FR\",\"@id\":\"https:\\\/\\\/secure.gravatar.com\\\/avatar\\\/ae88e378bde730769fc25248bfc128d509bc64fc2fad4d6455517f85742a87fd?s=96&d=mm&r=g\",\"url\":\"https:\\\/\\\/secure.gravatar.com\\\/avatar\\\/ae88e378bde730769fc25248bfc128d509bc64fc2fad4d6455517f85742a87fd?s=96&d=mm&r=g\",\"contentUrl\":\"https:\\\/\\\/secure.gravatar.com\\\/avatar\\\/ae88e378bde730769fc25248bfc128d509bc64fc2fad4d6455517f85742a87fd?s=96&d=mm&r=g\",\"caption\":\"Jordan\"},\"url\":\"https:\\\/\\\/pulse-beziers.fr\\\/index.php\\\/author\\\/jordan\\\/\"}]}<\/script>\n<!-- \/ Yoast SEO plugin. -->","yoast_head_json":{"title":"Des h\u00e9raultais dans le classement des 500 fortunes de France - PULSE","description":"PULSE - Des h\u00e9raultais dans le classement des 500 fortunes de France","robots":{"index":"index","follow":"follow","max-snippet":"max-snippet:-1","max-image-preview":"max-image-preview:large","max-video-preview":"max-video-preview:-1"},"canonical":"https:\/\/pulse-beziers.fr\/index.php\/2024\/07\/31\/des-heraultais-dans-le-classement-des-500-fortunes-de-france\/","og_locale":"fr_FR","og_type":"article","og_title":"Des h\u00e9raultais dans le classement des 500 fortunes de France - PULSE","og_description":"PULSE - Des h\u00e9raultais dans le classement des 500 fortunes de France","og_url":"https:\/\/pulse-beziers.fr\/index.php\/2024\/07\/31\/des-heraultais-dans-le-classement-des-500-fortunes-de-france\/","og_site_name":"PULSE","article_published_time":"2024-07-31T14:41:43+00:00","article_modified_time":"2024-07-31T14:41:44+00:00","og_image":[{"width":2048,"height":1449,"url":"https:\/\/pulse-beziers.fr\/wp-content\/uploads\/2024\/07\/fortune.jpg","type":"image\/jpeg"}],"author":"Jordan","twitter_card":"summary_large_image","twitter_misc":{"\u00c9crit par":"Jordan","Dur\u00e9e de lecture estim\u00e9e":"1 minute"},"schema":{"@context":"https:\/\/schema.org","@graph":[{"@type":"Article","@id":"https:\/\/pulse-beziers.fr\/index.php\/2024\/07\/31\/des-heraultais-dans-le-classement-des-500-fortunes-de-france\/#article","isPartOf":{"@id":"https:\/\/pulse-beziers.fr\/index.php\/2024\/07\/31\/des-heraultais-dans-le-classement-des-500-fortunes-de-france\/"},"author":{"name":"Jordan","@id":"https:\/\/pulse-beziers.fr\/#\/schema\/person\/ce4160d5785562dc30723e520933e8e9"},"headline":"Des h\u00e9raultais dans le classement des 500 fortunes de France","datePublished":"2024-07-31T14:41:43+00:00","dateModified":"2024-07-31T14:41:44+00:00","mainEntityOfPage":{"@id":"https:\/\/pulse-beziers.fr\/index.php\/2024\/07\/31\/des-heraultais-dans-le-classement-des-500-fortunes-de-france\/"},"wordCount":180,"publisher":{"@id":"https:\/\/pulse-beziers.fr\/#organization"},"image":{"@id":"https:\/\/pulse-beziers.fr\/index.php\/2024\/07\/31\/des-heraultais-dans-le-classement-des-500-fortunes-de-france\/#primaryimage"},"thumbnailUrl":"https:\/\/pulse-beziers.fr\/wp-content\/uploads\/2024\/07\/fortune.jpg","articleSection":["ECONOMIE"],"inLanguage":"fr-FR"},{"@type":"WebPage","@id":"https:\/\/pulse-beziers.fr\/index.php\/2024\/07\/31\/des-heraultais-dans-le-classement-des-500-fortunes-de-france\/","url":"https:\/\/pulse-beziers.fr\/index.php\/2024\/07\/31\/des-heraultais-dans-le-classement-des-500-fortunes-de-france\/","name":"Des h\u00e9raultais dans le classement des 500 fortunes de France - PULSE","isPartOf":{"@id":"https:\/\/pulse-beziers.fr\/#website"},"primaryImageOfPage":{"@id":"https:\/\/pulse-beziers.fr\/index.php\/2024\/07\/31\/des-heraultais-dans-le-classement-des-500-fortunes-de-france\/#primaryimage"},"image":{"@id":"https:\/\/pulse-beziers.fr\/index.php\/2024\/07\/31\/des-heraultais-dans-le-classement-des-500-fortunes-de-france\/#primaryimage"},"thumbnailUrl":"https:\/\/pulse-beziers.fr\/wp-content\/uploads\/2024\/07\/fortune.jpg","datePublished":"2024-07-31T14:41:43+00:00","dateModified":"2024-07-31T14:41:44+00:00","description":"PULSE - Des h\u00e9raultais dans le classement des 500 fortunes de France","breadcrumb":{"@id":"https:\/\/pulse-beziers.fr\/index.php\/2024\/07\/31\/des-heraultais-dans-le-classement-des-500-fortunes-de-france\/#breadcrumb"},"inLanguage":"fr-FR","potentialAction":[{"@type":"ReadAction","target":["https:\/\/pulse-beziers.fr\/index.php\/2024\/07\/31\/des-heraultais-dans-le-classement-des-500-fortunes-de-france\/"]}]},{"@type":"ImageObject","inLanguage":"fr-FR","@id":"https:\/\/pulse-beziers.fr\/index.php\/2024\/07\/31\/des-heraultais-dans-le-classement-des-500-fortunes-de-france\/#primaryimage","url":"https:\/\/pulse-beziers.fr\/wp-content\/uploads\/2024\/07\/fortune.jpg","contentUrl":"https:\/\/pulse-beziers.fr\/wp-content\/uploads\/2024\/07\/fortune.jpg","width":2048,"height":1449},{"@type":"BreadcrumbList","@id":"https:\/\/pulse-beziers.fr\/index.php\/2024\/07\/31\/des-heraultais-dans-le-classement-des-500-fortunes-de-france\/#breadcrumb","itemListElement":[{"@type":"ListItem","position":1,"name":"Accueil","item":"https:\/\/pulse-beziers.fr\/"},{"@type":"ListItem","position":2,"name":"Des h\u00e9raultais dans le classement des 500 fortunes de France"}]},{"@type":"WebSite","@id":"https:\/\/pulse-beziers.fr\/#website","url":"https:\/\/pulse-beziers.fr\/","name":"PULSE","description":"B\u00e9ziers M\u00e9diterran\u00e9e","publisher":{"@id":"https:\/\/pulse-beziers.fr\/#organization"},"potentialAction":[{"@type":"SearchAction","target":{"@type":"EntryPoint","urlTemplate":"https:\/\/pulse-beziers.fr\/?s={search_term_string}"},"query-input":{"@type":"PropertyValueSpecification","valueRequired":true,"valueName":"search_term_string"}}],"inLanguage":"fr-FR"},{"@type":"Organization","@id":"https:\/\/pulse-beziers.fr\/#organization","name":"PULSE","url":"https:\/\/pulse-beziers.fr\/","logo":{"@type":"ImageObject","inLanguage":"fr-FR","@id":"https:\/\/pulse-beziers.fr\/#\/schema\/logo\/image\/","url":"https:\/\/pulse-beziers.fr\/wp-content\/uploads\/2023\/10\/PULSE_OK.png","contentUrl":"https:\/\/pulse-beziers.fr\/wp-content\/uploads\/2023\/10\/PULSE_OK.png","width":1490,"height":506,"caption":"PULSE"},"image":{"@id":"https:\/\/pulse-beziers.fr\/#\/schema\/logo\/image\/"}},{"@type":"Person","@id":"https:\/\/pulse-beziers.fr\/#\/schema\/person\/ce4160d5785562dc30723e520933e8e9","name":"Jordan","image":{"@type":"ImageObject","inLanguage":"fr-FR","@id":"https:\/\/secure.gravatar.com\/avatar\/ae88e378bde730769fc25248bfc128d509bc64fc2fad4d6455517f85742a87fd?s=96&d=mm&r=g","url":"https:\/\/secure.gravatar.com\/avatar\/ae88e378bde730769fc25248bfc128d509bc64fc2fad4d6455517f85742a87fd?s=96&d=mm&r=g","contentUrl":"https:\/\/secure.gravatar.com\/avatar\/ae88e378bde730769fc25248bfc128d509bc64fc2fad4d6455517f85742a87fd?s=96&d=mm&r=g","caption":"Jordan"},"url":"https:\/\/pulse-beziers.fr\/index.php\/author\/jordan\/"}]}},"jetpack_featured_media_url":"https:\/\/pulse-beziers.fr\/wp-content\/uploads\/2024\/07\/fortune.jpg","jetpack_sharing_enabled":true,"_links":{"self":[{"href":"https:\/\/pulse-beziers.fr\/index.php\/wp-json\/wp\/v2\/posts\/5486","targetHints":{"allow":["GET"]}}],"collection":[{"href":"https:\/\/pulse-beziers.fr\/index.php\/wp-json\/wp\/v2\/posts"}],"about":[{"href":"https:\/\/pulse-beziers.fr\/index.php\/wp-json\/wp\/v2\/types\/post"}],"author":[{"embeddable":true,"href":"https:\/\/pulse-beziers.fr\/index.php\/wp-json\/wp\/v2\/users\/4"}],"replies":[{"embeddable":true,"href":"https:\/\/pulse-beziers.fr\/index.php\/wp-json\/wp\/v2\/comments?post=5486"}],"version-history":[{"count":1,"href":"https:\/\/pulse-beziers.fr\/index.php\/wp-json\/wp\/v2\/posts\/5486\/revisions"}],"predecessor-version":[{"id":5488,"href":"https:\/\/pulse-beziers.fr\/index.php\/wp-json\/wp\/v2\/posts\/5486\/revisions\/5488"}],"wp:featuredmedia":[{"embeddable":true,"href":"https:\/\/pulse-beziers.fr\/index.php\/wp-json\/wp\/v2\/media\/5487"}],"wp:attachment":[{"href":"https:\/\/pulse-beziers.fr\/index.php\/wp-json\/wp\/v2\/media?parent=5486"}],"wp:term":[{"taxonomy":"category","embeddable":true,"href":"https:\/\/pulse-beziers.fr\/index.php\/wp-json\/wp\/v2\/categories?post=5486"},{"taxonomy":"post_tag","embeddable":true,"href":"https:\/\/pulse-beziers.fr\/index.php\/wp-json\/wp\/v2\/tags?post=5486"}],"curies":[{"name":"wp","href":"https:\/\/api.w.org\/{rel}","templated":true}]}}