{"id":5540,"date":"2024-09-02T10:45:41","date_gmt":"2024-09-02T08:45:41","guid":{"rendered":"https:\/\/pulse-beziers.fr\/?p=5540"},"modified":"2024-09-02T10:45:42","modified_gmt":"2024-09-02T08:45:42","slug":"ouverture-dun-incubateur-consacre-aux-industries-creatives-et-numeriques","status":"publish","type":"post","link":"https:\/\/pulse-beziers.fr\/index.php\/2024\/09\/02\/ouverture-dun-incubateur-consacre-aux-industries-creatives-et-numeriques\/","title":{"rendered":"Studio M met sa pierre \u00e0 l\u2019\u00e9difice"},"content":{"rendered":"\n<p><strong>D\u00e8s la rentr\u00e9e 2024, Studio M, \u00e9cole d&#8217;enseignement sup\u00e9rieur r\u00e9put\u00e9e pour sa formation dans les arts et les m\u00e9dias, accueillera un incubateur enti\u00e8rement consacr\u00e9 aux industries cr\u00e9atives et num\u00e9riques.<\/strong><\/p>\n\n\n\n<p>Une initiative qui confirme la volont\u00e9 de l\u2019\u00e9tablissement et du territoire de soutenir les jeunes talents et les entrepreneurs de demain.<\/p>\n\n\n\n<h4 class=\"wp-block-heading\"><strong>Un environnement propice \u00e0 l\u2019\u00e9mergence des talents<\/strong><\/h4>\n\n\n\n<p>Install\u00e9 au c\u0153ur du campus de <a href=\"https:\/\/www.studio-m.fr\/\">Studio M<\/a> \u00e0 B\u00e9ziers, cet incubateur s\u2019adresse aux jeunes entrepreneurs, start-ups et structures \u00e9voluant dans les secteurs du jeu vid\u00e9o, des arts num\u00e9riques et de toutes les disciplines associ\u00e9es aux industries cr\u00e9atives. En int\u00e9grant cet espace, les porteurs de projets b\u00e9n\u00e9ficieront d\u2019un environnement inspirant, propice \u00e0 la cr\u00e9ation et \u00e0 l\u2019innovation.<\/p>\n\n\n\n<h4 class=\"wp-block-heading\"><strong>Des services sur mesure pour accompagner la croissance<\/strong><\/h4>\n\n\n\n<p>Pour r\u00e9pondre aux besoins sp\u00e9cifiques des cr\u00e9atifs et des entrepreneurs, l\u2019incubateur propose une panoplie de services adapt\u00e9s. Les r\u00e9sidents auront acc\u00e8s \u00e0 des bureaux \u00e9quip\u00e9s, \u00e0 une connexion Wi-Fi performante, ainsi qu\u2019\u00e0 des services de secr\u00e9tariat, de domiciliation d\u2019entreprise et de t\u00e9l\u00e9communications (t\u00e9l\u00e9phone, fax, imprimante).<\/p>\n\n\n\n<p>Mais l\u2019incubateur ne s\u2019arr\u00eate pas l\u00e0 : il offre \u00e9galement un compte e-learning gratuit, permettant d\u2019acc\u00e9der \u00e0 des cours sp\u00e9cialis\u00e9s en gestion de projets, management, droit et d\u00e9veloppement personnel.<\/p>\n\n\n\n<h4 class=\"wp-block-heading\"><strong>Un accompagnement sur la dur\u00e9e<\/strong><\/h4>\n\n\n\n<p>La flexibilit\u00e9 est au c\u0153ur du dispositif, avec la possibilit\u00e9 de louer un bureau pour une dur\u00e9e allant de 1 \u00e0 2 ans. Cette p\u00e9riode est pens\u00e9e pour permettre aux entrepreneurs de se stabiliser et de d\u00e9velopper leur activit\u00e9 dans un cadre s\u00e9curis\u00e9, tout en b\u00e9n\u00e9ficiant de l\u2019accompagnement n\u00e9cessaire pour passer du stade de l\u2019id\u00e9e \u00e0 celui de l\u2019entreprise viable.<\/p>\n\n\n\n<h4 class=\"wp-block-heading\"><strong>Un \u00e9cosyst\u00e8me d\u00e9di\u00e9 \u00e0 la collaboration<\/strong><\/h4>\n\n\n\n<p>Rejoindre cet incubateur, c\u2019est int\u00e9grer une communaut\u00e9 d\u2019entrepreneurs passionn\u00e9s, pr\u00eats \u00e0 partager leurs exp\u00e9riences et \u00e0 collaborer pour faire \u00e9merger des projets novateurs. Studio M mise sur l\u2019\u00e9mulation collective et la synergie des comp\u00e9tences pour encourager la cr\u00e9ativit\u00e9 et le d\u00e9veloppement d\u2019initiatives audacieuses.<\/p>\n\n\n\n<p><strong>Ce nouvel espace s\u2019inscrit dans une dynamique territoriale ambitieuse, visant \u00e0 positionner B\u00e9ziers comme un p\u00f4le d\u2019excellence pour les industries cr\u00e9atives et num\u00e9riques.<\/strong><\/p>\n\n\n\n<p>Pour en savoir plus, <a href=\"https:\/\/pulse-beziers.fr\/index.php\/contact\/\">contactez PULSE<\/a> ou consultez <a href=\"https:\/\/experience.arcgis.com\/experience\/31f10f7103314b068a7cec44d9639963\">la carte de l\u2019enseignement sup\u00e9rieur<\/a>.<\/p>\n","protected":false},"excerpt":{"rendered":"<p>D\u00e8s la rentr\u00e9e 2024, Studio M, \u00e9cole d&#8217;enseignement sup\u00e9rieur r\u00e9put\u00e9e pour sa formation dans les arts et les m\u00e9dias, accueillera un incubateur enti\u00e8rement consacr\u00e9 aux industries cr\u00e9atives et num\u00e9riques. Une initiative qui confirme la volont\u00e9 de l\u2019\u00e9tablissement et du territoire de soutenir les jeunes talents et les entrepreneurs de demain. Un environnement propice \u00e0 l\u2019\u00e9mergence [&hellip;]<\/p>\n","protected":false},"author":4,"featured_media":5541,"comment_status":"closed","ping_status":"open","sticky":false,"template":"","format":"standard","meta":{"_jetpack_memberships_contains_paid_content":false,"footnotes":""},"categories":[9],"tags":[],"class_list":["post-5540","post","type-post","status-publish","format-standard","has-post-thumbnail","hentry","category-information"],"yoast_head":"<!-- This site is optimized with the Yoast SEO plugin v27.3 - https:\/\/yoast.com\/product\/yoast-seo-wordpress\/ -->\n<title>Studio M met sa pierre \u00e0 l\u2019\u00e9difice - PULSE %<\/title>\n<meta name=\"description\" content=\"Ouverture \u00e0 la rentr\u00e9e 2024 d&#039;un incubateur consacr\u00e9 aux industries cr\u00e9atives et num\u00e9riques au sein de l&#039;\u00e9cole Studio M \u00e0 B\u00e9ziers.\" \/>\n<meta name=\"robots\" content=\"index, follow, max-snippet:-1, max-image-preview:large, max-video-preview:-1\" \/>\n<link rel=\"canonical\" href=\"https:\/\/pulse-beziers.fr\/index.php\/2024\/09\/02\/ouverture-dun-incubateur-consacre-aux-industries-creatives-et-numeriques\/\" \/>\n<meta property=\"og:locale\" content=\"fr_FR\" \/>\n<meta property=\"og:type\" content=\"article\" \/>\n<meta property=\"og:title\" content=\"Studio M met sa pierre \u00e0 l\u2019\u00e9difice - PULSE %\" \/>\n<meta property=\"og:description\" content=\"Ouverture \u00e0 la rentr\u00e9e 2024 d&#039;un incubateur consacr\u00e9 aux industries cr\u00e9atives et num\u00e9riques au sein de l&#039;\u00e9cole Studio M \u00e0 B\u00e9ziers.\" \/>\n<meta property=\"og:url\" content=\"https:\/\/pulse-beziers.fr\/index.php\/2024\/09\/02\/ouverture-dun-incubateur-consacre-aux-industries-creatives-et-numeriques\/\" \/>\n<meta property=\"og:site_name\" content=\"PULSE\" \/>\n<meta property=\"article:published_time\" content=\"2024-09-02T08:45:41+00:00\" \/>\n<meta property=\"article:modified_time\" content=\"2024-09-02T08:45:42+00:00\" \/>\n<meta property=\"og:image\" content=\"https:\/\/pulse-beziers.fr\/wp-content\/uploads\/2024\/09\/STUDIO-M.jpg\" \/>\n\t<meta property=\"og:image:width\" content=\"1638\" \/>\n\t<meta property=\"og:image:height\" content=\"1159\" \/>\n\t<meta property=\"og:image:type\" content=\"image\/jpeg\" \/>\n<meta name=\"author\" content=\"Jordan\" \/>\n<meta name=\"twitter:card\" content=\"summary_large_image\" \/>\n<meta name=\"twitter:label1\" content=\"\u00c9crit par\" \/>\n\t<meta name=\"twitter:data1\" content=\"Jordan\" \/>\n\t<meta name=\"twitter:label2\" content=\"Dur\u00e9e de lecture estim\u00e9e\" \/>\n\t<meta name=\"twitter:data2\" content=\"2 minutes\" \/>\n<script type=\"application\/ld+json\" class=\"yoast-schema-graph\">{\"@context\":\"https:\\\/\\\/schema.org\",\"@graph\":[{\"@type\":\"Article\",\"@id\":\"https:\\\/\\\/pulse-beziers.fr\\\/index.php\\\/2024\\\/09\\\/02\\\/ouverture-dun-incubateur-consacre-aux-industries-creatives-et-numeriques\\\/#article\",\"isPartOf\":{\"@id\":\"https:\\\/\\\/pulse-beziers.fr\\\/index.php\\\/2024\\\/09\\\/02\\\/ouverture-dun-incubateur-consacre-aux-industries-creatives-et-numeriques\\\/\"},\"author\":{\"name\":\"Jordan\",\"@id\":\"https:\\\/\\\/pulse-beziers.fr\\\/#\\\/schema\\\/person\\\/ce4160d5785562dc30723e520933e8e9\"},\"headline\":\"Studio M met sa pierre \u00e0 l\u2019\u00e9difice\",\"datePublished\":\"2024-09-02T08:45:41+00:00\",\"dateModified\":\"2024-09-02T08:45:42+00:00\",\"mainEntityOfPage\":{\"@id\":\"https:\\\/\\\/pulse-beziers.fr\\\/index.php\\\/2024\\\/09\\\/02\\\/ouverture-dun-incubateur-consacre-aux-industries-creatives-et-numeriques\\\/\"},\"wordCount\":417,\"publisher\":{\"@id\":\"https:\\\/\\\/pulse-beziers.fr\\\/#organization\"},\"image\":{\"@id\":\"https:\\\/\\\/pulse-beziers.fr\\\/index.php\\\/2024\\\/09\\\/02\\\/ouverture-dun-incubateur-consacre-aux-industries-creatives-et-numeriques\\\/#primaryimage\"},\"thumbnailUrl\":\"https:\\\/\\\/pulse-beziers.fr\\\/wp-content\\\/uploads\\\/2024\\\/09\\\/STUDIO-M.jpg\",\"articleSection\":[\"INFORMATION\"],\"inLanguage\":\"fr-FR\"},{\"@type\":\"WebPage\",\"@id\":\"https:\\\/\\\/pulse-beziers.fr\\\/index.php\\\/2024\\\/09\\\/02\\\/ouverture-dun-incubateur-consacre-aux-industries-creatives-et-numeriques\\\/\",\"url\":\"https:\\\/\\\/pulse-beziers.fr\\\/index.php\\\/2024\\\/09\\\/02\\\/ouverture-dun-incubateur-consacre-aux-industries-creatives-et-numeriques\\\/\",\"name\":\"Studio M met sa pierre \u00e0 l\u2019\u00e9difice - PULSE %\",\"isPartOf\":{\"@id\":\"https:\\\/\\\/pulse-beziers.fr\\\/#website\"},\"primaryImageOfPage\":{\"@id\":\"https:\\\/\\\/pulse-beziers.fr\\\/index.php\\\/2024\\\/09\\\/02\\\/ouverture-dun-incubateur-consacre-aux-industries-creatives-et-numeriques\\\/#primaryimage\"},\"image\":{\"@id\":\"https:\\\/\\\/pulse-beziers.fr\\\/index.php\\\/2024\\\/09\\\/02\\\/ouverture-dun-incubateur-consacre-aux-industries-creatives-et-numeriques\\\/#primaryimage\"},\"thumbnailUrl\":\"https:\\\/\\\/pulse-beziers.fr\\\/wp-content\\\/uploads\\\/2024\\\/09\\\/STUDIO-M.jpg\",\"datePublished\":\"2024-09-02T08:45:41+00:00\",\"dateModified\":\"2024-09-02T08:45:42+00:00\",\"description\":\"Ouverture \u00e0 la rentr\u00e9e 2024 d'un incubateur consacr\u00e9 aux industries cr\u00e9atives et num\u00e9riques au sein de l'\u00e9cole Studio M \u00e0 B\u00e9ziers.\",\"breadcrumb\":{\"@id\":\"https:\\\/\\\/pulse-beziers.fr\\\/index.php\\\/2024\\\/09\\\/02\\\/ouverture-dun-incubateur-consacre-aux-industries-creatives-et-numeriques\\\/#breadcrumb\"},\"inLanguage\":\"fr-FR\",\"potentialAction\":[{\"@type\":\"ReadAction\",\"target\":[\"https:\\\/\\\/pulse-beziers.fr\\\/index.php\\\/2024\\\/09\\\/02\\\/ouverture-dun-incubateur-consacre-aux-industries-creatives-et-numeriques\\\/\"]}]},{\"@type\":\"ImageObject\",\"inLanguage\":\"fr-FR\",\"@id\":\"https:\\\/\\\/pulse-beziers.fr\\\/index.php\\\/2024\\\/09\\\/02\\\/ouverture-dun-incubateur-consacre-aux-industries-creatives-et-numeriques\\\/#primaryimage\",\"url\":\"https:\\\/\\\/pulse-beziers.fr\\\/wp-content\\\/uploads\\\/2024\\\/09\\\/STUDIO-M.jpg\",\"contentUrl\":\"https:\\\/\\\/pulse-beziers.fr\\\/wp-content\\\/uploads\\\/2024\\\/09\\\/STUDIO-M.jpg\",\"width\":1638,\"height\":1159},{\"@type\":\"BreadcrumbList\",\"@id\":\"https:\\\/\\\/pulse-beziers.fr\\\/index.php\\\/2024\\\/09\\\/02\\\/ouverture-dun-incubateur-consacre-aux-industries-creatives-et-numeriques\\\/#breadcrumb\",\"itemListElement\":[{\"@type\":\"ListItem\",\"position\":1,\"name\":\"Accueil\",\"item\":\"https:\\\/\\\/pulse-beziers.fr\\\/\"},{\"@type\":\"ListItem\",\"position\":2,\"name\":\"Studio M met sa pierre \u00e0 l\u2019\u00e9difice\"}]},{\"@type\":\"WebSite\",\"@id\":\"https:\\\/\\\/pulse-beziers.fr\\\/#website\",\"url\":\"https:\\\/\\\/pulse-beziers.fr\\\/\",\"name\":\"PULSE\",\"description\":\"B\u00e9ziers M\u00e9diterran\u00e9e\",\"publisher\":{\"@id\":\"https:\\\/\\\/pulse-beziers.fr\\\/#organization\"},\"potentialAction\":[{\"@type\":\"SearchAction\",\"target\":{\"@type\":\"EntryPoint\",\"urlTemplate\":\"https:\\\/\\\/pulse-beziers.fr\\\/?s={search_term_string}\"},\"query-input\":{\"@type\":\"PropertyValueSpecification\",\"valueRequired\":true,\"valueName\":\"search_term_string\"}}],\"inLanguage\":\"fr-FR\"},{\"@type\":\"Organization\",\"@id\":\"https:\\\/\\\/pulse-beziers.fr\\\/#organization\",\"name\":\"PULSE\",\"url\":\"https:\\\/\\\/pulse-beziers.fr\\\/\",\"logo\":{\"@type\":\"ImageObject\",\"inLanguage\":\"fr-FR\",\"@id\":\"https:\\\/\\\/pulse-beziers.fr\\\/#\\\/schema\\\/logo\\\/image\\\/\",\"url\":\"https:\\\/\\\/pulse-beziers.fr\\\/wp-content\\\/uploads\\\/2023\\\/10\\\/PULSE_OK.png\",\"contentUrl\":\"https:\\\/\\\/pulse-beziers.fr\\\/wp-content\\\/uploads\\\/2023\\\/10\\\/PULSE_OK.png\",\"width\":1490,\"height\":506,\"caption\":\"PULSE\"},\"image\":{\"@id\":\"https:\\\/\\\/pulse-beziers.fr\\\/#\\\/schema\\\/logo\\\/image\\\/\"}},{\"@type\":\"Person\",\"@id\":\"https:\\\/\\\/pulse-beziers.fr\\\/#\\\/schema\\\/person\\\/ce4160d5785562dc30723e520933e8e9\",\"name\":\"Jordan\",\"image\":{\"@type\":\"ImageObject\",\"inLanguage\":\"fr-FR\",\"@id\":\"https:\\\/\\\/secure.gravatar.com\\\/avatar\\\/ae88e378bde730769fc25248bfc128d509bc64fc2fad4d6455517f85742a87fd?s=96&d=mm&r=g\",\"url\":\"https:\\\/\\\/secure.gravatar.com\\\/avatar\\\/ae88e378bde730769fc25248bfc128d509bc64fc2fad4d6455517f85742a87fd?s=96&d=mm&r=g\",\"contentUrl\":\"https:\\\/\\\/secure.gravatar.com\\\/avatar\\\/ae88e378bde730769fc25248bfc128d509bc64fc2fad4d6455517f85742a87fd?s=96&d=mm&r=g\",\"caption\":\"Jordan\"},\"url\":\"https:\\\/\\\/pulse-beziers.fr\\\/index.php\\\/author\\\/jordan\\\/\"}]}<\/script>\n<!-- \/ Yoast SEO plugin. -->","yoast_head_json":{"title":"Studio M met sa pierre \u00e0 l\u2019\u00e9difice - PULSE %","description":"Ouverture \u00e0 la rentr\u00e9e 2024 d'un incubateur consacr\u00e9 aux industries cr\u00e9atives et num\u00e9riques au sein de l'\u00e9cole Studio M \u00e0 B\u00e9ziers.","robots":{"index":"index","follow":"follow","max-snippet":"max-snippet:-1","max-image-preview":"max-image-preview:large","max-video-preview":"max-video-preview:-1"},"canonical":"https:\/\/pulse-beziers.fr\/index.php\/2024\/09\/02\/ouverture-dun-incubateur-consacre-aux-industries-creatives-et-numeriques\/","og_locale":"fr_FR","og_type":"article","og_title":"Studio M met sa pierre \u00e0 l\u2019\u00e9difice - PULSE %","og_description":"Ouverture \u00e0 la rentr\u00e9e 2024 d'un incubateur consacr\u00e9 aux industries cr\u00e9atives et num\u00e9riques au sein de l'\u00e9cole Studio M \u00e0 B\u00e9ziers.","og_url":"https:\/\/pulse-beziers.fr\/index.php\/2024\/09\/02\/ouverture-dun-incubateur-consacre-aux-industries-creatives-et-numeriques\/","og_site_name":"PULSE","article_published_time":"2024-09-02T08:45:41+00:00","article_modified_time":"2024-09-02T08:45:42+00:00","og_image":[{"width":1638,"height":1159,"url":"https:\/\/pulse-beziers.fr\/wp-content\/uploads\/2024\/09\/STUDIO-M.jpg","type":"image\/jpeg"}],"author":"Jordan","twitter_card":"summary_large_image","twitter_misc":{"\u00c9crit par":"Jordan","Dur\u00e9e de lecture estim\u00e9e":"2 minutes"},"schema":{"@context":"https:\/\/schema.org","@graph":[{"@type":"Article","@id":"https:\/\/pulse-beziers.fr\/index.php\/2024\/09\/02\/ouverture-dun-incubateur-consacre-aux-industries-creatives-et-numeriques\/#article","isPartOf":{"@id":"https:\/\/pulse-beziers.fr\/index.php\/2024\/09\/02\/ouverture-dun-incubateur-consacre-aux-industries-creatives-et-numeriques\/"},"author":{"name":"Jordan","@id":"https:\/\/pulse-beziers.fr\/#\/schema\/person\/ce4160d5785562dc30723e520933e8e9"},"headline":"Studio M met sa pierre \u00e0 l\u2019\u00e9difice","datePublished":"2024-09-02T08:45:41+00:00","dateModified":"2024-09-02T08:45:42+00:00","mainEntityOfPage":{"@id":"https:\/\/pulse-beziers.fr\/index.php\/2024\/09\/02\/ouverture-dun-incubateur-consacre-aux-industries-creatives-et-numeriques\/"},"wordCount":417,"publisher":{"@id":"https:\/\/pulse-beziers.fr\/#organization"},"image":{"@id":"https:\/\/pulse-beziers.fr\/index.php\/2024\/09\/02\/ouverture-dun-incubateur-consacre-aux-industries-creatives-et-numeriques\/#primaryimage"},"thumbnailUrl":"https:\/\/pulse-beziers.fr\/wp-content\/uploads\/2024\/09\/STUDIO-M.jpg","articleSection":["INFORMATION"],"inLanguage":"fr-FR"},{"@type":"WebPage","@id":"https:\/\/pulse-beziers.fr\/index.php\/2024\/09\/02\/ouverture-dun-incubateur-consacre-aux-industries-creatives-et-numeriques\/","url":"https:\/\/pulse-beziers.fr\/index.php\/2024\/09\/02\/ouverture-dun-incubateur-consacre-aux-industries-creatives-et-numeriques\/","name":"Studio M met sa pierre \u00e0 l\u2019\u00e9difice - PULSE %","isPartOf":{"@id":"https:\/\/pulse-beziers.fr\/#website"},"primaryImageOfPage":{"@id":"https:\/\/pulse-beziers.fr\/index.php\/2024\/09\/02\/ouverture-dun-incubateur-consacre-aux-industries-creatives-et-numeriques\/#primaryimage"},"image":{"@id":"https:\/\/pulse-beziers.fr\/index.php\/2024\/09\/02\/ouverture-dun-incubateur-consacre-aux-industries-creatives-et-numeriques\/#primaryimage"},"thumbnailUrl":"https:\/\/pulse-beziers.fr\/wp-content\/uploads\/2024\/09\/STUDIO-M.jpg","datePublished":"2024-09-02T08:45:41+00:00","dateModified":"2024-09-02T08:45:42+00:00","description":"Ouverture \u00e0 la rentr\u00e9e 2024 d'un incubateur consacr\u00e9 aux industries cr\u00e9atives et num\u00e9riques au sein de l'\u00e9cole Studio M \u00e0 B\u00e9ziers.","breadcrumb":{"@id":"https:\/\/pulse-beziers.fr\/index.php\/2024\/09\/02\/ouverture-dun-incubateur-consacre-aux-industries-creatives-et-numeriques\/#breadcrumb"},"inLanguage":"fr-FR","potentialAction":[{"@type":"ReadAction","target":["https:\/\/pulse-beziers.fr\/index.php\/2024\/09\/02\/ouverture-dun-incubateur-consacre-aux-industries-creatives-et-numeriques\/"]}]},{"@type":"ImageObject","inLanguage":"fr-FR","@id":"https:\/\/pulse-beziers.fr\/index.php\/2024\/09\/02\/ouverture-dun-incubateur-consacre-aux-industries-creatives-et-numeriques\/#primaryimage","url":"https:\/\/pulse-beziers.fr\/wp-content\/uploads\/2024\/09\/STUDIO-M.jpg","contentUrl":"https:\/\/pulse-beziers.fr\/wp-content\/uploads\/2024\/09\/STUDIO-M.jpg","width":1638,"height":1159},{"@type":"BreadcrumbList","@id":"https:\/\/pulse-beziers.fr\/index.php\/2024\/09\/02\/ouverture-dun-incubateur-consacre-aux-industries-creatives-et-numeriques\/#breadcrumb","itemListElement":[{"@type":"ListItem","position":1,"name":"Accueil","item":"https:\/\/pulse-beziers.fr\/"},{"@type":"ListItem","position":2,"name":"Studio M met sa pierre \u00e0 l\u2019\u00e9difice"}]},{"@type":"WebSite","@id":"https:\/\/pulse-beziers.fr\/#website","url":"https:\/\/pulse-beziers.fr\/","name":"PULSE","description":"B\u00e9ziers M\u00e9diterran\u00e9e","publisher":{"@id":"https:\/\/pulse-beziers.fr\/#organization"},"potentialAction":[{"@type":"SearchAction","target":{"@type":"EntryPoint","urlTemplate":"https:\/\/pulse-beziers.fr\/?s={search_term_string}"},"query-input":{"@type":"PropertyValueSpecification","valueRequired":true,"valueName":"search_term_string"}}],"inLanguage":"fr-FR"},{"@type":"Organization","@id":"https:\/\/pulse-beziers.fr\/#organization","name":"PULSE","url":"https:\/\/pulse-beziers.fr\/","logo":{"@type":"ImageObject","inLanguage":"fr-FR","@id":"https:\/\/pulse-beziers.fr\/#\/schema\/logo\/image\/","url":"https:\/\/pulse-beziers.fr\/wp-content\/uploads\/2023\/10\/PULSE_OK.png","contentUrl":"https:\/\/pulse-beziers.fr\/wp-content\/uploads\/2023\/10\/PULSE_OK.png","width":1490,"height":506,"caption":"PULSE"},"image":{"@id":"https:\/\/pulse-beziers.fr\/#\/schema\/logo\/image\/"}},{"@type":"Person","@id":"https:\/\/pulse-beziers.fr\/#\/schema\/person\/ce4160d5785562dc30723e520933e8e9","name":"Jordan","image":{"@type":"ImageObject","inLanguage":"fr-FR","@id":"https:\/\/secure.gravatar.com\/avatar\/ae88e378bde730769fc25248bfc128d509bc64fc2fad4d6455517f85742a87fd?s=96&d=mm&r=g","url":"https:\/\/secure.gravatar.com\/avatar\/ae88e378bde730769fc25248bfc128d509bc64fc2fad4d6455517f85742a87fd?s=96&d=mm&r=g","contentUrl":"https:\/\/secure.gravatar.com\/avatar\/ae88e378bde730769fc25248bfc128d509bc64fc2fad4d6455517f85742a87fd?s=96&d=mm&r=g","caption":"Jordan"},"url":"https:\/\/pulse-beziers.fr\/index.php\/author\/jordan\/"}]}},"jetpack_featured_media_url":"https:\/\/pulse-beziers.fr\/wp-content\/uploads\/2024\/09\/STUDIO-M.jpg","jetpack_sharing_enabled":true,"_links":{"self":[{"href":"https:\/\/pulse-beziers.fr\/index.php\/wp-json\/wp\/v2\/posts\/5540","targetHints":{"allow":["GET"]}}],"collection":[{"href":"https:\/\/pulse-beziers.fr\/index.php\/wp-json\/wp\/v2\/posts"}],"about":[{"href":"https:\/\/pulse-beziers.fr\/index.php\/wp-json\/wp\/v2\/types\/post"}],"author":[{"embeddable":true,"href":"https:\/\/pulse-beziers.fr\/index.php\/wp-json\/wp\/v2\/users\/4"}],"replies":[{"embeddable":true,"href":"https:\/\/pulse-beziers.fr\/index.php\/wp-json\/wp\/v2\/comments?post=5540"}],"version-history":[{"count":1,"href":"https:\/\/pulse-beziers.fr\/index.php\/wp-json\/wp\/v2\/posts\/5540\/revisions"}],"predecessor-version":[{"id":5542,"href":"https:\/\/pulse-beziers.fr\/index.php\/wp-json\/wp\/v2\/posts\/5540\/revisions\/5542"}],"wp:featuredmedia":[{"embeddable":true,"href":"https:\/\/pulse-beziers.fr\/index.php\/wp-json\/wp\/v2\/media\/5541"}],"wp:attachment":[{"href":"https:\/\/pulse-beziers.fr\/index.php\/wp-json\/wp\/v2\/media?parent=5540"}],"wp:term":[{"taxonomy":"category","embeddable":true,"href":"https:\/\/pulse-beziers.fr\/index.php\/wp-json\/wp\/v2\/categories?post=5540"},{"taxonomy":"post_tag","embeddable":true,"href":"https:\/\/pulse-beziers.fr\/index.php\/wp-json\/wp\/v2\/tags?post=5540"}],"curies":[{"name":"wp","href":"https:\/\/api.w.org\/{rel}","templated":true}]}}