{"id":5613,"date":"2024-09-24T17:15:23","date_gmt":"2024-09-24T15:15:23","guid":{"rendered":"https:\/\/pulse-beziers.fr\/?p=5613"},"modified":"2024-09-24T17:15:25","modified_gmt":"2024-09-24T15:15:25","slug":"workshop-lintegration-du-photovoltaique-dans-limmobilier-et-le-foncier","status":"publish","type":"post","link":"https:\/\/pulse-beziers.fr\/index.php\/2024\/09\/24\/workshop-lintegration-du-photovoltaique-dans-limmobilier-et-le-foncier\/","title":{"rendered":"Workshop : L&#8217;int\u00e9gration du photovolta\u00efque dans l&#8217;immobilier et le foncier"},"content":{"rendered":"\n<p><strong><em>PULSE <\/em>vous invite \u00e0 participer \u00e0 un workshop exceptionnel sur l&#8217;int\u00e9gration du photovolta\u00efque dans les secteurs de l&#8217;immobilier et du foncier.<\/strong><\/p>\n\n\n\n<p>Cet \u00e9v\u00e9nement est le fruit d\u2019une collaboration entre <strong>l&#8217;Agglom\u00e9ration B\u00e9ziers M\u00e9diterran\u00e9e<\/strong>, le <strong>P\u00f4le de comp\u00e9titivit\u00e9 DERBI<\/strong>, <strong>CEMATER<\/strong>, et <strong>Envirobat Occitanie<\/strong>, en partenariat avec la <strong>CCI de l&#8217;H\u00e9rault<\/strong>.<\/p>\n\n\n\n<h4 class=\"wp-block-heading\"><strong>Pourquoi participer ?<\/strong><\/h4>\n\n\n\n<p>Cet \u00e9v\u00e9nement est une opportunit\u00e9 unique de d\u00e9couvrir les derni\u00e8res innovations et perspectives sur le photovolta\u00efque, un enjeu cl\u00e9 pour le d\u00e9veloppement des \u00e9nergies renouvelables dans la r\u00e9gion. Que vous soyez un professionnel du secteur immobilier, un acteur de l\u2019\u00e9nergie ou un porteur de projet, ce workshop vous permettra d\u2019\u00e9changer avec des experts et de comprendre comment int\u00e9grer cette technologie dans vos futurs projets.<\/p>\n\n\n\n<h4 class=\"wp-block-heading\"><strong>Les temps forts<\/strong><\/h4>\n\n\n\n<ul class=\"wp-block-list\">\n<li><strong>Date<\/strong> : Vendredi 4 octobre 2024<\/li>\n\n\n\n<li><strong>Lieu<\/strong> : Brasserie Raoul, Stade Raoul Barri\u00e8re, B\u00e9ziers<\/li>\n<\/ul>\n\n\n\n<p>La journ\u00e9e sera marqu\u00e9e par des interventions de sp\u00e9cialistes du domaine et se terminera par une visite du Stade Raoul Barri\u00e8re et de ses installations photovolta\u00efques, r\u00e9alis\u00e9es par <strong>TotalEnergies<\/strong>.<\/p>\n\n\n\n<h4 class=\"wp-block-heading\"><strong>Inscription et programme<\/strong><\/h4>\n\n\n\n<p>L\u2019inscription est gratuite mais obligatoire. Pour vous inscrire, veuillez cliquer sur le lien suivant :<br><a href=\"https:\/\/docs.google.com\/forms\/d\/e\/1FAIpQLSfjOCZf5qq3Fe2xP6gE6W-zBoZPshW77bG3IwYjzSpggFDlkA\/viewform\">Inscription au workshop<\/a><\/p>\n\n\n\n<p>Pour consulter le programme d\u00e9taill\u00e9 de l\u2019\u00e9v\u00e9nement, rendez-vous ici :<br><a href=\"https:\/\/pulse-beziers.fr\/wp-content\/uploads\/2024\/09\/WORKSHOP_2024-v2.pdf\">Programme du workshop<\/a><\/p>\n\n\n\n<p><strong>Ne manquez pas cette occasion unique d\u2019explorer les solutions photovolta\u00efques et de rencontrer les acteurs majeurs de la transition \u00e9nerg\u00e9tique dans notre r\u00e9gion !<\/strong><\/p>\n\n\n\n<p>Pour plus d&#8217;informations, contactez <em>PULSE<\/em> <a href=\"https:\/\/pulse-beziers.fr\/index.php\/contact\/\">en cliquant ici<\/a>.<\/p>\n","protected":false},"excerpt":{"rendered":"<p>PULSE vous invite \u00e0 participer \u00e0 un workshop exceptionnel sur l&#8217;int\u00e9gration du photovolta\u00efque dans les secteurs de l&#8217;immobilier et du foncier. Cet \u00e9v\u00e9nement est le fruit d\u2019une collaboration entre l&#8217;Agglom\u00e9ration B\u00e9ziers M\u00e9diterran\u00e9e, le P\u00f4le de comp\u00e9titivit\u00e9 DERBI, CEMATER, et Envirobat Occitanie, en partenariat avec la CCI de l&#8217;H\u00e9rault. Pourquoi participer ? Cet \u00e9v\u00e9nement est une [&hellip;]<\/p>\n","protected":false},"author":4,"featured_media":5614,"comment_status":"closed","ping_status":"open","sticky":false,"template":"","format":"standard","meta":{"_jetpack_memberships_contains_paid_content":false,"footnotes":""},"categories":[4,7],"tags":[],"class_list":["post-5613","post","type-post","status-publish","format-standard","has-post-thumbnail","hentry","category-evenement","category-industrie"],"yoast_head":"<!-- This site is optimized with the Yoast SEO plugin v27.3 - https:\/\/yoast.com\/product\/yoast-seo-wordpress\/ -->\n<title>Workshop : L&#039;int\u00e9gration du photovolta\u00efque dans l&#039;immobilier et le foncier - PULSE<\/title>\n<meta name=\"robots\" content=\"index, follow, max-snippet:-1, max-image-preview:large, max-video-preview:-1\" \/>\n<link rel=\"canonical\" href=\"https:\/\/pulse-beziers.fr\/index.php\/2024\/09\/24\/workshop-lintegration-du-photovoltaique-dans-limmobilier-et-le-foncier\/\" \/>\n<meta property=\"og:locale\" content=\"fr_FR\" \/>\n<meta property=\"og:type\" content=\"article\" \/>\n<meta property=\"og:title\" content=\"Workshop : L&#039;int\u00e9gration du photovolta\u00efque dans l&#039;immobilier et le foncier - PULSE\" \/>\n<meta property=\"og:description\" content=\"PULSE vous invite \u00e0 participer \u00e0 un workshop exceptionnel sur l&#8217;int\u00e9gration du photovolta\u00efque dans les secteurs de l&#8217;immobilier et du foncier. Cet \u00e9v\u00e9nement est le fruit d\u2019une collaboration entre l&#8217;Agglom\u00e9ration B\u00e9ziers M\u00e9diterran\u00e9e, le P\u00f4le de comp\u00e9titivit\u00e9 DERBI, CEMATER, et Envirobat Occitanie, en partenariat avec la CCI de l&#8217;H\u00e9rault. Pourquoi participer ? Cet \u00e9v\u00e9nement est une [&hellip;]\" \/>\n<meta property=\"og:url\" content=\"https:\/\/pulse-beziers.fr\/index.php\/2024\/09\/24\/workshop-lintegration-du-photovoltaique-dans-limmobilier-et-le-foncier\/\" \/>\n<meta property=\"og:site_name\" content=\"PULSE\" \/>\n<meta property=\"article:published_time\" content=\"2024-09-24T15:15:23+00:00\" \/>\n<meta property=\"article:modified_time\" content=\"2024-09-24T15:15:25+00:00\" \/>\n<meta property=\"og:image\" content=\"https:\/\/pulse-beziers.fr\/wp-content\/uploads\/2024\/09\/Programme-Workshop-de-Beziers-20242.jpg\" \/>\n\t<meta property=\"og:image:width\" content=\"1920\" \/>\n\t<meta property=\"og:image:height\" content=\"1080\" \/>\n\t<meta property=\"og:image:type\" content=\"image\/jpeg\" \/>\n<meta name=\"author\" content=\"Jordan\" \/>\n<meta name=\"twitter:card\" content=\"summary_large_image\" \/>\n<meta name=\"twitter:label1\" content=\"\u00c9crit par\" \/>\n\t<meta name=\"twitter:data1\" content=\"Jordan\" \/>\n\t<meta name=\"twitter:label2\" content=\"Dur\u00e9e de lecture estim\u00e9e\" \/>\n\t<meta name=\"twitter:data2\" content=\"2 minutes\" \/>\n<script type=\"application\/ld+json\" class=\"yoast-schema-graph\">{\"@context\":\"https:\\\/\\\/schema.org\",\"@graph\":[{\"@type\":\"Article\",\"@id\":\"https:\\\/\\\/pulse-beziers.fr\\\/index.php\\\/2024\\\/09\\\/24\\\/workshop-lintegration-du-photovoltaique-dans-limmobilier-et-le-foncier\\\/#article\",\"isPartOf\":{\"@id\":\"https:\\\/\\\/pulse-beziers.fr\\\/index.php\\\/2024\\\/09\\\/24\\\/workshop-lintegration-du-photovoltaique-dans-limmobilier-et-le-foncier\\\/\"},\"author\":{\"name\":\"Jordan\",\"@id\":\"https:\\\/\\\/pulse-beziers.fr\\\/#\\\/schema\\\/person\\\/ce4160d5785562dc30723e520933e8e9\"},\"headline\":\"Workshop : L&#8217;int\u00e9gration du photovolta\u00efque dans l&#8217;immobilier et le foncier\",\"datePublished\":\"2024-09-24T15:15:23+00:00\",\"dateModified\":\"2024-09-24T15:15:25+00:00\",\"mainEntityOfPage\":{\"@id\":\"https:\\\/\\\/pulse-beziers.fr\\\/index.php\\\/2024\\\/09\\\/24\\\/workshop-lintegration-du-photovoltaique-dans-limmobilier-et-le-foncier\\\/\"},\"wordCount\":265,\"publisher\":{\"@id\":\"https:\\\/\\\/pulse-beziers.fr\\\/#organization\"},\"image\":{\"@id\":\"https:\\\/\\\/pulse-beziers.fr\\\/index.php\\\/2024\\\/09\\\/24\\\/workshop-lintegration-du-photovoltaique-dans-limmobilier-et-le-foncier\\\/#primaryimage\"},\"thumbnailUrl\":\"https:\\\/\\\/pulse-beziers.fr\\\/wp-content\\\/uploads\\\/2024\\\/09\\\/Programme-Workshop-de-Beziers-20242.jpg\",\"articleSection\":[\"EVENEMENT\",\"INDUSTRIE\"],\"inLanguage\":\"fr-FR\"},{\"@type\":\"WebPage\",\"@id\":\"https:\\\/\\\/pulse-beziers.fr\\\/index.php\\\/2024\\\/09\\\/24\\\/workshop-lintegration-du-photovoltaique-dans-limmobilier-et-le-foncier\\\/\",\"url\":\"https:\\\/\\\/pulse-beziers.fr\\\/index.php\\\/2024\\\/09\\\/24\\\/workshop-lintegration-du-photovoltaique-dans-limmobilier-et-le-foncier\\\/\",\"name\":\"Workshop : L'int\u00e9gration du photovolta\u00efque dans l'immobilier et le foncier - PULSE\",\"isPartOf\":{\"@id\":\"https:\\\/\\\/pulse-beziers.fr\\\/#website\"},\"primaryImageOfPage\":{\"@id\":\"https:\\\/\\\/pulse-beziers.fr\\\/index.php\\\/2024\\\/09\\\/24\\\/workshop-lintegration-du-photovoltaique-dans-limmobilier-et-le-foncier\\\/#primaryimage\"},\"image\":{\"@id\":\"https:\\\/\\\/pulse-beziers.fr\\\/index.php\\\/2024\\\/09\\\/24\\\/workshop-lintegration-du-photovoltaique-dans-limmobilier-et-le-foncier\\\/#primaryimage\"},\"thumbnailUrl\":\"https:\\\/\\\/pulse-beziers.fr\\\/wp-content\\\/uploads\\\/2024\\\/09\\\/Programme-Workshop-de-Beziers-20242.jpg\",\"datePublished\":\"2024-09-24T15:15:23+00:00\",\"dateModified\":\"2024-09-24T15:15:25+00:00\",\"breadcrumb\":{\"@id\":\"https:\\\/\\\/pulse-beziers.fr\\\/index.php\\\/2024\\\/09\\\/24\\\/workshop-lintegration-du-photovoltaique-dans-limmobilier-et-le-foncier\\\/#breadcrumb\"},\"inLanguage\":\"fr-FR\",\"potentialAction\":[{\"@type\":\"ReadAction\",\"target\":[\"https:\\\/\\\/pulse-beziers.fr\\\/index.php\\\/2024\\\/09\\\/24\\\/workshop-lintegration-du-photovoltaique-dans-limmobilier-et-le-foncier\\\/\"]}]},{\"@type\":\"ImageObject\",\"inLanguage\":\"fr-FR\",\"@id\":\"https:\\\/\\\/pulse-beziers.fr\\\/index.php\\\/2024\\\/09\\\/24\\\/workshop-lintegration-du-photovoltaique-dans-limmobilier-et-le-foncier\\\/#primaryimage\",\"url\":\"https:\\\/\\\/pulse-beziers.fr\\\/wp-content\\\/uploads\\\/2024\\\/09\\\/Programme-Workshop-de-Beziers-20242.jpg\",\"contentUrl\":\"https:\\\/\\\/pulse-beziers.fr\\\/wp-content\\\/uploads\\\/2024\\\/09\\\/Programme-Workshop-de-Beziers-20242.jpg\",\"width\":1920,\"height\":1080},{\"@type\":\"BreadcrumbList\",\"@id\":\"https:\\\/\\\/pulse-beziers.fr\\\/index.php\\\/2024\\\/09\\\/24\\\/workshop-lintegration-du-photovoltaique-dans-limmobilier-et-le-foncier\\\/#breadcrumb\",\"itemListElement\":[{\"@type\":\"ListItem\",\"position\":1,\"name\":\"Accueil\",\"item\":\"https:\\\/\\\/pulse-beziers.fr\\\/\"},{\"@type\":\"ListItem\",\"position\":2,\"name\":\"Workshop : L&#8217;int\u00e9gration du photovolta\u00efque dans l&#8217;immobilier et le foncier\"}]},{\"@type\":\"WebSite\",\"@id\":\"https:\\\/\\\/pulse-beziers.fr\\\/#website\",\"url\":\"https:\\\/\\\/pulse-beziers.fr\\\/\",\"name\":\"PULSE\",\"description\":\"B\u00e9ziers M\u00e9diterran\u00e9e\",\"publisher\":{\"@id\":\"https:\\\/\\\/pulse-beziers.fr\\\/#organization\"},\"potentialAction\":[{\"@type\":\"SearchAction\",\"target\":{\"@type\":\"EntryPoint\",\"urlTemplate\":\"https:\\\/\\\/pulse-beziers.fr\\\/?s={search_term_string}\"},\"query-input\":{\"@type\":\"PropertyValueSpecification\",\"valueRequired\":true,\"valueName\":\"search_term_string\"}}],\"inLanguage\":\"fr-FR\"},{\"@type\":\"Organization\",\"@id\":\"https:\\\/\\\/pulse-beziers.fr\\\/#organization\",\"name\":\"PULSE\",\"url\":\"https:\\\/\\\/pulse-beziers.fr\\\/\",\"logo\":{\"@type\":\"ImageObject\",\"inLanguage\":\"fr-FR\",\"@id\":\"https:\\\/\\\/pulse-beziers.fr\\\/#\\\/schema\\\/logo\\\/image\\\/\",\"url\":\"https:\\\/\\\/pulse-beziers.fr\\\/wp-content\\\/uploads\\\/2023\\\/10\\\/PULSE_OK.png\",\"contentUrl\":\"https:\\\/\\\/pulse-beziers.fr\\\/wp-content\\\/uploads\\\/2023\\\/10\\\/PULSE_OK.png\",\"width\":1490,\"height\":506,\"caption\":\"PULSE\"},\"image\":{\"@id\":\"https:\\\/\\\/pulse-beziers.fr\\\/#\\\/schema\\\/logo\\\/image\\\/\"}},{\"@type\":\"Person\",\"@id\":\"https:\\\/\\\/pulse-beziers.fr\\\/#\\\/schema\\\/person\\\/ce4160d5785562dc30723e520933e8e9\",\"name\":\"Jordan\",\"image\":{\"@type\":\"ImageObject\",\"inLanguage\":\"fr-FR\",\"@id\":\"https:\\\/\\\/secure.gravatar.com\\\/avatar\\\/ae88e378bde730769fc25248bfc128d509bc64fc2fad4d6455517f85742a87fd?s=96&d=mm&r=g\",\"url\":\"https:\\\/\\\/secure.gravatar.com\\\/avatar\\\/ae88e378bde730769fc25248bfc128d509bc64fc2fad4d6455517f85742a87fd?s=96&d=mm&r=g\",\"contentUrl\":\"https:\\\/\\\/secure.gravatar.com\\\/avatar\\\/ae88e378bde730769fc25248bfc128d509bc64fc2fad4d6455517f85742a87fd?s=96&d=mm&r=g\",\"caption\":\"Jordan\"},\"url\":\"https:\\\/\\\/pulse-beziers.fr\\\/index.php\\\/author\\\/jordan\\\/\"}]}<\/script>\n<!-- \/ Yoast SEO plugin. -->","yoast_head_json":{"title":"Workshop : L'int\u00e9gration du photovolta\u00efque dans l'immobilier et le foncier - PULSE","robots":{"index":"index","follow":"follow","max-snippet":"max-snippet:-1","max-image-preview":"max-image-preview:large","max-video-preview":"max-video-preview:-1"},"canonical":"https:\/\/pulse-beziers.fr\/index.php\/2024\/09\/24\/workshop-lintegration-du-photovoltaique-dans-limmobilier-et-le-foncier\/","og_locale":"fr_FR","og_type":"article","og_title":"Workshop : L'int\u00e9gration du photovolta\u00efque dans l'immobilier et le foncier - PULSE","og_description":"PULSE vous invite \u00e0 participer \u00e0 un workshop exceptionnel sur l&#8217;int\u00e9gration du photovolta\u00efque dans les secteurs de l&#8217;immobilier et du foncier. Cet \u00e9v\u00e9nement est le fruit d\u2019une collaboration entre l&#8217;Agglom\u00e9ration B\u00e9ziers M\u00e9diterran\u00e9e, le P\u00f4le de comp\u00e9titivit\u00e9 DERBI, CEMATER, et Envirobat Occitanie, en partenariat avec la CCI de l&#8217;H\u00e9rault. Pourquoi participer ? Cet \u00e9v\u00e9nement est une [&hellip;]","og_url":"https:\/\/pulse-beziers.fr\/index.php\/2024\/09\/24\/workshop-lintegration-du-photovoltaique-dans-limmobilier-et-le-foncier\/","og_site_name":"PULSE","article_published_time":"2024-09-24T15:15:23+00:00","article_modified_time":"2024-09-24T15:15:25+00:00","og_image":[{"width":1920,"height":1080,"url":"https:\/\/pulse-beziers.fr\/wp-content\/uploads\/2024\/09\/Programme-Workshop-de-Beziers-20242.jpg","type":"image\/jpeg"}],"author":"Jordan","twitter_card":"summary_large_image","twitter_misc":{"\u00c9crit par":"Jordan","Dur\u00e9e de lecture estim\u00e9e":"2 minutes"},"schema":{"@context":"https:\/\/schema.org","@graph":[{"@type":"Article","@id":"https:\/\/pulse-beziers.fr\/index.php\/2024\/09\/24\/workshop-lintegration-du-photovoltaique-dans-limmobilier-et-le-foncier\/#article","isPartOf":{"@id":"https:\/\/pulse-beziers.fr\/index.php\/2024\/09\/24\/workshop-lintegration-du-photovoltaique-dans-limmobilier-et-le-foncier\/"},"author":{"name":"Jordan","@id":"https:\/\/pulse-beziers.fr\/#\/schema\/person\/ce4160d5785562dc30723e520933e8e9"},"headline":"Workshop : L&#8217;int\u00e9gration du photovolta\u00efque dans l&#8217;immobilier et le foncier","datePublished":"2024-09-24T15:15:23+00:00","dateModified":"2024-09-24T15:15:25+00:00","mainEntityOfPage":{"@id":"https:\/\/pulse-beziers.fr\/index.php\/2024\/09\/24\/workshop-lintegration-du-photovoltaique-dans-limmobilier-et-le-foncier\/"},"wordCount":265,"publisher":{"@id":"https:\/\/pulse-beziers.fr\/#organization"},"image":{"@id":"https:\/\/pulse-beziers.fr\/index.php\/2024\/09\/24\/workshop-lintegration-du-photovoltaique-dans-limmobilier-et-le-foncier\/#primaryimage"},"thumbnailUrl":"https:\/\/pulse-beziers.fr\/wp-content\/uploads\/2024\/09\/Programme-Workshop-de-Beziers-20242.jpg","articleSection":["EVENEMENT","INDUSTRIE"],"inLanguage":"fr-FR"},{"@type":"WebPage","@id":"https:\/\/pulse-beziers.fr\/index.php\/2024\/09\/24\/workshop-lintegration-du-photovoltaique-dans-limmobilier-et-le-foncier\/","url":"https:\/\/pulse-beziers.fr\/index.php\/2024\/09\/24\/workshop-lintegration-du-photovoltaique-dans-limmobilier-et-le-foncier\/","name":"Workshop : L'int\u00e9gration du photovolta\u00efque dans l'immobilier et le foncier - PULSE","isPartOf":{"@id":"https:\/\/pulse-beziers.fr\/#website"},"primaryImageOfPage":{"@id":"https:\/\/pulse-beziers.fr\/index.php\/2024\/09\/24\/workshop-lintegration-du-photovoltaique-dans-limmobilier-et-le-foncier\/#primaryimage"},"image":{"@id":"https:\/\/pulse-beziers.fr\/index.php\/2024\/09\/24\/workshop-lintegration-du-photovoltaique-dans-limmobilier-et-le-foncier\/#primaryimage"},"thumbnailUrl":"https:\/\/pulse-beziers.fr\/wp-content\/uploads\/2024\/09\/Programme-Workshop-de-Beziers-20242.jpg","datePublished":"2024-09-24T15:15:23+00:00","dateModified":"2024-09-24T15:15:25+00:00","breadcrumb":{"@id":"https:\/\/pulse-beziers.fr\/index.php\/2024\/09\/24\/workshop-lintegration-du-photovoltaique-dans-limmobilier-et-le-foncier\/#breadcrumb"},"inLanguage":"fr-FR","potentialAction":[{"@type":"ReadAction","target":["https:\/\/pulse-beziers.fr\/index.php\/2024\/09\/24\/workshop-lintegration-du-photovoltaique-dans-limmobilier-et-le-foncier\/"]}]},{"@type":"ImageObject","inLanguage":"fr-FR","@id":"https:\/\/pulse-beziers.fr\/index.php\/2024\/09\/24\/workshop-lintegration-du-photovoltaique-dans-limmobilier-et-le-foncier\/#primaryimage","url":"https:\/\/pulse-beziers.fr\/wp-content\/uploads\/2024\/09\/Programme-Workshop-de-Beziers-20242.jpg","contentUrl":"https:\/\/pulse-beziers.fr\/wp-content\/uploads\/2024\/09\/Programme-Workshop-de-Beziers-20242.jpg","width":1920,"height":1080},{"@type":"BreadcrumbList","@id":"https:\/\/pulse-beziers.fr\/index.php\/2024\/09\/24\/workshop-lintegration-du-photovoltaique-dans-limmobilier-et-le-foncier\/#breadcrumb","itemListElement":[{"@type":"ListItem","position":1,"name":"Accueil","item":"https:\/\/pulse-beziers.fr\/"},{"@type":"ListItem","position":2,"name":"Workshop : L&#8217;int\u00e9gration du photovolta\u00efque dans l&#8217;immobilier et le foncier"}]},{"@type":"WebSite","@id":"https:\/\/pulse-beziers.fr\/#website","url":"https:\/\/pulse-beziers.fr\/","name":"PULSE","description":"B\u00e9ziers M\u00e9diterran\u00e9e","publisher":{"@id":"https:\/\/pulse-beziers.fr\/#organization"},"potentialAction":[{"@type":"SearchAction","target":{"@type":"EntryPoint","urlTemplate":"https:\/\/pulse-beziers.fr\/?s={search_term_string}"},"query-input":{"@type":"PropertyValueSpecification","valueRequired":true,"valueName":"search_term_string"}}],"inLanguage":"fr-FR"},{"@type":"Organization","@id":"https:\/\/pulse-beziers.fr\/#organization","name":"PULSE","url":"https:\/\/pulse-beziers.fr\/","logo":{"@type":"ImageObject","inLanguage":"fr-FR","@id":"https:\/\/pulse-beziers.fr\/#\/schema\/logo\/image\/","url":"https:\/\/pulse-beziers.fr\/wp-content\/uploads\/2023\/10\/PULSE_OK.png","contentUrl":"https:\/\/pulse-beziers.fr\/wp-content\/uploads\/2023\/10\/PULSE_OK.png","width":1490,"height":506,"caption":"PULSE"},"image":{"@id":"https:\/\/pulse-beziers.fr\/#\/schema\/logo\/image\/"}},{"@type":"Person","@id":"https:\/\/pulse-beziers.fr\/#\/schema\/person\/ce4160d5785562dc30723e520933e8e9","name":"Jordan","image":{"@type":"ImageObject","inLanguage":"fr-FR","@id":"https:\/\/secure.gravatar.com\/avatar\/ae88e378bde730769fc25248bfc128d509bc64fc2fad4d6455517f85742a87fd?s=96&d=mm&r=g","url":"https:\/\/secure.gravatar.com\/avatar\/ae88e378bde730769fc25248bfc128d509bc64fc2fad4d6455517f85742a87fd?s=96&d=mm&r=g","contentUrl":"https:\/\/secure.gravatar.com\/avatar\/ae88e378bde730769fc25248bfc128d509bc64fc2fad4d6455517f85742a87fd?s=96&d=mm&r=g","caption":"Jordan"},"url":"https:\/\/pulse-beziers.fr\/index.php\/author\/jordan\/"}]}},"jetpack_featured_media_url":"https:\/\/pulse-beziers.fr\/wp-content\/uploads\/2024\/09\/Programme-Workshop-de-Beziers-20242.jpg","jetpack_sharing_enabled":true,"_links":{"self":[{"href":"https:\/\/pulse-beziers.fr\/index.php\/wp-json\/wp\/v2\/posts\/5613","targetHints":{"allow":["GET"]}}],"collection":[{"href":"https:\/\/pulse-beziers.fr\/index.php\/wp-json\/wp\/v2\/posts"}],"about":[{"href":"https:\/\/pulse-beziers.fr\/index.php\/wp-json\/wp\/v2\/types\/post"}],"author":[{"embeddable":true,"href":"https:\/\/pulse-beziers.fr\/index.php\/wp-json\/wp\/v2\/users\/4"}],"replies":[{"embeddable":true,"href":"https:\/\/pulse-beziers.fr\/index.php\/wp-json\/wp\/v2\/comments?post=5613"}],"version-history":[{"count":1,"href":"https:\/\/pulse-beziers.fr\/index.php\/wp-json\/wp\/v2\/posts\/5613\/revisions"}],"predecessor-version":[{"id":5616,"href":"https:\/\/pulse-beziers.fr\/index.php\/wp-json\/wp\/v2\/posts\/5613\/revisions\/5616"}],"wp:featuredmedia":[{"embeddable":true,"href":"https:\/\/pulse-beziers.fr\/index.php\/wp-json\/wp\/v2\/media\/5614"}],"wp:attachment":[{"href":"https:\/\/pulse-beziers.fr\/index.php\/wp-json\/wp\/v2\/media?parent=5613"}],"wp:term":[{"taxonomy":"category","embeddable":true,"href":"https:\/\/pulse-beziers.fr\/index.php\/wp-json\/wp\/v2\/categories?post=5613"},{"taxonomy":"post_tag","embeddable":true,"href":"https:\/\/pulse-beziers.fr\/index.php\/wp-json\/wp\/v2\/tags?post=5613"}],"curies":[{"name":"wp","href":"https:\/\/api.w.org\/{rel}","templated":true}]}}