{"id":5671,"date":"2024-10-07T15:40:02","date_gmt":"2024-10-07T13:40:02","guid":{"rendered":"https:\/\/pulse-beziers.fr\/?p=5671"},"modified":"2024-10-07T15:40:04","modified_gmt":"2024-10-07T13:40:04","slug":"trois-belles-annees-a-venir","status":"publish","type":"post","link":"https:\/\/pulse-beziers.fr\/index.php\/2024\/10\/07\/trois-belles-annees-a-venir\/","title":{"rendered":"Trois belles ann\u00e9es \u00e0 venir"},"content":{"rendered":"\n<p><strong>L&#8217;enseigne <em>Aldi<\/em> vient de signer un contrat de trois ans avec la soci\u00e9t\u00e9 biterroise <a href=\"https:\/\/g.co\/kgs\/J3GsCHP\">Grand Terroir<\/a>, sp\u00e9cialis\u00e9e dans la production de vins IGP Pays d\u2019Oc.<\/strong><\/p>\n\n\n\n<p>Cet accord permettra aux viticulteurs locaux de commercialiser leurs vins sous la marque du distributeur dans ses 15 000 points de vente en France. Les vins rouges, blancs et ros\u00e9s, issus des terroirs du Biterrois, b\u00e9n\u00e9ficieront ainsi d&#8217;une large visibilit\u00e9 sur le march\u00e9 national.<\/p>\n\n\n\n<p>Roger Anthony, acheteur national pour <em>Aldi<\/em>, a soulign\u00e9 l\u2019importance de travailler avec des producteurs locaux, pr\u00e9cisant que ce partenariat pr\u00e9sente un fort int\u00e9r\u00eat pour les clients de l\u2019enseigne.<\/p>\n\n\n\n<p>Pour les viticulteurs, ce contrat repr\u00e9sente une bouff\u00e9e d\u2019air apr\u00e8s les difficult\u00e9s \u00e9conomiques et climatiques r\u00e9centes. Ce soutien d\u2019<em>Aldi<\/em> leur offre une belle opportunit\u00e9 de valoriser leur savoir-faire et d\u2019assurer l\u2019avenir de leur production.<\/p>\n\n\n\n<h3 class=\"wp-block-heading\">La viticulture au c\u0153ur des enjeux \u00e9conomiques locaux<\/h3>\n\n\n\n<p>Alors que la campagne de vendanges 2024 se termine, cet accord s\u2019inscrit dans un contexte difficile pour les exploitations viticoles de la r\u00e9gion. Elles ont en effet \u00e9t\u00e9 affect\u00e9es par des conditions m\u00e9t\u00e9orologiques d\u00e9favorables.<\/p>\n\n\n\n<p>Yann Mas, pr\u00e9sident de l\u2019association des producteurs, a rappel\u00e9 l&#8217;importance de telles initiatives pour soutenir les entreprises locales et encourager une production viticole durable.<\/p>\n\n\n\n<h3 class=\"wp-block-heading\">Le soutien de l\u2019Agglo \u00e0 la fili\u00e8re viticole<\/h3>\n\n\n\n<p>L&#8217;Agglom\u00e9ration B\u00e9ziers M\u00e9diterran\u00e9e, notamment \u00e0 travers <em>PULSE<\/em>, soutient activement les acteurs de la fili\u00e8re viticole. Elle propose notamment des accompagnements adapt\u00e9s et diverses subventions pour favoriser l\u2019implantation, la croissance et la transition \u00e9cologique des entreprises viticoles,<\/p>\n\n\n\n<p><strong>Ces initiatives participent au rayonnement du territoire et renforcent la comp\u00e9titivit\u00e9 des exploitations locales.<\/strong><\/p>\n\n\n\n<p>Pour en savoir plus sur les aides propos\u00e9es et pour vous faire accompagner, <a href=\"https:\/\/pulse-beziers.fr\/index.php\/contact\/\">contactez <em>PULSE<\/em> en cliquant ici.<\/a><\/p>\n","protected":false},"excerpt":{"rendered":"<p>L&#8217;enseigne Aldi vient de signer un contrat de trois ans avec la soci\u00e9t\u00e9 biterroise Grand Terroir, sp\u00e9cialis\u00e9e dans la production de vins IGP Pays d\u2019Oc. Cet accord permettra aux viticulteurs locaux de commercialiser leurs vins sous la marque du distributeur dans ses 15 000 points de vente en France. Les vins rouges, blancs et ros\u00e9s, [&hellip;]<\/p>\n","protected":false},"author":4,"featured_media":5672,"comment_status":"closed","ping_status":"closed","sticky":false,"template":"","format":"standard","meta":{"_jetpack_memberships_contains_paid_content":false,"footnotes":""},"categories":[6],"tags":[],"class_list":["post-5671","post","type-post","status-publish","format-standard","has-post-thumbnail","hentry","category-economie"],"yoast_head":"<!-- This site is optimized with the Yoast SEO plugin v27.3 - https:\/\/yoast.com\/product\/yoast-seo-wordpress\/ -->\n<title>Le groupe Aldi et le biterrois Grand Terroir s&#039;allient pour 3 ans - PULSE<\/title>\n<meta name=\"description\" content=\"La soci\u00e9t\u00e9 Aldi vient de signer un contrat de trois ans avec la soci\u00e9t\u00e9 biterroise Grand Terroir, permettant de p\u00e9renniser les exploitations locales.\" \/>\n<meta name=\"robots\" content=\"index, follow, max-snippet:-1, max-image-preview:large, max-video-preview:-1\" \/>\n<link rel=\"canonical\" href=\"https:\/\/pulse-beziers.fr\/index.php\/2024\/10\/07\/trois-belles-annees-a-venir\/\" \/>\n<meta property=\"og:locale\" content=\"fr_FR\" \/>\n<meta property=\"og:type\" content=\"article\" \/>\n<meta property=\"og:title\" content=\"Le groupe Aldi et le biterrois Grand Terroir s&#039;allient pour 3 ans - PULSE\" \/>\n<meta property=\"og:description\" content=\"La soci\u00e9t\u00e9 Aldi vient de signer un contrat de trois ans avec la soci\u00e9t\u00e9 biterroise Grand Terroir, permettant de p\u00e9renniser les exploitations locales.\" \/>\n<meta property=\"og:url\" content=\"https:\/\/pulse-beziers.fr\/index.php\/2024\/10\/07\/trois-belles-annees-a-venir\/\" \/>\n<meta property=\"og:site_name\" content=\"PULSE\" \/>\n<meta property=\"article:published_time\" content=\"2024-10-07T13:40:02+00:00\" \/>\n<meta property=\"article:modified_time\" content=\"2024-10-07T13:40:04+00:00\" \/>\n<meta property=\"og:image\" content=\"https:\/\/pulse-beziers.fr\/wp-content\/uploads\/2024\/10\/GRAND-TERROIR-PHOTO.jpg\" \/>\n\t<meta property=\"og:image:width\" content=\"1638\" \/>\n\t<meta property=\"og:image:height\" content=\"1159\" \/>\n\t<meta property=\"og:image:type\" content=\"image\/jpeg\" \/>\n<meta name=\"author\" content=\"Jordan\" \/>\n<meta name=\"twitter:card\" content=\"summary_large_image\" \/>\n<meta name=\"twitter:label1\" content=\"\u00c9crit par\" \/>\n\t<meta name=\"twitter:data1\" content=\"Jordan\" \/>\n\t<meta name=\"twitter:label2\" content=\"Dur\u00e9e de lecture estim\u00e9e\" \/>\n\t<meta name=\"twitter:data2\" content=\"2 minutes\" \/>\n<script type=\"application\/ld+json\" class=\"yoast-schema-graph\">{\"@context\":\"https:\\\/\\\/schema.org\",\"@graph\":[{\"@type\":\"Article\",\"@id\":\"https:\\\/\\\/pulse-beziers.fr\\\/index.php\\\/2024\\\/10\\\/07\\\/trois-belles-annees-a-venir\\\/#article\",\"isPartOf\":{\"@id\":\"https:\\\/\\\/pulse-beziers.fr\\\/index.php\\\/2024\\\/10\\\/07\\\/trois-belles-annees-a-venir\\\/\"},\"author\":{\"name\":\"Jordan\",\"@id\":\"https:\\\/\\\/pulse-beziers.fr\\\/#\\\/schema\\\/person\\\/ce4160d5785562dc30723e520933e8e9\"},\"headline\":\"Trois belles ann\u00e9es \u00e0 venir\",\"datePublished\":\"2024-10-07T13:40:02+00:00\",\"dateModified\":\"2024-10-07T13:40:04+00:00\",\"mainEntityOfPage\":{\"@id\":\"https:\\\/\\\/pulse-beziers.fr\\\/index.php\\\/2024\\\/10\\\/07\\\/trois-belles-annees-a-venir\\\/\"},\"wordCount\":315,\"publisher\":{\"@id\":\"https:\\\/\\\/pulse-beziers.fr\\\/#organization\"},\"image\":{\"@id\":\"https:\\\/\\\/pulse-beziers.fr\\\/index.php\\\/2024\\\/10\\\/07\\\/trois-belles-annees-a-venir\\\/#primaryimage\"},\"thumbnailUrl\":\"https:\\\/\\\/pulse-beziers.fr\\\/wp-content\\\/uploads\\\/2024\\\/10\\\/GRAND-TERROIR-PHOTO.jpg\",\"articleSection\":[\"ECONOMIE\"],\"inLanguage\":\"fr-FR\"},{\"@type\":\"WebPage\",\"@id\":\"https:\\\/\\\/pulse-beziers.fr\\\/index.php\\\/2024\\\/10\\\/07\\\/trois-belles-annees-a-venir\\\/\",\"url\":\"https:\\\/\\\/pulse-beziers.fr\\\/index.php\\\/2024\\\/10\\\/07\\\/trois-belles-annees-a-venir\\\/\",\"name\":\"Le groupe Aldi et le biterrois Grand Terroir s'allient pour 3 ans - PULSE\",\"isPartOf\":{\"@id\":\"https:\\\/\\\/pulse-beziers.fr\\\/#website\"},\"primaryImageOfPage\":{\"@id\":\"https:\\\/\\\/pulse-beziers.fr\\\/index.php\\\/2024\\\/10\\\/07\\\/trois-belles-annees-a-venir\\\/#primaryimage\"},\"image\":{\"@id\":\"https:\\\/\\\/pulse-beziers.fr\\\/index.php\\\/2024\\\/10\\\/07\\\/trois-belles-annees-a-venir\\\/#primaryimage\"},\"thumbnailUrl\":\"https:\\\/\\\/pulse-beziers.fr\\\/wp-content\\\/uploads\\\/2024\\\/10\\\/GRAND-TERROIR-PHOTO.jpg\",\"datePublished\":\"2024-10-07T13:40:02+00:00\",\"dateModified\":\"2024-10-07T13:40:04+00:00\",\"description\":\"La soci\u00e9t\u00e9 Aldi vient de signer un contrat de trois ans avec la soci\u00e9t\u00e9 biterroise Grand Terroir, permettant de p\u00e9renniser les exploitations locales.\",\"breadcrumb\":{\"@id\":\"https:\\\/\\\/pulse-beziers.fr\\\/index.php\\\/2024\\\/10\\\/07\\\/trois-belles-annees-a-venir\\\/#breadcrumb\"},\"inLanguage\":\"fr-FR\",\"potentialAction\":[{\"@type\":\"ReadAction\",\"target\":[\"https:\\\/\\\/pulse-beziers.fr\\\/index.php\\\/2024\\\/10\\\/07\\\/trois-belles-annees-a-venir\\\/\"]}]},{\"@type\":\"ImageObject\",\"inLanguage\":\"fr-FR\",\"@id\":\"https:\\\/\\\/pulse-beziers.fr\\\/index.php\\\/2024\\\/10\\\/07\\\/trois-belles-annees-a-venir\\\/#primaryimage\",\"url\":\"https:\\\/\\\/pulse-beziers.fr\\\/wp-content\\\/uploads\\\/2024\\\/10\\\/GRAND-TERROIR-PHOTO.jpg\",\"contentUrl\":\"https:\\\/\\\/pulse-beziers.fr\\\/wp-content\\\/uploads\\\/2024\\\/10\\\/GRAND-TERROIR-PHOTO.jpg\",\"width\":1638,\"height\":1159},{\"@type\":\"BreadcrumbList\",\"@id\":\"https:\\\/\\\/pulse-beziers.fr\\\/index.php\\\/2024\\\/10\\\/07\\\/trois-belles-annees-a-venir\\\/#breadcrumb\",\"itemListElement\":[{\"@type\":\"ListItem\",\"position\":1,\"name\":\"Accueil\",\"item\":\"https:\\\/\\\/pulse-beziers.fr\\\/\"},{\"@type\":\"ListItem\",\"position\":2,\"name\":\"Trois belles ann\u00e9es \u00e0 venir\"}]},{\"@type\":\"WebSite\",\"@id\":\"https:\\\/\\\/pulse-beziers.fr\\\/#website\",\"url\":\"https:\\\/\\\/pulse-beziers.fr\\\/\",\"name\":\"PULSE\",\"description\":\"B\u00e9ziers M\u00e9diterran\u00e9e\",\"publisher\":{\"@id\":\"https:\\\/\\\/pulse-beziers.fr\\\/#organization\"},\"potentialAction\":[{\"@type\":\"SearchAction\",\"target\":{\"@type\":\"EntryPoint\",\"urlTemplate\":\"https:\\\/\\\/pulse-beziers.fr\\\/?s={search_term_string}\"},\"query-input\":{\"@type\":\"PropertyValueSpecification\",\"valueRequired\":true,\"valueName\":\"search_term_string\"}}],\"inLanguage\":\"fr-FR\"},{\"@type\":\"Organization\",\"@id\":\"https:\\\/\\\/pulse-beziers.fr\\\/#organization\",\"name\":\"PULSE\",\"url\":\"https:\\\/\\\/pulse-beziers.fr\\\/\",\"logo\":{\"@type\":\"ImageObject\",\"inLanguage\":\"fr-FR\",\"@id\":\"https:\\\/\\\/pulse-beziers.fr\\\/#\\\/schema\\\/logo\\\/image\\\/\",\"url\":\"https:\\\/\\\/pulse-beziers.fr\\\/wp-content\\\/uploads\\\/2023\\\/10\\\/PULSE_OK.png\",\"contentUrl\":\"https:\\\/\\\/pulse-beziers.fr\\\/wp-content\\\/uploads\\\/2023\\\/10\\\/PULSE_OK.png\",\"width\":1490,\"height\":506,\"caption\":\"PULSE\"},\"image\":{\"@id\":\"https:\\\/\\\/pulse-beziers.fr\\\/#\\\/schema\\\/logo\\\/image\\\/\"}},{\"@type\":\"Person\",\"@id\":\"https:\\\/\\\/pulse-beziers.fr\\\/#\\\/schema\\\/person\\\/ce4160d5785562dc30723e520933e8e9\",\"name\":\"Jordan\",\"image\":{\"@type\":\"ImageObject\",\"inLanguage\":\"fr-FR\",\"@id\":\"https:\\\/\\\/secure.gravatar.com\\\/avatar\\\/ae88e378bde730769fc25248bfc128d509bc64fc2fad4d6455517f85742a87fd?s=96&d=mm&r=g\",\"url\":\"https:\\\/\\\/secure.gravatar.com\\\/avatar\\\/ae88e378bde730769fc25248bfc128d509bc64fc2fad4d6455517f85742a87fd?s=96&d=mm&r=g\",\"contentUrl\":\"https:\\\/\\\/secure.gravatar.com\\\/avatar\\\/ae88e378bde730769fc25248bfc128d509bc64fc2fad4d6455517f85742a87fd?s=96&d=mm&r=g\",\"caption\":\"Jordan\"},\"url\":\"https:\\\/\\\/pulse-beziers.fr\\\/index.php\\\/author\\\/jordan\\\/\"}]}<\/script>\n<!-- \/ Yoast SEO plugin. -->","yoast_head_json":{"title":"Le groupe Aldi et le biterrois Grand Terroir s'allient pour 3 ans - PULSE","description":"La soci\u00e9t\u00e9 Aldi vient de signer un contrat de trois ans avec la soci\u00e9t\u00e9 biterroise Grand Terroir, permettant de p\u00e9renniser les exploitations locales.","robots":{"index":"index","follow":"follow","max-snippet":"max-snippet:-1","max-image-preview":"max-image-preview:large","max-video-preview":"max-video-preview:-1"},"canonical":"https:\/\/pulse-beziers.fr\/index.php\/2024\/10\/07\/trois-belles-annees-a-venir\/","og_locale":"fr_FR","og_type":"article","og_title":"Le groupe Aldi et le biterrois Grand Terroir s'allient pour 3 ans - PULSE","og_description":"La soci\u00e9t\u00e9 Aldi vient de signer un contrat de trois ans avec la soci\u00e9t\u00e9 biterroise Grand Terroir, permettant de p\u00e9renniser les exploitations locales.","og_url":"https:\/\/pulse-beziers.fr\/index.php\/2024\/10\/07\/trois-belles-annees-a-venir\/","og_site_name":"PULSE","article_published_time":"2024-10-07T13:40:02+00:00","article_modified_time":"2024-10-07T13:40:04+00:00","og_image":[{"width":1638,"height":1159,"url":"https:\/\/pulse-beziers.fr\/wp-content\/uploads\/2024\/10\/GRAND-TERROIR-PHOTO.jpg","type":"image\/jpeg"}],"author":"Jordan","twitter_card":"summary_large_image","twitter_misc":{"\u00c9crit par":"Jordan","Dur\u00e9e de lecture estim\u00e9e":"2 minutes"},"schema":{"@context":"https:\/\/schema.org","@graph":[{"@type":"Article","@id":"https:\/\/pulse-beziers.fr\/index.php\/2024\/10\/07\/trois-belles-annees-a-venir\/#article","isPartOf":{"@id":"https:\/\/pulse-beziers.fr\/index.php\/2024\/10\/07\/trois-belles-annees-a-venir\/"},"author":{"name":"Jordan","@id":"https:\/\/pulse-beziers.fr\/#\/schema\/person\/ce4160d5785562dc30723e520933e8e9"},"headline":"Trois belles ann\u00e9es \u00e0 venir","datePublished":"2024-10-07T13:40:02+00:00","dateModified":"2024-10-07T13:40:04+00:00","mainEntityOfPage":{"@id":"https:\/\/pulse-beziers.fr\/index.php\/2024\/10\/07\/trois-belles-annees-a-venir\/"},"wordCount":315,"publisher":{"@id":"https:\/\/pulse-beziers.fr\/#organization"},"image":{"@id":"https:\/\/pulse-beziers.fr\/index.php\/2024\/10\/07\/trois-belles-annees-a-venir\/#primaryimage"},"thumbnailUrl":"https:\/\/pulse-beziers.fr\/wp-content\/uploads\/2024\/10\/GRAND-TERROIR-PHOTO.jpg","articleSection":["ECONOMIE"],"inLanguage":"fr-FR"},{"@type":"WebPage","@id":"https:\/\/pulse-beziers.fr\/index.php\/2024\/10\/07\/trois-belles-annees-a-venir\/","url":"https:\/\/pulse-beziers.fr\/index.php\/2024\/10\/07\/trois-belles-annees-a-venir\/","name":"Le groupe Aldi et le biterrois Grand Terroir s'allient pour 3 ans - PULSE","isPartOf":{"@id":"https:\/\/pulse-beziers.fr\/#website"},"primaryImageOfPage":{"@id":"https:\/\/pulse-beziers.fr\/index.php\/2024\/10\/07\/trois-belles-annees-a-venir\/#primaryimage"},"image":{"@id":"https:\/\/pulse-beziers.fr\/index.php\/2024\/10\/07\/trois-belles-annees-a-venir\/#primaryimage"},"thumbnailUrl":"https:\/\/pulse-beziers.fr\/wp-content\/uploads\/2024\/10\/GRAND-TERROIR-PHOTO.jpg","datePublished":"2024-10-07T13:40:02+00:00","dateModified":"2024-10-07T13:40:04+00:00","description":"La soci\u00e9t\u00e9 Aldi vient de signer un contrat de trois ans avec la soci\u00e9t\u00e9 biterroise Grand Terroir, permettant de p\u00e9renniser les exploitations locales.","breadcrumb":{"@id":"https:\/\/pulse-beziers.fr\/index.php\/2024\/10\/07\/trois-belles-annees-a-venir\/#breadcrumb"},"inLanguage":"fr-FR","potentialAction":[{"@type":"ReadAction","target":["https:\/\/pulse-beziers.fr\/index.php\/2024\/10\/07\/trois-belles-annees-a-venir\/"]}]},{"@type":"ImageObject","inLanguage":"fr-FR","@id":"https:\/\/pulse-beziers.fr\/index.php\/2024\/10\/07\/trois-belles-annees-a-venir\/#primaryimage","url":"https:\/\/pulse-beziers.fr\/wp-content\/uploads\/2024\/10\/GRAND-TERROIR-PHOTO.jpg","contentUrl":"https:\/\/pulse-beziers.fr\/wp-content\/uploads\/2024\/10\/GRAND-TERROIR-PHOTO.jpg","width":1638,"height":1159},{"@type":"BreadcrumbList","@id":"https:\/\/pulse-beziers.fr\/index.php\/2024\/10\/07\/trois-belles-annees-a-venir\/#breadcrumb","itemListElement":[{"@type":"ListItem","position":1,"name":"Accueil","item":"https:\/\/pulse-beziers.fr\/"},{"@type":"ListItem","position":2,"name":"Trois belles ann\u00e9es \u00e0 venir"}]},{"@type":"WebSite","@id":"https:\/\/pulse-beziers.fr\/#website","url":"https:\/\/pulse-beziers.fr\/","name":"PULSE","description":"B\u00e9ziers M\u00e9diterran\u00e9e","publisher":{"@id":"https:\/\/pulse-beziers.fr\/#organization"},"potentialAction":[{"@type":"SearchAction","target":{"@type":"EntryPoint","urlTemplate":"https:\/\/pulse-beziers.fr\/?s={search_term_string}"},"query-input":{"@type":"PropertyValueSpecification","valueRequired":true,"valueName":"search_term_string"}}],"inLanguage":"fr-FR"},{"@type":"Organization","@id":"https:\/\/pulse-beziers.fr\/#organization","name":"PULSE","url":"https:\/\/pulse-beziers.fr\/","logo":{"@type":"ImageObject","inLanguage":"fr-FR","@id":"https:\/\/pulse-beziers.fr\/#\/schema\/logo\/image\/","url":"https:\/\/pulse-beziers.fr\/wp-content\/uploads\/2023\/10\/PULSE_OK.png","contentUrl":"https:\/\/pulse-beziers.fr\/wp-content\/uploads\/2023\/10\/PULSE_OK.png","width":1490,"height":506,"caption":"PULSE"},"image":{"@id":"https:\/\/pulse-beziers.fr\/#\/schema\/logo\/image\/"}},{"@type":"Person","@id":"https:\/\/pulse-beziers.fr\/#\/schema\/person\/ce4160d5785562dc30723e520933e8e9","name":"Jordan","image":{"@type":"ImageObject","inLanguage":"fr-FR","@id":"https:\/\/secure.gravatar.com\/avatar\/ae88e378bde730769fc25248bfc128d509bc64fc2fad4d6455517f85742a87fd?s=96&d=mm&r=g","url":"https:\/\/secure.gravatar.com\/avatar\/ae88e378bde730769fc25248bfc128d509bc64fc2fad4d6455517f85742a87fd?s=96&d=mm&r=g","contentUrl":"https:\/\/secure.gravatar.com\/avatar\/ae88e378bde730769fc25248bfc128d509bc64fc2fad4d6455517f85742a87fd?s=96&d=mm&r=g","caption":"Jordan"},"url":"https:\/\/pulse-beziers.fr\/index.php\/author\/jordan\/"}]}},"jetpack_featured_media_url":"https:\/\/pulse-beziers.fr\/wp-content\/uploads\/2024\/10\/GRAND-TERROIR-PHOTO.jpg","jetpack_sharing_enabled":true,"_links":{"self":[{"href":"https:\/\/pulse-beziers.fr\/index.php\/wp-json\/wp\/v2\/posts\/5671","targetHints":{"allow":["GET"]}}],"collection":[{"href":"https:\/\/pulse-beziers.fr\/index.php\/wp-json\/wp\/v2\/posts"}],"about":[{"href":"https:\/\/pulse-beziers.fr\/index.php\/wp-json\/wp\/v2\/types\/post"}],"author":[{"embeddable":true,"href":"https:\/\/pulse-beziers.fr\/index.php\/wp-json\/wp\/v2\/users\/4"}],"replies":[{"embeddable":true,"href":"https:\/\/pulse-beziers.fr\/index.php\/wp-json\/wp\/v2\/comments?post=5671"}],"version-history":[{"count":1,"href":"https:\/\/pulse-beziers.fr\/index.php\/wp-json\/wp\/v2\/posts\/5671\/revisions"}],"predecessor-version":[{"id":5673,"href":"https:\/\/pulse-beziers.fr\/index.php\/wp-json\/wp\/v2\/posts\/5671\/revisions\/5673"}],"wp:featuredmedia":[{"embeddable":true,"href":"https:\/\/pulse-beziers.fr\/index.php\/wp-json\/wp\/v2\/media\/5672"}],"wp:attachment":[{"href":"https:\/\/pulse-beziers.fr\/index.php\/wp-json\/wp\/v2\/media?parent=5671"}],"wp:term":[{"taxonomy":"category","embeddable":true,"href":"https:\/\/pulse-beziers.fr\/index.php\/wp-json\/wp\/v2\/categories?post=5671"},{"taxonomy":"post_tag","embeddable":true,"href":"https:\/\/pulse-beziers.fr\/index.php\/wp-json\/wp\/v2\/tags?post=5671"}],"curies":[{"name":"wp","href":"https:\/\/api.w.org\/{rel}","templated":true}]}}