{"id":5825,"date":"2024-11-04T16:49:23","date_gmt":"2024-11-04T15:49:23","guid":{"rendered":"https:\/\/pulse-beziers.fr\/?p=5825"},"modified":"2024-11-07T10:59:53","modified_gmt":"2024-11-07T09:59:53","slug":"se-former-pour-les-metiers-de-demain","status":"publish","type":"post","link":"https:\/\/pulse-beziers.fr\/index.php\/2024\/11\/04\/se-former-pour-les-metiers-de-demain\/","title":{"rendered":"Se former pour les m\u00e9tiers de demain"},"content":{"rendered":"\n<p><strong>Ce lundi 4 novembre 2024 dans les locaux de l\u2019AFPA de B\u00e9ziers la seconde session des parcours de r\u00e9ussite EDEN a \u00e9t\u00e9 lanc\u00e9e. La R\u00e9gion, France Travail Occitanie, l\u2019UIMM ainsi que l\u2019OPCO 2i en sont \u00e0 l\u2019initiative.<\/strong><\/p>\n\n\n\n<p>Devant les diff\u00e9rents partenaires, futurs apprentis, tuteurs et repr\u00e9sentants d\u2019entreprises, les organismes \u00e0 l\u2019origine du parcours de r\u00e9ussite EDEN ont pris la parole.<\/p>\n\n\n\n<p><em>Pour rappel&nbsp;; le parcours de r\u00e9ussite EDEN offre aux demandeurs d\u2019emploi la possibilit\u00e9 de se reconvertir en se formant aux m\u00e9tiers industriels de demain. Il est le fruit d\u2019un partenariat in\u00e9dit entre les industriels biterrois et 5 organismes de formation&nbsp;: Purple Campus, l\u2019AFPA, L\u2019AFPI, le GRETA-CFA et IFRIA.<\/em><\/p>\n\n\n\n<p>L\u2019int\u00e9gration de ce dernier caract\u00e9rise une des nouveaut\u00e9s de cette seconde session, \u00e0 savoir l\u2019ouverture des parcours de r\u00e9ussite EDEN aux m\u00e9tiers de l\u2019Industrie Agroalimentaire.<\/p>\n\n\n\n<h4 class=\"wp-block-heading\">EDEN, Ecosyst\u00e8me Durable &amp; Energies Naturelles<\/h4>\n\n\n\n<p>Luc MAS, Directeur G\u00e9n\u00e9ral de SLB B\u00e9ziers, a d\u2019abord pr\u00e9sent\u00e9 ce qu\u2019\u00e9tait EDEN et la singularit\u00e9 de notre territoire. Ce dernier, ensoleill\u00e9, vent\u00e9 et bord\u00e9 par une mer profonde, offre d\u2019incroyables opportunit\u00e9s sur le plan des industries renouvelables.<\/p>\n\n\n\n<p>L\u2019id\u00e9e d\u2019EDEN, c\u2019est de capitaliser sur ces forces, en profitant d\u2019un contexte politique plus que jamais favorable. Cette dynamique a pour vocation de faire \u00e9merger un nouveau syst\u00e8me de fonctionnement, notamment au travers de la d\u00e9carbonation de la production d\u2019hydrog\u00e8ne.<\/p>\n\n\n\n<p>Nathalie BOISJOT, pilier comp\u00e9tence de l\u2019EDEN, est, de son c\u00f4t\u00e9, revenue sur les constats ayant amen\u00e9 le lancement des parcours de r\u00e9ussite :<\/p>\n\n\n\n<ul class=\"wp-block-list\">\n<li>Absence de formations industrielles sur le territoire<\/li>\n\n\n\n<li>La majorit\u00e9 des m\u00e9tiers et comp\u00e9tences industriels en tension poss\u00e9daient des bases similaires<\/li>\n<\/ul>\n\n\n\n<h4 class=\"wp-block-heading\">Des organismes de formation optimistes<\/h4>\n\n\n\n<p>Annie BRINET, Directrice G\u00e9n\u00e9rale de l\u2019AFPA Occitanie, Dominique CRAYSSAC, Directeur G\u00e9n\u00e9ral de Purple Campus, Aur\u00e9lie MONTEILLET, Directrice de l\u2019AFPI Occitanie, Pierre FOURNIER, Directeur du Lyc\u00e9e Jean Moulin et du GRETA-CFA ainsi que Guillaume RAVERDY, Directeur du CFA IFRIA ont ensuite pris la parole au nom de leurs organismes respectifs.<\/p>\n\n\n\n<p>Tous sans exception ont f\u00e9licit\u00e9 les entreprises participantes ainsi que les stagiaires qui int\u00e8greront le parcours prochainement.<\/p>\n\n\n\n<p>La premi\u00e8re session lanc\u00e9e en 2023 comptait 24 stagiaires et 9 entreprises. Cette ann\u00e9e, ce n\u2019est pas moins de 32 stagiaires qui ont \u00e9t\u00e9 retenus pour 19 entreprises&nbsp;repr\u00e9sent\u00e9es !<\/p>\n\n\n\n<h4 class=\"wp-block-heading\">Des organisateurs reconnaissants<\/h4>\n\n\n\n<p>Les repr\u00e9sentants de la R\u00e9gion Occitanie et C\u00e9line CHAUVET, Directrice Territoriale D\u00e9l\u00e9gu\u00e9e de France Travail H\u00e9rault ont finalement pris le micro pour rappeler l\u2019importance d\u2019une telle initiative.<\/p>\n\n\n\n<p><strong><em>PULSE<\/em> tient \u00e0 f\u00e9liciter les \u00e9quipes de France Travail B\u00e9ziers ainsi que les organismes de formation pour ce partenariat in\u00e9dit dans la R\u00e9gion&nbsp;! Cette collaboration facilitera \u00e0 coup sur le recrutement dans les entreprises qui contribuent \u00e0 la richesse et l\u2019attractivit\u00e9 de notre territoire.<\/strong><\/p>\n\n\n\n<p><em>Vous souhaitez plus de renseignements sur les parcours de r\u00e9ussite&nbsp;? Contactez le bin\u00f4me Industrie de France Travail B\u00e9ziers&nbsp;: Sabine DELMOULY et Lisa MORLOT : <a href=\"mailto:industrie.34601@francetravail.fr\">industrie.34601@francetravail.fr<\/a><\/em><\/p>\n\n\n\n<p><em><a href=\"https:\/\/pulse-beziers.fr\/index.php\/adherez\/\">Pour tout savoir sur les \u00e9v\u00e9nements \u00e9conomiques du Biterrois, rejoignez le r\u00e9seau PULSE en cliquant ici.<\/a><\/em><\/p>\n","protected":false},"excerpt":{"rendered":"<p>Ce lundi 4 novembre 2024 dans les locaux de l\u2019AFPA de B\u00e9ziers la seconde session des parcours de r\u00e9ussite EDEN a \u00e9t\u00e9 lanc\u00e9e. La R\u00e9gion, France Travail Occitanie, l\u2019UIMM ainsi que l\u2019OPCO 2i en sont \u00e0 l\u2019initiative. Devant les diff\u00e9rents partenaires, futurs apprentis, tuteurs et repr\u00e9sentants d\u2019entreprises, les organismes \u00e0 l\u2019origine du parcours de r\u00e9ussite [&hellip;]<\/p>\n","protected":false},"author":4,"featured_media":5826,"comment_status":"open","ping_status":"open","sticky":false,"template":"","format":"standard","meta":{"_jetpack_memberships_contains_paid_content":false,"footnotes":""},"categories":[4,8],"tags":[],"class_list":["post-5825","post","type-post","status-publish","format-standard","has-post-thumbnail","hentry","category-evenement","category-formation"],"yoast_head":"<!-- This site is optimized with the Yoast SEO plugin v27.3 - https:\/\/yoast.com\/product\/yoast-seo-wordpress\/ -->\n<title>Se former pour les m\u00e9tiers de demain - PULSE<\/title>\n<meta name=\"description\" content=\"PULSE a particip\u00e9 au lancement de la seconde session du parcours de r\u00e9ussite EDEN \u00e0 B\u00e9ziers !\" \/>\n<meta name=\"robots\" content=\"index, follow, max-snippet:-1, max-image-preview:large, max-video-preview:-1\" \/>\n<link rel=\"canonical\" href=\"https:\/\/pulse-beziers.fr\/index.php\/2024\/11\/04\/se-former-pour-les-metiers-de-demain\/\" \/>\n<meta property=\"og:locale\" content=\"fr_FR\" \/>\n<meta property=\"og:type\" content=\"article\" \/>\n<meta property=\"og:title\" content=\"Se former pour les m\u00e9tiers de demain - PULSE\" \/>\n<meta property=\"og:description\" content=\"PULSE a particip\u00e9 au lancement de la seconde session du parcours de r\u00e9ussite EDEN \u00e0 B\u00e9ziers !\" \/>\n<meta property=\"og:url\" content=\"https:\/\/pulse-beziers.fr\/index.php\/2024\/11\/04\/se-former-pour-les-metiers-de-demain\/\" \/>\n<meta property=\"og:site_name\" content=\"PULSE\" \/>\n<meta property=\"article:published_time\" content=\"2024-11-04T15:49:23+00:00\" \/>\n<meta property=\"article:modified_time\" content=\"2024-11-07T09:59:53+00:00\" \/>\n<meta property=\"og:image\" content=\"https:\/\/pulse-beziers.fr\/wp-content\/uploads\/2024\/11\/EDEN.jpg\" \/>\n\t<meta property=\"og:image:width\" content=\"1448\" \/>\n\t<meta property=\"og:image:height\" content=\"1025\" \/>\n\t<meta property=\"og:image:type\" content=\"image\/jpeg\" \/>\n<meta name=\"author\" content=\"Jordan\" \/>\n<meta name=\"twitter:card\" content=\"summary_large_image\" \/>\n<meta name=\"twitter:label1\" content=\"\u00c9crit par\" \/>\n\t<meta name=\"twitter:data1\" content=\"Jordan\" \/>\n\t<meta name=\"twitter:label2\" content=\"Dur\u00e9e de lecture estim\u00e9e\" \/>\n\t<meta name=\"twitter:data2\" content=\"3 minutes\" \/>\n<script type=\"application\/ld+json\" class=\"yoast-schema-graph\">{\"@context\":\"https:\\\/\\\/schema.org\",\"@graph\":[{\"@type\":\"Article\",\"@id\":\"https:\\\/\\\/pulse-beziers.fr\\\/index.php\\\/2024\\\/11\\\/04\\\/se-former-pour-les-metiers-de-demain\\\/#article\",\"isPartOf\":{\"@id\":\"https:\\\/\\\/pulse-beziers.fr\\\/index.php\\\/2024\\\/11\\\/04\\\/se-former-pour-les-metiers-de-demain\\\/\"},\"author\":{\"name\":\"Jordan\",\"@id\":\"https:\\\/\\\/pulse-beziers.fr\\\/#\\\/schema\\\/person\\\/ce4160d5785562dc30723e520933e8e9\"},\"headline\":\"Se former pour les m\u00e9tiers de demain\",\"datePublished\":\"2024-11-04T15:49:23+00:00\",\"dateModified\":\"2024-11-07T09:59:53+00:00\",\"mainEntityOfPage\":{\"@id\":\"https:\\\/\\\/pulse-beziers.fr\\\/index.php\\\/2024\\\/11\\\/04\\\/se-former-pour-les-metiers-de-demain\\\/\"},\"wordCount\":563,\"commentCount\":0,\"publisher\":{\"@id\":\"https:\\\/\\\/pulse-beziers.fr\\\/#organization\"},\"image\":{\"@id\":\"https:\\\/\\\/pulse-beziers.fr\\\/index.php\\\/2024\\\/11\\\/04\\\/se-former-pour-les-metiers-de-demain\\\/#primaryimage\"},\"thumbnailUrl\":\"https:\\\/\\\/pulse-beziers.fr\\\/wp-content\\\/uploads\\\/2024\\\/11\\\/EDEN.jpg\",\"articleSection\":[\"EVENEMENT\",\"FORMATION\"],\"inLanguage\":\"fr-FR\",\"potentialAction\":[{\"@type\":\"CommentAction\",\"name\":\"Comment\",\"target\":[\"https:\\\/\\\/pulse-beziers.fr\\\/index.php\\\/2024\\\/11\\\/04\\\/se-former-pour-les-metiers-de-demain\\\/#respond\"]}]},{\"@type\":\"WebPage\",\"@id\":\"https:\\\/\\\/pulse-beziers.fr\\\/index.php\\\/2024\\\/11\\\/04\\\/se-former-pour-les-metiers-de-demain\\\/\",\"url\":\"https:\\\/\\\/pulse-beziers.fr\\\/index.php\\\/2024\\\/11\\\/04\\\/se-former-pour-les-metiers-de-demain\\\/\",\"name\":\"Se former pour les m\u00e9tiers de demain - PULSE\",\"isPartOf\":{\"@id\":\"https:\\\/\\\/pulse-beziers.fr\\\/#website\"},\"primaryImageOfPage\":{\"@id\":\"https:\\\/\\\/pulse-beziers.fr\\\/index.php\\\/2024\\\/11\\\/04\\\/se-former-pour-les-metiers-de-demain\\\/#primaryimage\"},\"image\":{\"@id\":\"https:\\\/\\\/pulse-beziers.fr\\\/index.php\\\/2024\\\/11\\\/04\\\/se-former-pour-les-metiers-de-demain\\\/#primaryimage\"},\"thumbnailUrl\":\"https:\\\/\\\/pulse-beziers.fr\\\/wp-content\\\/uploads\\\/2024\\\/11\\\/EDEN.jpg\",\"datePublished\":\"2024-11-04T15:49:23+00:00\",\"dateModified\":\"2024-11-07T09:59:53+00:00\",\"description\":\"PULSE a particip\u00e9 au lancement de la seconde session du parcours de r\u00e9ussite EDEN \u00e0 B\u00e9ziers !\",\"breadcrumb\":{\"@id\":\"https:\\\/\\\/pulse-beziers.fr\\\/index.php\\\/2024\\\/11\\\/04\\\/se-former-pour-les-metiers-de-demain\\\/#breadcrumb\"},\"inLanguage\":\"fr-FR\",\"potentialAction\":[{\"@type\":\"ReadAction\",\"target\":[\"https:\\\/\\\/pulse-beziers.fr\\\/index.php\\\/2024\\\/11\\\/04\\\/se-former-pour-les-metiers-de-demain\\\/\"]}]},{\"@type\":\"ImageObject\",\"inLanguage\":\"fr-FR\",\"@id\":\"https:\\\/\\\/pulse-beziers.fr\\\/index.php\\\/2024\\\/11\\\/04\\\/se-former-pour-les-metiers-de-demain\\\/#primaryimage\",\"url\":\"https:\\\/\\\/pulse-beziers.fr\\\/wp-content\\\/uploads\\\/2024\\\/11\\\/EDEN.jpg\",\"contentUrl\":\"https:\\\/\\\/pulse-beziers.fr\\\/wp-content\\\/uploads\\\/2024\\\/11\\\/EDEN.jpg\",\"width\":1448,\"height\":1025},{\"@type\":\"BreadcrumbList\",\"@id\":\"https:\\\/\\\/pulse-beziers.fr\\\/index.php\\\/2024\\\/11\\\/04\\\/se-former-pour-les-metiers-de-demain\\\/#breadcrumb\",\"itemListElement\":[{\"@type\":\"ListItem\",\"position\":1,\"name\":\"Accueil\",\"item\":\"https:\\\/\\\/pulse-beziers.fr\\\/\"},{\"@type\":\"ListItem\",\"position\":2,\"name\":\"Se former pour les m\u00e9tiers de demain\"}]},{\"@type\":\"WebSite\",\"@id\":\"https:\\\/\\\/pulse-beziers.fr\\\/#website\",\"url\":\"https:\\\/\\\/pulse-beziers.fr\\\/\",\"name\":\"PULSE\",\"description\":\"B\u00e9ziers M\u00e9diterran\u00e9e\",\"publisher\":{\"@id\":\"https:\\\/\\\/pulse-beziers.fr\\\/#organization\"},\"potentialAction\":[{\"@type\":\"SearchAction\",\"target\":{\"@type\":\"EntryPoint\",\"urlTemplate\":\"https:\\\/\\\/pulse-beziers.fr\\\/?s={search_term_string}\"},\"query-input\":{\"@type\":\"PropertyValueSpecification\",\"valueRequired\":true,\"valueName\":\"search_term_string\"}}],\"inLanguage\":\"fr-FR\"},{\"@type\":\"Organization\",\"@id\":\"https:\\\/\\\/pulse-beziers.fr\\\/#organization\",\"name\":\"PULSE\",\"url\":\"https:\\\/\\\/pulse-beziers.fr\\\/\",\"logo\":{\"@type\":\"ImageObject\",\"inLanguage\":\"fr-FR\",\"@id\":\"https:\\\/\\\/pulse-beziers.fr\\\/#\\\/schema\\\/logo\\\/image\\\/\",\"url\":\"https:\\\/\\\/pulse-beziers.fr\\\/wp-content\\\/uploads\\\/2023\\\/10\\\/PULSE_OK.png\",\"contentUrl\":\"https:\\\/\\\/pulse-beziers.fr\\\/wp-content\\\/uploads\\\/2023\\\/10\\\/PULSE_OK.png\",\"width\":1490,\"height\":506,\"caption\":\"PULSE\"},\"image\":{\"@id\":\"https:\\\/\\\/pulse-beziers.fr\\\/#\\\/schema\\\/logo\\\/image\\\/\"}},{\"@type\":\"Person\",\"@id\":\"https:\\\/\\\/pulse-beziers.fr\\\/#\\\/schema\\\/person\\\/ce4160d5785562dc30723e520933e8e9\",\"name\":\"Jordan\",\"image\":{\"@type\":\"ImageObject\",\"inLanguage\":\"fr-FR\",\"@id\":\"https:\\\/\\\/secure.gravatar.com\\\/avatar\\\/ae88e378bde730769fc25248bfc128d509bc64fc2fad4d6455517f85742a87fd?s=96&d=mm&r=g\",\"url\":\"https:\\\/\\\/secure.gravatar.com\\\/avatar\\\/ae88e378bde730769fc25248bfc128d509bc64fc2fad4d6455517f85742a87fd?s=96&d=mm&r=g\",\"contentUrl\":\"https:\\\/\\\/secure.gravatar.com\\\/avatar\\\/ae88e378bde730769fc25248bfc128d509bc64fc2fad4d6455517f85742a87fd?s=96&d=mm&r=g\",\"caption\":\"Jordan\"},\"url\":\"https:\\\/\\\/pulse-beziers.fr\\\/index.php\\\/author\\\/jordan\\\/\"}]}<\/script>\n<!-- \/ Yoast SEO plugin. -->","yoast_head_json":{"title":"Se former pour les m\u00e9tiers de demain - PULSE","description":"PULSE a particip\u00e9 au lancement de la seconde session du parcours de r\u00e9ussite EDEN \u00e0 B\u00e9ziers !","robots":{"index":"index","follow":"follow","max-snippet":"max-snippet:-1","max-image-preview":"max-image-preview:large","max-video-preview":"max-video-preview:-1"},"canonical":"https:\/\/pulse-beziers.fr\/index.php\/2024\/11\/04\/se-former-pour-les-metiers-de-demain\/","og_locale":"fr_FR","og_type":"article","og_title":"Se former pour les m\u00e9tiers de demain - PULSE","og_description":"PULSE a particip\u00e9 au lancement de la seconde session du parcours de r\u00e9ussite EDEN \u00e0 B\u00e9ziers !","og_url":"https:\/\/pulse-beziers.fr\/index.php\/2024\/11\/04\/se-former-pour-les-metiers-de-demain\/","og_site_name":"PULSE","article_published_time":"2024-11-04T15:49:23+00:00","article_modified_time":"2024-11-07T09:59:53+00:00","og_image":[{"width":1448,"height":1025,"url":"https:\/\/pulse-beziers.fr\/wp-content\/uploads\/2024\/11\/EDEN.jpg","type":"image\/jpeg"}],"author":"Jordan","twitter_card":"summary_large_image","twitter_misc":{"\u00c9crit par":"Jordan","Dur\u00e9e de lecture estim\u00e9e":"3 minutes"},"schema":{"@context":"https:\/\/schema.org","@graph":[{"@type":"Article","@id":"https:\/\/pulse-beziers.fr\/index.php\/2024\/11\/04\/se-former-pour-les-metiers-de-demain\/#article","isPartOf":{"@id":"https:\/\/pulse-beziers.fr\/index.php\/2024\/11\/04\/se-former-pour-les-metiers-de-demain\/"},"author":{"name":"Jordan","@id":"https:\/\/pulse-beziers.fr\/#\/schema\/person\/ce4160d5785562dc30723e520933e8e9"},"headline":"Se former pour les m\u00e9tiers de demain","datePublished":"2024-11-04T15:49:23+00:00","dateModified":"2024-11-07T09:59:53+00:00","mainEntityOfPage":{"@id":"https:\/\/pulse-beziers.fr\/index.php\/2024\/11\/04\/se-former-pour-les-metiers-de-demain\/"},"wordCount":563,"commentCount":0,"publisher":{"@id":"https:\/\/pulse-beziers.fr\/#organization"},"image":{"@id":"https:\/\/pulse-beziers.fr\/index.php\/2024\/11\/04\/se-former-pour-les-metiers-de-demain\/#primaryimage"},"thumbnailUrl":"https:\/\/pulse-beziers.fr\/wp-content\/uploads\/2024\/11\/EDEN.jpg","articleSection":["EVENEMENT","FORMATION"],"inLanguage":"fr-FR","potentialAction":[{"@type":"CommentAction","name":"Comment","target":["https:\/\/pulse-beziers.fr\/index.php\/2024\/11\/04\/se-former-pour-les-metiers-de-demain\/#respond"]}]},{"@type":"WebPage","@id":"https:\/\/pulse-beziers.fr\/index.php\/2024\/11\/04\/se-former-pour-les-metiers-de-demain\/","url":"https:\/\/pulse-beziers.fr\/index.php\/2024\/11\/04\/se-former-pour-les-metiers-de-demain\/","name":"Se former pour les m\u00e9tiers de demain - PULSE","isPartOf":{"@id":"https:\/\/pulse-beziers.fr\/#website"},"primaryImageOfPage":{"@id":"https:\/\/pulse-beziers.fr\/index.php\/2024\/11\/04\/se-former-pour-les-metiers-de-demain\/#primaryimage"},"image":{"@id":"https:\/\/pulse-beziers.fr\/index.php\/2024\/11\/04\/se-former-pour-les-metiers-de-demain\/#primaryimage"},"thumbnailUrl":"https:\/\/pulse-beziers.fr\/wp-content\/uploads\/2024\/11\/EDEN.jpg","datePublished":"2024-11-04T15:49:23+00:00","dateModified":"2024-11-07T09:59:53+00:00","description":"PULSE a particip\u00e9 au lancement de la seconde session du parcours de r\u00e9ussite EDEN \u00e0 B\u00e9ziers !","breadcrumb":{"@id":"https:\/\/pulse-beziers.fr\/index.php\/2024\/11\/04\/se-former-pour-les-metiers-de-demain\/#breadcrumb"},"inLanguage":"fr-FR","potentialAction":[{"@type":"ReadAction","target":["https:\/\/pulse-beziers.fr\/index.php\/2024\/11\/04\/se-former-pour-les-metiers-de-demain\/"]}]},{"@type":"ImageObject","inLanguage":"fr-FR","@id":"https:\/\/pulse-beziers.fr\/index.php\/2024\/11\/04\/se-former-pour-les-metiers-de-demain\/#primaryimage","url":"https:\/\/pulse-beziers.fr\/wp-content\/uploads\/2024\/11\/EDEN.jpg","contentUrl":"https:\/\/pulse-beziers.fr\/wp-content\/uploads\/2024\/11\/EDEN.jpg","width":1448,"height":1025},{"@type":"BreadcrumbList","@id":"https:\/\/pulse-beziers.fr\/index.php\/2024\/11\/04\/se-former-pour-les-metiers-de-demain\/#breadcrumb","itemListElement":[{"@type":"ListItem","position":1,"name":"Accueil","item":"https:\/\/pulse-beziers.fr\/"},{"@type":"ListItem","position":2,"name":"Se former pour les m\u00e9tiers de demain"}]},{"@type":"WebSite","@id":"https:\/\/pulse-beziers.fr\/#website","url":"https:\/\/pulse-beziers.fr\/","name":"PULSE","description":"B\u00e9ziers M\u00e9diterran\u00e9e","publisher":{"@id":"https:\/\/pulse-beziers.fr\/#organization"},"potentialAction":[{"@type":"SearchAction","target":{"@type":"EntryPoint","urlTemplate":"https:\/\/pulse-beziers.fr\/?s={search_term_string}"},"query-input":{"@type":"PropertyValueSpecification","valueRequired":true,"valueName":"search_term_string"}}],"inLanguage":"fr-FR"},{"@type":"Organization","@id":"https:\/\/pulse-beziers.fr\/#organization","name":"PULSE","url":"https:\/\/pulse-beziers.fr\/","logo":{"@type":"ImageObject","inLanguage":"fr-FR","@id":"https:\/\/pulse-beziers.fr\/#\/schema\/logo\/image\/","url":"https:\/\/pulse-beziers.fr\/wp-content\/uploads\/2023\/10\/PULSE_OK.png","contentUrl":"https:\/\/pulse-beziers.fr\/wp-content\/uploads\/2023\/10\/PULSE_OK.png","width":1490,"height":506,"caption":"PULSE"},"image":{"@id":"https:\/\/pulse-beziers.fr\/#\/schema\/logo\/image\/"}},{"@type":"Person","@id":"https:\/\/pulse-beziers.fr\/#\/schema\/person\/ce4160d5785562dc30723e520933e8e9","name":"Jordan","image":{"@type":"ImageObject","inLanguage":"fr-FR","@id":"https:\/\/secure.gravatar.com\/avatar\/ae88e378bde730769fc25248bfc128d509bc64fc2fad4d6455517f85742a87fd?s=96&d=mm&r=g","url":"https:\/\/secure.gravatar.com\/avatar\/ae88e378bde730769fc25248bfc128d509bc64fc2fad4d6455517f85742a87fd?s=96&d=mm&r=g","contentUrl":"https:\/\/secure.gravatar.com\/avatar\/ae88e378bde730769fc25248bfc128d509bc64fc2fad4d6455517f85742a87fd?s=96&d=mm&r=g","caption":"Jordan"},"url":"https:\/\/pulse-beziers.fr\/index.php\/author\/jordan\/"}]}},"jetpack_featured_media_url":"https:\/\/pulse-beziers.fr\/wp-content\/uploads\/2024\/11\/EDEN.jpg","jetpack_sharing_enabled":true,"_links":{"self":[{"href":"https:\/\/pulse-beziers.fr\/index.php\/wp-json\/wp\/v2\/posts\/5825","targetHints":{"allow":["GET"]}}],"collection":[{"href":"https:\/\/pulse-beziers.fr\/index.php\/wp-json\/wp\/v2\/posts"}],"about":[{"href":"https:\/\/pulse-beziers.fr\/index.php\/wp-json\/wp\/v2\/types\/post"}],"author":[{"embeddable":true,"href":"https:\/\/pulse-beziers.fr\/index.php\/wp-json\/wp\/v2\/users\/4"}],"replies":[{"embeddable":true,"href":"https:\/\/pulse-beziers.fr\/index.php\/wp-json\/wp\/v2\/comments?post=5825"}],"version-history":[{"count":2,"href":"https:\/\/pulse-beziers.fr\/index.php\/wp-json\/wp\/v2\/posts\/5825\/revisions"}],"predecessor-version":[{"id":5828,"href":"https:\/\/pulse-beziers.fr\/index.php\/wp-json\/wp\/v2\/posts\/5825\/revisions\/5828"}],"wp:featuredmedia":[{"embeddable":true,"href":"https:\/\/pulse-beziers.fr\/index.php\/wp-json\/wp\/v2\/media\/5826"}],"wp:attachment":[{"href":"https:\/\/pulse-beziers.fr\/index.php\/wp-json\/wp\/v2\/media?parent=5825"}],"wp:term":[{"taxonomy":"category","embeddable":true,"href":"https:\/\/pulse-beziers.fr\/index.php\/wp-json\/wp\/v2\/categories?post=5825"},{"taxonomy":"post_tag","embeddable":true,"href":"https:\/\/pulse-beziers.fr\/index.php\/wp-json\/wp\/v2\/tags?post=5825"}],"curies":[{"name":"wp","href":"https:\/\/api.w.org\/{rel}","templated":true}]}}