{"id":6299,"date":"2025-01-28T17:54:03","date_gmt":"2025-01-28T16:54:03","guid":{"rendered":"https:\/\/pulse-beziers.fr\/?p=6299"},"modified":"2025-01-28T17:54:06","modified_gmt":"2025-01-28T16:54:06","slug":"le-groupe-buesa-acteur-cle-du-btp-biterrois-rejoint-roger-martin","status":"publish","type":"post","link":"https:\/\/pulse-beziers.fr\/index.php\/2025\/01\/28\/le-groupe-buesa-acteur-cle-du-btp-biterrois-rejoint-roger-martin\/","title":{"rendered":"Le groupe Buesa, acteur cl\u00e9 du BTP biterrois, rejoint Roger Martin"},"content":{"rendered":"\n<p><strong>Le groupe de BTP dijonnais <em>Roger Martin<\/em> a officialis\u00e9 l\u2019acquisition de deux filiales de l\u2019entreprise <em>Buesa<\/em>, implant\u00e9e \u00e0 Villeneuve-l\u00e8s-B\u00e9ziers : <em>Buesa TP<\/em> et <em>Famy TP<\/em>.<\/strong><\/p>\n\n\n\n<p>Fond\u00e9e en 1954, cette entreprise embl\u00e9matique emploie 750 salari\u00e9s et g\u00e9n\u00e8re un chiffre d\u2019affaires total de 140 M\u20ac. Cette op\u00e9ration repr\u00e9sente une avanc\u00e9e strat\u00e9gique pour <em>Roger Martin<\/em>, qui renforce ainsi sa position sur les march\u00e9s du BTP, diversifie ses activit\u00e9s et \u00e9largit son empreinte g\u00e9ographique.<\/p>\n\n\n\n<p>Les deux groupes, d\u00e9j\u00e0 partenaires depuis plusieurs ann\u00e9es, partagent une expertise dans des domaines vari\u00e9s comme le terrassement, le confortement des sols ou encore le d\u00e9samiantage. Avec cette acquisition, <em>Roger Martin<\/em> voit son effectif grimper \u00e0 2 650 collaborateurs pour un chiffre d\u2019affaires consolid\u00e9 de 550 M\u20ac en 2024.<\/p>\n\n\n\n<p>Cette transaction illustre le dynamisme \u00e9conomique du territoire biterrois et son attractivit\u00e9 pour des acteurs nationaux.<\/p>\n\n\n\n<p>Pour plus d&#8217;informations, contactez <em>PULSE<\/em> en <a href=\"https:\/\/pulse-beziers.fr\/index.php\/contact\/\">cliquant ici<\/a>.<\/p>\n","protected":false},"excerpt":{"rendered":"<p>Le groupe de BTP dijonnais Roger Martin a officialis\u00e9 l\u2019acquisition de deux filiales de l\u2019entreprise Buesa, implant\u00e9e \u00e0 Villeneuve-l\u00e8s-B\u00e9ziers : Buesa TP et Famy TP. Fond\u00e9e en 1954, cette entreprise embl\u00e9matique emploie 750 salari\u00e9s et g\u00e9n\u00e8re un chiffre d\u2019affaires total de 140 M\u20ac. Cette op\u00e9ration repr\u00e9sente une avanc\u00e9e strat\u00e9gique pour Roger Martin, qui renforce ainsi [&hellip;]<\/p>\n","protected":false},"author":4,"featured_media":6300,"comment_status":"closed","ping_status":"closed","sticky":false,"template":"","format":"standard","meta":{"_jetpack_memberships_contains_paid_content":false,"footnotes":""},"categories":[6],"tags":[],"class_list":["post-6299","post","type-post","status-publish","format-standard","has-post-thumbnail","hentry","category-economie"],"yoast_head":"<!-- This site is optimized with the Yoast SEO plugin v27.3 - https:\/\/yoast.com\/product\/yoast-seo-wordpress\/ -->\n<title>Le groupe Buesa, acteur cl\u00e9 du BTP biterrois, rejoint Roger Martin - PULSE<\/title>\n<meta name=\"robots\" content=\"index, follow, max-snippet:-1, max-image-preview:large, max-video-preview:-1\" \/>\n<link rel=\"canonical\" href=\"https:\/\/pulse-beziers.fr\/index.php\/2025\/01\/28\/le-groupe-buesa-acteur-cle-du-btp-biterrois-rejoint-roger-martin\/\" \/>\n<meta property=\"og:locale\" content=\"fr_FR\" \/>\n<meta property=\"og:type\" content=\"article\" \/>\n<meta property=\"og:title\" content=\"Le groupe Buesa, acteur cl\u00e9 du BTP biterrois, rejoint Roger Martin - PULSE\" \/>\n<meta property=\"og:description\" content=\"Le groupe de BTP dijonnais Roger Martin a officialis\u00e9 l\u2019acquisition de deux filiales de l\u2019entreprise Buesa, implant\u00e9e \u00e0 Villeneuve-l\u00e8s-B\u00e9ziers : Buesa TP et Famy TP. Fond\u00e9e en 1954, cette entreprise embl\u00e9matique emploie 750 salari\u00e9s et g\u00e9n\u00e8re un chiffre d\u2019affaires total de 140 M\u20ac. Cette op\u00e9ration repr\u00e9sente une avanc\u00e9e strat\u00e9gique pour Roger Martin, qui renforce ainsi [&hellip;]\" \/>\n<meta property=\"og:url\" content=\"https:\/\/pulse-beziers.fr\/index.php\/2025\/01\/28\/le-groupe-buesa-acteur-cle-du-btp-biterrois-rejoint-roger-martin\/\" \/>\n<meta property=\"og:site_name\" content=\"PULSE\" \/>\n<meta property=\"article:published_time\" content=\"2025-01-28T16:54:03+00:00\" \/>\n<meta property=\"article:modified_time\" content=\"2025-01-28T16:54:06+00:00\" \/>\n<meta property=\"og:image\" content=\"https:\/\/pulse-beziers.fr\/wp-content\/uploads\/2025\/01\/buesa-site.jpg\" \/>\n\t<meta property=\"og:image:width\" content=\"2048\" \/>\n\t<meta property=\"og:image:height\" content=\"1449\" \/>\n\t<meta property=\"og:image:type\" content=\"image\/jpeg\" \/>\n<meta name=\"author\" content=\"Jordan\" \/>\n<meta name=\"twitter:card\" content=\"summary_large_image\" \/>\n<meta name=\"twitter:label1\" content=\"\u00c9crit par\" \/>\n\t<meta name=\"twitter:data1\" content=\"Jordan\" \/>\n\t<meta name=\"twitter:label2\" content=\"Dur\u00e9e de lecture estim\u00e9e\" \/>\n\t<meta name=\"twitter:data2\" content=\"1 minute\" \/>\n<script type=\"application\/ld+json\" class=\"yoast-schema-graph\">{\"@context\":\"https:\\\/\\\/schema.org\",\"@graph\":[{\"@type\":\"Article\",\"@id\":\"https:\\\/\\\/pulse-beziers.fr\\\/index.php\\\/2025\\\/01\\\/28\\\/le-groupe-buesa-acteur-cle-du-btp-biterrois-rejoint-roger-martin\\\/#article\",\"isPartOf\":{\"@id\":\"https:\\\/\\\/pulse-beziers.fr\\\/index.php\\\/2025\\\/01\\\/28\\\/le-groupe-buesa-acteur-cle-du-btp-biterrois-rejoint-roger-martin\\\/\"},\"author\":{\"name\":\"Jordan\",\"@id\":\"https:\\\/\\\/pulse-beziers.fr\\\/#\\\/schema\\\/person\\\/ce4160d5785562dc30723e520933e8e9\"},\"headline\":\"Le groupe Buesa, acteur cl\u00e9 du BTP biterrois, rejoint Roger Martin\",\"datePublished\":\"2025-01-28T16:54:03+00:00\",\"dateModified\":\"2025-01-28T16:54:06+00:00\",\"mainEntityOfPage\":{\"@id\":\"https:\\\/\\\/pulse-beziers.fr\\\/index.php\\\/2025\\\/01\\\/28\\\/le-groupe-buesa-acteur-cle-du-btp-biterrois-rejoint-roger-martin\\\/\"},\"wordCount\":167,\"publisher\":{\"@id\":\"https:\\\/\\\/pulse-beziers.fr\\\/#organization\"},\"image\":{\"@id\":\"https:\\\/\\\/pulse-beziers.fr\\\/index.php\\\/2025\\\/01\\\/28\\\/le-groupe-buesa-acteur-cle-du-btp-biterrois-rejoint-roger-martin\\\/#primaryimage\"},\"thumbnailUrl\":\"https:\\\/\\\/pulse-beziers.fr\\\/wp-content\\\/uploads\\\/2025\\\/01\\\/buesa-site.jpg\",\"articleSection\":[\"ECONOMIE\"],\"inLanguage\":\"fr-FR\"},{\"@type\":\"WebPage\",\"@id\":\"https:\\\/\\\/pulse-beziers.fr\\\/index.php\\\/2025\\\/01\\\/28\\\/le-groupe-buesa-acteur-cle-du-btp-biterrois-rejoint-roger-martin\\\/\",\"url\":\"https:\\\/\\\/pulse-beziers.fr\\\/index.php\\\/2025\\\/01\\\/28\\\/le-groupe-buesa-acteur-cle-du-btp-biterrois-rejoint-roger-martin\\\/\",\"name\":\"Le groupe Buesa, acteur cl\u00e9 du BTP biterrois, rejoint Roger Martin - PULSE\",\"isPartOf\":{\"@id\":\"https:\\\/\\\/pulse-beziers.fr\\\/#website\"},\"primaryImageOfPage\":{\"@id\":\"https:\\\/\\\/pulse-beziers.fr\\\/index.php\\\/2025\\\/01\\\/28\\\/le-groupe-buesa-acteur-cle-du-btp-biterrois-rejoint-roger-martin\\\/#primaryimage\"},\"image\":{\"@id\":\"https:\\\/\\\/pulse-beziers.fr\\\/index.php\\\/2025\\\/01\\\/28\\\/le-groupe-buesa-acteur-cle-du-btp-biterrois-rejoint-roger-martin\\\/#primaryimage\"},\"thumbnailUrl\":\"https:\\\/\\\/pulse-beziers.fr\\\/wp-content\\\/uploads\\\/2025\\\/01\\\/buesa-site.jpg\",\"datePublished\":\"2025-01-28T16:54:03+00:00\",\"dateModified\":\"2025-01-28T16:54:06+00:00\",\"breadcrumb\":{\"@id\":\"https:\\\/\\\/pulse-beziers.fr\\\/index.php\\\/2025\\\/01\\\/28\\\/le-groupe-buesa-acteur-cle-du-btp-biterrois-rejoint-roger-martin\\\/#breadcrumb\"},\"inLanguage\":\"fr-FR\",\"potentialAction\":[{\"@type\":\"ReadAction\",\"target\":[\"https:\\\/\\\/pulse-beziers.fr\\\/index.php\\\/2025\\\/01\\\/28\\\/le-groupe-buesa-acteur-cle-du-btp-biterrois-rejoint-roger-martin\\\/\"]}]},{\"@type\":\"ImageObject\",\"inLanguage\":\"fr-FR\",\"@id\":\"https:\\\/\\\/pulse-beziers.fr\\\/index.php\\\/2025\\\/01\\\/28\\\/le-groupe-buesa-acteur-cle-du-btp-biterrois-rejoint-roger-martin\\\/#primaryimage\",\"url\":\"https:\\\/\\\/pulse-beziers.fr\\\/wp-content\\\/uploads\\\/2025\\\/01\\\/buesa-site.jpg\",\"contentUrl\":\"https:\\\/\\\/pulse-beziers.fr\\\/wp-content\\\/uploads\\\/2025\\\/01\\\/buesa-site.jpg\",\"width\":2048,\"height\":1449},{\"@type\":\"BreadcrumbList\",\"@id\":\"https:\\\/\\\/pulse-beziers.fr\\\/index.php\\\/2025\\\/01\\\/28\\\/le-groupe-buesa-acteur-cle-du-btp-biterrois-rejoint-roger-martin\\\/#breadcrumb\",\"itemListElement\":[{\"@type\":\"ListItem\",\"position\":1,\"name\":\"Accueil\",\"item\":\"https:\\\/\\\/pulse-beziers.fr\\\/\"},{\"@type\":\"ListItem\",\"position\":2,\"name\":\"Le groupe Buesa, acteur cl\u00e9 du BTP biterrois, rejoint Roger Martin\"}]},{\"@type\":\"WebSite\",\"@id\":\"https:\\\/\\\/pulse-beziers.fr\\\/#website\",\"url\":\"https:\\\/\\\/pulse-beziers.fr\\\/\",\"name\":\"PULSE\",\"description\":\"B\u00e9ziers M\u00e9diterran\u00e9e\",\"publisher\":{\"@id\":\"https:\\\/\\\/pulse-beziers.fr\\\/#organization\"},\"potentialAction\":[{\"@type\":\"SearchAction\",\"target\":{\"@type\":\"EntryPoint\",\"urlTemplate\":\"https:\\\/\\\/pulse-beziers.fr\\\/?s={search_term_string}\"},\"query-input\":{\"@type\":\"PropertyValueSpecification\",\"valueRequired\":true,\"valueName\":\"search_term_string\"}}],\"inLanguage\":\"fr-FR\"},{\"@type\":\"Organization\",\"@id\":\"https:\\\/\\\/pulse-beziers.fr\\\/#organization\",\"name\":\"PULSE\",\"url\":\"https:\\\/\\\/pulse-beziers.fr\\\/\",\"logo\":{\"@type\":\"ImageObject\",\"inLanguage\":\"fr-FR\",\"@id\":\"https:\\\/\\\/pulse-beziers.fr\\\/#\\\/schema\\\/logo\\\/image\\\/\",\"url\":\"https:\\\/\\\/pulse-beziers.fr\\\/wp-content\\\/uploads\\\/2023\\\/10\\\/PULSE_OK.png\",\"contentUrl\":\"https:\\\/\\\/pulse-beziers.fr\\\/wp-content\\\/uploads\\\/2023\\\/10\\\/PULSE_OK.png\",\"width\":1490,\"height\":506,\"caption\":\"PULSE\"},\"image\":{\"@id\":\"https:\\\/\\\/pulse-beziers.fr\\\/#\\\/schema\\\/logo\\\/image\\\/\"}},{\"@type\":\"Person\",\"@id\":\"https:\\\/\\\/pulse-beziers.fr\\\/#\\\/schema\\\/person\\\/ce4160d5785562dc30723e520933e8e9\",\"name\":\"Jordan\",\"image\":{\"@type\":\"ImageObject\",\"inLanguage\":\"fr-FR\",\"@id\":\"https:\\\/\\\/secure.gravatar.com\\\/avatar\\\/ae88e378bde730769fc25248bfc128d509bc64fc2fad4d6455517f85742a87fd?s=96&d=mm&r=g\",\"url\":\"https:\\\/\\\/secure.gravatar.com\\\/avatar\\\/ae88e378bde730769fc25248bfc128d509bc64fc2fad4d6455517f85742a87fd?s=96&d=mm&r=g\",\"contentUrl\":\"https:\\\/\\\/secure.gravatar.com\\\/avatar\\\/ae88e378bde730769fc25248bfc128d509bc64fc2fad4d6455517f85742a87fd?s=96&d=mm&r=g\",\"caption\":\"Jordan\"},\"url\":\"https:\\\/\\\/pulse-beziers.fr\\\/index.php\\\/author\\\/jordan\\\/\"}]}<\/script>\n<!-- \/ Yoast SEO plugin. -->","yoast_head_json":{"title":"Le groupe Buesa, acteur cl\u00e9 du BTP biterrois, rejoint Roger Martin - PULSE","robots":{"index":"index","follow":"follow","max-snippet":"max-snippet:-1","max-image-preview":"max-image-preview:large","max-video-preview":"max-video-preview:-1"},"canonical":"https:\/\/pulse-beziers.fr\/index.php\/2025\/01\/28\/le-groupe-buesa-acteur-cle-du-btp-biterrois-rejoint-roger-martin\/","og_locale":"fr_FR","og_type":"article","og_title":"Le groupe Buesa, acteur cl\u00e9 du BTP biterrois, rejoint Roger Martin - PULSE","og_description":"Le groupe de BTP dijonnais Roger Martin a officialis\u00e9 l\u2019acquisition de deux filiales de l\u2019entreprise Buesa, implant\u00e9e \u00e0 Villeneuve-l\u00e8s-B\u00e9ziers : Buesa TP et Famy TP. Fond\u00e9e en 1954, cette entreprise embl\u00e9matique emploie 750 salari\u00e9s et g\u00e9n\u00e8re un chiffre d\u2019affaires total de 140 M\u20ac. Cette op\u00e9ration repr\u00e9sente une avanc\u00e9e strat\u00e9gique pour Roger Martin, qui renforce ainsi [&hellip;]","og_url":"https:\/\/pulse-beziers.fr\/index.php\/2025\/01\/28\/le-groupe-buesa-acteur-cle-du-btp-biterrois-rejoint-roger-martin\/","og_site_name":"PULSE","article_published_time":"2025-01-28T16:54:03+00:00","article_modified_time":"2025-01-28T16:54:06+00:00","og_image":[{"width":2048,"height":1449,"url":"https:\/\/pulse-beziers.fr\/wp-content\/uploads\/2025\/01\/buesa-site.jpg","type":"image\/jpeg"}],"author":"Jordan","twitter_card":"summary_large_image","twitter_misc":{"\u00c9crit par":"Jordan","Dur\u00e9e de lecture estim\u00e9e":"1 minute"},"schema":{"@context":"https:\/\/schema.org","@graph":[{"@type":"Article","@id":"https:\/\/pulse-beziers.fr\/index.php\/2025\/01\/28\/le-groupe-buesa-acteur-cle-du-btp-biterrois-rejoint-roger-martin\/#article","isPartOf":{"@id":"https:\/\/pulse-beziers.fr\/index.php\/2025\/01\/28\/le-groupe-buesa-acteur-cle-du-btp-biterrois-rejoint-roger-martin\/"},"author":{"name":"Jordan","@id":"https:\/\/pulse-beziers.fr\/#\/schema\/person\/ce4160d5785562dc30723e520933e8e9"},"headline":"Le groupe Buesa, acteur cl\u00e9 du BTP biterrois, rejoint Roger Martin","datePublished":"2025-01-28T16:54:03+00:00","dateModified":"2025-01-28T16:54:06+00:00","mainEntityOfPage":{"@id":"https:\/\/pulse-beziers.fr\/index.php\/2025\/01\/28\/le-groupe-buesa-acteur-cle-du-btp-biterrois-rejoint-roger-martin\/"},"wordCount":167,"publisher":{"@id":"https:\/\/pulse-beziers.fr\/#organization"},"image":{"@id":"https:\/\/pulse-beziers.fr\/index.php\/2025\/01\/28\/le-groupe-buesa-acteur-cle-du-btp-biterrois-rejoint-roger-martin\/#primaryimage"},"thumbnailUrl":"https:\/\/pulse-beziers.fr\/wp-content\/uploads\/2025\/01\/buesa-site.jpg","articleSection":["ECONOMIE"],"inLanguage":"fr-FR"},{"@type":"WebPage","@id":"https:\/\/pulse-beziers.fr\/index.php\/2025\/01\/28\/le-groupe-buesa-acteur-cle-du-btp-biterrois-rejoint-roger-martin\/","url":"https:\/\/pulse-beziers.fr\/index.php\/2025\/01\/28\/le-groupe-buesa-acteur-cle-du-btp-biterrois-rejoint-roger-martin\/","name":"Le groupe Buesa, acteur cl\u00e9 du BTP biterrois, rejoint Roger Martin - PULSE","isPartOf":{"@id":"https:\/\/pulse-beziers.fr\/#website"},"primaryImageOfPage":{"@id":"https:\/\/pulse-beziers.fr\/index.php\/2025\/01\/28\/le-groupe-buesa-acteur-cle-du-btp-biterrois-rejoint-roger-martin\/#primaryimage"},"image":{"@id":"https:\/\/pulse-beziers.fr\/index.php\/2025\/01\/28\/le-groupe-buesa-acteur-cle-du-btp-biterrois-rejoint-roger-martin\/#primaryimage"},"thumbnailUrl":"https:\/\/pulse-beziers.fr\/wp-content\/uploads\/2025\/01\/buesa-site.jpg","datePublished":"2025-01-28T16:54:03+00:00","dateModified":"2025-01-28T16:54:06+00:00","breadcrumb":{"@id":"https:\/\/pulse-beziers.fr\/index.php\/2025\/01\/28\/le-groupe-buesa-acteur-cle-du-btp-biterrois-rejoint-roger-martin\/#breadcrumb"},"inLanguage":"fr-FR","potentialAction":[{"@type":"ReadAction","target":["https:\/\/pulse-beziers.fr\/index.php\/2025\/01\/28\/le-groupe-buesa-acteur-cle-du-btp-biterrois-rejoint-roger-martin\/"]}]},{"@type":"ImageObject","inLanguage":"fr-FR","@id":"https:\/\/pulse-beziers.fr\/index.php\/2025\/01\/28\/le-groupe-buesa-acteur-cle-du-btp-biterrois-rejoint-roger-martin\/#primaryimage","url":"https:\/\/pulse-beziers.fr\/wp-content\/uploads\/2025\/01\/buesa-site.jpg","contentUrl":"https:\/\/pulse-beziers.fr\/wp-content\/uploads\/2025\/01\/buesa-site.jpg","width":2048,"height":1449},{"@type":"BreadcrumbList","@id":"https:\/\/pulse-beziers.fr\/index.php\/2025\/01\/28\/le-groupe-buesa-acteur-cle-du-btp-biterrois-rejoint-roger-martin\/#breadcrumb","itemListElement":[{"@type":"ListItem","position":1,"name":"Accueil","item":"https:\/\/pulse-beziers.fr\/"},{"@type":"ListItem","position":2,"name":"Le groupe Buesa, acteur cl\u00e9 du BTP biterrois, rejoint Roger Martin"}]},{"@type":"WebSite","@id":"https:\/\/pulse-beziers.fr\/#website","url":"https:\/\/pulse-beziers.fr\/","name":"PULSE","description":"B\u00e9ziers M\u00e9diterran\u00e9e","publisher":{"@id":"https:\/\/pulse-beziers.fr\/#organization"},"potentialAction":[{"@type":"SearchAction","target":{"@type":"EntryPoint","urlTemplate":"https:\/\/pulse-beziers.fr\/?s={search_term_string}"},"query-input":{"@type":"PropertyValueSpecification","valueRequired":true,"valueName":"search_term_string"}}],"inLanguage":"fr-FR"},{"@type":"Organization","@id":"https:\/\/pulse-beziers.fr\/#organization","name":"PULSE","url":"https:\/\/pulse-beziers.fr\/","logo":{"@type":"ImageObject","inLanguage":"fr-FR","@id":"https:\/\/pulse-beziers.fr\/#\/schema\/logo\/image\/","url":"https:\/\/pulse-beziers.fr\/wp-content\/uploads\/2023\/10\/PULSE_OK.png","contentUrl":"https:\/\/pulse-beziers.fr\/wp-content\/uploads\/2023\/10\/PULSE_OK.png","width":1490,"height":506,"caption":"PULSE"},"image":{"@id":"https:\/\/pulse-beziers.fr\/#\/schema\/logo\/image\/"}},{"@type":"Person","@id":"https:\/\/pulse-beziers.fr\/#\/schema\/person\/ce4160d5785562dc30723e520933e8e9","name":"Jordan","image":{"@type":"ImageObject","inLanguage":"fr-FR","@id":"https:\/\/secure.gravatar.com\/avatar\/ae88e378bde730769fc25248bfc128d509bc64fc2fad4d6455517f85742a87fd?s=96&d=mm&r=g","url":"https:\/\/secure.gravatar.com\/avatar\/ae88e378bde730769fc25248bfc128d509bc64fc2fad4d6455517f85742a87fd?s=96&d=mm&r=g","contentUrl":"https:\/\/secure.gravatar.com\/avatar\/ae88e378bde730769fc25248bfc128d509bc64fc2fad4d6455517f85742a87fd?s=96&d=mm&r=g","caption":"Jordan"},"url":"https:\/\/pulse-beziers.fr\/index.php\/author\/jordan\/"}]}},"jetpack_featured_media_url":"https:\/\/pulse-beziers.fr\/wp-content\/uploads\/2025\/01\/buesa-site.jpg","jetpack_sharing_enabled":true,"_links":{"self":[{"href":"https:\/\/pulse-beziers.fr\/index.php\/wp-json\/wp\/v2\/posts\/6299","targetHints":{"allow":["GET"]}}],"collection":[{"href":"https:\/\/pulse-beziers.fr\/index.php\/wp-json\/wp\/v2\/posts"}],"about":[{"href":"https:\/\/pulse-beziers.fr\/index.php\/wp-json\/wp\/v2\/types\/post"}],"author":[{"embeddable":true,"href":"https:\/\/pulse-beziers.fr\/index.php\/wp-json\/wp\/v2\/users\/4"}],"replies":[{"embeddable":true,"href":"https:\/\/pulse-beziers.fr\/index.php\/wp-json\/wp\/v2\/comments?post=6299"}],"version-history":[{"count":1,"href":"https:\/\/pulse-beziers.fr\/index.php\/wp-json\/wp\/v2\/posts\/6299\/revisions"}],"predecessor-version":[{"id":6301,"href":"https:\/\/pulse-beziers.fr\/index.php\/wp-json\/wp\/v2\/posts\/6299\/revisions\/6301"}],"wp:featuredmedia":[{"embeddable":true,"href":"https:\/\/pulse-beziers.fr\/index.php\/wp-json\/wp\/v2\/media\/6300"}],"wp:attachment":[{"href":"https:\/\/pulse-beziers.fr\/index.php\/wp-json\/wp\/v2\/media?parent=6299"}],"wp:term":[{"taxonomy":"category","embeddable":true,"href":"https:\/\/pulse-beziers.fr\/index.php\/wp-json\/wp\/v2\/categories?post=6299"},{"taxonomy":"post_tag","embeddable":true,"href":"https:\/\/pulse-beziers.fr\/index.php\/wp-json\/wp\/v2\/tags?post=6299"}],"curies":[{"name":"wp","href":"https:\/\/api.w.org\/{rel}","templated":true}]}}