{"id":7529,"date":"2025-09-01T10:44:28","date_gmt":"2025-09-01T08:44:28","guid":{"rendered":"https:\/\/pulse-beziers.fr\/?p=7529"},"modified":"2025-09-01T10:44:31","modified_gmt":"2025-09-01T08:44:31","slug":"beziers-mediterranee-confie-la-gestion-de-son-reseau-deau-potable-a-veolia","status":"publish","type":"post","link":"https:\/\/pulse-beziers.fr\/index.php\/2025\/09\/01\/beziers-mediterranee-confie-la-gestion-de-son-reseau-deau-potable-a-veolia\/","title":{"rendered":"B\u00e9ziers M\u00e9diterran\u00e9e confie la gestion de son r\u00e9seau d\u2019eau potable \u00e0 Veolia"},"content":{"rendered":"\n<p><strong>La communaut\u00e9 d\u2019agglom\u00e9ration B\u00e9ziers M\u00e9diterran\u00e9e a choisi cet \u00e9t\u00e9 le groupe Veolia pour assurer, \u00e0 compter du 1er janvier 2027, la gestion de son service public d\u2019eau potable. Ce contrat de concession, d\u2019une dur\u00e9e de 12 ans et d\u2019une valeur de 138 M\u20ac, constitue un tournant majeur dans la gestion de cette ressource essentielle pour les 130 000 habitants et pour l\u2019\u00e9conomie locale.<\/strong><\/p>\n\n\n\n<h5 class=\"wp-block-heading\">Un r\u00e9seau modernis\u00e9 et plus performant<\/h5>\n\n\n\n<p>Veolia s\u2019engage \u00e0 d\u00e9ployer des technologies innovantes pour am\u00e9liorer la performance du r\u00e9seau. Parmi les actions annonc\u00e9es :<\/p>\n\n\n\n<ul class=\"wp-block-list\">\n<li>Installation de compteurs intelligents \u00e0 ultrasons, avec un objectif de rendement de 91 % d\u2019ici 2036, permettant d\u2019\u00e9conomiser environ 280 000 m\u00b3 d\u2019eau par an ;<\/li>\n\n\n\n<li>Mise en place d\u2019outils digitaux de suivi et d\u2019alerte en temps r\u00e9el pour une gestion pr\u00e9dictive et r\u00e9active de la ressource ;<\/li>\n\n\n\n<li>Lancement d\u2019une application mobile de nouvelle g\u00e9n\u00e9ration offrant aux usagers un suivi personnalis\u00e9 de leur consommation ;<\/li>\n\n\n\n<li>Renforcement de la s\u00e9curit\u00e9 et de la cybers\u00e9curit\u00e9 pour prot\u00e9ger les infrastructures.<\/li>\n<\/ul>\n\n\n\n<h5 class=\"wp-block-heading\">Une premi\u00e8re en France : une usine de dessalement<\/h5>\n\n\n\n<p>Face aux enjeux climatiques et \u00e0 la rar\u00e9faction de l\u2019eau, Veolia et l\u2019Agglom\u00e9ration m\u00e8neront \u00e9galement des \u00e9tudes pour cr\u00e9er la premi\u00e8re usine fran\u00e7aise de dessalement d\u2019eau saum\u00e2tre. La mise en service est pr\u00e9vue pour 2032. L\u2019objectif : limiter l\u2019intrusion d\u2019eau sal\u00e9e dans les nappes souterraines et garantir la ressource n\u00e9cessaire au d\u00e9veloppement d\u00e9mographique, touristique et industriel du territoire.<\/p>\n\n\n\n<h5 class=\"wp-block-heading\">Un impact \u00e9conomique local fort<\/h5>\n\n\n\n<p>Au-del\u00e0 de la gestion du r\u00e9seau, Veolia pr\u00e9voit d\u2019injecter 100 M\u20ac dans l\u2019\u00e9conomie locale durant la dur\u00e9e du contrat. \u00ab Ce nouveau partenariat illustre notre ambition commune : offrir un service de l\u2019eau moderne, fiable et r\u00e9silient, au plus pr\u00e8s des attentes des habitants \u00bb, souligne Jean-Fran\u00e7ois Nogrette, directeur g\u00e9n\u00e9ral de Veolia France.<\/p>\n\n\n\n<p><strong>Ce choix strat\u00e9gique r\u00e9affirme la volont\u00e9 de B\u00e9ziers de pr\u00e9server durablement sa ressource en eau tout en accompagnant les transitions \u00e9cologiques, sociales et \u00e9conomiques du territoire.<\/strong><\/p>\n","protected":false},"excerpt":{"rendered":"<p>La communaut\u00e9 d\u2019agglom\u00e9ration B\u00e9ziers M\u00e9diterran\u00e9e a choisi cet \u00e9t\u00e9 le groupe Veolia pour assurer, \u00e0 compter du 1er janvier 2027, la gestion de son service public d\u2019eau potable. Ce contrat de concession, d\u2019une dur\u00e9e de 12 ans et d\u2019une valeur de 138 M\u20ac, constitue un tournant majeur dans la gestion de cette ressource essentielle pour [&hellip;]<\/p>\n","protected":false},"author":4,"featured_media":7530,"comment_status":"closed","ping_status":"open","sticky":false,"template":"","format":"standard","meta":{"_jetpack_memberships_contains_paid_content":false,"footnotes":""},"categories":[6,9],"tags":[],"class_list":["post-7529","post","type-post","status-publish","format-standard","has-post-thumbnail","hentry","category-economie","category-information"],"yoast_head":"<!-- This site is optimized with the Yoast SEO plugin v27.3 - https:\/\/yoast.com\/product\/yoast-seo-wordpress\/ -->\n<title>Veolia, nouveau gestionnaire du r\u00e9seau d&#039;eau de B\u00e9ziers - PULSE<\/title>\n<meta name=\"robots\" content=\"index, follow, max-snippet:-1, max-image-preview:large, max-video-preview:-1\" \/>\n<link rel=\"canonical\" href=\"https:\/\/pulse-beziers.fr\/index.php\/2025\/09\/01\/beziers-mediterranee-confie-la-gestion-de-son-reseau-deau-potable-a-veolia\/\" \/>\n<meta property=\"og:locale\" content=\"fr_FR\" \/>\n<meta property=\"og:type\" content=\"article\" \/>\n<meta property=\"og:title\" content=\"Veolia, nouveau gestionnaire du r\u00e9seau d&#039;eau de B\u00e9ziers - PULSE\" \/>\n<meta property=\"og:description\" content=\"La communaut\u00e9 d\u2019agglom\u00e9ration B\u00e9ziers M\u00e9diterran\u00e9e a choisi cet \u00e9t\u00e9 le groupe Veolia pour assurer, \u00e0 compter du 1er janvier 2027, la gestion de son service public d\u2019eau potable. Ce contrat de concession, d\u2019une dur\u00e9e de 12 ans et d\u2019une valeur de 138 M\u20ac, constitue un tournant majeur dans la gestion de cette ressource essentielle pour [&hellip;]\" \/>\n<meta property=\"og:url\" content=\"https:\/\/pulse-beziers.fr\/index.php\/2025\/09\/01\/beziers-mediterranee-confie-la-gestion-de-son-reseau-deau-potable-a-veolia\/\" \/>\n<meta property=\"og:site_name\" content=\"PULSE\" \/>\n<meta property=\"article:published_time\" content=\"2025-09-01T08:44:28+00:00\" \/>\n<meta property=\"article:modified_time\" content=\"2025-09-01T08:44:31+00:00\" \/>\n<meta property=\"og:image\" content=\"https:\/\/pulse-beziers.fr\/wp-content\/uploads\/2025\/09\/VEOLIA-ARTICLE-1024x724.png\" \/>\n\t<meta property=\"og:image:width\" content=\"1024\" \/>\n\t<meta property=\"og:image:height\" content=\"724\" \/>\n\t<meta property=\"og:image:type\" content=\"image\/png\" \/>\n<meta name=\"author\" content=\"Jordan\" \/>\n<meta name=\"twitter:card\" content=\"summary_large_image\" \/>\n<meta name=\"twitter:label1\" content=\"\u00c9crit par\" \/>\n\t<meta name=\"twitter:data1\" content=\"Jordan\" \/>\n\t<meta name=\"twitter:label2\" content=\"Dur\u00e9e de lecture estim\u00e9e\" \/>\n\t<meta name=\"twitter:data2\" content=\"2 minutes\" \/>\n<script type=\"application\/ld+json\" class=\"yoast-schema-graph\">{\"@context\":\"https:\\\/\\\/schema.org\",\"@graph\":[{\"@type\":\"Article\",\"@id\":\"https:\\\/\\\/pulse-beziers.fr\\\/index.php\\\/2025\\\/09\\\/01\\\/beziers-mediterranee-confie-la-gestion-de-son-reseau-deau-potable-a-veolia\\\/#article\",\"isPartOf\":{\"@id\":\"https:\\\/\\\/pulse-beziers.fr\\\/index.php\\\/2025\\\/09\\\/01\\\/beziers-mediterranee-confie-la-gestion-de-son-reseau-deau-potable-a-veolia\\\/\"},\"author\":{\"name\":\"Jordan\",\"@id\":\"https:\\\/\\\/pulse-beziers.fr\\\/#\\\/schema\\\/person\\\/ce4160d5785562dc30723e520933e8e9\"},\"headline\":\"B\u00e9ziers M\u00e9diterran\u00e9e confie la gestion de son r\u00e9seau d\u2019eau potable \u00e0 Veolia\",\"datePublished\":\"2025-09-01T08:44:28+00:00\",\"dateModified\":\"2025-09-01T08:44:31+00:00\",\"mainEntityOfPage\":{\"@id\":\"https:\\\/\\\/pulse-beziers.fr\\\/index.php\\\/2025\\\/09\\\/01\\\/beziers-mediterranee-confie-la-gestion-de-son-reseau-deau-potable-a-veolia\\\/\"},\"wordCount\":370,\"publisher\":{\"@id\":\"https:\\\/\\\/pulse-beziers.fr\\\/#organization\"},\"image\":{\"@id\":\"https:\\\/\\\/pulse-beziers.fr\\\/index.php\\\/2025\\\/09\\\/01\\\/beziers-mediterranee-confie-la-gestion-de-son-reseau-deau-potable-a-veolia\\\/#primaryimage\"},\"thumbnailUrl\":\"https:\\\/\\\/pulse-beziers.fr\\\/wp-content\\\/uploads\\\/2025\\\/09\\\/VEOLIA-ARTICLE.png\",\"articleSection\":[\"ECONOMIE\",\"INFORMATION\"],\"inLanguage\":\"fr-FR\"},{\"@type\":\"WebPage\",\"@id\":\"https:\\\/\\\/pulse-beziers.fr\\\/index.php\\\/2025\\\/09\\\/01\\\/beziers-mediterranee-confie-la-gestion-de-son-reseau-deau-potable-a-veolia\\\/\",\"url\":\"https:\\\/\\\/pulse-beziers.fr\\\/index.php\\\/2025\\\/09\\\/01\\\/beziers-mediterranee-confie-la-gestion-de-son-reseau-deau-potable-a-veolia\\\/\",\"name\":\"Veolia, nouveau gestionnaire du r\u00e9seau d'eau de B\u00e9ziers - PULSE\",\"isPartOf\":{\"@id\":\"https:\\\/\\\/pulse-beziers.fr\\\/#website\"},\"primaryImageOfPage\":{\"@id\":\"https:\\\/\\\/pulse-beziers.fr\\\/index.php\\\/2025\\\/09\\\/01\\\/beziers-mediterranee-confie-la-gestion-de-son-reseau-deau-potable-a-veolia\\\/#primaryimage\"},\"image\":{\"@id\":\"https:\\\/\\\/pulse-beziers.fr\\\/index.php\\\/2025\\\/09\\\/01\\\/beziers-mediterranee-confie-la-gestion-de-son-reseau-deau-potable-a-veolia\\\/#primaryimage\"},\"thumbnailUrl\":\"https:\\\/\\\/pulse-beziers.fr\\\/wp-content\\\/uploads\\\/2025\\\/09\\\/VEOLIA-ARTICLE.png\",\"datePublished\":\"2025-09-01T08:44:28+00:00\",\"dateModified\":\"2025-09-01T08:44:31+00:00\",\"breadcrumb\":{\"@id\":\"https:\\\/\\\/pulse-beziers.fr\\\/index.php\\\/2025\\\/09\\\/01\\\/beziers-mediterranee-confie-la-gestion-de-son-reseau-deau-potable-a-veolia\\\/#breadcrumb\"},\"inLanguage\":\"fr-FR\",\"potentialAction\":[{\"@type\":\"ReadAction\",\"target\":[\"https:\\\/\\\/pulse-beziers.fr\\\/index.php\\\/2025\\\/09\\\/01\\\/beziers-mediterranee-confie-la-gestion-de-son-reseau-deau-potable-a-veolia\\\/\"]}]},{\"@type\":\"ImageObject\",\"inLanguage\":\"fr-FR\",\"@id\":\"https:\\\/\\\/pulse-beziers.fr\\\/index.php\\\/2025\\\/09\\\/01\\\/beziers-mediterranee-confie-la-gestion-de-son-reseau-deau-potable-a-veolia\\\/#primaryimage\",\"url\":\"https:\\\/\\\/pulse-beziers.fr\\\/wp-content\\\/uploads\\\/2025\\\/09\\\/VEOLIA-ARTICLE.png\",\"contentUrl\":\"https:\\\/\\\/pulse-beziers.fr\\\/wp-content\\\/uploads\\\/2025\\\/09\\\/VEOLIA-ARTICLE.png\",\"width\":2048,\"height\":1448},{\"@type\":\"BreadcrumbList\",\"@id\":\"https:\\\/\\\/pulse-beziers.fr\\\/index.php\\\/2025\\\/09\\\/01\\\/beziers-mediterranee-confie-la-gestion-de-son-reseau-deau-potable-a-veolia\\\/#breadcrumb\",\"itemListElement\":[{\"@type\":\"ListItem\",\"position\":1,\"name\":\"Accueil\",\"item\":\"https:\\\/\\\/pulse-beziers.fr\\\/\"},{\"@type\":\"ListItem\",\"position\":2,\"name\":\"B\u00e9ziers M\u00e9diterran\u00e9e confie la gestion de son r\u00e9seau d\u2019eau potable \u00e0 Veolia\"}]},{\"@type\":\"WebSite\",\"@id\":\"https:\\\/\\\/pulse-beziers.fr\\\/#website\",\"url\":\"https:\\\/\\\/pulse-beziers.fr\\\/\",\"name\":\"PULSE\",\"description\":\"B\u00e9ziers M\u00e9diterran\u00e9e\",\"publisher\":{\"@id\":\"https:\\\/\\\/pulse-beziers.fr\\\/#organization\"},\"potentialAction\":[{\"@type\":\"SearchAction\",\"target\":{\"@type\":\"EntryPoint\",\"urlTemplate\":\"https:\\\/\\\/pulse-beziers.fr\\\/?s={search_term_string}\"},\"query-input\":{\"@type\":\"PropertyValueSpecification\",\"valueRequired\":true,\"valueName\":\"search_term_string\"}}],\"inLanguage\":\"fr-FR\"},{\"@type\":\"Organization\",\"@id\":\"https:\\\/\\\/pulse-beziers.fr\\\/#organization\",\"name\":\"PULSE\",\"url\":\"https:\\\/\\\/pulse-beziers.fr\\\/\",\"logo\":{\"@type\":\"ImageObject\",\"inLanguage\":\"fr-FR\",\"@id\":\"https:\\\/\\\/pulse-beziers.fr\\\/#\\\/schema\\\/logo\\\/image\\\/\",\"url\":\"https:\\\/\\\/pulse-beziers.fr\\\/wp-content\\\/uploads\\\/2023\\\/10\\\/PULSE_OK.png\",\"contentUrl\":\"https:\\\/\\\/pulse-beziers.fr\\\/wp-content\\\/uploads\\\/2023\\\/10\\\/PULSE_OK.png\",\"width\":1490,\"height\":506,\"caption\":\"PULSE\"},\"image\":{\"@id\":\"https:\\\/\\\/pulse-beziers.fr\\\/#\\\/schema\\\/logo\\\/image\\\/\"}},{\"@type\":\"Person\",\"@id\":\"https:\\\/\\\/pulse-beziers.fr\\\/#\\\/schema\\\/person\\\/ce4160d5785562dc30723e520933e8e9\",\"name\":\"Jordan\",\"image\":{\"@type\":\"ImageObject\",\"inLanguage\":\"fr-FR\",\"@id\":\"https:\\\/\\\/secure.gravatar.com\\\/avatar\\\/ae88e378bde730769fc25248bfc128d509bc64fc2fad4d6455517f85742a87fd?s=96&d=mm&r=g\",\"url\":\"https:\\\/\\\/secure.gravatar.com\\\/avatar\\\/ae88e378bde730769fc25248bfc128d509bc64fc2fad4d6455517f85742a87fd?s=96&d=mm&r=g\",\"contentUrl\":\"https:\\\/\\\/secure.gravatar.com\\\/avatar\\\/ae88e378bde730769fc25248bfc128d509bc64fc2fad4d6455517f85742a87fd?s=96&d=mm&r=g\",\"caption\":\"Jordan\"},\"url\":\"https:\\\/\\\/pulse-beziers.fr\\\/index.php\\\/author\\\/jordan\\\/\"}]}<\/script>\n<!-- \/ Yoast SEO plugin. -->","yoast_head_json":{"title":"Veolia, nouveau gestionnaire du r\u00e9seau d'eau de B\u00e9ziers - PULSE","robots":{"index":"index","follow":"follow","max-snippet":"max-snippet:-1","max-image-preview":"max-image-preview:large","max-video-preview":"max-video-preview:-1"},"canonical":"https:\/\/pulse-beziers.fr\/index.php\/2025\/09\/01\/beziers-mediterranee-confie-la-gestion-de-son-reseau-deau-potable-a-veolia\/","og_locale":"fr_FR","og_type":"article","og_title":"Veolia, nouveau gestionnaire du r\u00e9seau d'eau de B\u00e9ziers - PULSE","og_description":"La communaut\u00e9 d\u2019agglom\u00e9ration B\u00e9ziers M\u00e9diterran\u00e9e a choisi cet \u00e9t\u00e9 le groupe Veolia pour assurer, \u00e0 compter du 1er janvier 2027, la gestion de son service public d\u2019eau potable. Ce contrat de concession, d\u2019une dur\u00e9e de 12 ans et d\u2019une valeur de 138 M\u20ac, constitue un tournant majeur dans la gestion de cette ressource essentielle pour [&hellip;]","og_url":"https:\/\/pulse-beziers.fr\/index.php\/2025\/09\/01\/beziers-mediterranee-confie-la-gestion-de-son-reseau-deau-potable-a-veolia\/","og_site_name":"PULSE","article_published_time":"2025-09-01T08:44:28+00:00","article_modified_time":"2025-09-01T08:44:31+00:00","og_image":[{"width":1024,"height":724,"url":"https:\/\/pulse-beziers.fr\/wp-content\/uploads\/2025\/09\/VEOLIA-ARTICLE-1024x724.png","type":"image\/png"}],"author":"Jordan","twitter_card":"summary_large_image","twitter_misc":{"\u00c9crit par":"Jordan","Dur\u00e9e de lecture estim\u00e9e":"2 minutes"},"schema":{"@context":"https:\/\/schema.org","@graph":[{"@type":"Article","@id":"https:\/\/pulse-beziers.fr\/index.php\/2025\/09\/01\/beziers-mediterranee-confie-la-gestion-de-son-reseau-deau-potable-a-veolia\/#article","isPartOf":{"@id":"https:\/\/pulse-beziers.fr\/index.php\/2025\/09\/01\/beziers-mediterranee-confie-la-gestion-de-son-reseau-deau-potable-a-veolia\/"},"author":{"name":"Jordan","@id":"https:\/\/pulse-beziers.fr\/#\/schema\/person\/ce4160d5785562dc30723e520933e8e9"},"headline":"B\u00e9ziers M\u00e9diterran\u00e9e confie la gestion de son r\u00e9seau d\u2019eau potable \u00e0 Veolia","datePublished":"2025-09-01T08:44:28+00:00","dateModified":"2025-09-01T08:44:31+00:00","mainEntityOfPage":{"@id":"https:\/\/pulse-beziers.fr\/index.php\/2025\/09\/01\/beziers-mediterranee-confie-la-gestion-de-son-reseau-deau-potable-a-veolia\/"},"wordCount":370,"publisher":{"@id":"https:\/\/pulse-beziers.fr\/#organization"},"image":{"@id":"https:\/\/pulse-beziers.fr\/index.php\/2025\/09\/01\/beziers-mediterranee-confie-la-gestion-de-son-reseau-deau-potable-a-veolia\/#primaryimage"},"thumbnailUrl":"https:\/\/pulse-beziers.fr\/wp-content\/uploads\/2025\/09\/VEOLIA-ARTICLE.png","articleSection":["ECONOMIE","INFORMATION"],"inLanguage":"fr-FR"},{"@type":"WebPage","@id":"https:\/\/pulse-beziers.fr\/index.php\/2025\/09\/01\/beziers-mediterranee-confie-la-gestion-de-son-reseau-deau-potable-a-veolia\/","url":"https:\/\/pulse-beziers.fr\/index.php\/2025\/09\/01\/beziers-mediterranee-confie-la-gestion-de-son-reseau-deau-potable-a-veolia\/","name":"Veolia, nouveau gestionnaire du r\u00e9seau d'eau de B\u00e9ziers - PULSE","isPartOf":{"@id":"https:\/\/pulse-beziers.fr\/#website"},"primaryImageOfPage":{"@id":"https:\/\/pulse-beziers.fr\/index.php\/2025\/09\/01\/beziers-mediterranee-confie-la-gestion-de-son-reseau-deau-potable-a-veolia\/#primaryimage"},"image":{"@id":"https:\/\/pulse-beziers.fr\/index.php\/2025\/09\/01\/beziers-mediterranee-confie-la-gestion-de-son-reseau-deau-potable-a-veolia\/#primaryimage"},"thumbnailUrl":"https:\/\/pulse-beziers.fr\/wp-content\/uploads\/2025\/09\/VEOLIA-ARTICLE.png","datePublished":"2025-09-01T08:44:28+00:00","dateModified":"2025-09-01T08:44:31+00:00","breadcrumb":{"@id":"https:\/\/pulse-beziers.fr\/index.php\/2025\/09\/01\/beziers-mediterranee-confie-la-gestion-de-son-reseau-deau-potable-a-veolia\/#breadcrumb"},"inLanguage":"fr-FR","potentialAction":[{"@type":"ReadAction","target":["https:\/\/pulse-beziers.fr\/index.php\/2025\/09\/01\/beziers-mediterranee-confie-la-gestion-de-son-reseau-deau-potable-a-veolia\/"]}]},{"@type":"ImageObject","inLanguage":"fr-FR","@id":"https:\/\/pulse-beziers.fr\/index.php\/2025\/09\/01\/beziers-mediterranee-confie-la-gestion-de-son-reseau-deau-potable-a-veolia\/#primaryimage","url":"https:\/\/pulse-beziers.fr\/wp-content\/uploads\/2025\/09\/VEOLIA-ARTICLE.png","contentUrl":"https:\/\/pulse-beziers.fr\/wp-content\/uploads\/2025\/09\/VEOLIA-ARTICLE.png","width":2048,"height":1448},{"@type":"BreadcrumbList","@id":"https:\/\/pulse-beziers.fr\/index.php\/2025\/09\/01\/beziers-mediterranee-confie-la-gestion-de-son-reseau-deau-potable-a-veolia\/#breadcrumb","itemListElement":[{"@type":"ListItem","position":1,"name":"Accueil","item":"https:\/\/pulse-beziers.fr\/"},{"@type":"ListItem","position":2,"name":"B\u00e9ziers M\u00e9diterran\u00e9e confie la gestion de son r\u00e9seau d\u2019eau potable \u00e0 Veolia"}]},{"@type":"WebSite","@id":"https:\/\/pulse-beziers.fr\/#website","url":"https:\/\/pulse-beziers.fr\/","name":"PULSE","description":"B\u00e9ziers M\u00e9diterran\u00e9e","publisher":{"@id":"https:\/\/pulse-beziers.fr\/#organization"},"potentialAction":[{"@type":"SearchAction","target":{"@type":"EntryPoint","urlTemplate":"https:\/\/pulse-beziers.fr\/?s={search_term_string}"},"query-input":{"@type":"PropertyValueSpecification","valueRequired":true,"valueName":"search_term_string"}}],"inLanguage":"fr-FR"},{"@type":"Organization","@id":"https:\/\/pulse-beziers.fr\/#organization","name":"PULSE","url":"https:\/\/pulse-beziers.fr\/","logo":{"@type":"ImageObject","inLanguage":"fr-FR","@id":"https:\/\/pulse-beziers.fr\/#\/schema\/logo\/image\/","url":"https:\/\/pulse-beziers.fr\/wp-content\/uploads\/2023\/10\/PULSE_OK.png","contentUrl":"https:\/\/pulse-beziers.fr\/wp-content\/uploads\/2023\/10\/PULSE_OK.png","width":1490,"height":506,"caption":"PULSE"},"image":{"@id":"https:\/\/pulse-beziers.fr\/#\/schema\/logo\/image\/"}},{"@type":"Person","@id":"https:\/\/pulse-beziers.fr\/#\/schema\/person\/ce4160d5785562dc30723e520933e8e9","name":"Jordan","image":{"@type":"ImageObject","inLanguage":"fr-FR","@id":"https:\/\/secure.gravatar.com\/avatar\/ae88e378bde730769fc25248bfc128d509bc64fc2fad4d6455517f85742a87fd?s=96&d=mm&r=g","url":"https:\/\/secure.gravatar.com\/avatar\/ae88e378bde730769fc25248bfc128d509bc64fc2fad4d6455517f85742a87fd?s=96&d=mm&r=g","contentUrl":"https:\/\/secure.gravatar.com\/avatar\/ae88e378bde730769fc25248bfc128d509bc64fc2fad4d6455517f85742a87fd?s=96&d=mm&r=g","caption":"Jordan"},"url":"https:\/\/pulse-beziers.fr\/index.php\/author\/jordan\/"}]}},"jetpack_featured_media_url":"https:\/\/pulse-beziers.fr\/wp-content\/uploads\/2025\/09\/VEOLIA-ARTICLE.png","jetpack_sharing_enabled":true,"_links":{"self":[{"href":"https:\/\/pulse-beziers.fr\/index.php\/wp-json\/wp\/v2\/posts\/7529","targetHints":{"allow":["GET"]}}],"collection":[{"href":"https:\/\/pulse-beziers.fr\/index.php\/wp-json\/wp\/v2\/posts"}],"about":[{"href":"https:\/\/pulse-beziers.fr\/index.php\/wp-json\/wp\/v2\/types\/post"}],"author":[{"embeddable":true,"href":"https:\/\/pulse-beziers.fr\/index.php\/wp-json\/wp\/v2\/users\/4"}],"replies":[{"embeddable":true,"href":"https:\/\/pulse-beziers.fr\/index.php\/wp-json\/wp\/v2\/comments?post=7529"}],"version-history":[{"count":1,"href":"https:\/\/pulse-beziers.fr\/index.php\/wp-json\/wp\/v2\/posts\/7529\/revisions"}],"predecessor-version":[{"id":7531,"href":"https:\/\/pulse-beziers.fr\/index.php\/wp-json\/wp\/v2\/posts\/7529\/revisions\/7531"}],"wp:featuredmedia":[{"embeddable":true,"href":"https:\/\/pulse-beziers.fr\/index.php\/wp-json\/wp\/v2\/media\/7530"}],"wp:attachment":[{"href":"https:\/\/pulse-beziers.fr\/index.php\/wp-json\/wp\/v2\/media?parent=7529"}],"wp:term":[{"taxonomy":"category","embeddable":true,"href":"https:\/\/pulse-beziers.fr\/index.php\/wp-json\/wp\/v2\/categories?post=7529"},{"taxonomy":"post_tag","embeddable":true,"href":"https:\/\/pulse-beziers.fr\/index.php\/wp-json\/wp\/v2\/tags?post=7529"}],"curies":[{"name":"wp","href":"https:\/\/api.w.org\/{rel}","templated":true}]}}