{"id":8040,"date":"2025-10-17T09:05:33","date_gmt":"2025-10-17T07:05:33","guid":{"rendered":"https:\/\/pulse-beziers.fr\/?p=8040"},"modified":"2025-10-17T09:05:35","modified_gmt":"2025-10-17T07:05:35","slug":"back-it-prix-piloter-tpe-beziers-2025","status":"publish","type":"post","link":"https:\/\/pulse-beziers.fr\/index.php\/2025\/10\/17\/back-it-prix-piloter-tpe-beziers-2025\/","title":{"rendered":"Back IT, la TPE biterroise qui allie num\u00e9rique responsable et inclusion"},"content":{"rendered":"\n<h2 class=\"wp-block-heading\">\ud83c\udfc6 Back IT, fleuron biterrois de l\u2019\u00e9conomie circulaire et inclusive, laur\u00e9ate du Prix \u00ab Piloter \u00bb du Prix de la TPE 2025<\/h2>\n\n\n\n<p><strong>Install\u00e9e \u00e0 l\u2019H\u00f4tel d\u2019Entreprises de B\u00e9ziers<\/strong>, l\u2019entreprise <strong><em><a href=\"https:\/\/www.backit.fr\/\">Back IT<\/a><\/em><\/strong> vient de se distinguer en remportant le <strong>Prix \u201cPiloter\u201d<\/strong> dans le cadre du <strong>Prix de la TPE 2025<\/strong>, organis\u00e9 par la <strong>CCI H\u00e9rault<\/strong> et soutenu par <strong>l\u2019Agglo B\u00e9ziers M\u00e9diterran\u00e9e<\/strong>.<\/p>\n\n\n\n<p>Une belle reconnaissance pour cette <strong>entreprise adapt\u00e9e locale<\/strong>, qui incarne pleinement les valeurs d\u2019<strong>innovation, d\u2019inclusion et de durabilit\u00e9<\/strong> du territoire.<\/p>\n\n\n\n<hr class=\"wp-block-separator has-alpha-channel-opacity\"\/>\n\n\n\n<h5 class=\"wp-block-heading\">Une entreprise adapt\u00e9e engag\u00e9e pour le reconditionnement informatique \u00e0 B\u00e9ziers<\/h5>\n\n\n\n<p>Sp\u00e9cialis\u00e9e dans la <strong>collecte, le reconditionnement et la revente de mat\u00e9riel informatique et de smartphones<\/strong> destin\u00e9s aux professionnels, <strong><em>Back IT<\/em><\/strong> se positionne comme un acteur cl\u00e9 du <strong>num\u00e9rique responsable<\/strong> en Occitanie.<\/p>\n\n\n\n<p>Son mod\u00e8le repose sur deux piliers :<\/p>\n\n\n\n<ul class=\"wp-block-list\">\n<li><strong>L\u2019\u00e9conomie circulaire<\/strong>, en prolongeant la dur\u00e9e de vie du mat\u00e9riel IT gr\u00e2ce \u00e0 un <strong>reconditionnement de haute qualit\u00e9<\/strong>,<\/li>\n\n\n\n<li><strong>L\u2019inclusion<\/strong>, avec <strong>plus de 55 % de salari\u00e9s en situation de handicap<\/strong> au sein de son \u00e9quipe.<\/li>\n<\/ul>\n\n\n\n<p>Gr\u00e2ce \u00e0 ses <strong>\u00e9quipements garantis jusqu\u2019\u00e0 60 mois<\/strong> et un <strong>taux de retour inf\u00e9rieur \u00e0 4 %<\/strong>, <em>Back IT<\/em> s\u2019impose comme une <strong>r\u00e9f\u00e9rence en mati\u00e8re de performance, d\u2019impact social et environnemental<\/strong>.<\/p>\n\n\n\n<hr class=\"wp-block-separator has-alpha-channel-opacity\"\/>\n\n\n\n<h5 class=\"wp-block-heading\">Pierre Carmaniou, un entrepreneur biterrois au parcours engag\u00e9<\/h5>\n\n\n\n<p><strong>Pierre<\/strong>, fondateur de <em>Back IT<\/em>, s\u2019est lanc\u00e9 tr\u00e8s jeune dans l\u2019entrepreneuriat apr\u00e8s une formation de technicien informatique.<\/p>\n\n\n\n<p>Son exp\u00e9rience dans la vente et la r\u00e9paration de mat\u00e9riel reconditionn\u00e9 l\u2019a conduit \u00e0 une conviction forte : <strong>l\u2019alliance de l\u2019environnement et de l\u2019inclusion donne du sens \u00e0 l\u2019entreprise<\/strong>.<\/p>\n\n\n\n<p>En cr\u00e9ant <em>Back IT<\/em> sous le statut d\u2019<strong>Entreprise Adapt\u00e9e<\/strong>, il a choisi un mod\u00e8le fond\u00e9 sur le <strong>management participatif<\/strong>, la <strong>diversit\u00e9<\/strong> et le <strong>respect des valeurs humaines<\/strong>. Une d\u00e9marche qui favorise la <strong>synergie collective<\/strong> et la <strong>coh\u00e9sion au sein de l\u2019\u00e9quipe<\/strong>.<\/p>\n\n\n\n<hr class=\"wp-block-separator has-alpha-channel-opacity\"\/>\n\n\n\n<h5 class=\"wp-block-heading\">Un acteur \u00e0 impact global, ancr\u00e9 \u00e0 B\u00e9ziers M\u00e9diterran\u00e9e<\/h5>\n\n\n\n<p><em>Back IT<\/em> ne se contente pas de reconditionner : l\u2019entreprise a structur\u00e9 un <strong>cycle complet de seconde vie<\/strong> du mat\u00e9riel informatique \u2014 de la <strong>collecte sur site<\/strong> au <strong>don associatif<\/strong> via Linux, en passant par le <strong>d\u00e9mant\u00e8lement \u00e9cologique<\/strong>.<\/p>\n\n\n\n<p>L\u2019entreprise, <strong>ouverte sur son territoire<\/strong>, accueille r\u00e9guli\u00e8rement des <strong>r\u00e9unions professionnelles, visites partenaires et ateliers<\/strong> autour de l\u2019\u00e9conomie circulaire, de la transition num\u00e9rique et de l\u2019emploi inclusif.<\/p>\n\n\n\n<p>Gr\u00e2ce \u00e0 ce positionnement unique, <strong><em>Back IT<\/em> contribue activement \u00e0 l\u2019attractivit\u00e9 \u00e9conomique de B\u00e9ziers M\u00e9diterran\u00e9e<\/strong> tout en promouvant un num\u00e9rique plus responsable et humain.<\/p>\n\n\n\n<hr class=\"wp-block-separator has-alpha-channel-opacity\"\/>\n\n\n\n<p>\ud83d\udc4f <strong>F\u00e9licitations \u00e0 <em>Back IT<\/em><\/strong> pour cette distinction m\u00e9rit\u00e9e qui illustre parfaitement la <strong>dynamique entrepreneuriale et durable du Biterrois<\/strong> !<\/p>\n\n\n\n<p>Apr\u00e8s cette <strong>remise d\u00e9partementale<\/strong>, <strong><em>Back IT<\/em> participera d\u00e9sormais aux Finales R\u00e9gionales<\/strong> du <strong>Prix de la TPE<\/strong>, dont la <strong>remise des prix aura lieu en novembre prochain<\/strong>.<\/p>\n\n\n\n<hr class=\"wp-block-separator has-alpha-channel-opacity\"\/>\n\n\n\n<p><strong>Pour plus d\u2019informations, contactez PULSE en cliquant <a href=\"https:\/\/pulse-beziers.fr\/index.php\/contact\/\">ici<\/a>.<\/strong><\/p>\n\n\n\n<figure class=\"wp-block-image size-large\"><img fetchpriority=\"high\" decoding=\"async\" width=\"1024\" height=\"188\" src=\"https:\/\/pulse-beziers.fr\/wp-content\/uploads\/2025\/10\/Logo-Back-it-Valide-1-1024x188.jpg\" alt=\"\" class=\"wp-image-8047\" srcset=\"https:\/\/pulse-beziers.fr\/wp-content\/uploads\/2025\/10\/Logo-Back-it-Valide-1-1024x188.jpg 1024w, https:\/\/pulse-beziers.fr\/wp-content\/uploads\/2025\/10\/Logo-Back-it-Valide-1-300x55.jpg 300w, https:\/\/pulse-beziers.fr\/wp-content\/uploads\/2025\/10\/Logo-Back-it-Valide-1-768x141.jpg 768w, https:\/\/pulse-beziers.fr\/wp-content\/uploads\/2025\/10\/Logo-Back-it-Valide-1-1536x282.jpg 1536w, https:\/\/pulse-beziers.fr\/wp-content\/uploads\/2025\/10\/Logo-Back-it-Valide-1-1320x242.jpg 1320w, https:\/\/pulse-beziers.fr\/wp-content\/uploads\/2025\/10\/Logo-Back-it-Valide-1-600x110.jpg 600w, https:\/\/pulse-beziers.fr\/wp-content\/uploads\/2025\/10\/Logo-Back-it-Valide-1.jpg 2001w\" sizes=\"(max-width: 1024px) 100vw, 1024px\" \/><\/figure>\n\n\n\n<div class=\"wp-block-jetpack-tiled-gallery aligncenter is-style-rectangular\"><div class=\"\"><div class=\"tiled-gallery__gallery\"><div class=\"tiled-gallery__row\"><div class=\"tiled-gallery__col\" style=\"flex-basis:50.00000%\"><figure class=\"tiled-gallery__item\"><img decoding=\"async\" srcset=\"https:\/\/i0.wp.com\/pulse-beziers.fr\/wp-content\/uploads\/2025\/10\/activite-back-it-1024x768.jpg?strip=info&#038;w=600&#038;ssl=1 600w,https:\/\/i0.wp.com\/pulse-beziers.fr\/wp-content\/uploads\/2025\/10\/activite-back-it-1024x768.jpg?strip=info&#038;w=900&#038;ssl=1 900w,https:\/\/i0.wp.com\/pulse-beziers.fr\/wp-content\/uploads\/2025\/10\/activite-back-it-1024x768.jpg?strip=info&#038;w=1200&#038;ssl=1 1200w,https:\/\/i0.wp.com\/pulse-beziers.fr\/wp-content\/uploads\/2025\/10\/activite-back-it-1024x768.jpg?strip=info&#038;w=1500&#038;ssl=1 1500w,https:\/\/i0.wp.com\/pulse-beziers.fr\/wp-content\/uploads\/2025\/10\/activite-back-it-1024x768.jpg?strip=info&#038;w=1600&#038;ssl=1 1600w\" alt=\"\" data-height=\"1200\" data-id=\"8045\" data-link=\"https:\/\/pulse-beziers.fr\/?attachment_id=8045\" data-url=\"https:\/\/pulse-beziers.fr\/wp-content\/uploads\/2025\/10\/activite-back-it-1024x768.jpg\" data-width=\"1600\" src=\"https:\/\/i0.wp.com\/pulse-beziers.fr\/wp-content\/uploads\/2025\/10\/activite-back-it-1024x768.jpg?ssl=1\" data-amp-layout=\"responsive\"\/><\/figure><\/div><div class=\"tiled-gallery__col\" style=\"flex-basis:50.00000%\"><figure class=\"tiled-gallery__item\"><img decoding=\"async\" srcset=\"https:\/\/i0.wp.com\/pulse-beziers.fr\/wp-content\/uploads\/2025\/10\/IMG_0391-1024x768.jpg?strip=info&#038;w=600&#038;ssl=1 600w,https:\/\/i0.wp.com\/pulse-beziers.fr\/wp-content\/uploads\/2025\/10\/IMG_0391-1024x768.jpg?strip=info&#038;w=900&#038;ssl=1 900w,https:\/\/i0.wp.com\/pulse-beziers.fr\/wp-content\/uploads\/2025\/10\/IMG_0391-1024x768.jpg?strip=info&#038;w=1200&#038;ssl=1 1200w,https:\/\/i0.wp.com\/pulse-beziers.fr\/wp-content\/uploads\/2025\/10\/IMG_0391-1024x768.jpg?strip=info&#038;w=1500&#038;ssl=1 1500w,https:\/\/i0.wp.com\/pulse-beziers.fr\/wp-content\/uploads\/2025\/10\/IMG_0391-1024x768.jpg?strip=info&#038;w=1800&#038;ssl=1 1800w,https:\/\/i0.wp.com\/pulse-beziers.fr\/wp-content\/uploads\/2025\/10\/IMG_0391-1024x768.jpg?strip=info&#038;w=2000&#038;ssl=1 2000w\" alt=\"\" data-height=\"1920\" data-id=\"8046\" data-link=\"https:\/\/pulse-beziers.fr\/?attachment_id=8046\" data-url=\"https:\/\/pulse-beziers.fr\/wp-content\/uploads\/2025\/10\/IMG_0391-1024x768.jpg\" data-width=\"2560\" src=\"https:\/\/i0.wp.com\/pulse-beziers.fr\/wp-content\/uploads\/2025\/10\/IMG_0391-1024x768.jpg?ssl=1\" data-amp-layout=\"responsive\"\/><\/figure><\/div><\/div><\/div><\/div><\/div>\n","protected":false},"excerpt":{"rendered":"<p>\ud83c\udfc6 Back IT, fleuron biterrois de l\u2019\u00e9conomie circulaire et inclusive, laur\u00e9ate du Prix \u00ab Piloter \u00bb du Prix de la TPE 2025 Install\u00e9e \u00e0 l\u2019H\u00f4tel d\u2019Entreprises de B\u00e9ziers, l\u2019entreprise Back IT vient de se distinguer en remportant le Prix \u201cPiloter\u201d dans le cadre du Prix de la TPE 2025, organis\u00e9 par la CCI H\u00e9rault et [&hellip;]<\/p>\n","protected":false},"author":4,"featured_media":8043,"comment_status":"closed","ping_status":"open","sticky":false,"template":"","format":"standard","meta":{"_jetpack_memberships_contains_paid_content":false,"footnotes":""},"categories":[6,168],"tags":[],"class_list":["post-8040","post","type-post","status-publish","format-standard","has-post-thumbnail","hentry","category-economie","category-innovation"],"yoast_head":"<!-- This site is optimized with the Yoast SEO plugin v27.3 - https:\/\/yoast.com\/product\/yoast-seo-wordpress\/ -->\n<title>Back IT, la TPE biterroise qui allie num\u00e9rique responsable et inclusion<\/title>\n<meta name=\"description\" content=\"Laur\u00e9ate du Prix \u00ab Piloter \u00bb 2025, Back IT, entreprise adapt\u00e9e de B\u00e9ziers, r\u00e9invente le reconditionnement informatique entre inclusion et durabilit\u00e9.\" \/>\n<meta name=\"robots\" content=\"index, follow, max-snippet:-1, max-image-preview:large, max-video-preview:-1\" \/>\n<link rel=\"canonical\" href=\"https:\/\/pulse-beziers.fr\/index.php\/2025\/10\/17\/back-it-prix-piloter-tpe-beziers-2025\/\" \/>\n<meta property=\"og:locale\" content=\"fr_FR\" \/>\n<meta property=\"og:type\" content=\"article\" \/>\n<meta property=\"og:title\" content=\"Back IT, la TPE biterroise qui allie num\u00e9rique responsable et inclusion\" \/>\n<meta property=\"og:description\" content=\"Laur\u00e9ate du Prix \u00ab Piloter \u00bb 2025, Back IT, entreprise adapt\u00e9e de B\u00e9ziers, r\u00e9invente le reconditionnement informatique entre inclusion et durabilit\u00e9.\" \/>\n<meta property=\"og:url\" content=\"https:\/\/pulse-beziers.fr\/index.php\/2025\/10\/17\/back-it-prix-piloter-tpe-beziers-2025\/\" \/>\n<meta property=\"og:site_name\" content=\"PULSE\" \/>\n<meta property=\"article:published_time\" content=\"2025-10-17T07:05:33+00:00\" \/>\n<meta property=\"article:modified_time\" content=\"2025-10-17T07:05:35+00:00\" \/>\n<meta property=\"og:image\" content=\"https:\/\/pulse-beziers.fr\/wp-content\/uploads\/2025\/10\/BACK-IT-ARTICLE-1024x724.png\" \/>\n\t<meta property=\"og:image:width\" content=\"1024\" \/>\n\t<meta property=\"og:image:height\" content=\"724\" \/>\n\t<meta property=\"og:image:type\" content=\"image\/png\" \/>\n<meta name=\"author\" content=\"Jordan\" \/>\n<meta name=\"twitter:card\" content=\"summary_large_image\" \/>\n<meta name=\"twitter:label1\" content=\"\u00c9crit par\" \/>\n\t<meta name=\"twitter:data1\" content=\"Jordan\" \/>\n\t<meta name=\"twitter:label2\" content=\"Dur\u00e9e de lecture estim\u00e9e\" \/>\n\t<meta name=\"twitter:data2\" content=\"4 minutes\" \/>\n<script type=\"application\/ld+json\" class=\"yoast-schema-graph\">{\"@context\":\"https:\\\/\\\/schema.org\",\"@graph\":[{\"@type\":\"Article\",\"@id\":\"https:\\\/\\\/pulse-beziers.fr\\\/index.php\\\/2025\\\/10\\\/17\\\/back-it-prix-piloter-tpe-beziers-2025\\\/#article\",\"isPartOf\":{\"@id\":\"https:\\\/\\\/pulse-beziers.fr\\\/index.php\\\/2025\\\/10\\\/17\\\/back-it-prix-piloter-tpe-beziers-2025\\\/\"},\"author\":{\"name\":\"Jordan\",\"@id\":\"https:\\\/\\\/pulse-beziers.fr\\\/#\\\/schema\\\/person\\\/ce4160d5785562dc30723e520933e8e9\"},\"headline\":\"Back IT, la TPE biterroise qui allie num\u00e9rique responsable et inclusion\",\"datePublished\":\"2025-10-17T07:05:33+00:00\",\"dateModified\":\"2025-10-17T07:05:35+00:00\",\"mainEntityOfPage\":{\"@id\":\"https:\\\/\\\/pulse-beziers.fr\\\/index.php\\\/2025\\\/10\\\/17\\\/back-it-prix-piloter-tpe-beziers-2025\\\/\"},\"wordCount\":509,\"publisher\":{\"@id\":\"https:\\\/\\\/pulse-beziers.fr\\\/#organization\"},\"image\":{\"@id\":\"https:\\\/\\\/pulse-beziers.fr\\\/index.php\\\/2025\\\/10\\\/17\\\/back-it-prix-piloter-tpe-beziers-2025\\\/#primaryimage\"},\"thumbnailUrl\":\"https:\\\/\\\/pulse-beziers.fr\\\/wp-content\\\/uploads\\\/2025\\\/10\\\/BACK-IT-ARTICLE.png\",\"articleSection\":[\"ECONOMIE\",\"INNOVATION\"],\"inLanguage\":\"fr-FR\"},{\"@type\":\"WebPage\",\"@id\":\"https:\\\/\\\/pulse-beziers.fr\\\/index.php\\\/2025\\\/10\\\/17\\\/back-it-prix-piloter-tpe-beziers-2025\\\/\",\"url\":\"https:\\\/\\\/pulse-beziers.fr\\\/index.php\\\/2025\\\/10\\\/17\\\/back-it-prix-piloter-tpe-beziers-2025\\\/\",\"name\":\"Back IT, la TPE biterroise qui allie num\u00e9rique responsable et inclusion\",\"isPartOf\":{\"@id\":\"https:\\\/\\\/pulse-beziers.fr\\\/#website\"},\"primaryImageOfPage\":{\"@id\":\"https:\\\/\\\/pulse-beziers.fr\\\/index.php\\\/2025\\\/10\\\/17\\\/back-it-prix-piloter-tpe-beziers-2025\\\/#primaryimage\"},\"image\":{\"@id\":\"https:\\\/\\\/pulse-beziers.fr\\\/index.php\\\/2025\\\/10\\\/17\\\/back-it-prix-piloter-tpe-beziers-2025\\\/#primaryimage\"},\"thumbnailUrl\":\"https:\\\/\\\/pulse-beziers.fr\\\/wp-content\\\/uploads\\\/2025\\\/10\\\/BACK-IT-ARTICLE.png\",\"datePublished\":\"2025-10-17T07:05:33+00:00\",\"dateModified\":\"2025-10-17T07:05:35+00:00\",\"description\":\"Laur\u00e9ate du Prix \u00ab Piloter \u00bb 2025, Back IT, entreprise adapt\u00e9e de B\u00e9ziers, r\u00e9invente le reconditionnement informatique entre inclusion et durabilit\u00e9.\",\"breadcrumb\":{\"@id\":\"https:\\\/\\\/pulse-beziers.fr\\\/index.php\\\/2025\\\/10\\\/17\\\/back-it-prix-piloter-tpe-beziers-2025\\\/#breadcrumb\"},\"inLanguage\":\"fr-FR\",\"potentialAction\":[{\"@type\":\"ReadAction\",\"target\":[\"https:\\\/\\\/pulse-beziers.fr\\\/index.php\\\/2025\\\/10\\\/17\\\/back-it-prix-piloter-tpe-beziers-2025\\\/\"]}]},{\"@type\":\"ImageObject\",\"inLanguage\":\"fr-FR\",\"@id\":\"https:\\\/\\\/pulse-beziers.fr\\\/index.php\\\/2025\\\/10\\\/17\\\/back-it-prix-piloter-tpe-beziers-2025\\\/#primaryimage\",\"url\":\"https:\\\/\\\/pulse-beziers.fr\\\/wp-content\\\/uploads\\\/2025\\\/10\\\/BACK-IT-ARTICLE.png\",\"contentUrl\":\"https:\\\/\\\/pulse-beziers.fr\\\/wp-content\\\/uploads\\\/2025\\\/10\\\/BACK-IT-ARTICLE.png\",\"width\":2048,\"height\":1448},{\"@type\":\"BreadcrumbList\",\"@id\":\"https:\\\/\\\/pulse-beziers.fr\\\/index.php\\\/2025\\\/10\\\/17\\\/back-it-prix-piloter-tpe-beziers-2025\\\/#breadcrumb\",\"itemListElement\":[{\"@type\":\"ListItem\",\"position\":1,\"name\":\"Accueil\",\"item\":\"https:\\\/\\\/pulse-beziers.fr\\\/\"},{\"@type\":\"ListItem\",\"position\":2,\"name\":\"Back IT, la TPE biterroise qui allie num\u00e9rique responsable et inclusion\"}]},{\"@type\":\"WebSite\",\"@id\":\"https:\\\/\\\/pulse-beziers.fr\\\/#website\",\"url\":\"https:\\\/\\\/pulse-beziers.fr\\\/\",\"name\":\"PULSE\",\"description\":\"B\u00e9ziers M\u00e9diterran\u00e9e\",\"publisher\":{\"@id\":\"https:\\\/\\\/pulse-beziers.fr\\\/#organization\"},\"potentialAction\":[{\"@type\":\"SearchAction\",\"target\":{\"@type\":\"EntryPoint\",\"urlTemplate\":\"https:\\\/\\\/pulse-beziers.fr\\\/?s={search_term_string}\"},\"query-input\":{\"@type\":\"PropertyValueSpecification\",\"valueRequired\":true,\"valueName\":\"search_term_string\"}}],\"inLanguage\":\"fr-FR\"},{\"@type\":\"Organization\",\"@id\":\"https:\\\/\\\/pulse-beziers.fr\\\/#organization\",\"name\":\"PULSE\",\"url\":\"https:\\\/\\\/pulse-beziers.fr\\\/\",\"logo\":{\"@type\":\"ImageObject\",\"inLanguage\":\"fr-FR\",\"@id\":\"https:\\\/\\\/pulse-beziers.fr\\\/#\\\/schema\\\/logo\\\/image\\\/\",\"url\":\"https:\\\/\\\/pulse-beziers.fr\\\/wp-content\\\/uploads\\\/2023\\\/10\\\/PULSE_OK.png\",\"contentUrl\":\"https:\\\/\\\/pulse-beziers.fr\\\/wp-content\\\/uploads\\\/2023\\\/10\\\/PULSE_OK.png\",\"width\":1490,\"height\":506,\"caption\":\"PULSE\"},\"image\":{\"@id\":\"https:\\\/\\\/pulse-beziers.fr\\\/#\\\/schema\\\/logo\\\/image\\\/\"}},{\"@type\":\"Person\",\"@id\":\"https:\\\/\\\/pulse-beziers.fr\\\/#\\\/schema\\\/person\\\/ce4160d5785562dc30723e520933e8e9\",\"name\":\"Jordan\",\"image\":{\"@type\":\"ImageObject\",\"inLanguage\":\"fr-FR\",\"@id\":\"https:\\\/\\\/secure.gravatar.com\\\/avatar\\\/ae88e378bde730769fc25248bfc128d509bc64fc2fad4d6455517f85742a87fd?s=96&d=mm&r=g\",\"url\":\"https:\\\/\\\/secure.gravatar.com\\\/avatar\\\/ae88e378bde730769fc25248bfc128d509bc64fc2fad4d6455517f85742a87fd?s=96&d=mm&r=g\",\"contentUrl\":\"https:\\\/\\\/secure.gravatar.com\\\/avatar\\\/ae88e378bde730769fc25248bfc128d509bc64fc2fad4d6455517f85742a87fd?s=96&d=mm&r=g\",\"caption\":\"Jordan\"},\"url\":\"https:\\\/\\\/pulse-beziers.fr\\\/index.php\\\/author\\\/jordan\\\/\"}]}<\/script>\n<!-- \/ Yoast SEO plugin. -->","yoast_head_json":{"title":"Back IT, la TPE biterroise qui allie num\u00e9rique responsable et inclusion","description":"Laur\u00e9ate du Prix \u00ab Piloter \u00bb 2025, Back IT, entreprise adapt\u00e9e de B\u00e9ziers, r\u00e9invente le reconditionnement informatique entre inclusion et durabilit\u00e9.","robots":{"index":"index","follow":"follow","max-snippet":"max-snippet:-1","max-image-preview":"max-image-preview:large","max-video-preview":"max-video-preview:-1"},"canonical":"https:\/\/pulse-beziers.fr\/index.php\/2025\/10\/17\/back-it-prix-piloter-tpe-beziers-2025\/","og_locale":"fr_FR","og_type":"article","og_title":"Back IT, la TPE biterroise qui allie num\u00e9rique responsable et inclusion","og_description":"Laur\u00e9ate du Prix \u00ab Piloter \u00bb 2025, Back IT, entreprise adapt\u00e9e de B\u00e9ziers, r\u00e9invente le reconditionnement informatique entre inclusion et durabilit\u00e9.","og_url":"https:\/\/pulse-beziers.fr\/index.php\/2025\/10\/17\/back-it-prix-piloter-tpe-beziers-2025\/","og_site_name":"PULSE","article_published_time":"2025-10-17T07:05:33+00:00","article_modified_time":"2025-10-17T07:05:35+00:00","og_image":[{"width":1024,"height":724,"url":"https:\/\/pulse-beziers.fr\/wp-content\/uploads\/2025\/10\/BACK-IT-ARTICLE-1024x724.png","type":"image\/png"}],"author":"Jordan","twitter_card":"summary_large_image","twitter_misc":{"\u00c9crit par":"Jordan","Dur\u00e9e de lecture estim\u00e9e":"4 minutes"},"schema":{"@context":"https:\/\/schema.org","@graph":[{"@type":"Article","@id":"https:\/\/pulse-beziers.fr\/index.php\/2025\/10\/17\/back-it-prix-piloter-tpe-beziers-2025\/#article","isPartOf":{"@id":"https:\/\/pulse-beziers.fr\/index.php\/2025\/10\/17\/back-it-prix-piloter-tpe-beziers-2025\/"},"author":{"name":"Jordan","@id":"https:\/\/pulse-beziers.fr\/#\/schema\/person\/ce4160d5785562dc30723e520933e8e9"},"headline":"Back IT, la TPE biterroise qui allie num\u00e9rique responsable et inclusion","datePublished":"2025-10-17T07:05:33+00:00","dateModified":"2025-10-17T07:05:35+00:00","mainEntityOfPage":{"@id":"https:\/\/pulse-beziers.fr\/index.php\/2025\/10\/17\/back-it-prix-piloter-tpe-beziers-2025\/"},"wordCount":509,"publisher":{"@id":"https:\/\/pulse-beziers.fr\/#organization"},"image":{"@id":"https:\/\/pulse-beziers.fr\/index.php\/2025\/10\/17\/back-it-prix-piloter-tpe-beziers-2025\/#primaryimage"},"thumbnailUrl":"https:\/\/pulse-beziers.fr\/wp-content\/uploads\/2025\/10\/BACK-IT-ARTICLE.png","articleSection":["ECONOMIE","INNOVATION"],"inLanguage":"fr-FR"},{"@type":"WebPage","@id":"https:\/\/pulse-beziers.fr\/index.php\/2025\/10\/17\/back-it-prix-piloter-tpe-beziers-2025\/","url":"https:\/\/pulse-beziers.fr\/index.php\/2025\/10\/17\/back-it-prix-piloter-tpe-beziers-2025\/","name":"Back IT, la TPE biterroise qui allie num\u00e9rique responsable et inclusion","isPartOf":{"@id":"https:\/\/pulse-beziers.fr\/#website"},"primaryImageOfPage":{"@id":"https:\/\/pulse-beziers.fr\/index.php\/2025\/10\/17\/back-it-prix-piloter-tpe-beziers-2025\/#primaryimage"},"image":{"@id":"https:\/\/pulse-beziers.fr\/index.php\/2025\/10\/17\/back-it-prix-piloter-tpe-beziers-2025\/#primaryimage"},"thumbnailUrl":"https:\/\/pulse-beziers.fr\/wp-content\/uploads\/2025\/10\/BACK-IT-ARTICLE.png","datePublished":"2025-10-17T07:05:33+00:00","dateModified":"2025-10-17T07:05:35+00:00","description":"Laur\u00e9ate du Prix \u00ab Piloter \u00bb 2025, Back IT, entreprise adapt\u00e9e de B\u00e9ziers, r\u00e9invente le reconditionnement informatique entre inclusion et durabilit\u00e9.","breadcrumb":{"@id":"https:\/\/pulse-beziers.fr\/index.php\/2025\/10\/17\/back-it-prix-piloter-tpe-beziers-2025\/#breadcrumb"},"inLanguage":"fr-FR","potentialAction":[{"@type":"ReadAction","target":["https:\/\/pulse-beziers.fr\/index.php\/2025\/10\/17\/back-it-prix-piloter-tpe-beziers-2025\/"]}]},{"@type":"ImageObject","inLanguage":"fr-FR","@id":"https:\/\/pulse-beziers.fr\/index.php\/2025\/10\/17\/back-it-prix-piloter-tpe-beziers-2025\/#primaryimage","url":"https:\/\/pulse-beziers.fr\/wp-content\/uploads\/2025\/10\/BACK-IT-ARTICLE.png","contentUrl":"https:\/\/pulse-beziers.fr\/wp-content\/uploads\/2025\/10\/BACK-IT-ARTICLE.png","width":2048,"height":1448},{"@type":"BreadcrumbList","@id":"https:\/\/pulse-beziers.fr\/index.php\/2025\/10\/17\/back-it-prix-piloter-tpe-beziers-2025\/#breadcrumb","itemListElement":[{"@type":"ListItem","position":1,"name":"Accueil","item":"https:\/\/pulse-beziers.fr\/"},{"@type":"ListItem","position":2,"name":"Back IT, la TPE biterroise qui allie num\u00e9rique responsable et inclusion"}]},{"@type":"WebSite","@id":"https:\/\/pulse-beziers.fr\/#website","url":"https:\/\/pulse-beziers.fr\/","name":"PULSE","description":"B\u00e9ziers M\u00e9diterran\u00e9e","publisher":{"@id":"https:\/\/pulse-beziers.fr\/#organization"},"potentialAction":[{"@type":"SearchAction","target":{"@type":"EntryPoint","urlTemplate":"https:\/\/pulse-beziers.fr\/?s={search_term_string}"},"query-input":{"@type":"PropertyValueSpecification","valueRequired":true,"valueName":"search_term_string"}}],"inLanguage":"fr-FR"},{"@type":"Organization","@id":"https:\/\/pulse-beziers.fr\/#organization","name":"PULSE","url":"https:\/\/pulse-beziers.fr\/","logo":{"@type":"ImageObject","inLanguage":"fr-FR","@id":"https:\/\/pulse-beziers.fr\/#\/schema\/logo\/image\/","url":"https:\/\/pulse-beziers.fr\/wp-content\/uploads\/2023\/10\/PULSE_OK.png","contentUrl":"https:\/\/pulse-beziers.fr\/wp-content\/uploads\/2023\/10\/PULSE_OK.png","width":1490,"height":506,"caption":"PULSE"},"image":{"@id":"https:\/\/pulse-beziers.fr\/#\/schema\/logo\/image\/"}},{"@type":"Person","@id":"https:\/\/pulse-beziers.fr\/#\/schema\/person\/ce4160d5785562dc30723e520933e8e9","name":"Jordan","image":{"@type":"ImageObject","inLanguage":"fr-FR","@id":"https:\/\/secure.gravatar.com\/avatar\/ae88e378bde730769fc25248bfc128d509bc64fc2fad4d6455517f85742a87fd?s=96&d=mm&r=g","url":"https:\/\/secure.gravatar.com\/avatar\/ae88e378bde730769fc25248bfc128d509bc64fc2fad4d6455517f85742a87fd?s=96&d=mm&r=g","contentUrl":"https:\/\/secure.gravatar.com\/avatar\/ae88e378bde730769fc25248bfc128d509bc64fc2fad4d6455517f85742a87fd?s=96&d=mm&r=g","caption":"Jordan"},"url":"https:\/\/pulse-beziers.fr\/index.php\/author\/jordan\/"}]}},"jetpack_featured_media_url":"https:\/\/pulse-beziers.fr\/wp-content\/uploads\/2025\/10\/BACK-IT-ARTICLE.png","jetpack_sharing_enabled":true,"_links":{"self":[{"href":"https:\/\/pulse-beziers.fr\/index.php\/wp-json\/wp\/v2\/posts\/8040","targetHints":{"allow":["GET"]}}],"collection":[{"href":"https:\/\/pulse-beziers.fr\/index.php\/wp-json\/wp\/v2\/posts"}],"about":[{"href":"https:\/\/pulse-beziers.fr\/index.php\/wp-json\/wp\/v2\/types\/post"}],"author":[{"embeddable":true,"href":"https:\/\/pulse-beziers.fr\/index.php\/wp-json\/wp\/v2\/users\/4"}],"replies":[{"embeddable":true,"href":"https:\/\/pulse-beziers.fr\/index.php\/wp-json\/wp\/v2\/comments?post=8040"}],"version-history":[{"count":1,"href":"https:\/\/pulse-beziers.fr\/index.php\/wp-json\/wp\/v2\/posts\/8040\/revisions"}],"predecessor-version":[{"id":8048,"href":"https:\/\/pulse-beziers.fr\/index.php\/wp-json\/wp\/v2\/posts\/8040\/revisions\/8048"}],"wp:featuredmedia":[{"embeddable":true,"href":"https:\/\/pulse-beziers.fr\/index.php\/wp-json\/wp\/v2\/media\/8043"}],"wp:attachment":[{"href":"https:\/\/pulse-beziers.fr\/index.php\/wp-json\/wp\/v2\/media?parent=8040"}],"wp:term":[{"taxonomy":"category","embeddable":true,"href":"https:\/\/pulse-beziers.fr\/index.php\/wp-json\/wp\/v2\/categories?post=8040"},{"taxonomy":"post_tag","embeddable":true,"href":"https:\/\/pulse-beziers.fr\/index.php\/wp-json\/wp\/v2\/tags?post=8040"}],"curies":[{"name":"wp","href":"https:\/\/api.w.org\/{rel}","templated":true}]}}