{"id":8058,"date":"2025-10-20T09:51:32","date_gmt":"2025-10-20T07:51:32","guid":{"rendered":"https:\/\/pulse-beziers.fr\/?p=8058"},"modified":"2025-10-20T09:51:34","modified_gmt":"2025-10-20T07:51:34","slug":"rejoignez-la-reserve-operationnelle-de-la-police-nationale","status":"publish","type":"post","link":"https:\/\/pulse-beziers.fr\/index.php\/2025\/10\/20\/rejoignez-la-reserve-operationnelle-de-la-police-nationale\/","title":{"rendered":"Rejoignez la r\u00e9serve op\u00e9rationnelle de la Police nationale"},"content":{"rendered":"\n<p>La Police nationale recrute actuellement pour sa <strong>r\u00e9serve op\u00e9rationnelle<\/strong> !<br>Destin\u00e9e aux citoyennes et citoyens souhaitant s\u2019engager au service de la s\u00e9curit\u00e9 publique, cette r\u00e9serve offre une <strong>v\u00e9ritable exp\u00e9rience de terrain<\/strong> : s\u00e9lection, formation, entra\u00eenements et affectation au sein des unit\u00e9s de la Police nationale.<br>Accessible d\u00e8s 18 ans, ce dispositif permet de <strong>participer concr\u00e8tement \u00e0 la protection des Fran\u00e7ais<\/strong> tout en d\u00e9veloppant de nouvelles comp\u00e9tences professionnelles et humaines.<\/p>\n\n\n\n<p>\ud83d\udccd <strong>Inscriptions et informations<\/strong> : <a>police-nationale.interieur.gouv.fr<\/a><\/p>\n","protected":false},"excerpt":{"rendered":"<p>La Police nationale recrute actuellement pour sa r\u00e9serve op\u00e9rationnelle !Destin\u00e9e aux citoyennes et citoyens souhaitant s\u2019engager au service de la s\u00e9curit\u00e9 publique, cette r\u00e9serve offre une v\u00e9ritable exp\u00e9rience de terrain : s\u00e9lection, formation, entra\u00eenements et affectation au sein des unit\u00e9s de la Police nationale.Accessible d\u00e8s 18 ans, ce dispositif permet de participer concr\u00e8tement \u00e0 la [&hellip;]<\/p>\n","protected":false},"author":4,"featured_media":8060,"comment_status":"closed","ping_status":"open","sticky":false,"template":"","format":"standard","meta":{"_jetpack_memberships_contains_paid_content":false,"footnotes":""},"categories":[156],"tags":[],"class_list":["post-8058","post","type-post","status-publish","format-standard","has-post-thumbnail","hentry","category-recrutement"],"yoast_head":"<!-- This site is optimized with the Yoast SEO plugin v27.3 - https:\/\/yoast.com\/product\/yoast-seo-wordpress\/ -->\n<title>Rejoignez la r\u00e9serve op\u00e9rationnelle de la Police nationale - PULSE<\/title>\n<meta name=\"robots\" content=\"index, follow, max-snippet:-1, max-image-preview:large, max-video-preview:-1\" \/>\n<link rel=\"canonical\" href=\"https:\/\/pulse-beziers.fr\/index.php\/2025\/10\/20\/rejoignez-la-reserve-operationnelle-de-la-police-nationale\/\" \/>\n<meta property=\"og:locale\" content=\"fr_FR\" \/>\n<meta property=\"og:type\" content=\"article\" \/>\n<meta property=\"og:title\" content=\"Rejoignez la r\u00e9serve op\u00e9rationnelle de la Police nationale - PULSE\" \/>\n<meta property=\"og:description\" content=\"La Police nationale recrute actuellement pour sa r\u00e9serve op\u00e9rationnelle !Destin\u00e9e aux citoyennes et citoyens souhaitant s\u2019engager au service de la s\u00e9curit\u00e9 publique, cette r\u00e9serve offre une v\u00e9ritable exp\u00e9rience de terrain : s\u00e9lection, formation, entra\u00eenements et affectation au sein des unit\u00e9s de la Police nationale.Accessible d\u00e8s 18 ans, ce dispositif permet de participer concr\u00e8tement \u00e0 la [&hellip;]\" \/>\n<meta property=\"og:url\" content=\"https:\/\/pulse-beziers.fr\/index.php\/2025\/10\/20\/rejoignez-la-reserve-operationnelle-de-la-police-nationale\/\" \/>\n<meta property=\"og:site_name\" content=\"PULSE\" \/>\n<meta property=\"article:published_time\" content=\"2025-10-20T07:51:32+00:00\" \/>\n<meta property=\"article:modified_time\" content=\"2025-10-20T07:51:34+00:00\" \/>\n<meta property=\"og:image\" content=\"https:\/\/pulse-beziers.fr\/wp-content\/uploads\/2025\/10\/ROPN-ARTICLE-1024x724.png\" \/>\n\t<meta property=\"og:image:width\" content=\"1024\" \/>\n\t<meta property=\"og:image:height\" content=\"724\" \/>\n\t<meta property=\"og:image:type\" content=\"image\/png\" \/>\n<meta name=\"author\" content=\"Jordan\" \/>\n<meta name=\"twitter:card\" content=\"summary_large_image\" \/>\n<meta name=\"twitter:label1\" content=\"\u00c9crit par\" \/>\n\t<meta name=\"twitter:data1\" content=\"Jordan\" \/>\n\t<meta name=\"twitter:label2\" content=\"Dur\u00e9e de lecture estim\u00e9e\" \/>\n\t<meta name=\"twitter:data2\" content=\"1 minute\" \/>\n<script type=\"application\/ld+json\" class=\"yoast-schema-graph\">{\"@context\":\"https:\\\/\\\/schema.org\",\"@graph\":[{\"@type\":\"Article\",\"@id\":\"https:\\\/\\\/pulse-beziers.fr\\\/index.php\\\/2025\\\/10\\\/20\\\/rejoignez-la-reserve-operationnelle-de-la-police-nationale\\\/#article\",\"isPartOf\":{\"@id\":\"https:\\\/\\\/pulse-beziers.fr\\\/index.php\\\/2025\\\/10\\\/20\\\/rejoignez-la-reserve-operationnelle-de-la-police-nationale\\\/\"},\"author\":{\"name\":\"Jordan\",\"@id\":\"https:\\\/\\\/pulse-beziers.fr\\\/#\\\/schema\\\/person\\\/ce4160d5785562dc30723e520933e8e9\"},\"headline\":\"Rejoignez la r\u00e9serve op\u00e9rationnelle de la Police nationale\",\"datePublished\":\"2025-10-20T07:51:32+00:00\",\"dateModified\":\"2025-10-20T07:51:34+00:00\",\"mainEntityOfPage\":{\"@id\":\"https:\\\/\\\/pulse-beziers.fr\\\/index.php\\\/2025\\\/10\\\/20\\\/rejoignez-la-reserve-operationnelle-de-la-police-nationale\\\/\"},\"wordCount\":98,\"publisher\":{\"@id\":\"https:\\\/\\\/pulse-beziers.fr\\\/#organization\"},\"image\":{\"@id\":\"https:\\\/\\\/pulse-beziers.fr\\\/index.php\\\/2025\\\/10\\\/20\\\/rejoignez-la-reserve-operationnelle-de-la-police-nationale\\\/#primaryimage\"},\"thumbnailUrl\":\"https:\\\/\\\/pulse-beziers.fr\\\/wp-content\\\/uploads\\\/2025\\\/10\\\/ROPN-ARTICLE.png\",\"articleSection\":[\"RECRUTEMENT\"],\"inLanguage\":\"fr-FR\"},{\"@type\":\"WebPage\",\"@id\":\"https:\\\/\\\/pulse-beziers.fr\\\/index.php\\\/2025\\\/10\\\/20\\\/rejoignez-la-reserve-operationnelle-de-la-police-nationale\\\/\",\"url\":\"https:\\\/\\\/pulse-beziers.fr\\\/index.php\\\/2025\\\/10\\\/20\\\/rejoignez-la-reserve-operationnelle-de-la-police-nationale\\\/\",\"name\":\"Rejoignez la r\u00e9serve op\u00e9rationnelle de la Police nationale - PULSE\",\"isPartOf\":{\"@id\":\"https:\\\/\\\/pulse-beziers.fr\\\/#website\"},\"primaryImageOfPage\":{\"@id\":\"https:\\\/\\\/pulse-beziers.fr\\\/index.php\\\/2025\\\/10\\\/20\\\/rejoignez-la-reserve-operationnelle-de-la-police-nationale\\\/#primaryimage\"},\"image\":{\"@id\":\"https:\\\/\\\/pulse-beziers.fr\\\/index.php\\\/2025\\\/10\\\/20\\\/rejoignez-la-reserve-operationnelle-de-la-police-nationale\\\/#primaryimage\"},\"thumbnailUrl\":\"https:\\\/\\\/pulse-beziers.fr\\\/wp-content\\\/uploads\\\/2025\\\/10\\\/ROPN-ARTICLE.png\",\"datePublished\":\"2025-10-20T07:51:32+00:00\",\"dateModified\":\"2025-10-20T07:51:34+00:00\",\"breadcrumb\":{\"@id\":\"https:\\\/\\\/pulse-beziers.fr\\\/index.php\\\/2025\\\/10\\\/20\\\/rejoignez-la-reserve-operationnelle-de-la-police-nationale\\\/#breadcrumb\"},\"inLanguage\":\"fr-FR\",\"potentialAction\":[{\"@type\":\"ReadAction\",\"target\":[\"https:\\\/\\\/pulse-beziers.fr\\\/index.php\\\/2025\\\/10\\\/20\\\/rejoignez-la-reserve-operationnelle-de-la-police-nationale\\\/\"]}]},{\"@type\":\"ImageObject\",\"inLanguage\":\"fr-FR\",\"@id\":\"https:\\\/\\\/pulse-beziers.fr\\\/index.php\\\/2025\\\/10\\\/20\\\/rejoignez-la-reserve-operationnelle-de-la-police-nationale\\\/#primaryimage\",\"url\":\"https:\\\/\\\/pulse-beziers.fr\\\/wp-content\\\/uploads\\\/2025\\\/10\\\/ROPN-ARTICLE.png\",\"contentUrl\":\"https:\\\/\\\/pulse-beziers.fr\\\/wp-content\\\/uploads\\\/2025\\\/10\\\/ROPN-ARTICLE.png\",\"width\":2048,\"height\":1448},{\"@type\":\"BreadcrumbList\",\"@id\":\"https:\\\/\\\/pulse-beziers.fr\\\/index.php\\\/2025\\\/10\\\/20\\\/rejoignez-la-reserve-operationnelle-de-la-police-nationale\\\/#breadcrumb\",\"itemListElement\":[{\"@type\":\"ListItem\",\"position\":1,\"name\":\"Accueil\",\"item\":\"https:\\\/\\\/pulse-beziers.fr\\\/\"},{\"@type\":\"ListItem\",\"position\":2,\"name\":\"Rejoignez la r\u00e9serve op\u00e9rationnelle de la Police nationale\"}]},{\"@type\":\"WebSite\",\"@id\":\"https:\\\/\\\/pulse-beziers.fr\\\/#website\",\"url\":\"https:\\\/\\\/pulse-beziers.fr\\\/\",\"name\":\"PULSE\",\"description\":\"B\u00e9ziers M\u00e9diterran\u00e9e\",\"publisher\":{\"@id\":\"https:\\\/\\\/pulse-beziers.fr\\\/#organization\"},\"potentialAction\":[{\"@type\":\"SearchAction\",\"target\":{\"@type\":\"EntryPoint\",\"urlTemplate\":\"https:\\\/\\\/pulse-beziers.fr\\\/?s={search_term_string}\"},\"query-input\":{\"@type\":\"PropertyValueSpecification\",\"valueRequired\":true,\"valueName\":\"search_term_string\"}}],\"inLanguage\":\"fr-FR\"},{\"@type\":\"Organization\",\"@id\":\"https:\\\/\\\/pulse-beziers.fr\\\/#organization\",\"name\":\"PULSE\",\"url\":\"https:\\\/\\\/pulse-beziers.fr\\\/\",\"logo\":{\"@type\":\"ImageObject\",\"inLanguage\":\"fr-FR\",\"@id\":\"https:\\\/\\\/pulse-beziers.fr\\\/#\\\/schema\\\/logo\\\/image\\\/\",\"url\":\"https:\\\/\\\/pulse-beziers.fr\\\/wp-content\\\/uploads\\\/2023\\\/10\\\/PULSE_OK.png\",\"contentUrl\":\"https:\\\/\\\/pulse-beziers.fr\\\/wp-content\\\/uploads\\\/2023\\\/10\\\/PULSE_OK.png\",\"width\":1490,\"height\":506,\"caption\":\"PULSE\"},\"image\":{\"@id\":\"https:\\\/\\\/pulse-beziers.fr\\\/#\\\/schema\\\/logo\\\/image\\\/\"}},{\"@type\":\"Person\",\"@id\":\"https:\\\/\\\/pulse-beziers.fr\\\/#\\\/schema\\\/person\\\/ce4160d5785562dc30723e520933e8e9\",\"name\":\"Jordan\",\"image\":{\"@type\":\"ImageObject\",\"inLanguage\":\"fr-FR\",\"@id\":\"https:\\\/\\\/secure.gravatar.com\\\/avatar\\\/ae88e378bde730769fc25248bfc128d509bc64fc2fad4d6455517f85742a87fd?s=96&d=mm&r=g\",\"url\":\"https:\\\/\\\/secure.gravatar.com\\\/avatar\\\/ae88e378bde730769fc25248bfc128d509bc64fc2fad4d6455517f85742a87fd?s=96&d=mm&r=g\",\"contentUrl\":\"https:\\\/\\\/secure.gravatar.com\\\/avatar\\\/ae88e378bde730769fc25248bfc128d509bc64fc2fad4d6455517f85742a87fd?s=96&d=mm&r=g\",\"caption\":\"Jordan\"},\"url\":\"https:\\\/\\\/pulse-beziers.fr\\\/index.php\\\/author\\\/jordan\\\/\"}]}<\/script>\n<!-- \/ Yoast SEO plugin. -->","yoast_head_json":{"title":"Rejoignez la r\u00e9serve op\u00e9rationnelle de la Police nationale - PULSE","robots":{"index":"index","follow":"follow","max-snippet":"max-snippet:-1","max-image-preview":"max-image-preview:large","max-video-preview":"max-video-preview:-1"},"canonical":"https:\/\/pulse-beziers.fr\/index.php\/2025\/10\/20\/rejoignez-la-reserve-operationnelle-de-la-police-nationale\/","og_locale":"fr_FR","og_type":"article","og_title":"Rejoignez la r\u00e9serve op\u00e9rationnelle de la Police nationale - PULSE","og_description":"La Police nationale recrute actuellement pour sa r\u00e9serve op\u00e9rationnelle !Destin\u00e9e aux citoyennes et citoyens souhaitant s\u2019engager au service de la s\u00e9curit\u00e9 publique, cette r\u00e9serve offre une v\u00e9ritable exp\u00e9rience de terrain : s\u00e9lection, formation, entra\u00eenements et affectation au sein des unit\u00e9s de la Police nationale.Accessible d\u00e8s 18 ans, ce dispositif permet de participer concr\u00e8tement \u00e0 la [&hellip;]","og_url":"https:\/\/pulse-beziers.fr\/index.php\/2025\/10\/20\/rejoignez-la-reserve-operationnelle-de-la-police-nationale\/","og_site_name":"PULSE","article_published_time":"2025-10-20T07:51:32+00:00","article_modified_time":"2025-10-20T07:51:34+00:00","og_image":[{"width":1024,"height":724,"url":"https:\/\/pulse-beziers.fr\/wp-content\/uploads\/2025\/10\/ROPN-ARTICLE-1024x724.png","type":"image\/png"}],"author":"Jordan","twitter_card":"summary_large_image","twitter_misc":{"\u00c9crit par":"Jordan","Dur\u00e9e de lecture estim\u00e9e":"1 minute"},"schema":{"@context":"https:\/\/schema.org","@graph":[{"@type":"Article","@id":"https:\/\/pulse-beziers.fr\/index.php\/2025\/10\/20\/rejoignez-la-reserve-operationnelle-de-la-police-nationale\/#article","isPartOf":{"@id":"https:\/\/pulse-beziers.fr\/index.php\/2025\/10\/20\/rejoignez-la-reserve-operationnelle-de-la-police-nationale\/"},"author":{"name":"Jordan","@id":"https:\/\/pulse-beziers.fr\/#\/schema\/person\/ce4160d5785562dc30723e520933e8e9"},"headline":"Rejoignez la r\u00e9serve op\u00e9rationnelle de la Police nationale","datePublished":"2025-10-20T07:51:32+00:00","dateModified":"2025-10-20T07:51:34+00:00","mainEntityOfPage":{"@id":"https:\/\/pulse-beziers.fr\/index.php\/2025\/10\/20\/rejoignez-la-reserve-operationnelle-de-la-police-nationale\/"},"wordCount":98,"publisher":{"@id":"https:\/\/pulse-beziers.fr\/#organization"},"image":{"@id":"https:\/\/pulse-beziers.fr\/index.php\/2025\/10\/20\/rejoignez-la-reserve-operationnelle-de-la-police-nationale\/#primaryimage"},"thumbnailUrl":"https:\/\/pulse-beziers.fr\/wp-content\/uploads\/2025\/10\/ROPN-ARTICLE.png","articleSection":["RECRUTEMENT"],"inLanguage":"fr-FR"},{"@type":"WebPage","@id":"https:\/\/pulse-beziers.fr\/index.php\/2025\/10\/20\/rejoignez-la-reserve-operationnelle-de-la-police-nationale\/","url":"https:\/\/pulse-beziers.fr\/index.php\/2025\/10\/20\/rejoignez-la-reserve-operationnelle-de-la-police-nationale\/","name":"Rejoignez la r\u00e9serve op\u00e9rationnelle de la Police nationale - PULSE","isPartOf":{"@id":"https:\/\/pulse-beziers.fr\/#website"},"primaryImageOfPage":{"@id":"https:\/\/pulse-beziers.fr\/index.php\/2025\/10\/20\/rejoignez-la-reserve-operationnelle-de-la-police-nationale\/#primaryimage"},"image":{"@id":"https:\/\/pulse-beziers.fr\/index.php\/2025\/10\/20\/rejoignez-la-reserve-operationnelle-de-la-police-nationale\/#primaryimage"},"thumbnailUrl":"https:\/\/pulse-beziers.fr\/wp-content\/uploads\/2025\/10\/ROPN-ARTICLE.png","datePublished":"2025-10-20T07:51:32+00:00","dateModified":"2025-10-20T07:51:34+00:00","breadcrumb":{"@id":"https:\/\/pulse-beziers.fr\/index.php\/2025\/10\/20\/rejoignez-la-reserve-operationnelle-de-la-police-nationale\/#breadcrumb"},"inLanguage":"fr-FR","potentialAction":[{"@type":"ReadAction","target":["https:\/\/pulse-beziers.fr\/index.php\/2025\/10\/20\/rejoignez-la-reserve-operationnelle-de-la-police-nationale\/"]}]},{"@type":"ImageObject","inLanguage":"fr-FR","@id":"https:\/\/pulse-beziers.fr\/index.php\/2025\/10\/20\/rejoignez-la-reserve-operationnelle-de-la-police-nationale\/#primaryimage","url":"https:\/\/pulse-beziers.fr\/wp-content\/uploads\/2025\/10\/ROPN-ARTICLE.png","contentUrl":"https:\/\/pulse-beziers.fr\/wp-content\/uploads\/2025\/10\/ROPN-ARTICLE.png","width":2048,"height":1448},{"@type":"BreadcrumbList","@id":"https:\/\/pulse-beziers.fr\/index.php\/2025\/10\/20\/rejoignez-la-reserve-operationnelle-de-la-police-nationale\/#breadcrumb","itemListElement":[{"@type":"ListItem","position":1,"name":"Accueil","item":"https:\/\/pulse-beziers.fr\/"},{"@type":"ListItem","position":2,"name":"Rejoignez la r\u00e9serve op\u00e9rationnelle de la Police nationale"}]},{"@type":"WebSite","@id":"https:\/\/pulse-beziers.fr\/#website","url":"https:\/\/pulse-beziers.fr\/","name":"PULSE","description":"B\u00e9ziers M\u00e9diterran\u00e9e","publisher":{"@id":"https:\/\/pulse-beziers.fr\/#organization"},"potentialAction":[{"@type":"SearchAction","target":{"@type":"EntryPoint","urlTemplate":"https:\/\/pulse-beziers.fr\/?s={search_term_string}"},"query-input":{"@type":"PropertyValueSpecification","valueRequired":true,"valueName":"search_term_string"}}],"inLanguage":"fr-FR"},{"@type":"Organization","@id":"https:\/\/pulse-beziers.fr\/#organization","name":"PULSE","url":"https:\/\/pulse-beziers.fr\/","logo":{"@type":"ImageObject","inLanguage":"fr-FR","@id":"https:\/\/pulse-beziers.fr\/#\/schema\/logo\/image\/","url":"https:\/\/pulse-beziers.fr\/wp-content\/uploads\/2023\/10\/PULSE_OK.png","contentUrl":"https:\/\/pulse-beziers.fr\/wp-content\/uploads\/2023\/10\/PULSE_OK.png","width":1490,"height":506,"caption":"PULSE"},"image":{"@id":"https:\/\/pulse-beziers.fr\/#\/schema\/logo\/image\/"}},{"@type":"Person","@id":"https:\/\/pulse-beziers.fr\/#\/schema\/person\/ce4160d5785562dc30723e520933e8e9","name":"Jordan","image":{"@type":"ImageObject","inLanguage":"fr-FR","@id":"https:\/\/secure.gravatar.com\/avatar\/ae88e378bde730769fc25248bfc128d509bc64fc2fad4d6455517f85742a87fd?s=96&d=mm&r=g","url":"https:\/\/secure.gravatar.com\/avatar\/ae88e378bde730769fc25248bfc128d509bc64fc2fad4d6455517f85742a87fd?s=96&d=mm&r=g","contentUrl":"https:\/\/secure.gravatar.com\/avatar\/ae88e378bde730769fc25248bfc128d509bc64fc2fad4d6455517f85742a87fd?s=96&d=mm&r=g","caption":"Jordan"},"url":"https:\/\/pulse-beziers.fr\/index.php\/author\/jordan\/"}]}},"jetpack_featured_media_url":"https:\/\/pulse-beziers.fr\/wp-content\/uploads\/2025\/10\/ROPN-ARTICLE.png","jetpack_sharing_enabled":true,"_links":{"self":[{"href":"https:\/\/pulse-beziers.fr\/index.php\/wp-json\/wp\/v2\/posts\/8058","targetHints":{"allow":["GET"]}}],"collection":[{"href":"https:\/\/pulse-beziers.fr\/index.php\/wp-json\/wp\/v2\/posts"}],"about":[{"href":"https:\/\/pulse-beziers.fr\/index.php\/wp-json\/wp\/v2\/types\/post"}],"author":[{"embeddable":true,"href":"https:\/\/pulse-beziers.fr\/index.php\/wp-json\/wp\/v2\/users\/4"}],"replies":[{"embeddable":true,"href":"https:\/\/pulse-beziers.fr\/index.php\/wp-json\/wp\/v2\/comments?post=8058"}],"version-history":[{"count":1,"href":"https:\/\/pulse-beziers.fr\/index.php\/wp-json\/wp\/v2\/posts\/8058\/revisions"}],"predecessor-version":[{"id":8061,"href":"https:\/\/pulse-beziers.fr\/index.php\/wp-json\/wp\/v2\/posts\/8058\/revisions\/8061"}],"wp:featuredmedia":[{"embeddable":true,"href":"https:\/\/pulse-beziers.fr\/index.php\/wp-json\/wp\/v2\/media\/8060"}],"wp:attachment":[{"href":"https:\/\/pulse-beziers.fr\/index.php\/wp-json\/wp\/v2\/media?parent=8058"}],"wp:term":[{"taxonomy":"category","embeddable":true,"href":"https:\/\/pulse-beziers.fr\/index.php\/wp-json\/wp\/v2\/categories?post=8058"},{"taxonomy":"post_tag","embeddable":true,"href":"https:\/\/pulse-beziers.fr\/index.php\/wp-json\/wp\/v2\/tags?post=8058"}],"curies":[{"name":"wp","href":"https:\/\/api.w.org\/{rel}","templated":true}]}}