{"id":8062,"date":"2025-10-20T12:39:10","date_gmt":"2025-10-20T10:39:10","guid":{"rendered":"https:\/\/pulse-beziers.fr\/?p=8062"},"modified":"2025-10-20T12:39:13","modified_gmt":"2025-10-20T10:39:13","slug":"hors-cadre-2025-le-festival-photo-qui-fait-rayonner-beziers","status":"publish","type":"post","link":"https:\/\/pulse-beziers.fr\/index.php\/2025\/10\/20\/hors-cadre-2025-le-festival-photo-qui-fait-rayonner-beziers\/","title":{"rendered":"HORS CADRE 2025 : le festival photo qui fait rayonner B\u00e9ziers"},"content":{"rendered":"\n<h4 class=\"wp-block-heading\">Un festival qui transforme B\u00e9ziers en galerie \u00e0 ciel ouvert<\/h4>\n\n\n\n<p>En octobre, <strong>B\u00e9ziers<\/strong> se pare d\u2019images et de cr\u00e9ativit\u00e9. Le <strong>festival HORS CADRE<\/strong>, rendez-vous photographique d\u00e9sormais incontournable, revient pour une seconde \u00e9dition pleine d\u2019ambition.<br>Apr\u00e8s avoir attir\u00e9 <strong>plus de 10 000 visiteurs en 2024<\/strong>, l\u2019\u00e9v\u00e9nement s\u2019impose d\u00e9j\u00e0 comme un temps fort de la vie culturelle et \u00e9conomique du territoire.<\/p>\n\n\n\n<p>Cette ann\u00e9e, le festival propose un <strong>parcours de d\u00e9couverte \u00e0 travers 20 lieux urbains et p\u00e9riurbains<\/strong>, investissant \u00e0 la fois des sites patrimoniaux, culturels et festifs. Les visiteurs y retrouveront <strong>plus de 30 photographes professionnels<\/strong>, une <strong>exposition d\u00e9di\u00e9e aux amateurs<\/strong> et la <strong>s\u00e9lection Focus<\/strong>, qui braque les projecteurs sur <strong>trois talents d\u2019Occitanie<\/strong> s\u00e9lectionn\u00e9s par un jury r\u00e9gional.<\/p>\n\n\n\n<h4 class=\"wp-block-heading\">Un \u00e9v\u00e9nement culturel au service de l\u2019attractivit\u00e9 du territoire<\/h4>\n\n\n\n<p>Port\u00e9 par l\u2019<strong>Association Hors Cadre<\/strong>, le festival est bien plus qu\u2019une simple exposition de photographies : il constitue une <strong>vitrine de l\u2019attractivit\u00e9 et de la vitalit\u00e9 artistique de B\u00e9ziers M\u00e9diterran\u00e9e<\/strong>.<br>En impliquant photographes, institutions et partenaires priv\u00e9s, HORS CADRE illustre la <strong>force du collectif biterrois<\/strong> et l\u2019importance croissante de la culture comme <strong>levier de d\u00e9veloppement \u00e9conomique local<\/strong>.<\/p>\n\n\n\n<p>Les nombreux visiteurs participent \u00e0 <strong>dynamiser le centre-ville<\/strong>, \u00e0 <strong>faire vivre les commerces<\/strong> et \u00e0 <strong>valoriser le patrimoine<\/strong>. \u00c0 travers l\u2019image, B\u00e9ziers affirme sa place de <strong>territoire cr\u00e9atif, audacieux et inspirant<\/strong>.<\/p>\n\n\n\n<h4 class=\"wp-block-heading\">Focus, amateurs et talents confirm\u00e9s : la photographie en partage<\/h4>\n\n\n\n<p>Le c\u0153ur du festival repose sur la diversit\u00e9 des regards. L\u2019appel \u00e0 projets <strong>Focus<\/strong> offre une tribune unique \u00e0 trois photographes d\u2019Occitanie, tandis que l\u2019exposition des <strong>20 photographes amateurs s\u00e9lectionn\u00e9s<\/strong> traduit l\u2019ouverture du festival \u00e0 tous les passionn\u00e9s d\u2019image.<br>Cette rencontre entre talents \u00e9mergents et artistes confirm\u00e9s donne au festival une dimension <strong>\u00e0 la fois populaire, innovante et exigeante<\/strong>, fid\u00e8le \u00e0 l\u2019esprit \u201cHors Cadre\u201d.<\/p>\n\n\n\n<h4 class=\"wp-block-heading\">B\u00e9ziers, un territoire qui mise sur la culture et l\u2019innovation<\/h4>\n\n\n\n<p>Avec HORS CADRE, B\u00e9ziers confirme sa capacit\u00e9 \u00e0 <strong>accueillir de grands \u00e9v\u00e9nements culturels<\/strong> tout en stimulant l\u2019\u00e9conomie locale. Le festival s\u2019inscrit pleinement dans la dynamique port\u00e9e par <strong>PULSE B\u00e9ziers M\u00e9diterran\u00e9e<\/strong>, qui soutient les initiatives renfor\u00e7ant l\u2019attractivit\u00e9 du territoire et valorisent les fili\u00e8res cr\u00e9atives.<\/p>\n\n\n\n<p>De la photographie \u00e0 l\u2019entrepreneuriat culturel, B\u00e9ziers d\u00e9montre qu\u2019elle sait conjuguer <strong>cr\u00e9ation artistique, innovation et d\u00e9veloppement \u00e9conomique durable<\/strong>.<\/p>\n\n\n\n<p><em>Le festival HORS CADRE 2025 se poursuit jusqu\u2019au 2 novembre dans <strong>20 lieux embl\u00e9matiques de B\u00e9ziers<\/strong>.<br><\/em>D\u00e9couvrez le programme complet et les artistes sur \ud83d\udc49 <a href=\"https:\/\/horscadrebeziers.fr\/\">horscadrebeziers.fr<\/a><\/p>\n\n\n\n<p><strong>Pour plus d&#8217;informations, contactez PULSE en cliquant <a href=\"https:\/\/pulse-beziers.fr\/index.php\/contact\/\">ici<\/a>.<\/strong><\/p>\n","protected":false},"excerpt":{"rendered":"<p>Un festival qui transforme B\u00e9ziers en galerie \u00e0 ciel ouvert En octobre, B\u00e9ziers se pare d\u2019images et de cr\u00e9ativit\u00e9. Le festival HORS CADRE, rendez-vous photographique d\u00e9sormais incontournable, revient pour une seconde \u00e9dition pleine d\u2019ambition.Apr\u00e8s avoir attir\u00e9 plus de 10 000 visiteurs en 2024, l\u2019\u00e9v\u00e9nement s\u2019impose d\u00e9j\u00e0 comme un temps fort de la vie culturelle et [&hellip;]<\/p>\n","protected":false},"author":4,"featured_media":8063,"comment_status":"closed","ping_status":"open","sticky":false,"template":"","format":"standard","meta":{"_jetpack_memberships_contains_paid_content":false,"footnotes":""},"categories":[4],"tags":[],"class_list":["post-8062","post","type-post","status-publish","format-standard","has-post-thumbnail","hentry","category-evenement"],"yoast_head":"<!-- This site is optimized with the Yoast SEO plugin v27.3 - https:\/\/yoast.com\/product\/yoast-seo-wordpress\/ -->\n<title>HORS CADRE 2025 : le festival photo qui fait rayonner B\u00e9ziers - PULSE<\/title>\n<meta name=\"description\" content=\"Plongez dans HORS CADRE 2025 \u00e0 B\u00e9ziers : 20 lieux, 30 photographes et une aventure culturelle qui fait rayonner la ville et son attractivit\u00e9.\" \/>\n<meta name=\"robots\" content=\"index, follow, max-snippet:-1, max-image-preview:large, max-video-preview:-1\" \/>\n<link rel=\"canonical\" href=\"https:\/\/pulse-beziers.fr\/index.php\/2025\/10\/20\/hors-cadre-2025-le-festival-photo-qui-fait-rayonner-beziers\/\" \/>\n<meta property=\"og:locale\" content=\"fr_FR\" \/>\n<meta property=\"og:type\" content=\"article\" \/>\n<meta property=\"og:title\" content=\"HORS CADRE 2025 : le festival photo qui fait rayonner B\u00e9ziers - PULSE\" \/>\n<meta property=\"og:description\" content=\"Plongez dans HORS CADRE 2025 \u00e0 B\u00e9ziers : 20 lieux, 30 photographes et une aventure culturelle qui fait rayonner la ville et son attractivit\u00e9.\" \/>\n<meta property=\"og:url\" content=\"https:\/\/pulse-beziers.fr\/index.php\/2025\/10\/20\/hors-cadre-2025-le-festival-photo-qui-fait-rayonner-beziers\/\" \/>\n<meta property=\"og:site_name\" content=\"PULSE\" \/>\n<meta property=\"article:published_time\" content=\"2025-10-20T10:39:10+00:00\" \/>\n<meta property=\"article:modified_time\" content=\"2025-10-20T10:39:13+00:00\" \/>\n<meta property=\"og:image\" content=\"https:\/\/pulse-beziers.fr\/wp-content\/uploads\/2025\/10\/HORS-CADRE.png\" \/>\n\t<meta property=\"og:image:width\" content=\"2048\" \/>\n\t<meta property=\"og:image:height\" content=\"1448\" \/>\n\t<meta property=\"og:image:type\" content=\"image\/png\" \/>\n<meta name=\"author\" content=\"Jordan\" \/>\n<meta name=\"twitter:card\" content=\"summary_large_image\" \/>\n<meta name=\"twitter:label1\" content=\"\u00c9crit par\" \/>\n\t<meta name=\"twitter:data1\" content=\"Jordan\" \/>\n\t<meta name=\"twitter:label2\" content=\"Dur\u00e9e de lecture estim\u00e9e\" \/>\n\t<meta name=\"twitter:data2\" content=\"3 minutes\" \/>\n<script type=\"application\/ld+json\" class=\"yoast-schema-graph\">{\"@context\":\"https:\\\/\\\/schema.org\",\"@graph\":[{\"@type\":\"Article\",\"@id\":\"https:\\\/\\\/pulse-beziers.fr\\\/index.php\\\/2025\\\/10\\\/20\\\/hors-cadre-2025-le-festival-photo-qui-fait-rayonner-beziers\\\/#article\",\"isPartOf\":{\"@id\":\"https:\\\/\\\/pulse-beziers.fr\\\/index.php\\\/2025\\\/10\\\/20\\\/hors-cadre-2025-le-festival-photo-qui-fait-rayonner-beziers\\\/\"},\"author\":{\"name\":\"Jordan\",\"@id\":\"https:\\\/\\\/pulse-beziers.fr\\\/#\\\/schema\\\/person\\\/ce4160d5785562dc30723e520933e8e9\"},\"headline\":\"HORS CADRE 2025 : le festival photo qui fait rayonner B\u00e9ziers\",\"datePublished\":\"2025-10-20T10:39:10+00:00\",\"dateModified\":\"2025-10-20T10:39:13+00:00\",\"mainEntityOfPage\":{\"@id\":\"https:\\\/\\\/pulse-beziers.fr\\\/index.php\\\/2025\\\/10\\\/20\\\/hors-cadre-2025-le-festival-photo-qui-fait-rayonner-beziers\\\/\"},\"wordCount\":449,\"publisher\":{\"@id\":\"https:\\\/\\\/pulse-beziers.fr\\\/#organization\"},\"image\":{\"@id\":\"https:\\\/\\\/pulse-beziers.fr\\\/index.php\\\/2025\\\/10\\\/20\\\/hors-cadre-2025-le-festival-photo-qui-fait-rayonner-beziers\\\/#primaryimage\"},\"thumbnailUrl\":\"https:\\\/\\\/pulse-beziers.fr\\\/wp-content\\\/uploads\\\/2025\\\/10\\\/HORS-CADRE.png\",\"articleSection\":[\"EVENEMENT\"],\"inLanguage\":\"fr-FR\"},{\"@type\":\"WebPage\",\"@id\":\"https:\\\/\\\/pulse-beziers.fr\\\/index.php\\\/2025\\\/10\\\/20\\\/hors-cadre-2025-le-festival-photo-qui-fait-rayonner-beziers\\\/\",\"url\":\"https:\\\/\\\/pulse-beziers.fr\\\/index.php\\\/2025\\\/10\\\/20\\\/hors-cadre-2025-le-festival-photo-qui-fait-rayonner-beziers\\\/\",\"name\":\"HORS CADRE 2025 : le festival photo qui fait rayonner B\u00e9ziers - PULSE\",\"isPartOf\":{\"@id\":\"https:\\\/\\\/pulse-beziers.fr\\\/#website\"},\"primaryImageOfPage\":{\"@id\":\"https:\\\/\\\/pulse-beziers.fr\\\/index.php\\\/2025\\\/10\\\/20\\\/hors-cadre-2025-le-festival-photo-qui-fait-rayonner-beziers\\\/#primaryimage\"},\"image\":{\"@id\":\"https:\\\/\\\/pulse-beziers.fr\\\/index.php\\\/2025\\\/10\\\/20\\\/hors-cadre-2025-le-festival-photo-qui-fait-rayonner-beziers\\\/#primaryimage\"},\"thumbnailUrl\":\"https:\\\/\\\/pulse-beziers.fr\\\/wp-content\\\/uploads\\\/2025\\\/10\\\/HORS-CADRE.png\",\"datePublished\":\"2025-10-20T10:39:10+00:00\",\"dateModified\":\"2025-10-20T10:39:13+00:00\",\"description\":\"Plongez dans HORS CADRE 2025 \u00e0 B\u00e9ziers : 20 lieux, 30 photographes et une aventure culturelle qui fait rayonner la ville et son attractivit\u00e9.\",\"breadcrumb\":{\"@id\":\"https:\\\/\\\/pulse-beziers.fr\\\/index.php\\\/2025\\\/10\\\/20\\\/hors-cadre-2025-le-festival-photo-qui-fait-rayonner-beziers\\\/#breadcrumb\"},\"inLanguage\":\"fr-FR\",\"potentialAction\":[{\"@type\":\"ReadAction\",\"target\":[\"https:\\\/\\\/pulse-beziers.fr\\\/index.php\\\/2025\\\/10\\\/20\\\/hors-cadre-2025-le-festival-photo-qui-fait-rayonner-beziers\\\/\"]}]},{\"@type\":\"ImageObject\",\"inLanguage\":\"fr-FR\",\"@id\":\"https:\\\/\\\/pulse-beziers.fr\\\/index.php\\\/2025\\\/10\\\/20\\\/hors-cadre-2025-le-festival-photo-qui-fait-rayonner-beziers\\\/#primaryimage\",\"url\":\"https:\\\/\\\/pulse-beziers.fr\\\/wp-content\\\/uploads\\\/2025\\\/10\\\/HORS-CADRE.png\",\"contentUrl\":\"https:\\\/\\\/pulse-beziers.fr\\\/wp-content\\\/uploads\\\/2025\\\/10\\\/HORS-CADRE.png\",\"width\":2048,\"height\":1448},{\"@type\":\"BreadcrumbList\",\"@id\":\"https:\\\/\\\/pulse-beziers.fr\\\/index.php\\\/2025\\\/10\\\/20\\\/hors-cadre-2025-le-festival-photo-qui-fait-rayonner-beziers\\\/#breadcrumb\",\"itemListElement\":[{\"@type\":\"ListItem\",\"position\":1,\"name\":\"Accueil\",\"item\":\"https:\\\/\\\/pulse-beziers.fr\\\/\"},{\"@type\":\"ListItem\",\"position\":2,\"name\":\"HORS CADRE 2025 : le festival photo qui fait rayonner B\u00e9ziers\"}]},{\"@type\":\"WebSite\",\"@id\":\"https:\\\/\\\/pulse-beziers.fr\\\/#website\",\"url\":\"https:\\\/\\\/pulse-beziers.fr\\\/\",\"name\":\"PULSE\",\"description\":\"B\u00e9ziers M\u00e9diterran\u00e9e\",\"publisher\":{\"@id\":\"https:\\\/\\\/pulse-beziers.fr\\\/#organization\"},\"potentialAction\":[{\"@type\":\"SearchAction\",\"target\":{\"@type\":\"EntryPoint\",\"urlTemplate\":\"https:\\\/\\\/pulse-beziers.fr\\\/?s={search_term_string}\"},\"query-input\":{\"@type\":\"PropertyValueSpecification\",\"valueRequired\":true,\"valueName\":\"search_term_string\"}}],\"inLanguage\":\"fr-FR\"},{\"@type\":\"Organization\",\"@id\":\"https:\\\/\\\/pulse-beziers.fr\\\/#organization\",\"name\":\"PULSE\",\"url\":\"https:\\\/\\\/pulse-beziers.fr\\\/\",\"logo\":{\"@type\":\"ImageObject\",\"inLanguage\":\"fr-FR\",\"@id\":\"https:\\\/\\\/pulse-beziers.fr\\\/#\\\/schema\\\/logo\\\/image\\\/\",\"url\":\"https:\\\/\\\/pulse-beziers.fr\\\/wp-content\\\/uploads\\\/2023\\\/10\\\/PULSE_OK.png\",\"contentUrl\":\"https:\\\/\\\/pulse-beziers.fr\\\/wp-content\\\/uploads\\\/2023\\\/10\\\/PULSE_OK.png\",\"width\":1490,\"height\":506,\"caption\":\"PULSE\"},\"image\":{\"@id\":\"https:\\\/\\\/pulse-beziers.fr\\\/#\\\/schema\\\/logo\\\/image\\\/\"}},{\"@type\":\"Person\",\"@id\":\"https:\\\/\\\/pulse-beziers.fr\\\/#\\\/schema\\\/person\\\/ce4160d5785562dc30723e520933e8e9\",\"name\":\"Jordan\",\"image\":{\"@type\":\"ImageObject\",\"inLanguage\":\"fr-FR\",\"@id\":\"https:\\\/\\\/secure.gravatar.com\\\/avatar\\\/ae88e378bde730769fc25248bfc128d509bc64fc2fad4d6455517f85742a87fd?s=96&d=mm&r=g\",\"url\":\"https:\\\/\\\/secure.gravatar.com\\\/avatar\\\/ae88e378bde730769fc25248bfc128d509bc64fc2fad4d6455517f85742a87fd?s=96&d=mm&r=g\",\"contentUrl\":\"https:\\\/\\\/secure.gravatar.com\\\/avatar\\\/ae88e378bde730769fc25248bfc128d509bc64fc2fad4d6455517f85742a87fd?s=96&d=mm&r=g\",\"caption\":\"Jordan\"},\"url\":\"https:\\\/\\\/pulse-beziers.fr\\\/index.php\\\/author\\\/jordan\\\/\"}]}<\/script>\n<!-- \/ Yoast SEO plugin. -->","yoast_head_json":{"title":"HORS CADRE 2025 : le festival photo qui fait rayonner B\u00e9ziers - PULSE","description":"Plongez dans HORS CADRE 2025 \u00e0 B\u00e9ziers : 20 lieux, 30 photographes et une aventure culturelle qui fait rayonner la ville et son attractivit\u00e9.","robots":{"index":"index","follow":"follow","max-snippet":"max-snippet:-1","max-image-preview":"max-image-preview:large","max-video-preview":"max-video-preview:-1"},"canonical":"https:\/\/pulse-beziers.fr\/index.php\/2025\/10\/20\/hors-cadre-2025-le-festival-photo-qui-fait-rayonner-beziers\/","og_locale":"fr_FR","og_type":"article","og_title":"HORS CADRE 2025 : le festival photo qui fait rayonner B\u00e9ziers - PULSE","og_description":"Plongez dans HORS CADRE 2025 \u00e0 B\u00e9ziers : 20 lieux, 30 photographes et une aventure culturelle qui fait rayonner la ville et son attractivit\u00e9.","og_url":"https:\/\/pulse-beziers.fr\/index.php\/2025\/10\/20\/hors-cadre-2025-le-festival-photo-qui-fait-rayonner-beziers\/","og_site_name":"PULSE","article_published_time":"2025-10-20T10:39:10+00:00","article_modified_time":"2025-10-20T10:39:13+00:00","og_image":[{"width":2048,"height":1448,"url":"https:\/\/pulse-beziers.fr\/wp-content\/uploads\/2025\/10\/HORS-CADRE.png","type":"image\/png"}],"author":"Jordan","twitter_card":"summary_large_image","twitter_misc":{"\u00c9crit par":"Jordan","Dur\u00e9e de lecture estim\u00e9e":"3 minutes"},"schema":{"@context":"https:\/\/schema.org","@graph":[{"@type":"Article","@id":"https:\/\/pulse-beziers.fr\/index.php\/2025\/10\/20\/hors-cadre-2025-le-festival-photo-qui-fait-rayonner-beziers\/#article","isPartOf":{"@id":"https:\/\/pulse-beziers.fr\/index.php\/2025\/10\/20\/hors-cadre-2025-le-festival-photo-qui-fait-rayonner-beziers\/"},"author":{"name":"Jordan","@id":"https:\/\/pulse-beziers.fr\/#\/schema\/person\/ce4160d5785562dc30723e520933e8e9"},"headline":"HORS CADRE 2025 : le festival photo qui fait rayonner B\u00e9ziers","datePublished":"2025-10-20T10:39:10+00:00","dateModified":"2025-10-20T10:39:13+00:00","mainEntityOfPage":{"@id":"https:\/\/pulse-beziers.fr\/index.php\/2025\/10\/20\/hors-cadre-2025-le-festival-photo-qui-fait-rayonner-beziers\/"},"wordCount":449,"publisher":{"@id":"https:\/\/pulse-beziers.fr\/#organization"},"image":{"@id":"https:\/\/pulse-beziers.fr\/index.php\/2025\/10\/20\/hors-cadre-2025-le-festival-photo-qui-fait-rayonner-beziers\/#primaryimage"},"thumbnailUrl":"https:\/\/pulse-beziers.fr\/wp-content\/uploads\/2025\/10\/HORS-CADRE.png","articleSection":["EVENEMENT"],"inLanguage":"fr-FR"},{"@type":"WebPage","@id":"https:\/\/pulse-beziers.fr\/index.php\/2025\/10\/20\/hors-cadre-2025-le-festival-photo-qui-fait-rayonner-beziers\/","url":"https:\/\/pulse-beziers.fr\/index.php\/2025\/10\/20\/hors-cadre-2025-le-festival-photo-qui-fait-rayonner-beziers\/","name":"HORS CADRE 2025 : le festival photo qui fait rayonner B\u00e9ziers - PULSE","isPartOf":{"@id":"https:\/\/pulse-beziers.fr\/#website"},"primaryImageOfPage":{"@id":"https:\/\/pulse-beziers.fr\/index.php\/2025\/10\/20\/hors-cadre-2025-le-festival-photo-qui-fait-rayonner-beziers\/#primaryimage"},"image":{"@id":"https:\/\/pulse-beziers.fr\/index.php\/2025\/10\/20\/hors-cadre-2025-le-festival-photo-qui-fait-rayonner-beziers\/#primaryimage"},"thumbnailUrl":"https:\/\/pulse-beziers.fr\/wp-content\/uploads\/2025\/10\/HORS-CADRE.png","datePublished":"2025-10-20T10:39:10+00:00","dateModified":"2025-10-20T10:39:13+00:00","description":"Plongez dans HORS CADRE 2025 \u00e0 B\u00e9ziers : 20 lieux, 30 photographes et une aventure culturelle qui fait rayonner la ville et son attractivit\u00e9.","breadcrumb":{"@id":"https:\/\/pulse-beziers.fr\/index.php\/2025\/10\/20\/hors-cadre-2025-le-festival-photo-qui-fait-rayonner-beziers\/#breadcrumb"},"inLanguage":"fr-FR","potentialAction":[{"@type":"ReadAction","target":["https:\/\/pulse-beziers.fr\/index.php\/2025\/10\/20\/hors-cadre-2025-le-festival-photo-qui-fait-rayonner-beziers\/"]}]},{"@type":"ImageObject","inLanguage":"fr-FR","@id":"https:\/\/pulse-beziers.fr\/index.php\/2025\/10\/20\/hors-cadre-2025-le-festival-photo-qui-fait-rayonner-beziers\/#primaryimage","url":"https:\/\/pulse-beziers.fr\/wp-content\/uploads\/2025\/10\/HORS-CADRE.png","contentUrl":"https:\/\/pulse-beziers.fr\/wp-content\/uploads\/2025\/10\/HORS-CADRE.png","width":2048,"height":1448},{"@type":"BreadcrumbList","@id":"https:\/\/pulse-beziers.fr\/index.php\/2025\/10\/20\/hors-cadre-2025-le-festival-photo-qui-fait-rayonner-beziers\/#breadcrumb","itemListElement":[{"@type":"ListItem","position":1,"name":"Accueil","item":"https:\/\/pulse-beziers.fr\/"},{"@type":"ListItem","position":2,"name":"HORS CADRE 2025 : le festival photo qui fait rayonner B\u00e9ziers"}]},{"@type":"WebSite","@id":"https:\/\/pulse-beziers.fr\/#website","url":"https:\/\/pulse-beziers.fr\/","name":"PULSE","description":"B\u00e9ziers M\u00e9diterran\u00e9e","publisher":{"@id":"https:\/\/pulse-beziers.fr\/#organization"},"potentialAction":[{"@type":"SearchAction","target":{"@type":"EntryPoint","urlTemplate":"https:\/\/pulse-beziers.fr\/?s={search_term_string}"},"query-input":{"@type":"PropertyValueSpecification","valueRequired":true,"valueName":"search_term_string"}}],"inLanguage":"fr-FR"},{"@type":"Organization","@id":"https:\/\/pulse-beziers.fr\/#organization","name":"PULSE","url":"https:\/\/pulse-beziers.fr\/","logo":{"@type":"ImageObject","inLanguage":"fr-FR","@id":"https:\/\/pulse-beziers.fr\/#\/schema\/logo\/image\/","url":"https:\/\/pulse-beziers.fr\/wp-content\/uploads\/2023\/10\/PULSE_OK.png","contentUrl":"https:\/\/pulse-beziers.fr\/wp-content\/uploads\/2023\/10\/PULSE_OK.png","width":1490,"height":506,"caption":"PULSE"},"image":{"@id":"https:\/\/pulse-beziers.fr\/#\/schema\/logo\/image\/"}},{"@type":"Person","@id":"https:\/\/pulse-beziers.fr\/#\/schema\/person\/ce4160d5785562dc30723e520933e8e9","name":"Jordan","image":{"@type":"ImageObject","inLanguage":"fr-FR","@id":"https:\/\/secure.gravatar.com\/avatar\/ae88e378bde730769fc25248bfc128d509bc64fc2fad4d6455517f85742a87fd?s=96&d=mm&r=g","url":"https:\/\/secure.gravatar.com\/avatar\/ae88e378bde730769fc25248bfc128d509bc64fc2fad4d6455517f85742a87fd?s=96&d=mm&r=g","contentUrl":"https:\/\/secure.gravatar.com\/avatar\/ae88e378bde730769fc25248bfc128d509bc64fc2fad4d6455517f85742a87fd?s=96&d=mm&r=g","caption":"Jordan"},"url":"https:\/\/pulse-beziers.fr\/index.php\/author\/jordan\/"}]}},"jetpack_featured_media_url":"https:\/\/pulse-beziers.fr\/wp-content\/uploads\/2025\/10\/HORS-CADRE.png","jetpack_sharing_enabled":true,"_links":{"self":[{"href":"https:\/\/pulse-beziers.fr\/index.php\/wp-json\/wp\/v2\/posts\/8062","targetHints":{"allow":["GET"]}}],"collection":[{"href":"https:\/\/pulse-beziers.fr\/index.php\/wp-json\/wp\/v2\/posts"}],"about":[{"href":"https:\/\/pulse-beziers.fr\/index.php\/wp-json\/wp\/v2\/types\/post"}],"author":[{"embeddable":true,"href":"https:\/\/pulse-beziers.fr\/index.php\/wp-json\/wp\/v2\/users\/4"}],"replies":[{"embeddable":true,"href":"https:\/\/pulse-beziers.fr\/index.php\/wp-json\/wp\/v2\/comments?post=8062"}],"version-history":[{"count":1,"href":"https:\/\/pulse-beziers.fr\/index.php\/wp-json\/wp\/v2\/posts\/8062\/revisions"}],"predecessor-version":[{"id":8064,"href":"https:\/\/pulse-beziers.fr\/index.php\/wp-json\/wp\/v2\/posts\/8062\/revisions\/8064"}],"wp:featuredmedia":[{"embeddable":true,"href":"https:\/\/pulse-beziers.fr\/index.php\/wp-json\/wp\/v2\/media\/8063"}],"wp:attachment":[{"href":"https:\/\/pulse-beziers.fr\/index.php\/wp-json\/wp\/v2\/media?parent=8062"}],"wp:term":[{"taxonomy":"category","embeddable":true,"href":"https:\/\/pulse-beziers.fr\/index.php\/wp-json\/wp\/v2\/categories?post=8062"},{"taxonomy":"post_tag","embeddable":true,"href":"https:\/\/pulse-beziers.fr\/index.php\/wp-json\/wp\/v2\/tags?post=8062"}],"curies":[{"name":"wp","href":"https:\/\/api.w.org\/{rel}","templated":true}]}}