{"id":8371,"date":"2025-12-02T14:41:28","date_gmt":"2025-12-02T13:41:28","guid":{"rendered":"https:\/\/pulse-beziers.fr\/?p=8371"},"modified":"2025-12-02T14:41:29","modified_gmt":"2025-12-02T13:41:29","slug":"studio-asenso-recompense-aux-trophees-de-la-communication-2025","status":"publish","type":"post","link":"https:\/\/pulse-beziers.fr\/index.php\/2025\/12\/02\/studio-asenso-recompense-aux-trophees-de-la-communication-2025\/","title":{"rendered":"Studio Asens\u00f2 r\u00e9compens\u00e9 aux Troph\u00e9es de la Communication 2025"},"content":{"rendered":"\n<p>B\u00e9ziers M\u00e9diterran\u00e9e continue de rayonner gr\u00e2ce au talent et au dynamisme de ses acteurs \u00e9conomiques. Cette fois-ci, c\u2019est le <strong><a href=\"https:\/\/www.asenso.fr\/\">Studio Asens\u00f2<\/a><\/strong>, membre de PULSE et install\u00e9 \u00e0 B\u00e9ziers depuis 2008, qui signe une belle r\u00e9ussite en d\u00e9crochant le <strong>1er prix aux Troph\u00e9es de la Communication 2025<\/strong>.<\/p>\n\n\n\n<p>Le studio a \u00e9t\u00e9 distingu\u00e9 pour la <strong>conception du magazine de la Communaut\u00e9 de communes Sud-H\u00e9rault<\/strong>, r\u00e9compens\u00e9 dans la cat\u00e9gorie <em>\u00ab Meilleur magazine d\u2019information r\u00e9alis\u00e9 par un organisme public \u00bb<\/em>. Cette distinction nationale salue la qualit\u00e9 de sa direction artistique, l\u2019exigence de sa d\u00e9marche de design \u00e9ditorial ainsi que son engagement durable aux c\u00f4t\u00e9s des acteurs du territoire.<\/p>\n\n\n\n<h2 class=\"wp-block-heading\"><strong>Un prix qui met en lumi\u00e8re la cr\u00e9ativit\u00e9 locale<\/strong><\/h2>\n\n\n\n<p>Lors de cette 24e \u00e9dition, pr\u00e8s de <strong>500 dossiers<\/strong> ont \u00e9t\u00e9 examin\u00e9s par un jury de professionnels. Le choix du Studio Asens\u00f2 vient r\u00e9compenser un <strong>travail \u00e9ditorial collaboratif<\/strong> et une approche singuli\u00e8re qui vise \u00e0 rendre la communication publique plus humaine, plus proche du terrain, plus fid\u00e8le aux r\u00e9alit\u00e9s et aux histoires qui fa\u00e7onnent nos territoires.<\/p>\n\n\n\n<h2 class=\"wp-block-heading\"><strong>Un design au service du lien et de l\u2019identit\u00e9 territoriale<\/strong><\/h2>\n\n\n\n<p>Depuis sa cr\u00e9ation \u00e0 B\u00e9ziers, le Studio Asens\u00f2 d\u00e9veloppe une expertise forte en design \u00e9ditorial, toujours <strong>ancr\u00e9e dans le contexte g\u00e9ographique, culturel et humain<\/strong> des projets qu\u2019il accompagne. Le studio collabore quotidiennement avec des organismes publics et priv\u00e9s, privil\u00e9giant la <strong>proximit\u00e9, l\u2019\u00e9coute et la co-construction<\/strong>.<\/p>\n\n\n\n<p>Cette r\u00e9compense confirme la pertinence de leur d\u00e9marche de <strong>design contextuel<\/strong>, qui croise graphisme, communication publique et engagement responsable. Une vision qui contribue pleinement \u00e0 renforcer l\u2019image et l\u2019attractivit\u00e9 de notre territoire.<\/p>\n\n\n\n<h2 class=\"wp-block-heading\"><strong>Une fiert\u00e9 pour B\u00e9ziers M\u00e9diterran\u00e9e<\/strong><\/h2>\n\n\n\n<p>PULSE adresse ses <strong>plus vives f\u00e9licitations<\/strong> au Studio Asens\u00f2 pour cette distinction m\u00e9rit\u00e9e. Ce prix illustre parfaitement la <strong>cr\u00e9ativit\u00e9, l\u2019innovation et les forces vives<\/strong> qui dynamisent l\u2019\u00e9cosyst\u00e8me \u00e9conomique de B\u00e9ziers M\u00e9diterran\u00e9e.<\/p>\n\n\n\n<p>En valorisant les talents locaux et leur savoir-faire, ces reconnaissances nationales participent pleinement au <strong>rayonnement de notre territoire<\/strong> et d\u00e9montrent qu\u2019ici, l\u2019excellence s\u2019exprime au quotidien.<\/p>\n\n\n\n<hr class=\"wp-block-separator has-alpha-channel-opacity\"\/>\n\n\n\n<p><strong>Pour plus d&#8217;informations, contactez PULSE en <\/strong><a href=\"https:\/\/pulse-beziers.fr\/index.php\/contact\/\"><strong>cliquant ici<\/strong>.<\/a><\/p>\n","protected":false},"excerpt":{"rendered":"<p>B\u00e9ziers M\u00e9diterran\u00e9e continue de rayonner gr\u00e2ce au talent et au dynamisme de ses acteurs \u00e9conomiques. Cette fois-ci, c\u2019est le Studio Asens\u00f2, membre de PULSE et install\u00e9 \u00e0 B\u00e9ziers depuis 2008, qui signe une belle r\u00e9ussite en d\u00e9crochant le 1er prix aux Troph\u00e9es de la Communication 2025. Le studio a \u00e9t\u00e9 distingu\u00e9 pour la conception du [&hellip;]<\/p>\n","protected":false},"author":4,"featured_media":8373,"comment_status":"open","ping_status":"open","sticky":false,"template":"","format":"standard","meta":{"_jetpack_memberships_contains_paid_content":false,"footnotes":""},"categories":[170,6],"tags":[],"class_list":["post-8371","post","type-post","status-publish","format-standard","has-post-thumbnail","hentry","category-distinction","category-economie"],"yoast_head":"<!-- This site is optimized with the Yoast SEO plugin v27.3 - https:\/\/yoast.com\/product\/yoast-seo-wordpress\/ -->\n<title>Studio Asens\u00f2 r\u00e9compens\u00e9 aux Troph\u00e9es de la Communication 2025 - PULSE<\/title>\n<meta name=\"description\" content=\"Le Studio Asens\u00f2, membre de PULSE et install\u00e9 \u00e0 B\u00e9ziers depuis 2008, signe une belle r\u00e9ussite en d\u00e9crochant le 1er prix aux Troph\u00e9es de la Communication 2025.\" \/>\n<meta name=\"robots\" content=\"index, follow, max-snippet:-1, max-image-preview:large, max-video-preview:-1\" \/>\n<link rel=\"canonical\" href=\"https:\/\/pulse-beziers.fr\/index.php\/2025\/12\/02\/studio-asenso-recompense-aux-trophees-de-la-communication-2025\/\" \/>\n<meta property=\"og:locale\" content=\"fr_FR\" \/>\n<meta property=\"og:type\" content=\"article\" \/>\n<meta property=\"og:title\" content=\"Studio Asens\u00f2 r\u00e9compens\u00e9 aux Troph\u00e9es de la Communication 2025 - PULSE\" \/>\n<meta property=\"og:description\" content=\"Le Studio Asens\u00f2, membre de PULSE et install\u00e9 \u00e0 B\u00e9ziers depuis 2008, signe une belle r\u00e9ussite en d\u00e9crochant le 1er prix aux Troph\u00e9es de la Communication 2025.\" \/>\n<meta property=\"og:url\" content=\"https:\/\/pulse-beziers.fr\/index.php\/2025\/12\/02\/studio-asenso-recompense-aux-trophees-de-la-communication-2025\/\" \/>\n<meta property=\"og:site_name\" content=\"PULSE\" \/>\n<meta property=\"article:published_time\" content=\"2025-12-02T13:41:28+00:00\" \/>\n<meta property=\"article:modified_time\" content=\"2025-12-02T13:41:29+00:00\" \/>\n<meta property=\"og:image\" content=\"https:\/\/pulse-beziers.fr\/wp-content\/uploads\/2025\/12\/ASENSO-1024x724.png\" \/>\n\t<meta property=\"og:image:width\" content=\"1024\" \/>\n\t<meta property=\"og:image:height\" content=\"724\" \/>\n\t<meta property=\"og:image:type\" content=\"image\/png\" \/>\n<meta name=\"author\" content=\"Jordan\" \/>\n<meta name=\"twitter:card\" content=\"summary_large_image\" \/>\n<meta name=\"twitter:label1\" content=\"\u00c9crit par\" \/>\n\t<meta name=\"twitter:data1\" content=\"Jordan\" \/>\n\t<meta name=\"twitter:label2\" content=\"Dur\u00e9e de lecture estim\u00e9e\" \/>\n\t<meta name=\"twitter:data2\" content=\"2 minutes\" \/>\n<script type=\"application\/ld+json\" class=\"yoast-schema-graph\">{\"@context\":\"https:\\\/\\\/schema.org\",\"@graph\":[{\"@type\":\"Article\",\"@id\":\"https:\\\/\\\/pulse-beziers.fr\\\/index.php\\\/2025\\\/12\\\/02\\\/studio-asenso-recompense-aux-trophees-de-la-communication-2025\\\/#article\",\"isPartOf\":{\"@id\":\"https:\\\/\\\/pulse-beziers.fr\\\/index.php\\\/2025\\\/12\\\/02\\\/studio-asenso-recompense-aux-trophees-de-la-communication-2025\\\/\"},\"author\":{\"name\":\"Jordan\",\"@id\":\"https:\\\/\\\/pulse-beziers.fr\\\/#\\\/schema\\\/person\\\/ce4160d5785562dc30723e520933e8e9\"},\"headline\":\"Studio Asens\u00f2 r\u00e9compens\u00e9 aux Troph\u00e9es de la Communication 2025\",\"datePublished\":\"2025-12-02T13:41:28+00:00\",\"dateModified\":\"2025-12-02T13:41:29+00:00\",\"mainEntityOfPage\":{\"@id\":\"https:\\\/\\\/pulse-beziers.fr\\\/index.php\\\/2025\\\/12\\\/02\\\/studio-asenso-recompense-aux-trophees-de-la-communication-2025\\\/\"},\"wordCount\":385,\"commentCount\":1,\"publisher\":{\"@id\":\"https:\\\/\\\/pulse-beziers.fr\\\/#organization\"},\"image\":{\"@id\":\"https:\\\/\\\/pulse-beziers.fr\\\/index.php\\\/2025\\\/12\\\/02\\\/studio-asenso-recompense-aux-trophees-de-la-communication-2025\\\/#primaryimage\"},\"thumbnailUrl\":\"https:\\\/\\\/pulse-beziers.fr\\\/wp-content\\\/uploads\\\/2025\\\/12\\\/ASENSO-scaled.png\",\"articleSection\":[\"DISTINCTION\",\"ECONOMIE\"],\"inLanguage\":\"fr-FR\",\"potentialAction\":[{\"@type\":\"CommentAction\",\"name\":\"Comment\",\"target\":[\"https:\\\/\\\/pulse-beziers.fr\\\/index.php\\\/2025\\\/12\\\/02\\\/studio-asenso-recompense-aux-trophees-de-la-communication-2025\\\/#respond\"]}]},{\"@type\":\"WebPage\",\"@id\":\"https:\\\/\\\/pulse-beziers.fr\\\/index.php\\\/2025\\\/12\\\/02\\\/studio-asenso-recompense-aux-trophees-de-la-communication-2025\\\/\",\"url\":\"https:\\\/\\\/pulse-beziers.fr\\\/index.php\\\/2025\\\/12\\\/02\\\/studio-asenso-recompense-aux-trophees-de-la-communication-2025\\\/\",\"name\":\"Studio Asens\u00f2 r\u00e9compens\u00e9 aux Troph\u00e9es de la Communication 2025 - PULSE\",\"isPartOf\":{\"@id\":\"https:\\\/\\\/pulse-beziers.fr\\\/#website\"},\"primaryImageOfPage\":{\"@id\":\"https:\\\/\\\/pulse-beziers.fr\\\/index.php\\\/2025\\\/12\\\/02\\\/studio-asenso-recompense-aux-trophees-de-la-communication-2025\\\/#primaryimage\"},\"image\":{\"@id\":\"https:\\\/\\\/pulse-beziers.fr\\\/index.php\\\/2025\\\/12\\\/02\\\/studio-asenso-recompense-aux-trophees-de-la-communication-2025\\\/#primaryimage\"},\"thumbnailUrl\":\"https:\\\/\\\/pulse-beziers.fr\\\/wp-content\\\/uploads\\\/2025\\\/12\\\/ASENSO-scaled.png\",\"datePublished\":\"2025-12-02T13:41:28+00:00\",\"dateModified\":\"2025-12-02T13:41:29+00:00\",\"description\":\"Le Studio Asens\u00f2, membre de PULSE et install\u00e9 \u00e0 B\u00e9ziers depuis 2008, signe une belle r\u00e9ussite en d\u00e9crochant le 1er prix aux Troph\u00e9es de la Communication 2025.\",\"breadcrumb\":{\"@id\":\"https:\\\/\\\/pulse-beziers.fr\\\/index.php\\\/2025\\\/12\\\/02\\\/studio-asenso-recompense-aux-trophees-de-la-communication-2025\\\/#breadcrumb\"},\"inLanguage\":\"fr-FR\",\"potentialAction\":[{\"@type\":\"ReadAction\",\"target\":[\"https:\\\/\\\/pulse-beziers.fr\\\/index.php\\\/2025\\\/12\\\/02\\\/studio-asenso-recompense-aux-trophees-de-la-communication-2025\\\/\"]}]},{\"@type\":\"ImageObject\",\"inLanguage\":\"fr-FR\",\"@id\":\"https:\\\/\\\/pulse-beziers.fr\\\/index.php\\\/2025\\\/12\\\/02\\\/studio-asenso-recompense-aux-trophees-de-la-communication-2025\\\/#primaryimage\",\"url\":\"https:\\\/\\\/pulse-beziers.fr\\\/wp-content\\\/uploads\\\/2025\\\/12\\\/ASENSO-scaled.png\",\"contentUrl\":\"https:\\\/\\\/pulse-beziers.fr\\\/wp-content\\\/uploads\\\/2025\\\/12\\\/ASENSO-scaled.png\",\"width\":2560,\"height\":1810},{\"@type\":\"BreadcrumbList\",\"@id\":\"https:\\\/\\\/pulse-beziers.fr\\\/index.php\\\/2025\\\/12\\\/02\\\/studio-asenso-recompense-aux-trophees-de-la-communication-2025\\\/#breadcrumb\",\"itemListElement\":[{\"@type\":\"ListItem\",\"position\":1,\"name\":\"Accueil\",\"item\":\"https:\\\/\\\/pulse-beziers.fr\\\/\"},{\"@type\":\"ListItem\",\"position\":2,\"name\":\"Studio Asens\u00f2 r\u00e9compens\u00e9 aux Troph\u00e9es de la Communication 2025\"}]},{\"@type\":\"WebSite\",\"@id\":\"https:\\\/\\\/pulse-beziers.fr\\\/#website\",\"url\":\"https:\\\/\\\/pulse-beziers.fr\\\/\",\"name\":\"PULSE\",\"description\":\"B\u00e9ziers M\u00e9diterran\u00e9e\",\"publisher\":{\"@id\":\"https:\\\/\\\/pulse-beziers.fr\\\/#organization\"},\"potentialAction\":[{\"@type\":\"SearchAction\",\"target\":{\"@type\":\"EntryPoint\",\"urlTemplate\":\"https:\\\/\\\/pulse-beziers.fr\\\/?s={search_term_string}\"},\"query-input\":{\"@type\":\"PropertyValueSpecification\",\"valueRequired\":true,\"valueName\":\"search_term_string\"}}],\"inLanguage\":\"fr-FR\"},{\"@type\":\"Organization\",\"@id\":\"https:\\\/\\\/pulse-beziers.fr\\\/#organization\",\"name\":\"PULSE\",\"url\":\"https:\\\/\\\/pulse-beziers.fr\\\/\",\"logo\":{\"@type\":\"ImageObject\",\"inLanguage\":\"fr-FR\",\"@id\":\"https:\\\/\\\/pulse-beziers.fr\\\/#\\\/schema\\\/logo\\\/image\\\/\",\"url\":\"https:\\\/\\\/pulse-beziers.fr\\\/wp-content\\\/uploads\\\/2023\\\/10\\\/PULSE_OK.png\",\"contentUrl\":\"https:\\\/\\\/pulse-beziers.fr\\\/wp-content\\\/uploads\\\/2023\\\/10\\\/PULSE_OK.png\",\"width\":1490,\"height\":506,\"caption\":\"PULSE\"},\"image\":{\"@id\":\"https:\\\/\\\/pulse-beziers.fr\\\/#\\\/schema\\\/logo\\\/image\\\/\"}},{\"@type\":\"Person\",\"@id\":\"https:\\\/\\\/pulse-beziers.fr\\\/#\\\/schema\\\/person\\\/ce4160d5785562dc30723e520933e8e9\",\"name\":\"Jordan\",\"image\":{\"@type\":\"ImageObject\",\"inLanguage\":\"fr-FR\",\"@id\":\"https:\\\/\\\/secure.gravatar.com\\\/avatar\\\/ae88e378bde730769fc25248bfc128d509bc64fc2fad4d6455517f85742a87fd?s=96&d=mm&r=g\",\"url\":\"https:\\\/\\\/secure.gravatar.com\\\/avatar\\\/ae88e378bde730769fc25248bfc128d509bc64fc2fad4d6455517f85742a87fd?s=96&d=mm&r=g\",\"contentUrl\":\"https:\\\/\\\/secure.gravatar.com\\\/avatar\\\/ae88e378bde730769fc25248bfc128d509bc64fc2fad4d6455517f85742a87fd?s=96&d=mm&r=g\",\"caption\":\"Jordan\"},\"url\":\"https:\\\/\\\/pulse-beziers.fr\\\/index.php\\\/author\\\/jordan\\\/\"}]}<\/script>\n<!-- \/ Yoast SEO plugin. -->","yoast_head_json":{"title":"Studio Asens\u00f2 r\u00e9compens\u00e9 aux Troph\u00e9es de la Communication 2025 - PULSE","description":"Le Studio Asens\u00f2, membre de PULSE et install\u00e9 \u00e0 B\u00e9ziers depuis 2008, signe une belle r\u00e9ussite en d\u00e9crochant le 1er prix aux Troph\u00e9es de la Communication 2025.","robots":{"index":"index","follow":"follow","max-snippet":"max-snippet:-1","max-image-preview":"max-image-preview:large","max-video-preview":"max-video-preview:-1"},"canonical":"https:\/\/pulse-beziers.fr\/index.php\/2025\/12\/02\/studio-asenso-recompense-aux-trophees-de-la-communication-2025\/","og_locale":"fr_FR","og_type":"article","og_title":"Studio Asens\u00f2 r\u00e9compens\u00e9 aux Troph\u00e9es de la Communication 2025 - PULSE","og_description":"Le Studio Asens\u00f2, membre de PULSE et install\u00e9 \u00e0 B\u00e9ziers depuis 2008, signe une belle r\u00e9ussite en d\u00e9crochant le 1er prix aux Troph\u00e9es de la Communication 2025.","og_url":"https:\/\/pulse-beziers.fr\/index.php\/2025\/12\/02\/studio-asenso-recompense-aux-trophees-de-la-communication-2025\/","og_site_name":"PULSE","article_published_time":"2025-12-02T13:41:28+00:00","article_modified_time":"2025-12-02T13:41:29+00:00","og_image":[{"width":1024,"height":724,"url":"https:\/\/pulse-beziers.fr\/wp-content\/uploads\/2025\/12\/ASENSO-1024x724.png","type":"image\/png"}],"author":"Jordan","twitter_card":"summary_large_image","twitter_misc":{"\u00c9crit par":"Jordan","Dur\u00e9e de lecture estim\u00e9e":"2 minutes"},"schema":{"@context":"https:\/\/schema.org","@graph":[{"@type":"Article","@id":"https:\/\/pulse-beziers.fr\/index.php\/2025\/12\/02\/studio-asenso-recompense-aux-trophees-de-la-communication-2025\/#article","isPartOf":{"@id":"https:\/\/pulse-beziers.fr\/index.php\/2025\/12\/02\/studio-asenso-recompense-aux-trophees-de-la-communication-2025\/"},"author":{"name":"Jordan","@id":"https:\/\/pulse-beziers.fr\/#\/schema\/person\/ce4160d5785562dc30723e520933e8e9"},"headline":"Studio Asens\u00f2 r\u00e9compens\u00e9 aux Troph\u00e9es de la Communication 2025","datePublished":"2025-12-02T13:41:28+00:00","dateModified":"2025-12-02T13:41:29+00:00","mainEntityOfPage":{"@id":"https:\/\/pulse-beziers.fr\/index.php\/2025\/12\/02\/studio-asenso-recompense-aux-trophees-de-la-communication-2025\/"},"wordCount":385,"commentCount":1,"publisher":{"@id":"https:\/\/pulse-beziers.fr\/#organization"},"image":{"@id":"https:\/\/pulse-beziers.fr\/index.php\/2025\/12\/02\/studio-asenso-recompense-aux-trophees-de-la-communication-2025\/#primaryimage"},"thumbnailUrl":"https:\/\/pulse-beziers.fr\/wp-content\/uploads\/2025\/12\/ASENSO-scaled.png","articleSection":["DISTINCTION","ECONOMIE"],"inLanguage":"fr-FR","potentialAction":[{"@type":"CommentAction","name":"Comment","target":["https:\/\/pulse-beziers.fr\/index.php\/2025\/12\/02\/studio-asenso-recompense-aux-trophees-de-la-communication-2025\/#respond"]}]},{"@type":"WebPage","@id":"https:\/\/pulse-beziers.fr\/index.php\/2025\/12\/02\/studio-asenso-recompense-aux-trophees-de-la-communication-2025\/","url":"https:\/\/pulse-beziers.fr\/index.php\/2025\/12\/02\/studio-asenso-recompense-aux-trophees-de-la-communication-2025\/","name":"Studio Asens\u00f2 r\u00e9compens\u00e9 aux Troph\u00e9es de la Communication 2025 - PULSE","isPartOf":{"@id":"https:\/\/pulse-beziers.fr\/#website"},"primaryImageOfPage":{"@id":"https:\/\/pulse-beziers.fr\/index.php\/2025\/12\/02\/studio-asenso-recompense-aux-trophees-de-la-communication-2025\/#primaryimage"},"image":{"@id":"https:\/\/pulse-beziers.fr\/index.php\/2025\/12\/02\/studio-asenso-recompense-aux-trophees-de-la-communication-2025\/#primaryimage"},"thumbnailUrl":"https:\/\/pulse-beziers.fr\/wp-content\/uploads\/2025\/12\/ASENSO-scaled.png","datePublished":"2025-12-02T13:41:28+00:00","dateModified":"2025-12-02T13:41:29+00:00","description":"Le Studio Asens\u00f2, membre de PULSE et install\u00e9 \u00e0 B\u00e9ziers depuis 2008, signe une belle r\u00e9ussite en d\u00e9crochant le 1er prix aux Troph\u00e9es de la Communication 2025.","breadcrumb":{"@id":"https:\/\/pulse-beziers.fr\/index.php\/2025\/12\/02\/studio-asenso-recompense-aux-trophees-de-la-communication-2025\/#breadcrumb"},"inLanguage":"fr-FR","potentialAction":[{"@type":"ReadAction","target":["https:\/\/pulse-beziers.fr\/index.php\/2025\/12\/02\/studio-asenso-recompense-aux-trophees-de-la-communication-2025\/"]}]},{"@type":"ImageObject","inLanguage":"fr-FR","@id":"https:\/\/pulse-beziers.fr\/index.php\/2025\/12\/02\/studio-asenso-recompense-aux-trophees-de-la-communication-2025\/#primaryimage","url":"https:\/\/pulse-beziers.fr\/wp-content\/uploads\/2025\/12\/ASENSO-scaled.png","contentUrl":"https:\/\/pulse-beziers.fr\/wp-content\/uploads\/2025\/12\/ASENSO-scaled.png","width":2560,"height":1810},{"@type":"BreadcrumbList","@id":"https:\/\/pulse-beziers.fr\/index.php\/2025\/12\/02\/studio-asenso-recompense-aux-trophees-de-la-communication-2025\/#breadcrumb","itemListElement":[{"@type":"ListItem","position":1,"name":"Accueil","item":"https:\/\/pulse-beziers.fr\/"},{"@type":"ListItem","position":2,"name":"Studio Asens\u00f2 r\u00e9compens\u00e9 aux Troph\u00e9es de la Communication 2025"}]},{"@type":"WebSite","@id":"https:\/\/pulse-beziers.fr\/#website","url":"https:\/\/pulse-beziers.fr\/","name":"PULSE","description":"B\u00e9ziers M\u00e9diterran\u00e9e","publisher":{"@id":"https:\/\/pulse-beziers.fr\/#organization"},"potentialAction":[{"@type":"SearchAction","target":{"@type":"EntryPoint","urlTemplate":"https:\/\/pulse-beziers.fr\/?s={search_term_string}"},"query-input":{"@type":"PropertyValueSpecification","valueRequired":true,"valueName":"search_term_string"}}],"inLanguage":"fr-FR"},{"@type":"Organization","@id":"https:\/\/pulse-beziers.fr\/#organization","name":"PULSE","url":"https:\/\/pulse-beziers.fr\/","logo":{"@type":"ImageObject","inLanguage":"fr-FR","@id":"https:\/\/pulse-beziers.fr\/#\/schema\/logo\/image\/","url":"https:\/\/pulse-beziers.fr\/wp-content\/uploads\/2023\/10\/PULSE_OK.png","contentUrl":"https:\/\/pulse-beziers.fr\/wp-content\/uploads\/2023\/10\/PULSE_OK.png","width":1490,"height":506,"caption":"PULSE"},"image":{"@id":"https:\/\/pulse-beziers.fr\/#\/schema\/logo\/image\/"}},{"@type":"Person","@id":"https:\/\/pulse-beziers.fr\/#\/schema\/person\/ce4160d5785562dc30723e520933e8e9","name":"Jordan","image":{"@type":"ImageObject","inLanguage":"fr-FR","@id":"https:\/\/secure.gravatar.com\/avatar\/ae88e378bde730769fc25248bfc128d509bc64fc2fad4d6455517f85742a87fd?s=96&d=mm&r=g","url":"https:\/\/secure.gravatar.com\/avatar\/ae88e378bde730769fc25248bfc128d509bc64fc2fad4d6455517f85742a87fd?s=96&d=mm&r=g","contentUrl":"https:\/\/secure.gravatar.com\/avatar\/ae88e378bde730769fc25248bfc128d509bc64fc2fad4d6455517f85742a87fd?s=96&d=mm&r=g","caption":"Jordan"},"url":"https:\/\/pulse-beziers.fr\/index.php\/author\/jordan\/"}]}},"jetpack_featured_media_url":"https:\/\/pulse-beziers.fr\/wp-content\/uploads\/2025\/12\/ASENSO-scaled.png","jetpack_sharing_enabled":true,"_links":{"self":[{"href":"https:\/\/pulse-beziers.fr\/index.php\/wp-json\/wp\/v2\/posts\/8371","targetHints":{"allow":["GET"]}}],"collection":[{"href":"https:\/\/pulse-beziers.fr\/index.php\/wp-json\/wp\/v2\/posts"}],"about":[{"href":"https:\/\/pulse-beziers.fr\/index.php\/wp-json\/wp\/v2\/types\/post"}],"author":[{"embeddable":true,"href":"https:\/\/pulse-beziers.fr\/index.php\/wp-json\/wp\/v2\/users\/4"}],"replies":[{"embeddable":true,"href":"https:\/\/pulse-beziers.fr\/index.php\/wp-json\/wp\/v2\/comments?post=8371"}],"version-history":[{"count":1,"href":"https:\/\/pulse-beziers.fr\/index.php\/wp-json\/wp\/v2\/posts\/8371\/revisions"}],"predecessor-version":[{"id":8374,"href":"https:\/\/pulse-beziers.fr\/index.php\/wp-json\/wp\/v2\/posts\/8371\/revisions\/8374"}],"wp:featuredmedia":[{"embeddable":true,"href":"https:\/\/pulse-beziers.fr\/index.php\/wp-json\/wp\/v2\/media\/8373"}],"wp:attachment":[{"href":"https:\/\/pulse-beziers.fr\/index.php\/wp-json\/wp\/v2\/media?parent=8371"}],"wp:term":[{"taxonomy":"category","embeddable":true,"href":"https:\/\/pulse-beziers.fr\/index.php\/wp-json\/wp\/v2\/categories?post=8371"},{"taxonomy":"post_tag","embeddable":true,"href":"https:\/\/pulse-beziers.fr\/index.php\/wp-json\/wp\/v2\/tags?post=8371"}],"curies":[{"name":"wp","href":"https:\/\/api.w.org\/{rel}","templated":true}]}}