{"id":8378,"date":"2025-12-03T11:12:00","date_gmt":"2025-12-03T10:12:00","guid":{"rendered":"https:\/\/pulse-beziers.fr\/?p=8378"},"modified":"2025-12-03T11:12:03","modified_gmt":"2025-12-03T10:12:03","slug":"assemblee-generale-pulse-une-soiree-riche-en-bonnes-nouvelles","status":"publish","type":"post","link":"https:\/\/pulse-beziers.fr\/index.php\/2025\/12\/03\/assemblee-generale-pulse-une-soiree-riche-en-bonnes-nouvelles\/","title":{"rendered":"Assembl\u00e9e G\u00e9n\u00e9rale PULSE : une soir\u00e9e riche en bonnes nouvelles"},"content":{"rendered":"\n<p>Hier soir, au Palais des Sports B\u00e9ziers M\u00e9diterran\u00e9e, pr\u00e8s de <strong>100 <\/strong>membres ont assist\u00e9 \u00e0 un moment fort de la vie de <strong>PULSE B\u00e9ziers M\u00e9diterran\u00e9e<\/strong> : son Assembl\u00e9e G\u00e9n\u00e9rale annuelle.<\/p>\n\n\n\n<p>Cette \u00e9dition a \u00e9t\u00e9 marqu\u00e9e par deux annonces majeures qui confirment la dynamique \u00e9conomique du territoire :<\/p>\n\n\n\n<ul class=\"wp-block-list\">\n<li><strong>B\u00e9ziers M\u00e9diterran\u00e9e se classe 39\u1d49 agglom\u00e9ration la plus attractive de France<\/strong>, selon les donn\u00e9es du Cadran Attractivit\u00e9.<\/li>\n\n\n\n<li><strong>PULSE franchit le cap symbolique des 500 adh\u00e9rents<\/strong>, un record qui t\u00e9moigne de la confiance croissante des entreprises du Biterrois et au-del\u00e0.<\/li>\n<\/ul>\n\n\n\n<p>Robert M\u00e9nard, Pr\u00e9sident de PULSE, ainsi que les vice-pr\u00e9sidents <strong>Roxanne Bozzarelli<\/strong> et <strong>C\u00e9dric Botella<\/strong>, ont pris la parole pour partager ces excellentes nouvelles et rappeler les forces de l\u2019association : transparence sur le foncier et les terrains \u00e9conomiques, accompagnement personnalis\u00e9, formations, conf\u00e9rences avec des \u00e9conomistes reconnus\u2026 un \u00e9cosyst\u00e8me complet au service de l\u2019attractivit\u00e9.<\/p>\n\n\n\n<p>La soir\u00e9e a \u00e9galement \u00e9t\u00e9 l\u2019occasion d\u2019annoncer que la <strong>campagne de renouvellement des adh\u00e9sions 2026 d\u00e9butera d\u00e8s le mois de d\u00e9cembre<\/strong>. Les membres recevront prochainement un <strong>mail d\u00e9di\u00e9<\/strong> pour proc\u00e9der facilement \u00e0 leur renouvellement.<\/p>\n\n\n\n<p><strong>Un grand merci \u00e0 tous nos adh\u00e9rents pour leur pr\u00e9sence, leur engagement et leur fid\u00e9lit\u00e9, qui permettent \u00e0 PULSE de poursuivre son action au service du d\u00e9veloppement \u00e9conomique de B\u00e9ziers M\u00e9diterran\u00e9e.<\/strong><\/p>\n\n\n\n<figure class=\"wp-block-image size-large\"><img fetchpriority=\"high\" decoding=\"async\" width=\"768\" height=\"1024\" src=\"https:\/\/pulse-beziers.fr\/wp-content\/uploads\/2025\/12\/shared-image-7-768x1024.jpeg\" alt=\"\" class=\"wp-image-8381\" srcset=\"https:\/\/pulse-beziers.fr\/wp-content\/uploads\/2025\/12\/shared-image-7-768x1024.jpeg 768w, https:\/\/pulse-beziers.fr\/wp-content\/uploads\/2025\/12\/shared-image-7-225x300.jpeg 225w, https:\/\/pulse-beziers.fr\/wp-content\/uploads\/2025\/12\/shared-image-7-1152x1536.jpeg 1152w, https:\/\/pulse-beziers.fr\/wp-content\/uploads\/2025\/12\/shared-image-7-1320x1760.jpeg 1320w, https:\/\/pulse-beziers.fr\/wp-content\/uploads\/2025\/12\/shared-image-7-600x800.jpeg 600w, https:\/\/pulse-beziers.fr\/wp-content\/uploads\/2025\/12\/shared-image-7.jpeg 1417w\" sizes=\"(max-width: 768px) 100vw, 768px\" \/><\/figure>\n","protected":false},"excerpt":{"rendered":"<p>Hier soir, au Palais des Sports B\u00e9ziers M\u00e9diterran\u00e9e, pr\u00e8s de 100 membres ont assist\u00e9 \u00e0 un moment fort de la vie de PULSE B\u00e9ziers M\u00e9diterran\u00e9e : son Assembl\u00e9e G\u00e9n\u00e9rale annuelle. Cette \u00e9dition a \u00e9t\u00e9 marqu\u00e9e par deux annonces majeures qui confirment la dynamique \u00e9conomique du territoire : Robert M\u00e9nard, Pr\u00e9sident de PULSE, ainsi que les [&hellip;]<\/p>\n","protected":false},"author":4,"featured_media":8380,"comment_status":"closed","ping_status":"open","sticky":false,"template":"","format":"standard","meta":{"_jetpack_memberships_contains_paid_content":false,"footnotes":""},"categories":[4,161],"tags":[],"class_list":["post-8378","post","type-post","status-publish","format-standard","has-post-thumbnail","hentry","category-evenement","category-reseaux"],"yoast_head":"<!-- This site is optimized with the Yoast SEO plugin v27.3 - https:\/\/yoast.com\/product\/yoast-seo-wordpress\/ -->\n<title>Assembl\u00e9e G\u00e9n\u00e9rale PULSE : une soir\u00e9e riche en bonnes nouvelles - PULSE<\/title>\n<meta name=\"description\" content=\"Hier soir, pr\u00e8s de 100 membres ont assist\u00e9 \u00e0 un moment fort de la vie de PULSE B\u00e9ziers M\u00e9diterran\u00e9e : son Assembl\u00e9e G\u00e9n\u00e9rale annuelle.\" \/>\n<meta name=\"robots\" content=\"index, follow, max-snippet:-1, max-image-preview:large, max-video-preview:-1\" \/>\n<link rel=\"canonical\" href=\"https:\/\/pulse-beziers.fr\/index.php\/2025\/12\/03\/assemblee-generale-pulse-une-soiree-riche-en-bonnes-nouvelles\/\" \/>\n<meta property=\"og:locale\" content=\"fr_FR\" \/>\n<meta property=\"og:type\" content=\"article\" \/>\n<meta property=\"og:title\" content=\"Assembl\u00e9e G\u00e9n\u00e9rale PULSE : une soir\u00e9e riche en bonnes nouvelles - PULSE\" \/>\n<meta property=\"og:description\" content=\"Hier soir, pr\u00e8s de 100 membres ont assist\u00e9 \u00e0 un moment fort de la vie de PULSE B\u00e9ziers M\u00e9diterran\u00e9e : son Assembl\u00e9e G\u00e9n\u00e9rale annuelle.\" \/>\n<meta property=\"og:url\" content=\"https:\/\/pulse-beziers.fr\/index.php\/2025\/12\/03\/assemblee-generale-pulse-une-soiree-riche-en-bonnes-nouvelles\/\" \/>\n<meta property=\"og:site_name\" content=\"PULSE\" \/>\n<meta property=\"article:published_time\" content=\"2025-12-03T10:12:00+00:00\" \/>\n<meta property=\"article:modified_time\" content=\"2025-12-03T10:12:03+00:00\" \/>\n<meta property=\"og:image\" content=\"https:\/\/pulse-beziers.fr\/wp-content\/uploads\/2025\/12\/ARTICLE-AG-1024x724.png\" \/>\n\t<meta property=\"og:image:width\" content=\"1024\" \/>\n\t<meta property=\"og:image:height\" content=\"724\" \/>\n\t<meta property=\"og:image:type\" content=\"image\/png\" \/>\n<meta name=\"author\" content=\"Jordan\" \/>\n<meta name=\"twitter:card\" content=\"summary_large_image\" \/>\n<meta name=\"twitter:label1\" content=\"\u00c9crit par\" \/>\n\t<meta name=\"twitter:data1\" content=\"Jordan\" \/>\n\t<meta name=\"twitter:label2\" content=\"Dur\u00e9e de lecture estim\u00e9e\" \/>\n\t<meta name=\"twitter:data2\" content=\"2 minutes\" \/>\n<script type=\"application\/ld+json\" class=\"yoast-schema-graph\">{\"@context\":\"https:\\\/\\\/schema.org\",\"@graph\":[{\"@type\":\"Article\",\"@id\":\"https:\\\/\\\/pulse-beziers.fr\\\/index.php\\\/2025\\\/12\\\/03\\\/assemblee-generale-pulse-une-soiree-riche-en-bonnes-nouvelles\\\/#article\",\"isPartOf\":{\"@id\":\"https:\\\/\\\/pulse-beziers.fr\\\/index.php\\\/2025\\\/12\\\/03\\\/assemblee-generale-pulse-une-soiree-riche-en-bonnes-nouvelles\\\/\"},\"author\":{\"name\":\"Jordan\",\"@id\":\"https:\\\/\\\/pulse-beziers.fr\\\/#\\\/schema\\\/person\\\/ce4160d5785562dc30723e520933e8e9\"},\"headline\":\"Assembl\u00e9e G\u00e9n\u00e9rale PULSE : une soir\u00e9e riche en bonnes nouvelles\",\"datePublished\":\"2025-12-03T10:12:00+00:00\",\"dateModified\":\"2025-12-03T10:12:03+00:00\",\"mainEntityOfPage\":{\"@id\":\"https:\\\/\\\/pulse-beziers.fr\\\/index.php\\\/2025\\\/12\\\/03\\\/assemblee-generale-pulse-une-soiree-riche-en-bonnes-nouvelles\\\/\"},\"wordCount\":248,\"publisher\":{\"@id\":\"https:\\\/\\\/pulse-beziers.fr\\\/#organization\"},\"image\":{\"@id\":\"https:\\\/\\\/pulse-beziers.fr\\\/index.php\\\/2025\\\/12\\\/03\\\/assemblee-generale-pulse-une-soiree-riche-en-bonnes-nouvelles\\\/#primaryimage\"},\"thumbnailUrl\":\"https:\\\/\\\/pulse-beziers.fr\\\/wp-content\\\/uploads\\\/2025\\\/12\\\/ARTICLE-AG.png\",\"articleSection\":[\"EVENEMENT\",\"R\u00c9SEAUX\"],\"inLanguage\":\"fr-FR\"},{\"@type\":\"WebPage\",\"@id\":\"https:\\\/\\\/pulse-beziers.fr\\\/index.php\\\/2025\\\/12\\\/03\\\/assemblee-generale-pulse-une-soiree-riche-en-bonnes-nouvelles\\\/\",\"url\":\"https:\\\/\\\/pulse-beziers.fr\\\/index.php\\\/2025\\\/12\\\/03\\\/assemblee-generale-pulse-une-soiree-riche-en-bonnes-nouvelles\\\/\",\"name\":\"Assembl\u00e9e G\u00e9n\u00e9rale PULSE : une soir\u00e9e riche en bonnes nouvelles - PULSE\",\"isPartOf\":{\"@id\":\"https:\\\/\\\/pulse-beziers.fr\\\/#website\"},\"primaryImageOfPage\":{\"@id\":\"https:\\\/\\\/pulse-beziers.fr\\\/index.php\\\/2025\\\/12\\\/03\\\/assemblee-generale-pulse-une-soiree-riche-en-bonnes-nouvelles\\\/#primaryimage\"},\"image\":{\"@id\":\"https:\\\/\\\/pulse-beziers.fr\\\/index.php\\\/2025\\\/12\\\/03\\\/assemblee-generale-pulse-une-soiree-riche-en-bonnes-nouvelles\\\/#primaryimage\"},\"thumbnailUrl\":\"https:\\\/\\\/pulse-beziers.fr\\\/wp-content\\\/uploads\\\/2025\\\/12\\\/ARTICLE-AG.png\",\"datePublished\":\"2025-12-03T10:12:00+00:00\",\"dateModified\":\"2025-12-03T10:12:03+00:00\",\"description\":\"Hier soir, pr\u00e8s de 100 membres ont assist\u00e9 \u00e0 un moment fort de la vie de PULSE B\u00e9ziers M\u00e9diterran\u00e9e : son Assembl\u00e9e G\u00e9n\u00e9rale annuelle.\",\"breadcrumb\":{\"@id\":\"https:\\\/\\\/pulse-beziers.fr\\\/index.php\\\/2025\\\/12\\\/03\\\/assemblee-generale-pulse-une-soiree-riche-en-bonnes-nouvelles\\\/#breadcrumb\"},\"inLanguage\":\"fr-FR\",\"potentialAction\":[{\"@type\":\"ReadAction\",\"target\":[\"https:\\\/\\\/pulse-beziers.fr\\\/index.php\\\/2025\\\/12\\\/03\\\/assemblee-generale-pulse-une-soiree-riche-en-bonnes-nouvelles\\\/\"]}]},{\"@type\":\"ImageObject\",\"inLanguage\":\"fr-FR\",\"@id\":\"https:\\\/\\\/pulse-beziers.fr\\\/index.php\\\/2025\\\/12\\\/03\\\/assemblee-generale-pulse-une-soiree-riche-en-bonnes-nouvelles\\\/#primaryimage\",\"url\":\"https:\\\/\\\/pulse-beziers.fr\\\/wp-content\\\/uploads\\\/2025\\\/12\\\/ARTICLE-AG.png\",\"contentUrl\":\"https:\\\/\\\/pulse-beziers.fr\\\/wp-content\\\/uploads\\\/2025\\\/12\\\/ARTICLE-AG.png\",\"width\":2048,\"height\":1448},{\"@type\":\"BreadcrumbList\",\"@id\":\"https:\\\/\\\/pulse-beziers.fr\\\/index.php\\\/2025\\\/12\\\/03\\\/assemblee-generale-pulse-une-soiree-riche-en-bonnes-nouvelles\\\/#breadcrumb\",\"itemListElement\":[{\"@type\":\"ListItem\",\"position\":1,\"name\":\"Accueil\",\"item\":\"https:\\\/\\\/pulse-beziers.fr\\\/\"},{\"@type\":\"ListItem\",\"position\":2,\"name\":\"Assembl\u00e9e G\u00e9n\u00e9rale PULSE : une soir\u00e9e riche en bonnes nouvelles\"}]},{\"@type\":\"WebSite\",\"@id\":\"https:\\\/\\\/pulse-beziers.fr\\\/#website\",\"url\":\"https:\\\/\\\/pulse-beziers.fr\\\/\",\"name\":\"PULSE\",\"description\":\"B\u00e9ziers M\u00e9diterran\u00e9e\",\"publisher\":{\"@id\":\"https:\\\/\\\/pulse-beziers.fr\\\/#organization\"},\"potentialAction\":[{\"@type\":\"SearchAction\",\"target\":{\"@type\":\"EntryPoint\",\"urlTemplate\":\"https:\\\/\\\/pulse-beziers.fr\\\/?s={search_term_string}\"},\"query-input\":{\"@type\":\"PropertyValueSpecification\",\"valueRequired\":true,\"valueName\":\"search_term_string\"}}],\"inLanguage\":\"fr-FR\"},{\"@type\":\"Organization\",\"@id\":\"https:\\\/\\\/pulse-beziers.fr\\\/#organization\",\"name\":\"PULSE\",\"url\":\"https:\\\/\\\/pulse-beziers.fr\\\/\",\"logo\":{\"@type\":\"ImageObject\",\"inLanguage\":\"fr-FR\",\"@id\":\"https:\\\/\\\/pulse-beziers.fr\\\/#\\\/schema\\\/logo\\\/image\\\/\",\"url\":\"https:\\\/\\\/pulse-beziers.fr\\\/wp-content\\\/uploads\\\/2023\\\/10\\\/PULSE_OK.png\",\"contentUrl\":\"https:\\\/\\\/pulse-beziers.fr\\\/wp-content\\\/uploads\\\/2023\\\/10\\\/PULSE_OK.png\",\"width\":1490,\"height\":506,\"caption\":\"PULSE\"},\"image\":{\"@id\":\"https:\\\/\\\/pulse-beziers.fr\\\/#\\\/schema\\\/logo\\\/image\\\/\"}},{\"@type\":\"Person\",\"@id\":\"https:\\\/\\\/pulse-beziers.fr\\\/#\\\/schema\\\/person\\\/ce4160d5785562dc30723e520933e8e9\",\"name\":\"Jordan\",\"image\":{\"@type\":\"ImageObject\",\"inLanguage\":\"fr-FR\",\"@id\":\"https:\\\/\\\/secure.gravatar.com\\\/avatar\\\/ae88e378bde730769fc25248bfc128d509bc64fc2fad4d6455517f85742a87fd?s=96&d=mm&r=g\",\"url\":\"https:\\\/\\\/secure.gravatar.com\\\/avatar\\\/ae88e378bde730769fc25248bfc128d509bc64fc2fad4d6455517f85742a87fd?s=96&d=mm&r=g\",\"contentUrl\":\"https:\\\/\\\/secure.gravatar.com\\\/avatar\\\/ae88e378bde730769fc25248bfc128d509bc64fc2fad4d6455517f85742a87fd?s=96&d=mm&r=g\",\"caption\":\"Jordan\"},\"url\":\"https:\\\/\\\/pulse-beziers.fr\\\/index.php\\\/author\\\/jordan\\\/\"}]}<\/script>\n<!-- \/ Yoast SEO plugin. -->","yoast_head_json":{"title":"Assembl\u00e9e G\u00e9n\u00e9rale PULSE : une soir\u00e9e riche en bonnes nouvelles - PULSE","description":"Hier soir, pr\u00e8s de 100 membres ont assist\u00e9 \u00e0 un moment fort de la vie de PULSE B\u00e9ziers M\u00e9diterran\u00e9e : son Assembl\u00e9e G\u00e9n\u00e9rale annuelle.","robots":{"index":"index","follow":"follow","max-snippet":"max-snippet:-1","max-image-preview":"max-image-preview:large","max-video-preview":"max-video-preview:-1"},"canonical":"https:\/\/pulse-beziers.fr\/index.php\/2025\/12\/03\/assemblee-generale-pulse-une-soiree-riche-en-bonnes-nouvelles\/","og_locale":"fr_FR","og_type":"article","og_title":"Assembl\u00e9e G\u00e9n\u00e9rale PULSE : une soir\u00e9e riche en bonnes nouvelles - PULSE","og_description":"Hier soir, pr\u00e8s de 100 membres ont assist\u00e9 \u00e0 un moment fort de la vie de PULSE B\u00e9ziers M\u00e9diterran\u00e9e : son Assembl\u00e9e G\u00e9n\u00e9rale annuelle.","og_url":"https:\/\/pulse-beziers.fr\/index.php\/2025\/12\/03\/assemblee-generale-pulse-une-soiree-riche-en-bonnes-nouvelles\/","og_site_name":"PULSE","article_published_time":"2025-12-03T10:12:00+00:00","article_modified_time":"2025-12-03T10:12:03+00:00","og_image":[{"width":1024,"height":724,"url":"https:\/\/pulse-beziers.fr\/wp-content\/uploads\/2025\/12\/ARTICLE-AG-1024x724.png","type":"image\/png"}],"author":"Jordan","twitter_card":"summary_large_image","twitter_misc":{"\u00c9crit par":"Jordan","Dur\u00e9e de lecture estim\u00e9e":"2 minutes"},"schema":{"@context":"https:\/\/schema.org","@graph":[{"@type":"Article","@id":"https:\/\/pulse-beziers.fr\/index.php\/2025\/12\/03\/assemblee-generale-pulse-une-soiree-riche-en-bonnes-nouvelles\/#article","isPartOf":{"@id":"https:\/\/pulse-beziers.fr\/index.php\/2025\/12\/03\/assemblee-generale-pulse-une-soiree-riche-en-bonnes-nouvelles\/"},"author":{"name":"Jordan","@id":"https:\/\/pulse-beziers.fr\/#\/schema\/person\/ce4160d5785562dc30723e520933e8e9"},"headline":"Assembl\u00e9e G\u00e9n\u00e9rale PULSE : une soir\u00e9e riche en bonnes nouvelles","datePublished":"2025-12-03T10:12:00+00:00","dateModified":"2025-12-03T10:12:03+00:00","mainEntityOfPage":{"@id":"https:\/\/pulse-beziers.fr\/index.php\/2025\/12\/03\/assemblee-generale-pulse-une-soiree-riche-en-bonnes-nouvelles\/"},"wordCount":248,"publisher":{"@id":"https:\/\/pulse-beziers.fr\/#organization"},"image":{"@id":"https:\/\/pulse-beziers.fr\/index.php\/2025\/12\/03\/assemblee-generale-pulse-une-soiree-riche-en-bonnes-nouvelles\/#primaryimage"},"thumbnailUrl":"https:\/\/pulse-beziers.fr\/wp-content\/uploads\/2025\/12\/ARTICLE-AG.png","articleSection":["EVENEMENT","R\u00c9SEAUX"],"inLanguage":"fr-FR"},{"@type":"WebPage","@id":"https:\/\/pulse-beziers.fr\/index.php\/2025\/12\/03\/assemblee-generale-pulse-une-soiree-riche-en-bonnes-nouvelles\/","url":"https:\/\/pulse-beziers.fr\/index.php\/2025\/12\/03\/assemblee-generale-pulse-une-soiree-riche-en-bonnes-nouvelles\/","name":"Assembl\u00e9e G\u00e9n\u00e9rale PULSE : une soir\u00e9e riche en bonnes nouvelles - PULSE","isPartOf":{"@id":"https:\/\/pulse-beziers.fr\/#website"},"primaryImageOfPage":{"@id":"https:\/\/pulse-beziers.fr\/index.php\/2025\/12\/03\/assemblee-generale-pulse-une-soiree-riche-en-bonnes-nouvelles\/#primaryimage"},"image":{"@id":"https:\/\/pulse-beziers.fr\/index.php\/2025\/12\/03\/assemblee-generale-pulse-une-soiree-riche-en-bonnes-nouvelles\/#primaryimage"},"thumbnailUrl":"https:\/\/pulse-beziers.fr\/wp-content\/uploads\/2025\/12\/ARTICLE-AG.png","datePublished":"2025-12-03T10:12:00+00:00","dateModified":"2025-12-03T10:12:03+00:00","description":"Hier soir, pr\u00e8s de 100 membres ont assist\u00e9 \u00e0 un moment fort de la vie de PULSE B\u00e9ziers M\u00e9diterran\u00e9e : son Assembl\u00e9e G\u00e9n\u00e9rale annuelle.","breadcrumb":{"@id":"https:\/\/pulse-beziers.fr\/index.php\/2025\/12\/03\/assemblee-generale-pulse-une-soiree-riche-en-bonnes-nouvelles\/#breadcrumb"},"inLanguage":"fr-FR","potentialAction":[{"@type":"ReadAction","target":["https:\/\/pulse-beziers.fr\/index.php\/2025\/12\/03\/assemblee-generale-pulse-une-soiree-riche-en-bonnes-nouvelles\/"]}]},{"@type":"ImageObject","inLanguage":"fr-FR","@id":"https:\/\/pulse-beziers.fr\/index.php\/2025\/12\/03\/assemblee-generale-pulse-une-soiree-riche-en-bonnes-nouvelles\/#primaryimage","url":"https:\/\/pulse-beziers.fr\/wp-content\/uploads\/2025\/12\/ARTICLE-AG.png","contentUrl":"https:\/\/pulse-beziers.fr\/wp-content\/uploads\/2025\/12\/ARTICLE-AG.png","width":2048,"height":1448},{"@type":"BreadcrumbList","@id":"https:\/\/pulse-beziers.fr\/index.php\/2025\/12\/03\/assemblee-generale-pulse-une-soiree-riche-en-bonnes-nouvelles\/#breadcrumb","itemListElement":[{"@type":"ListItem","position":1,"name":"Accueil","item":"https:\/\/pulse-beziers.fr\/"},{"@type":"ListItem","position":2,"name":"Assembl\u00e9e G\u00e9n\u00e9rale PULSE : une soir\u00e9e riche en bonnes nouvelles"}]},{"@type":"WebSite","@id":"https:\/\/pulse-beziers.fr\/#website","url":"https:\/\/pulse-beziers.fr\/","name":"PULSE","description":"B\u00e9ziers M\u00e9diterran\u00e9e","publisher":{"@id":"https:\/\/pulse-beziers.fr\/#organization"},"potentialAction":[{"@type":"SearchAction","target":{"@type":"EntryPoint","urlTemplate":"https:\/\/pulse-beziers.fr\/?s={search_term_string}"},"query-input":{"@type":"PropertyValueSpecification","valueRequired":true,"valueName":"search_term_string"}}],"inLanguage":"fr-FR"},{"@type":"Organization","@id":"https:\/\/pulse-beziers.fr\/#organization","name":"PULSE","url":"https:\/\/pulse-beziers.fr\/","logo":{"@type":"ImageObject","inLanguage":"fr-FR","@id":"https:\/\/pulse-beziers.fr\/#\/schema\/logo\/image\/","url":"https:\/\/pulse-beziers.fr\/wp-content\/uploads\/2023\/10\/PULSE_OK.png","contentUrl":"https:\/\/pulse-beziers.fr\/wp-content\/uploads\/2023\/10\/PULSE_OK.png","width":1490,"height":506,"caption":"PULSE"},"image":{"@id":"https:\/\/pulse-beziers.fr\/#\/schema\/logo\/image\/"}},{"@type":"Person","@id":"https:\/\/pulse-beziers.fr\/#\/schema\/person\/ce4160d5785562dc30723e520933e8e9","name":"Jordan","image":{"@type":"ImageObject","inLanguage":"fr-FR","@id":"https:\/\/secure.gravatar.com\/avatar\/ae88e378bde730769fc25248bfc128d509bc64fc2fad4d6455517f85742a87fd?s=96&d=mm&r=g","url":"https:\/\/secure.gravatar.com\/avatar\/ae88e378bde730769fc25248bfc128d509bc64fc2fad4d6455517f85742a87fd?s=96&d=mm&r=g","contentUrl":"https:\/\/secure.gravatar.com\/avatar\/ae88e378bde730769fc25248bfc128d509bc64fc2fad4d6455517f85742a87fd?s=96&d=mm&r=g","caption":"Jordan"},"url":"https:\/\/pulse-beziers.fr\/index.php\/author\/jordan\/"}]}},"jetpack_featured_media_url":"https:\/\/pulse-beziers.fr\/wp-content\/uploads\/2025\/12\/ARTICLE-AG.png","jetpack_sharing_enabled":true,"_links":{"self":[{"href":"https:\/\/pulse-beziers.fr\/index.php\/wp-json\/wp\/v2\/posts\/8378","targetHints":{"allow":["GET"]}}],"collection":[{"href":"https:\/\/pulse-beziers.fr\/index.php\/wp-json\/wp\/v2\/posts"}],"about":[{"href":"https:\/\/pulse-beziers.fr\/index.php\/wp-json\/wp\/v2\/types\/post"}],"author":[{"embeddable":true,"href":"https:\/\/pulse-beziers.fr\/index.php\/wp-json\/wp\/v2\/users\/4"}],"replies":[{"embeddable":true,"href":"https:\/\/pulse-beziers.fr\/index.php\/wp-json\/wp\/v2\/comments?post=8378"}],"version-history":[{"count":1,"href":"https:\/\/pulse-beziers.fr\/index.php\/wp-json\/wp\/v2\/posts\/8378\/revisions"}],"predecessor-version":[{"id":8382,"href":"https:\/\/pulse-beziers.fr\/index.php\/wp-json\/wp\/v2\/posts\/8378\/revisions\/8382"}],"wp:featuredmedia":[{"embeddable":true,"href":"https:\/\/pulse-beziers.fr\/index.php\/wp-json\/wp\/v2\/media\/8380"}],"wp:attachment":[{"href":"https:\/\/pulse-beziers.fr\/index.php\/wp-json\/wp\/v2\/media?parent=8378"}],"wp:term":[{"taxonomy":"category","embeddable":true,"href":"https:\/\/pulse-beziers.fr\/index.php\/wp-json\/wp\/v2\/categories?post=8378"},{"taxonomy":"post_tag","embeddable":true,"href":"https:\/\/pulse-beziers.fr\/index.php\/wp-json\/wp\/v2\/tags?post=8378"}],"curies":[{"name":"wp","href":"https:\/\/api.w.org\/{rel}","templated":true}]}}