{"id":8384,"date":"2025-11-28T11:28:22","date_gmt":"2025-11-28T10:28:22","guid":{"rendered":"https:\/\/pulse-beziers.fr\/?p=8384"},"modified":"2025-12-03T12:00:20","modified_gmt":"2025-12-03T11:00:20","slug":"investir-beziers-la-2eme-edition-des-rencontres-de-limmobilier","status":"publish","type":"post","link":"https:\/\/pulse-beziers.fr\/index.php\/2025\/11\/28\/investir-beziers-la-2eme-edition-des-rencontres-de-limmobilier\/","title":{"rendered":"INVESTIR B\u00c9ZIERS : la 2\u1d49 \u00e9dition des Rencontres de l\u2019Immobilier"},"content":{"rendered":"\n<p>Apr\u00e8s le succ\u00e8s de la premi\u00e8re \u00e9dition en 2024, les Rencontres de l\u2019Immobilier reviennent cette ann\u00e9e pour une nouvelle soir\u00e9e consacr\u00e9e \u00e0 celles et ceux qui fa\u00e7onnent l\u2019avenir du territoire.<br>Organis\u00e9 \u00e0 <strong>Bureau &amp; Co \u2013 B\u00e9ziers<\/strong>, l\u2019\u00e9v\u00e9nement se tiendra <strong>jeudi 11 d\u00e9cembre 2025 \u00e0 partir de 19h<\/strong> et rassemblera investisseurs, porteurs de projets et acteurs engag\u00e9s dans le d\u00e9veloppement local.<\/p>\n\n\n\n<p>Au programme : pr\u00e9sentation du concept <strong>Investir B\u00e9ziers<\/strong>, 10 t\u00e9moignages d\u2019investisseurs aux profils vari\u00e9s, et un temps de <strong>networking<\/strong> pour favoriser les \u00e9changes et les mises en relation autour d\u2019un ap\u00e9ritif convivial.<br>Une soir\u00e9e plac\u00e9e sous le signe de l\u2019attractivit\u00e9, pens\u00e9e pour encourager l\u2019investissement et accompagner les initiatives qui dessinent le B\u00e9ziers de demain.<\/p>\n\n\n\n<p>\ud83d\udccc <strong>Inscription obligatoire \u2013 places limit\u00e9es \u00e0 150 participants<\/strong><br>\ud83d\udc49 Formulaire : <a href=\"https:\/\/forms.gle\/6vrQ5BePp2njJEqw5\">https:\/\/forms.gle\/6vrQ5BePp2njJEqw5<\/a><\/p>\n\n\n\n<p><strong>R\u00e9ponse souhait\u00e9e avant le 5 d\u00e9cembre<\/strong>. <\/p>\n","protected":false},"excerpt":{"rendered":"<p>Apr\u00e8s le succ\u00e8s de la premi\u00e8re \u00e9dition en 2024, les Rencontres de l\u2019Immobilier reviennent cette ann\u00e9e pour une nouvelle soir\u00e9e consacr\u00e9e \u00e0 celles et ceux qui fa\u00e7onnent l\u2019avenir du territoire.Organis\u00e9 \u00e0 Bureau &amp; Co \u2013 B\u00e9ziers, l\u2019\u00e9v\u00e9nement se tiendra jeudi 11 d\u00e9cembre 2025 \u00e0 partir de 19h et rassemblera investisseurs, porteurs de projets et acteurs [&hellip;]<\/p>\n","protected":false},"author":4,"featured_media":8385,"comment_status":"closed","ping_status":"open","sticky":false,"template":"","format":"standard","meta":{"_jetpack_memberships_contains_paid_content":false,"footnotes":""},"categories":[4],"tags":[],"class_list":["post-8384","post","type-post","status-publish","format-standard","has-post-thumbnail","hentry","category-evenement"],"yoast_head":"<!-- This site is optimized with the Yoast SEO plugin v27.3 - https:\/\/yoast.com\/product\/yoast-seo-wordpress\/ -->\n<title>INVESTIR B\u00c9ZIERS : la 2\u1d49 \u00e9dition des Rencontres de l\u2019Immobilier - PULSE<\/title>\n<meta name=\"description\" content=\"Les Rencontres de l\u2019Immobilier reviennent cette ann\u00e9e pour une nouvelle soir\u00e9e consacr\u00e9e \u00e0 celles et ceux qui fa\u00e7onnent l\u2019avenir immobilier du territoire.\" \/>\n<meta name=\"robots\" content=\"index, follow, max-snippet:-1, max-image-preview:large, max-video-preview:-1\" \/>\n<link rel=\"canonical\" href=\"https:\/\/pulse-beziers.fr\/index.php\/2025\/11\/28\/investir-beziers-la-2eme-edition-des-rencontres-de-limmobilier\/\" \/>\n<meta property=\"og:locale\" content=\"fr_FR\" \/>\n<meta property=\"og:type\" content=\"article\" \/>\n<meta property=\"og:title\" content=\"INVESTIR B\u00c9ZIERS : la 2\u1d49 \u00e9dition des Rencontres de l\u2019Immobilier - PULSE\" \/>\n<meta property=\"og:description\" content=\"Les Rencontres de l\u2019Immobilier reviennent cette ann\u00e9e pour une nouvelle soir\u00e9e consacr\u00e9e \u00e0 celles et ceux qui fa\u00e7onnent l\u2019avenir immobilier du territoire.\" \/>\n<meta property=\"og:url\" content=\"https:\/\/pulse-beziers.fr\/index.php\/2025\/11\/28\/investir-beziers-la-2eme-edition-des-rencontres-de-limmobilier\/\" \/>\n<meta property=\"og:site_name\" content=\"PULSE\" \/>\n<meta property=\"article:published_time\" content=\"2025-11-28T10:28:22+00:00\" \/>\n<meta property=\"article:modified_time\" content=\"2025-12-03T11:00:20+00:00\" \/>\n<meta property=\"og:image\" content=\"https:\/\/pulse-beziers.fr\/wp-content\/uploads\/2025\/12\/ARTICLE.png\" \/>\n\t<meta property=\"og:image:width\" content=\"2048\" \/>\n\t<meta property=\"og:image:height\" content=\"1448\" \/>\n\t<meta property=\"og:image:type\" content=\"image\/png\" \/>\n<meta name=\"author\" content=\"Jordan\" \/>\n<meta name=\"twitter:card\" content=\"summary_large_image\" \/>\n<meta name=\"twitter:label1\" content=\"\u00c9crit par\" \/>\n\t<meta name=\"twitter:data1\" content=\"Jordan\" \/>\n\t<meta name=\"twitter:label2\" content=\"Dur\u00e9e de lecture estim\u00e9e\" \/>\n\t<meta name=\"twitter:data2\" content=\"1 minute\" \/>\n<script type=\"application\/ld+json\" class=\"yoast-schema-graph\">{\"@context\":\"https:\\\/\\\/schema.org\",\"@graph\":[{\"@type\":\"Article\",\"@id\":\"https:\\\/\\\/pulse-beziers.fr\\\/index.php\\\/2025\\\/11\\\/28\\\/investir-beziers-la-2eme-edition-des-rencontres-de-limmobilier\\\/#article\",\"isPartOf\":{\"@id\":\"https:\\\/\\\/pulse-beziers.fr\\\/index.php\\\/2025\\\/11\\\/28\\\/investir-beziers-la-2eme-edition-des-rencontres-de-limmobilier\\\/\"},\"author\":{\"name\":\"Jordan\",\"@id\":\"https:\\\/\\\/pulse-beziers.fr\\\/#\\\/schema\\\/person\\\/ce4160d5785562dc30723e520933e8e9\"},\"headline\":\"INVESTIR B\u00c9ZIERS : la 2\u1d49 \u00e9dition des Rencontres de l\u2019Immobilier\",\"datePublished\":\"2025-11-28T10:28:22+00:00\",\"dateModified\":\"2025-12-03T11:00:20+00:00\",\"mainEntityOfPage\":{\"@id\":\"https:\\\/\\\/pulse-beziers.fr\\\/index.php\\\/2025\\\/11\\\/28\\\/investir-beziers-la-2eme-edition-des-rencontres-de-limmobilier\\\/\"},\"wordCount\":165,\"publisher\":{\"@id\":\"https:\\\/\\\/pulse-beziers.fr\\\/#organization\"},\"image\":{\"@id\":\"https:\\\/\\\/pulse-beziers.fr\\\/index.php\\\/2025\\\/11\\\/28\\\/investir-beziers-la-2eme-edition-des-rencontres-de-limmobilier\\\/#primaryimage\"},\"thumbnailUrl\":\"https:\\\/\\\/pulse-beziers.fr\\\/wp-content\\\/uploads\\\/2025\\\/12\\\/ARTICLE.png\",\"articleSection\":[\"EVENEMENT\"],\"inLanguage\":\"fr-FR\"},{\"@type\":\"WebPage\",\"@id\":\"https:\\\/\\\/pulse-beziers.fr\\\/index.php\\\/2025\\\/11\\\/28\\\/investir-beziers-la-2eme-edition-des-rencontres-de-limmobilier\\\/\",\"url\":\"https:\\\/\\\/pulse-beziers.fr\\\/index.php\\\/2025\\\/11\\\/28\\\/investir-beziers-la-2eme-edition-des-rencontres-de-limmobilier\\\/\",\"name\":\"INVESTIR B\u00c9ZIERS : la 2\u1d49 \u00e9dition des Rencontres de l\u2019Immobilier - PULSE\",\"isPartOf\":{\"@id\":\"https:\\\/\\\/pulse-beziers.fr\\\/#website\"},\"primaryImageOfPage\":{\"@id\":\"https:\\\/\\\/pulse-beziers.fr\\\/index.php\\\/2025\\\/11\\\/28\\\/investir-beziers-la-2eme-edition-des-rencontres-de-limmobilier\\\/#primaryimage\"},\"image\":{\"@id\":\"https:\\\/\\\/pulse-beziers.fr\\\/index.php\\\/2025\\\/11\\\/28\\\/investir-beziers-la-2eme-edition-des-rencontres-de-limmobilier\\\/#primaryimage\"},\"thumbnailUrl\":\"https:\\\/\\\/pulse-beziers.fr\\\/wp-content\\\/uploads\\\/2025\\\/12\\\/ARTICLE.png\",\"datePublished\":\"2025-11-28T10:28:22+00:00\",\"dateModified\":\"2025-12-03T11:00:20+00:00\",\"description\":\"Les Rencontres de l\u2019Immobilier reviennent cette ann\u00e9e pour une nouvelle soir\u00e9e consacr\u00e9e \u00e0 celles et ceux qui fa\u00e7onnent l\u2019avenir immobilier du territoire.\",\"breadcrumb\":{\"@id\":\"https:\\\/\\\/pulse-beziers.fr\\\/index.php\\\/2025\\\/11\\\/28\\\/investir-beziers-la-2eme-edition-des-rencontres-de-limmobilier\\\/#breadcrumb\"},\"inLanguage\":\"fr-FR\",\"potentialAction\":[{\"@type\":\"ReadAction\",\"target\":[\"https:\\\/\\\/pulse-beziers.fr\\\/index.php\\\/2025\\\/11\\\/28\\\/investir-beziers-la-2eme-edition-des-rencontres-de-limmobilier\\\/\"]}]},{\"@type\":\"ImageObject\",\"inLanguage\":\"fr-FR\",\"@id\":\"https:\\\/\\\/pulse-beziers.fr\\\/index.php\\\/2025\\\/11\\\/28\\\/investir-beziers-la-2eme-edition-des-rencontres-de-limmobilier\\\/#primaryimage\",\"url\":\"https:\\\/\\\/pulse-beziers.fr\\\/wp-content\\\/uploads\\\/2025\\\/12\\\/ARTICLE.png\",\"contentUrl\":\"https:\\\/\\\/pulse-beziers.fr\\\/wp-content\\\/uploads\\\/2025\\\/12\\\/ARTICLE.png\",\"width\":2048,\"height\":1448},{\"@type\":\"BreadcrumbList\",\"@id\":\"https:\\\/\\\/pulse-beziers.fr\\\/index.php\\\/2025\\\/11\\\/28\\\/investir-beziers-la-2eme-edition-des-rencontres-de-limmobilier\\\/#breadcrumb\",\"itemListElement\":[{\"@type\":\"ListItem\",\"position\":1,\"name\":\"Accueil\",\"item\":\"https:\\\/\\\/pulse-beziers.fr\\\/\"},{\"@type\":\"ListItem\",\"position\":2,\"name\":\"INVESTIR B\u00c9ZIERS : la 2\u1d49 \u00e9dition des Rencontres de l\u2019Immobilier\"}]},{\"@type\":\"WebSite\",\"@id\":\"https:\\\/\\\/pulse-beziers.fr\\\/#website\",\"url\":\"https:\\\/\\\/pulse-beziers.fr\\\/\",\"name\":\"PULSE\",\"description\":\"B\u00e9ziers M\u00e9diterran\u00e9e\",\"publisher\":{\"@id\":\"https:\\\/\\\/pulse-beziers.fr\\\/#organization\"},\"potentialAction\":[{\"@type\":\"SearchAction\",\"target\":{\"@type\":\"EntryPoint\",\"urlTemplate\":\"https:\\\/\\\/pulse-beziers.fr\\\/?s={search_term_string}\"},\"query-input\":{\"@type\":\"PropertyValueSpecification\",\"valueRequired\":true,\"valueName\":\"search_term_string\"}}],\"inLanguage\":\"fr-FR\"},{\"@type\":\"Organization\",\"@id\":\"https:\\\/\\\/pulse-beziers.fr\\\/#organization\",\"name\":\"PULSE\",\"url\":\"https:\\\/\\\/pulse-beziers.fr\\\/\",\"logo\":{\"@type\":\"ImageObject\",\"inLanguage\":\"fr-FR\",\"@id\":\"https:\\\/\\\/pulse-beziers.fr\\\/#\\\/schema\\\/logo\\\/image\\\/\",\"url\":\"https:\\\/\\\/pulse-beziers.fr\\\/wp-content\\\/uploads\\\/2023\\\/10\\\/PULSE_OK.png\",\"contentUrl\":\"https:\\\/\\\/pulse-beziers.fr\\\/wp-content\\\/uploads\\\/2023\\\/10\\\/PULSE_OK.png\",\"width\":1490,\"height\":506,\"caption\":\"PULSE\"},\"image\":{\"@id\":\"https:\\\/\\\/pulse-beziers.fr\\\/#\\\/schema\\\/logo\\\/image\\\/\"}},{\"@type\":\"Person\",\"@id\":\"https:\\\/\\\/pulse-beziers.fr\\\/#\\\/schema\\\/person\\\/ce4160d5785562dc30723e520933e8e9\",\"name\":\"Jordan\",\"image\":{\"@type\":\"ImageObject\",\"inLanguage\":\"fr-FR\",\"@id\":\"https:\\\/\\\/secure.gravatar.com\\\/avatar\\\/ae88e378bde730769fc25248bfc128d509bc64fc2fad4d6455517f85742a87fd?s=96&d=mm&r=g\",\"url\":\"https:\\\/\\\/secure.gravatar.com\\\/avatar\\\/ae88e378bde730769fc25248bfc128d509bc64fc2fad4d6455517f85742a87fd?s=96&d=mm&r=g\",\"contentUrl\":\"https:\\\/\\\/secure.gravatar.com\\\/avatar\\\/ae88e378bde730769fc25248bfc128d509bc64fc2fad4d6455517f85742a87fd?s=96&d=mm&r=g\",\"caption\":\"Jordan\"},\"url\":\"https:\\\/\\\/pulse-beziers.fr\\\/index.php\\\/author\\\/jordan\\\/\"}]}<\/script>\n<!-- \/ Yoast SEO plugin. -->","yoast_head_json":{"title":"INVESTIR B\u00c9ZIERS : la 2\u1d49 \u00e9dition des Rencontres de l\u2019Immobilier - PULSE","description":"Les Rencontres de l\u2019Immobilier reviennent cette ann\u00e9e pour une nouvelle soir\u00e9e consacr\u00e9e \u00e0 celles et ceux qui fa\u00e7onnent l\u2019avenir immobilier du territoire.","robots":{"index":"index","follow":"follow","max-snippet":"max-snippet:-1","max-image-preview":"max-image-preview:large","max-video-preview":"max-video-preview:-1"},"canonical":"https:\/\/pulse-beziers.fr\/index.php\/2025\/11\/28\/investir-beziers-la-2eme-edition-des-rencontres-de-limmobilier\/","og_locale":"fr_FR","og_type":"article","og_title":"INVESTIR B\u00c9ZIERS : la 2\u1d49 \u00e9dition des Rencontres de l\u2019Immobilier - PULSE","og_description":"Les Rencontres de l\u2019Immobilier reviennent cette ann\u00e9e pour une nouvelle soir\u00e9e consacr\u00e9e \u00e0 celles et ceux qui fa\u00e7onnent l\u2019avenir immobilier du territoire.","og_url":"https:\/\/pulse-beziers.fr\/index.php\/2025\/11\/28\/investir-beziers-la-2eme-edition-des-rencontres-de-limmobilier\/","og_site_name":"PULSE","article_published_time":"2025-11-28T10:28:22+00:00","article_modified_time":"2025-12-03T11:00:20+00:00","og_image":[{"width":2048,"height":1448,"url":"https:\/\/pulse-beziers.fr\/wp-content\/uploads\/2025\/12\/ARTICLE.png","type":"image\/png"}],"author":"Jordan","twitter_card":"summary_large_image","twitter_misc":{"\u00c9crit par":"Jordan","Dur\u00e9e de lecture estim\u00e9e":"1 minute"},"schema":{"@context":"https:\/\/schema.org","@graph":[{"@type":"Article","@id":"https:\/\/pulse-beziers.fr\/index.php\/2025\/11\/28\/investir-beziers-la-2eme-edition-des-rencontres-de-limmobilier\/#article","isPartOf":{"@id":"https:\/\/pulse-beziers.fr\/index.php\/2025\/11\/28\/investir-beziers-la-2eme-edition-des-rencontres-de-limmobilier\/"},"author":{"name":"Jordan","@id":"https:\/\/pulse-beziers.fr\/#\/schema\/person\/ce4160d5785562dc30723e520933e8e9"},"headline":"INVESTIR B\u00c9ZIERS : la 2\u1d49 \u00e9dition des Rencontres de l\u2019Immobilier","datePublished":"2025-11-28T10:28:22+00:00","dateModified":"2025-12-03T11:00:20+00:00","mainEntityOfPage":{"@id":"https:\/\/pulse-beziers.fr\/index.php\/2025\/11\/28\/investir-beziers-la-2eme-edition-des-rencontres-de-limmobilier\/"},"wordCount":165,"publisher":{"@id":"https:\/\/pulse-beziers.fr\/#organization"},"image":{"@id":"https:\/\/pulse-beziers.fr\/index.php\/2025\/11\/28\/investir-beziers-la-2eme-edition-des-rencontres-de-limmobilier\/#primaryimage"},"thumbnailUrl":"https:\/\/pulse-beziers.fr\/wp-content\/uploads\/2025\/12\/ARTICLE.png","articleSection":["EVENEMENT"],"inLanguage":"fr-FR"},{"@type":"WebPage","@id":"https:\/\/pulse-beziers.fr\/index.php\/2025\/11\/28\/investir-beziers-la-2eme-edition-des-rencontres-de-limmobilier\/","url":"https:\/\/pulse-beziers.fr\/index.php\/2025\/11\/28\/investir-beziers-la-2eme-edition-des-rencontres-de-limmobilier\/","name":"INVESTIR B\u00c9ZIERS : la 2\u1d49 \u00e9dition des Rencontres de l\u2019Immobilier - PULSE","isPartOf":{"@id":"https:\/\/pulse-beziers.fr\/#website"},"primaryImageOfPage":{"@id":"https:\/\/pulse-beziers.fr\/index.php\/2025\/11\/28\/investir-beziers-la-2eme-edition-des-rencontres-de-limmobilier\/#primaryimage"},"image":{"@id":"https:\/\/pulse-beziers.fr\/index.php\/2025\/11\/28\/investir-beziers-la-2eme-edition-des-rencontres-de-limmobilier\/#primaryimage"},"thumbnailUrl":"https:\/\/pulse-beziers.fr\/wp-content\/uploads\/2025\/12\/ARTICLE.png","datePublished":"2025-11-28T10:28:22+00:00","dateModified":"2025-12-03T11:00:20+00:00","description":"Les Rencontres de l\u2019Immobilier reviennent cette ann\u00e9e pour une nouvelle soir\u00e9e consacr\u00e9e \u00e0 celles et ceux qui fa\u00e7onnent l\u2019avenir immobilier du territoire.","breadcrumb":{"@id":"https:\/\/pulse-beziers.fr\/index.php\/2025\/11\/28\/investir-beziers-la-2eme-edition-des-rencontres-de-limmobilier\/#breadcrumb"},"inLanguage":"fr-FR","potentialAction":[{"@type":"ReadAction","target":["https:\/\/pulse-beziers.fr\/index.php\/2025\/11\/28\/investir-beziers-la-2eme-edition-des-rencontres-de-limmobilier\/"]}]},{"@type":"ImageObject","inLanguage":"fr-FR","@id":"https:\/\/pulse-beziers.fr\/index.php\/2025\/11\/28\/investir-beziers-la-2eme-edition-des-rencontres-de-limmobilier\/#primaryimage","url":"https:\/\/pulse-beziers.fr\/wp-content\/uploads\/2025\/12\/ARTICLE.png","contentUrl":"https:\/\/pulse-beziers.fr\/wp-content\/uploads\/2025\/12\/ARTICLE.png","width":2048,"height":1448},{"@type":"BreadcrumbList","@id":"https:\/\/pulse-beziers.fr\/index.php\/2025\/11\/28\/investir-beziers-la-2eme-edition-des-rencontres-de-limmobilier\/#breadcrumb","itemListElement":[{"@type":"ListItem","position":1,"name":"Accueil","item":"https:\/\/pulse-beziers.fr\/"},{"@type":"ListItem","position":2,"name":"INVESTIR B\u00c9ZIERS : la 2\u1d49 \u00e9dition des Rencontres de l\u2019Immobilier"}]},{"@type":"WebSite","@id":"https:\/\/pulse-beziers.fr\/#website","url":"https:\/\/pulse-beziers.fr\/","name":"PULSE","description":"B\u00e9ziers M\u00e9diterran\u00e9e","publisher":{"@id":"https:\/\/pulse-beziers.fr\/#organization"},"potentialAction":[{"@type":"SearchAction","target":{"@type":"EntryPoint","urlTemplate":"https:\/\/pulse-beziers.fr\/?s={search_term_string}"},"query-input":{"@type":"PropertyValueSpecification","valueRequired":true,"valueName":"search_term_string"}}],"inLanguage":"fr-FR"},{"@type":"Organization","@id":"https:\/\/pulse-beziers.fr\/#organization","name":"PULSE","url":"https:\/\/pulse-beziers.fr\/","logo":{"@type":"ImageObject","inLanguage":"fr-FR","@id":"https:\/\/pulse-beziers.fr\/#\/schema\/logo\/image\/","url":"https:\/\/pulse-beziers.fr\/wp-content\/uploads\/2023\/10\/PULSE_OK.png","contentUrl":"https:\/\/pulse-beziers.fr\/wp-content\/uploads\/2023\/10\/PULSE_OK.png","width":1490,"height":506,"caption":"PULSE"},"image":{"@id":"https:\/\/pulse-beziers.fr\/#\/schema\/logo\/image\/"}},{"@type":"Person","@id":"https:\/\/pulse-beziers.fr\/#\/schema\/person\/ce4160d5785562dc30723e520933e8e9","name":"Jordan","image":{"@type":"ImageObject","inLanguage":"fr-FR","@id":"https:\/\/secure.gravatar.com\/avatar\/ae88e378bde730769fc25248bfc128d509bc64fc2fad4d6455517f85742a87fd?s=96&d=mm&r=g","url":"https:\/\/secure.gravatar.com\/avatar\/ae88e378bde730769fc25248bfc128d509bc64fc2fad4d6455517f85742a87fd?s=96&d=mm&r=g","contentUrl":"https:\/\/secure.gravatar.com\/avatar\/ae88e378bde730769fc25248bfc128d509bc64fc2fad4d6455517f85742a87fd?s=96&d=mm&r=g","caption":"Jordan"},"url":"https:\/\/pulse-beziers.fr\/index.php\/author\/jordan\/"}]}},"jetpack_featured_media_url":"https:\/\/pulse-beziers.fr\/wp-content\/uploads\/2025\/12\/ARTICLE.png","jetpack_sharing_enabled":true,"_links":{"self":[{"href":"https:\/\/pulse-beziers.fr\/index.php\/wp-json\/wp\/v2\/posts\/8384","targetHints":{"allow":["GET"]}}],"collection":[{"href":"https:\/\/pulse-beziers.fr\/index.php\/wp-json\/wp\/v2\/posts"}],"about":[{"href":"https:\/\/pulse-beziers.fr\/index.php\/wp-json\/wp\/v2\/types\/post"}],"author":[{"embeddable":true,"href":"https:\/\/pulse-beziers.fr\/index.php\/wp-json\/wp\/v2\/users\/4"}],"replies":[{"embeddable":true,"href":"https:\/\/pulse-beziers.fr\/index.php\/wp-json\/wp\/v2\/comments?post=8384"}],"version-history":[{"count":1,"href":"https:\/\/pulse-beziers.fr\/index.php\/wp-json\/wp\/v2\/posts\/8384\/revisions"}],"predecessor-version":[{"id":8386,"href":"https:\/\/pulse-beziers.fr\/index.php\/wp-json\/wp\/v2\/posts\/8384\/revisions\/8386"}],"wp:featuredmedia":[{"embeddable":true,"href":"https:\/\/pulse-beziers.fr\/index.php\/wp-json\/wp\/v2\/media\/8385"}],"wp:attachment":[{"href":"https:\/\/pulse-beziers.fr\/index.php\/wp-json\/wp\/v2\/media?parent=8384"}],"wp:term":[{"taxonomy":"category","embeddable":true,"href":"https:\/\/pulse-beziers.fr\/index.php\/wp-json\/wp\/v2\/categories?post=8384"},{"taxonomy":"post_tag","embeddable":true,"href":"https:\/\/pulse-beziers.fr\/index.php\/wp-json\/wp\/v2\/tags?post=8384"}],"curies":[{"name":"wp","href":"https:\/\/api.w.org\/{rel}","templated":true}]}}