{"id":8389,"date":"2025-12-08T15:17:44","date_gmt":"2025-12-08T14:17:44","guid":{"rendered":"https:\/\/pulse-beziers.fr\/?p=8389"},"modified":"2025-12-03T16:30:55","modified_gmt":"2025-12-03T15:30:55","slug":"le-groupe-eurec-premier-operateur-francais-certifie-red-iii","status":"publish","type":"post","link":"https:\/\/pulse-beziers.fr\/index.php\/2025\/12\/08\/le-groupe-eurec-premier-operateur-francais-certifie-red-iii\/","title":{"rendered":"Le Groupe EUREC, premier op\u00e9rateur fran\u00e7ais certifi\u00e9 RED III"},"content":{"rendered":"\n<p>EUREC Groupe (EUREC SUD, EUREC Environnement, COPREC) vient d\u2019obtenir la certification <strong>RED III \u2013 r\u00e9f\u00e9rentiel 2BSvs STD02<\/strong>, d\u00e9livr\u00e9e par Control Union, pour la transformation de pneumatiques usag\u00e9s en mati\u00e8res durables. Une premi\u00e8re en France qui renforce le positionnement du territoire B\u00e9ziers M\u00e9diterran\u00e9e dans les solutions d\u2019\u00e9conomie circulaire et de transition \u00e9cologique.<\/p>\n\n\n\n<p>L\u2019audit initial, r\u00e9alis\u00e9 le 6 novembre 2025, n\u2019a relev\u00e9 <strong>aucune non-conformit\u00e9<\/strong>, et le certificat a \u00e9t\u00e9 \u00e9mis en un temps record de 11 jours. Une performance qui illustre la solidit\u00e9 du dossier comme l&#8217;excellence op\u00e9rationnelle des \u00e9quipes.<\/p>\n\n\n\n<h3 class=\"wp-block-heading\">1. Une <strong>obligation r\u00e9glementaire europ\u00e9enne<\/strong><\/h3>\n\n\n\n<p>La directive RED III impose que tous les combustibles issus de d\u00e9chets ou r\u00e9sidus soient certifi\u00e9s durables.<br>Sans cette certification, les pneumatiques recycl\u00e9s d\u2019EUREC Sud ne pourraient plus \u00eatre comptabilis\u00e9s comme combustibles durables par les cimentiers.<\/p>\n\n\n\n<h3 class=\"wp-block-heading\">2. Une <strong>exigence forte des clients industriels<\/strong><\/h3>\n\n\n\n<p>Les cimenteries int\u00e8grent les produits d\u2019EUREC Sud dans leurs propres rapports RED III.<br>Pour cela, l\u2019entreprise doit garantir :<\/p>\n\n\n\n<ul class=\"wp-block-list\">\n<li>l\u2019origine conforme des pneus,<\/li>\n\n\n\n<li>leur statut de d\u00e9chet,<\/li>\n\n\n\n<li>une tra\u00e7abilit\u00e9 compl\u00e8te,<\/li>\n\n\n\n<li>un syst\u00e8me de gestion de la durabilit\u00e9 ma\u00eetris\u00e9.<\/li>\n<\/ul>\n\n\n\n<p>Sans certification, il ne serait plus possible de contractualiser avec les cimentiers ni avec les \u00e9co-organismes de la fili\u00e8re (ALIAPUR, TYVAL).<\/p>\n\n\n\n<h3 class=\"wp-block-heading\">3. Une <strong>gestion rigoureuse et document\u00e9e des flux mati\u00e8res<\/strong><\/h3>\n\n\n\n<p>La certification n\u00e9cessite :<\/p>\n\n\n\n<ul class=\"wp-block-list\">\n<li>la ma\u00eetrise des flux entrants et sortants,<\/li>\n\n\n\n<li>la preuve du statut de d\u00e9chet,<\/li>\n\n\n\n<li>le suivi pr\u00e9cis des volumes,<\/li>\n\n\n\n<li>la conformit\u00e9 administrative des fournisseurs.<\/li>\n<\/ul>\n\n\n\n<p>Un processus qui renforce la cr\u00e9dibilit\u00e9, la qualit\u00e9 et la fiabilit\u00e9 du dispositif interne.<\/p>\n\n\n\n<h3 class=\"wp-block-heading\">4. Une <strong>garantie ind\u00e9pendante<\/strong> pour auditeurs, autorit\u00e9s et partenaires<\/h3>\n\n\n\n<p>Cette reconnaissance atteste que :<\/p>\n\n\n\n<ul class=\"wp-block-list\">\n<li>les normes RED III sont respect\u00e9es,<\/li>\n\n\n\n<li>les donn\u00e9es transmises sont fiables,<\/li>\n\n\n\n<li>les produits contribuent r\u00e9ellement \u00e0 la r\u00e9duction des \u00e9missions.<\/li>\n<\/ul>\n\n\n\n<p>Un atout majeur pour les relations institutionnelles et commerciales du groupe.<\/p>\n\n\n\n<hr class=\"wp-block-separator has-alpha-channel-opacity\"\/>\n\n\n\n<p>Cette premi\u00e8re certification nationale positionne EUREC Groupe comme un acteur cl\u00e9 d\u2019une fili\u00e8re fran\u00e7aise des pneus usag\u00e9s plus durable, robuste et align\u00e9e sur les standards europ\u00e9ens \u2014 une avanc\u00e9e qui participe pleinement \u00e0 la dynamique industrielle et environnementale du territoire B\u00e9ziers M\u00e9diterran\u00e9e.<\/p>\n\n\n\n<p><strong>Pour plus d&#8217;informations, contactez PULSE en cliquant <a href=\"https:\/\/pulse-beziers.fr\/index.php\/contact\/\">ici<\/a><\/strong>.<\/p>\n","protected":false},"excerpt":{"rendered":"<p>EUREC Groupe (EUREC SUD, EUREC Environnement, COPREC) vient d\u2019obtenir la certification RED III \u2013 r\u00e9f\u00e9rentiel 2BSvs STD02, d\u00e9livr\u00e9e par Control Union, pour la transformation de pneumatiques usag\u00e9s en mati\u00e8res durables. Une premi\u00e8re en France qui renforce le positionnement du territoire B\u00e9ziers M\u00e9diterran\u00e9e dans les solutions d\u2019\u00e9conomie circulaire et de transition \u00e9cologique. L\u2019audit initial, r\u00e9alis\u00e9 le [&hellip;]<\/p>\n","protected":false},"author":4,"featured_media":8390,"comment_status":"closed","ping_status":"open","sticky":false,"template":"","format":"standard","meta":{"_jetpack_memberships_contains_paid_content":false,"footnotes":""},"categories":[170,9],"tags":[],"class_list":["post-8389","post","type-post","status-publish","format-standard","has-post-thumbnail","hentry","category-distinction","category-information"],"yoast_head":"<!-- This site is optimized with the Yoast SEO plugin v27.3 - https:\/\/yoast.com\/product\/yoast-seo-wordpress\/ -->\n<title>Le Groupe EUREC, premier op\u00e9rateur fran\u00e7ais certifi\u00e9 RED III - PULSE<\/title>\n<meta name=\"robots\" content=\"index, follow, max-snippet:-1, max-image-preview:large, max-video-preview:-1\" \/>\n<link rel=\"canonical\" href=\"https:\/\/pulse-beziers.fr\/index.php\/2025\/12\/08\/le-groupe-eurec-premier-operateur-francais-certifie-red-iii\/\" \/>\n<meta property=\"og:locale\" content=\"fr_FR\" \/>\n<meta property=\"og:type\" content=\"article\" \/>\n<meta property=\"og:title\" content=\"Le Groupe EUREC, premier op\u00e9rateur fran\u00e7ais certifi\u00e9 RED III - PULSE\" \/>\n<meta property=\"og:description\" content=\"EUREC Groupe (EUREC SUD, EUREC Environnement, COPREC) vient d\u2019obtenir la certification RED III \u2013 r\u00e9f\u00e9rentiel 2BSvs STD02, d\u00e9livr\u00e9e par Control Union, pour la transformation de pneumatiques usag\u00e9s en mati\u00e8res durables. Une premi\u00e8re en France qui renforce le positionnement du territoire B\u00e9ziers M\u00e9diterran\u00e9e dans les solutions d\u2019\u00e9conomie circulaire et de transition \u00e9cologique. L\u2019audit initial, r\u00e9alis\u00e9 le [&hellip;]\" \/>\n<meta property=\"og:url\" content=\"https:\/\/pulse-beziers.fr\/index.php\/2025\/12\/08\/le-groupe-eurec-premier-operateur-francais-certifie-red-iii\/\" \/>\n<meta property=\"og:site_name\" content=\"PULSE\" \/>\n<meta property=\"article:published_time\" content=\"2025-12-08T14:17:44+00:00\" \/>\n<meta property=\"og:image\" content=\"https:\/\/pulse-beziers.fr\/wp-content\/uploads\/2025\/12\/EUREC-1024x724.png\" \/>\n\t<meta property=\"og:image:width\" content=\"1024\" \/>\n\t<meta property=\"og:image:height\" content=\"724\" \/>\n\t<meta property=\"og:image:type\" content=\"image\/png\" \/>\n<meta name=\"author\" content=\"Jordan\" \/>\n<meta name=\"twitter:card\" content=\"summary_large_image\" \/>\n<meta name=\"twitter:label1\" content=\"\u00c9crit par\" \/>\n\t<meta name=\"twitter:data1\" content=\"Jordan\" \/>\n\t<meta name=\"twitter:label2\" content=\"Dur\u00e9e de lecture estim\u00e9e\" \/>\n\t<meta name=\"twitter:data2\" content=\"2 minutes\" \/>\n<script type=\"application\/ld+json\" class=\"yoast-schema-graph\">{\"@context\":\"https:\\\/\\\/schema.org\",\"@graph\":[{\"@type\":\"Article\",\"@id\":\"https:\\\/\\\/pulse-beziers.fr\\\/index.php\\\/2025\\\/12\\\/08\\\/le-groupe-eurec-premier-operateur-francais-certifie-red-iii\\\/#article\",\"isPartOf\":{\"@id\":\"https:\\\/\\\/pulse-beziers.fr\\\/index.php\\\/2025\\\/12\\\/08\\\/le-groupe-eurec-premier-operateur-francais-certifie-red-iii\\\/\"},\"author\":{\"name\":\"Jordan\",\"@id\":\"https:\\\/\\\/pulse-beziers.fr\\\/#\\\/schema\\\/person\\\/ce4160d5785562dc30723e520933e8e9\"},\"headline\":\"Le Groupe EUREC, premier op\u00e9rateur fran\u00e7ais certifi\u00e9 RED III\",\"datePublished\":\"2025-12-08T14:17:44+00:00\",\"mainEntityOfPage\":{\"@id\":\"https:\\\/\\\/pulse-beziers.fr\\\/index.php\\\/2025\\\/12\\\/08\\\/le-groupe-eurec-premier-operateur-francais-certifie-red-iii\\\/\"},\"wordCount\":395,\"publisher\":{\"@id\":\"https:\\\/\\\/pulse-beziers.fr\\\/#organization\"},\"image\":{\"@id\":\"https:\\\/\\\/pulse-beziers.fr\\\/index.php\\\/2025\\\/12\\\/08\\\/le-groupe-eurec-premier-operateur-francais-certifie-red-iii\\\/#primaryimage\"},\"thumbnailUrl\":\"https:\\\/\\\/pulse-beziers.fr\\\/wp-content\\\/uploads\\\/2025\\\/12\\\/EUREC.png\",\"articleSection\":[\"DISTINCTION\",\"INFORMATION\"],\"inLanguage\":\"fr-FR\"},{\"@type\":\"WebPage\",\"@id\":\"https:\\\/\\\/pulse-beziers.fr\\\/index.php\\\/2025\\\/12\\\/08\\\/le-groupe-eurec-premier-operateur-francais-certifie-red-iii\\\/\",\"url\":\"https:\\\/\\\/pulse-beziers.fr\\\/index.php\\\/2025\\\/12\\\/08\\\/le-groupe-eurec-premier-operateur-francais-certifie-red-iii\\\/\",\"name\":\"Le Groupe EUREC, premier op\u00e9rateur fran\u00e7ais certifi\u00e9 RED III - PULSE\",\"isPartOf\":{\"@id\":\"https:\\\/\\\/pulse-beziers.fr\\\/#website\"},\"primaryImageOfPage\":{\"@id\":\"https:\\\/\\\/pulse-beziers.fr\\\/index.php\\\/2025\\\/12\\\/08\\\/le-groupe-eurec-premier-operateur-francais-certifie-red-iii\\\/#primaryimage\"},\"image\":{\"@id\":\"https:\\\/\\\/pulse-beziers.fr\\\/index.php\\\/2025\\\/12\\\/08\\\/le-groupe-eurec-premier-operateur-francais-certifie-red-iii\\\/#primaryimage\"},\"thumbnailUrl\":\"https:\\\/\\\/pulse-beziers.fr\\\/wp-content\\\/uploads\\\/2025\\\/12\\\/EUREC.png\",\"datePublished\":\"2025-12-08T14:17:44+00:00\",\"breadcrumb\":{\"@id\":\"https:\\\/\\\/pulse-beziers.fr\\\/index.php\\\/2025\\\/12\\\/08\\\/le-groupe-eurec-premier-operateur-francais-certifie-red-iii\\\/#breadcrumb\"},\"inLanguage\":\"fr-FR\",\"potentialAction\":[{\"@type\":\"ReadAction\",\"target\":[\"https:\\\/\\\/pulse-beziers.fr\\\/index.php\\\/2025\\\/12\\\/08\\\/le-groupe-eurec-premier-operateur-francais-certifie-red-iii\\\/\"]}]},{\"@type\":\"ImageObject\",\"inLanguage\":\"fr-FR\",\"@id\":\"https:\\\/\\\/pulse-beziers.fr\\\/index.php\\\/2025\\\/12\\\/08\\\/le-groupe-eurec-premier-operateur-francais-certifie-red-iii\\\/#primaryimage\",\"url\":\"https:\\\/\\\/pulse-beziers.fr\\\/wp-content\\\/uploads\\\/2025\\\/12\\\/EUREC.png\",\"contentUrl\":\"https:\\\/\\\/pulse-beziers.fr\\\/wp-content\\\/uploads\\\/2025\\\/12\\\/EUREC.png\",\"width\":2048,\"height\":1448},{\"@type\":\"BreadcrumbList\",\"@id\":\"https:\\\/\\\/pulse-beziers.fr\\\/index.php\\\/2025\\\/12\\\/08\\\/le-groupe-eurec-premier-operateur-francais-certifie-red-iii\\\/#breadcrumb\",\"itemListElement\":[{\"@type\":\"ListItem\",\"position\":1,\"name\":\"Accueil\",\"item\":\"https:\\\/\\\/pulse-beziers.fr\\\/\"},{\"@type\":\"ListItem\",\"position\":2,\"name\":\"Le Groupe EUREC, premier op\u00e9rateur fran\u00e7ais certifi\u00e9 RED III\"}]},{\"@type\":\"WebSite\",\"@id\":\"https:\\\/\\\/pulse-beziers.fr\\\/#website\",\"url\":\"https:\\\/\\\/pulse-beziers.fr\\\/\",\"name\":\"PULSE\",\"description\":\"B\u00e9ziers M\u00e9diterran\u00e9e\",\"publisher\":{\"@id\":\"https:\\\/\\\/pulse-beziers.fr\\\/#organization\"},\"potentialAction\":[{\"@type\":\"SearchAction\",\"target\":{\"@type\":\"EntryPoint\",\"urlTemplate\":\"https:\\\/\\\/pulse-beziers.fr\\\/?s={search_term_string}\"},\"query-input\":{\"@type\":\"PropertyValueSpecification\",\"valueRequired\":true,\"valueName\":\"search_term_string\"}}],\"inLanguage\":\"fr-FR\"},{\"@type\":\"Organization\",\"@id\":\"https:\\\/\\\/pulse-beziers.fr\\\/#organization\",\"name\":\"PULSE\",\"url\":\"https:\\\/\\\/pulse-beziers.fr\\\/\",\"logo\":{\"@type\":\"ImageObject\",\"inLanguage\":\"fr-FR\",\"@id\":\"https:\\\/\\\/pulse-beziers.fr\\\/#\\\/schema\\\/logo\\\/image\\\/\",\"url\":\"https:\\\/\\\/pulse-beziers.fr\\\/wp-content\\\/uploads\\\/2023\\\/10\\\/PULSE_OK.png\",\"contentUrl\":\"https:\\\/\\\/pulse-beziers.fr\\\/wp-content\\\/uploads\\\/2023\\\/10\\\/PULSE_OK.png\",\"width\":1490,\"height\":506,\"caption\":\"PULSE\"},\"image\":{\"@id\":\"https:\\\/\\\/pulse-beziers.fr\\\/#\\\/schema\\\/logo\\\/image\\\/\"}},{\"@type\":\"Person\",\"@id\":\"https:\\\/\\\/pulse-beziers.fr\\\/#\\\/schema\\\/person\\\/ce4160d5785562dc30723e520933e8e9\",\"name\":\"Jordan\",\"image\":{\"@type\":\"ImageObject\",\"inLanguage\":\"fr-FR\",\"@id\":\"https:\\\/\\\/secure.gravatar.com\\\/avatar\\\/ae88e378bde730769fc25248bfc128d509bc64fc2fad4d6455517f85742a87fd?s=96&d=mm&r=g\",\"url\":\"https:\\\/\\\/secure.gravatar.com\\\/avatar\\\/ae88e378bde730769fc25248bfc128d509bc64fc2fad4d6455517f85742a87fd?s=96&d=mm&r=g\",\"contentUrl\":\"https:\\\/\\\/secure.gravatar.com\\\/avatar\\\/ae88e378bde730769fc25248bfc128d509bc64fc2fad4d6455517f85742a87fd?s=96&d=mm&r=g\",\"caption\":\"Jordan\"},\"url\":\"https:\\\/\\\/pulse-beziers.fr\\\/index.php\\\/author\\\/jordan\\\/\"}]}<\/script>\n<!-- \/ Yoast SEO plugin. -->","yoast_head_json":{"title":"Le Groupe EUREC, premier op\u00e9rateur fran\u00e7ais certifi\u00e9 RED III - PULSE","robots":{"index":"index","follow":"follow","max-snippet":"max-snippet:-1","max-image-preview":"max-image-preview:large","max-video-preview":"max-video-preview:-1"},"canonical":"https:\/\/pulse-beziers.fr\/index.php\/2025\/12\/08\/le-groupe-eurec-premier-operateur-francais-certifie-red-iii\/","og_locale":"fr_FR","og_type":"article","og_title":"Le Groupe EUREC, premier op\u00e9rateur fran\u00e7ais certifi\u00e9 RED III - PULSE","og_description":"EUREC Groupe (EUREC SUD, EUREC Environnement, COPREC) vient d\u2019obtenir la certification RED III \u2013 r\u00e9f\u00e9rentiel 2BSvs STD02, d\u00e9livr\u00e9e par Control Union, pour la transformation de pneumatiques usag\u00e9s en mati\u00e8res durables. Une premi\u00e8re en France qui renforce le positionnement du territoire B\u00e9ziers M\u00e9diterran\u00e9e dans les solutions d\u2019\u00e9conomie circulaire et de transition \u00e9cologique. L\u2019audit initial, r\u00e9alis\u00e9 le [&hellip;]","og_url":"https:\/\/pulse-beziers.fr\/index.php\/2025\/12\/08\/le-groupe-eurec-premier-operateur-francais-certifie-red-iii\/","og_site_name":"PULSE","article_published_time":"2025-12-08T14:17:44+00:00","og_image":[{"width":1024,"height":724,"url":"https:\/\/pulse-beziers.fr\/wp-content\/uploads\/2025\/12\/EUREC-1024x724.png","type":"image\/png"}],"author":"Jordan","twitter_card":"summary_large_image","twitter_misc":{"\u00c9crit par":"Jordan","Dur\u00e9e de lecture estim\u00e9e":"2 minutes"},"schema":{"@context":"https:\/\/schema.org","@graph":[{"@type":"Article","@id":"https:\/\/pulse-beziers.fr\/index.php\/2025\/12\/08\/le-groupe-eurec-premier-operateur-francais-certifie-red-iii\/#article","isPartOf":{"@id":"https:\/\/pulse-beziers.fr\/index.php\/2025\/12\/08\/le-groupe-eurec-premier-operateur-francais-certifie-red-iii\/"},"author":{"name":"Jordan","@id":"https:\/\/pulse-beziers.fr\/#\/schema\/person\/ce4160d5785562dc30723e520933e8e9"},"headline":"Le Groupe EUREC, premier op\u00e9rateur fran\u00e7ais certifi\u00e9 RED III","datePublished":"2025-12-08T14:17:44+00:00","mainEntityOfPage":{"@id":"https:\/\/pulse-beziers.fr\/index.php\/2025\/12\/08\/le-groupe-eurec-premier-operateur-francais-certifie-red-iii\/"},"wordCount":395,"publisher":{"@id":"https:\/\/pulse-beziers.fr\/#organization"},"image":{"@id":"https:\/\/pulse-beziers.fr\/index.php\/2025\/12\/08\/le-groupe-eurec-premier-operateur-francais-certifie-red-iii\/#primaryimage"},"thumbnailUrl":"https:\/\/pulse-beziers.fr\/wp-content\/uploads\/2025\/12\/EUREC.png","articleSection":["DISTINCTION","INFORMATION"],"inLanguage":"fr-FR"},{"@type":"WebPage","@id":"https:\/\/pulse-beziers.fr\/index.php\/2025\/12\/08\/le-groupe-eurec-premier-operateur-francais-certifie-red-iii\/","url":"https:\/\/pulse-beziers.fr\/index.php\/2025\/12\/08\/le-groupe-eurec-premier-operateur-francais-certifie-red-iii\/","name":"Le Groupe EUREC, premier op\u00e9rateur fran\u00e7ais certifi\u00e9 RED III - PULSE","isPartOf":{"@id":"https:\/\/pulse-beziers.fr\/#website"},"primaryImageOfPage":{"@id":"https:\/\/pulse-beziers.fr\/index.php\/2025\/12\/08\/le-groupe-eurec-premier-operateur-francais-certifie-red-iii\/#primaryimage"},"image":{"@id":"https:\/\/pulse-beziers.fr\/index.php\/2025\/12\/08\/le-groupe-eurec-premier-operateur-francais-certifie-red-iii\/#primaryimage"},"thumbnailUrl":"https:\/\/pulse-beziers.fr\/wp-content\/uploads\/2025\/12\/EUREC.png","datePublished":"2025-12-08T14:17:44+00:00","breadcrumb":{"@id":"https:\/\/pulse-beziers.fr\/index.php\/2025\/12\/08\/le-groupe-eurec-premier-operateur-francais-certifie-red-iii\/#breadcrumb"},"inLanguage":"fr-FR","potentialAction":[{"@type":"ReadAction","target":["https:\/\/pulse-beziers.fr\/index.php\/2025\/12\/08\/le-groupe-eurec-premier-operateur-francais-certifie-red-iii\/"]}]},{"@type":"ImageObject","inLanguage":"fr-FR","@id":"https:\/\/pulse-beziers.fr\/index.php\/2025\/12\/08\/le-groupe-eurec-premier-operateur-francais-certifie-red-iii\/#primaryimage","url":"https:\/\/pulse-beziers.fr\/wp-content\/uploads\/2025\/12\/EUREC.png","contentUrl":"https:\/\/pulse-beziers.fr\/wp-content\/uploads\/2025\/12\/EUREC.png","width":2048,"height":1448},{"@type":"BreadcrumbList","@id":"https:\/\/pulse-beziers.fr\/index.php\/2025\/12\/08\/le-groupe-eurec-premier-operateur-francais-certifie-red-iii\/#breadcrumb","itemListElement":[{"@type":"ListItem","position":1,"name":"Accueil","item":"https:\/\/pulse-beziers.fr\/"},{"@type":"ListItem","position":2,"name":"Le Groupe EUREC, premier op\u00e9rateur fran\u00e7ais certifi\u00e9 RED III"}]},{"@type":"WebSite","@id":"https:\/\/pulse-beziers.fr\/#website","url":"https:\/\/pulse-beziers.fr\/","name":"PULSE","description":"B\u00e9ziers M\u00e9diterran\u00e9e","publisher":{"@id":"https:\/\/pulse-beziers.fr\/#organization"},"potentialAction":[{"@type":"SearchAction","target":{"@type":"EntryPoint","urlTemplate":"https:\/\/pulse-beziers.fr\/?s={search_term_string}"},"query-input":{"@type":"PropertyValueSpecification","valueRequired":true,"valueName":"search_term_string"}}],"inLanguage":"fr-FR"},{"@type":"Organization","@id":"https:\/\/pulse-beziers.fr\/#organization","name":"PULSE","url":"https:\/\/pulse-beziers.fr\/","logo":{"@type":"ImageObject","inLanguage":"fr-FR","@id":"https:\/\/pulse-beziers.fr\/#\/schema\/logo\/image\/","url":"https:\/\/pulse-beziers.fr\/wp-content\/uploads\/2023\/10\/PULSE_OK.png","contentUrl":"https:\/\/pulse-beziers.fr\/wp-content\/uploads\/2023\/10\/PULSE_OK.png","width":1490,"height":506,"caption":"PULSE"},"image":{"@id":"https:\/\/pulse-beziers.fr\/#\/schema\/logo\/image\/"}},{"@type":"Person","@id":"https:\/\/pulse-beziers.fr\/#\/schema\/person\/ce4160d5785562dc30723e520933e8e9","name":"Jordan","image":{"@type":"ImageObject","inLanguage":"fr-FR","@id":"https:\/\/secure.gravatar.com\/avatar\/ae88e378bde730769fc25248bfc128d509bc64fc2fad4d6455517f85742a87fd?s=96&d=mm&r=g","url":"https:\/\/secure.gravatar.com\/avatar\/ae88e378bde730769fc25248bfc128d509bc64fc2fad4d6455517f85742a87fd?s=96&d=mm&r=g","contentUrl":"https:\/\/secure.gravatar.com\/avatar\/ae88e378bde730769fc25248bfc128d509bc64fc2fad4d6455517f85742a87fd?s=96&d=mm&r=g","caption":"Jordan"},"url":"https:\/\/pulse-beziers.fr\/index.php\/author\/jordan\/"}]}},"jetpack_featured_media_url":"https:\/\/pulse-beziers.fr\/wp-content\/uploads\/2025\/12\/EUREC.png","jetpack_sharing_enabled":true,"_links":{"self":[{"href":"https:\/\/pulse-beziers.fr\/index.php\/wp-json\/wp\/v2\/posts\/8389","targetHints":{"allow":["GET"]}}],"collection":[{"href":"https:\/\/pulse-beziers.fr\/index.php\/wp-json\/wp\/v2\/posts"}],"about":[{"href":"https:\/\/pulse-beziers.fr\/index.php\/wp-json\/wp\/v2\/types\/post"}],"author":[{"embeddable":true,"href":"https:\/\/pulse-beziers.fr\/index.php\/wp-json\/wp\/v2\/users\/4"}],"replies":[{"embeddable":true,"href":"https:\/\/pulse-beziers.fr\/index.php\/wp-json\/wp\/v2\/comments?post=8389"}],"version-history":[{"count":1,"href":"https:\/\/pulse-beziers.fr\/index.php\/wp-json\/wp\/v2\/posts\/8389\/revisions"}],"predecessor-version":[{"id":8391,"href":"https:\/\/pulse-beziers.fr\/index.php\/wp-json\/wp\/v2\/posts\/8389\/revisions\/8391"}],"wp:featuredmedia":[{"embeddable":true,"href":"https:\/\/pulse-beziers.fr\/index.php\/wp-json\/wp\/v2\/media\/8390"}],"wp:attachment":[{"href":"https:\/\/pulse-beziers.fr\/index.php\/wp-json\/wp\/v2\/media?parent=8389"}],"wp:term":[{"taxonomy":"category","embeddable":true,"href":"https:\/\/pulse-beziers.fr\/index.php\/wp-json\/wp\/v2\/categories?post=8389"},{"taxonomy":"post_tag","embeddable":true,"href":"https:\/\/pulse-beziers.fr\/index.php\/wp-json\/wp\/v2\/tags?post=8389"}],"curies":[{"name":"wp","href":"https:\/\/api.w.org\/{rel}","templated":true}]}}