{"id":8422,"date":"2025-12-04T16:25:13","date_gmt":"2025-12-04T15:25:13","guid":{"rendered":"https:\/\/pulse-beziers.fr\/?p=8422"},"modified":"2025-12-15T10:05:03","modified_gmt":"2025-12-15T09:05:03","slug":"pulse-lance-des-formations-ia-reservees-aux-adherents","status":"publish","type":"post","link":"https:\/\/pulse-beziers.fr\/index.php\/2025\/12\/04\/pulse-lance-des-formations-ia-reservees-aux-adherents\/","title":{"rendered":"PULSE lance des formations IA r\u00e9serv\u00e9es aux adh\u00e9rents"},"content":{"rendered":"\n<p><strong>Formations gratuites r\u00e9serv\u00e9es aux adh\u00e9rents sur la th\u00e9matique de l&#8217;Intelligence Artificielle. <\/strong><\/p>\n\n\n\n<p>Possibilit\u00e9 d&#8217;adh\u00e9rer pour 2026 au r\u00e9seau PULSE directement \u00e0 l&#8217;inscription (50\u20ac). <\/p>\n\n\n\n<p><strong>Au programme &#8211; 9h \u2013 17h <br><\/strong>Une journ\u00e9e rythm\u00e9e, accessible et ax\u00e9e sur la pratique :<br>\ud83d\udd35 Introduction \u00e0 l\u2019IA g\u00e9n\u00e9rative : fonctionnement, limites, risques, place de l\u2019humain.<br>\ud83d\udd35 Panorama des usages en entreprise : d\u00e9monstrations d\u2019outils, capacit\u00e9s de g\u00e9n\u00e9ration de contenus, retours d\u2019exp\u00e9rience.<br>\ud83d\udd35 L\u2019art du prompting : apprendre \u00e0 formuler les bonnes demandes pour obtenir des r\u00e9sultats fiables et pr\u00e9cis.<br>\ud83d\udd35 Applications m\u00e9tiers : exploration d\u2019outils adapt\u00e9s, int\u00e9gration dans les t\u00e2ches quotidiennes, cr\u00e9ation d\u2019assistants IA, plan d\u2019action personnalis\u00e9.<\/p>\n\n\n\n<p>4 dates disponibles : <\/p>\n\n\n\n<ul class=\"wp-block-list\">\n<li>mercredi 17 d\u00e9cembre <\/li>\n\n\n\n<li>jeudi 18 d\u00e9cembre <\/li>\n\n\n\n<li>lundi 22 d\u00e9cembre <\/li>\n\n\n\n<li>mardi 23 d\u00e9cembre <\/li>\n<\/ul>\n\n\n\n<p><\/p>\n\n\n\n<div class=\"wp-block-buttons is-content-justification-center is-layout-flex wp-container-core-buttons-is-layout-16018d1d wp-block-buttons-is-layout-flex\">\n<div class=\"wp-block-button\"><a class=\"wp-block-button__link wp-element-button\" href=\"https:\/\/static.teoola.com\/evt-7169-beziersetco\">Je m&#8217;inscris le 17 d\u00e9cembre<\/a><\/div>\n\n\n\n<div class=\"wp-block-button\"><a class=\"wp-block-button__link wp-element-button\" href=\"https:\/\/static.teoola.com\/evt-7170-beziersetco\">Je m&#8217;inscris le 18 d\u00e9cembre<\/a><\/div>\n\n\n\n<div class=\"wp-block-button\"><a class=\"wp-block-button__link wp-element-button\" href=\"https:\/\/static.teoola.com\/evt-7261-beziersetco&amp;lg=fr\">Je m&#8217;inscris le 22 d\u00e9cembre<\/a><\/div>\n\n\n\n<div class=\"wp-block-button\"><a class=\"wp-block-button__link wp-element-button\" href=\"https:\/\/static.teoola.com\/evt-7262-beziersetco\">Je m&#8217;inscris le 23 d\u00e9cembre<\/a><\/div>\n<\/div>\n\n\n\n<p><\/p>\n","protected":false},"excerpt":{"rendered":"<p>Formations gratuites r\u00e9serv\u00e9es aux adh\u00e9rents sur la th\u00e9matique de l&#8217;Intelligence Artificielle. Possibilit\u00e9 d&#8217;adh\u00e9rer pour 2026 au r\u00e9seau PULSE directement \u00e0 l&#8217;inscription (50\u20ac). Au programme &#8211; 9h \u2013 17h Une journ\u00e9e rythm\u00e9e, accessible et ax\u00e9e sur la pratique :\ud83d\udd35 Introduction \u00e0 l\u2019IA g\u00e9n\u00e9rative : fonctionnement, limites, risques, place de l\u2019humain.\ud83d\udd35 Panorama des usages en entreprise : [&hellip;]<\/p>\n","protected":false},"author":4,"featured_media":8424,"comment_status":"closed","ping_status":"open","sticky":false,"template":"","format":"standard","meta":{"_jetpack_memberships_contains_paid_content":false,"footnotes":""},"categories":[8,174],"tags":[],"class_list":["post-8422","post","type-post","status-publish","format-standard","has-post-thumbnail","hentry","category-formation","category-membres"],"yoast_head":"<!-- This site is optimized with the Yoast SEO plugin v27.3 - https:\/\/yoast.com\/product\/yoast-seo-wordpress\/ -->\n<title>PULSE lance des formations IA r\u00e9serv\u00e9es aux adh\u00e9rents<\/title>\n<meta name=\"robots\" content=\"index, follow, max-snippet:-1, max-image-preview:large, max-video-preview:-1\" \/>\n<link rel=\"canonical\" href=\"https:\/\/pulse-beziers.fr\/index.php\/2025\/12\/04\/pulse-lance-des-formations-ia-reservees-aux-adherents\/\" \/>\n<meta property=\"og:locale\" content=\"fr_FR\" \/>\n<meta property=\"og:type\" content=\"article\" \/>\n<meta property=\"og:title\" content=\"PULSE lance des formations IA r\u00e9serv\u00e9es aux adh\u00e9rents\" \/>\n<meta property=\"og:description\" content=\"Formations gratuites r\u00e9serv\u00e9es aux adh\u00e9rents sur la th\u00e9matique de l&#8217;Intelligence Artificielle. Possibilit\u00e9 d&#8217;adh\u00e9rer pour 2026 au r\u00e9seau PULSE directement \u00e0 l&#8217;inscription (50\u20ac). Au programme &#8211; 9h \u2013 17h Une journ\u00e9e rythm\u00e9e, accessible et ax\u00e9e sur la pratique :\ud83d\udd35 Introduction \u00e0 l\u2019IA g\u00e9n\u00e9rative : fonctionnement, limites, risques, place de l\u2019humain.\ud83d\udd35 Panorama des usages en entreprise : [&hellip;]\" \/>\n<meta property=\"og:url\" content=\"https:\/\/pulse-beziers.fr\/index.php\/2025\/12\/04\/pulse-lance-des-formations-ia-reservees-aux-adherents\/\" \/>\n<meta property=\"og:site_name\" content=\"PULSE\" \/>\n<meta property=\"article:published_time\" content=\"2025-12-04T15:25:13+00:00\" \/>\n<meta property=\"article:modified_time\" content=\"2025-12-15T09:05:03+00:00\" \/>\n<meta property=\"og:image\" content=\"https:\/\/pulse-beziers.fr\/wp-content\/uploads\/2025\/12\/IATELIERS.png\" \/>\n\t<meta property=\"og:image:width\" content=\"2048\" \/>\n\t<meta property=\"og:image:height\" content=\"1448\" \/>\n\t<meta property=\"og:image:type\" content=\"image\/png\" \/>\n<meta name=\"author\" content=\"Jordan\" \/>\n<meta name=\"twitter:card\" content=\"summary_large_image\" \/>\n<meta name=\"twitter:label1\" content=\"\u00c9crit par\" \/>\n\t<meta name=\"twitter:data1\" content=\"Jordan\" \/>\n\t<meta name=\"twitter:label2\" content=\"Dur\u00e9e de lecture estim\u00e9e\" \/>\n\t<meta name=\"twitter:data2\" content=\"1 minute\" \/>\n<script type=\"application\/ld+json\" class=\"yoast-schema-graph\">{\"@context\":\"https:\\\/\\\/schema.org\",\"@graph\":[{\"@type\":\"Article\",\"@id\":\"https:\\\/\\\/pulse-beziers.fr\\\/index.php\\\/2025\\\/12\\\/04\\\/pulse-lance-des-formations-ia-reservees-aux-adherents\\\/#article\",\"isPartOf\":{\"@id\":\"https:\\\/\\\/pulse-beziers.fr\\\/index.php\\\/2025\\\/12\\\/04\\\/pulse-lance-des-formations-ia-reservees-aux-adherents\\\/\"},\"author\":{\"name\":\"Jordan\",\"@id\":\"https:\\\/\\\/pulse-beziers.fr\\\/#\\\/schema\\\/person\\\/ce4160d5785562dc30723e520933e8e9\"},\"headline\":\"PULSE lance des formations IA r\u00e9serv\u00e9es aux adh\u00e9rents\",\"datePublished\":\"2025-12-04T15:25:13+00:00\",\"dateModified\":\"2025-12-15T09:05:03+00:00\",\"mainEntityOfPage\":{\"@id\":\"https:\\\/\\\/pulse-beziers.fr\\\/index.php\\\/2025\\\/12\\\/04\\\/pulse-lance-des-formations-ia-reservees-aux-adherents\\\/\"},\"wordCount\":163,\"publisher\":{\"@id\":\"https:\\\/\\\/pulse-beziers.fr\\\/#organization\"},\"image\":{\"@id\":\"https:\\\/\\\/pulse-beziers.fr\\\/index.php\\\/2025\\\/12\\\/04\\\/pulse-lance-des-formations-ia-reservees-aux-adherents\\\/#primaryimage\"},\"thumbnailUrl\":\"https:\\\/\\\/pulse-beziers.fr\\\/wp-content\\\/uploads\\\/2025\\\/12\\\/IATELIERS.png\",\"articleSection\":[\"FORMATION\",\"MEMBRES\"],\"inLanguage\":\"fr-FR\"},{\"@type\":\"WebPage\",\"@id\":\"https:\\\/\\\/pulse-beziers.fr\\\/index.php\\\/2025\\\/12\\\/04\\\/pulse-lance-des-formations-ia-reservees-aux-adherents\\\/\",\"url\":\"https:\\\/\\\/pulse-beziers.fr\\\/index.php\\\/2025\\\/12\\\/04\\\/pulse-lance-des-formations-ia-reservees-aux-adherents\\\/\",\"name\":\"PULSE lance des formations IA r\u00e9serv\u00e9es aux adh\u00e9rents\",\"isPartOf\":{\"@id\":\"https:\\\/\\\/pulse-beziers.fr\\\/#website\"},\"primaryImageOfPage\":{\"@id\":\"https:\\\/\\\/pulse-beziers.fr\\\/index.php\\\/2025\\\/12\\\/04\\\/pulse-lance-des-formations-ia-reservees-aux-adherents\\\/#primaryimage\"},\"image\":{\"@id\":\"https:\\\/\\\/pulse-beziers.fr\\\/index.php\\\/2025\\\/12\\\/04\\\/pulse-lance-des-formations-ia-reservees-aux-adherents\\\/#primaryimage\"},\"thumbnailUrl\":\"https:\\\/\\\/pulse-beziers.fr\\\/wp-content\\\/uploads\\\/2025\\\/12\\\/IATELIERS.png\",\"datePublished\":\"2025-12-04T15:25:13+00:00\",\"dateModified\":\"2025-12-15T09:05:03+00:00\",\"breadcrumb\":{\"@id\":\"https:\\\/\\\/pulse-beziers.fr\\\/index.php\\\/2025\\\/12\\\/04\\\/pulse-lance-des-formations-ia-reservees-aux-adherents\\\/#breadcrumb\"},\"inLanguage\":\"fr-FR\",\"potentialAction\":[{\"@type\":\"ReadAction\",\"target\":[\"https:\\\/\\\/pulse-beziers.fr\\\/index.php\\\/2025\\\/12\\\/04\\\/pulse-lance-des-formations-ia-reservees-aux-adherents\\\/\"]}]},{\"@type\":\"ImageObject\",\"inLanguage\":\"fr-FR\",\"@id\":\"https:\\\/\\\/pulse-beziers.fr\\\/index.php\\\/2025\\\/12\\\/04\\\/pulse-lance-des-formations-ia-reservees-aux-adherents\\\/#primaryimage\",\"url\":\"https:\\\/\\\/pulse-beziers.fr\\\/wp-content\\\/uploads\\\/2025\\\/12\\\/IATELIERS.png\",\"contentUrl\":\"https:\\\/\\\/pulse-beziers.fr\\\/wp-content\\\/uploads\\\/2025\\\/12\\\/IATELIERS.png\",\"width\":2048,\"height\":1448},{\"@type\":\"BreadcrumbList\",\"@id\":\"https:\\\/\\\/pulse-beziers.fr\\\/index.php\\\/2025\\\/12\\\/04\\\/pulse-lance-des-formations-ia-reservees-aux-adherents\\\/#breadcrumb\",\"itemListElement\":[{\"@type\":\"ListItem\",\"position\":1,\"name\":\"Accueil\",\"item\":\"https:\\\/\\\/pulse-beziers.fr\\\/\"},{\"@type\":\"ListItem\",\"position\":2,\"name\":\"PULSE lance des formations IA r\u00e9serv\u00e9es aux adh\u00e9rents\"}]},{\"@type\":\"WebSite\",\"@id\":\"https:\\\/\\\/pulse-beziers.fr\\\/#website\",\"url\":\"https:\\\/\\\/pulse-beziers.fr\\\/\",\"name\":\"PULSE\",\"description\":\"B\u00e9ziers M\u00e9diterran\u00e9e\",\"publisher\":{\"@id\":\"https:\\\/\\\/pulse-beziers.fr\\\/#organization\"},\"potentialAction\":[{\"@type\":\"SearchAction\",\"target\":{\"@type\":\"EntryPoint\",\"urlTemplate\":\"https:\\\/\\\/pulse-beziers.fr\\\/?s={search_term_string}\"},\"query-input\":{\"@type\":\"PropertyValueSpecification\",\"valueRequired\":true,\"valueName\":\"search_term_string\"}}],\"inLanguage\":\"fr-FR\"},{\"@type\":\"Organization\",\"@id\":\"https:\\\/\\\/pulse-beziers.fr\\\/#organization\",\"name\":\"PULSE\",\"url\":\"https:\\\/\\\/pulse-beziers.fr\\\/\",\"logo\":{\"@type\":\"ImageObject\",\"inLanguage\":\"fr-FR\",\"@id\":\"https:\\\/\\\/pulse-beziers.fr\\\/#\\\/schema\\\/logo\\\/image\\\/\",\"url\":\"https:\\\/\\\/pulse-beziers.fr\\\/wp-content\\\/uploads\\\/2023\\\/10\\\/PULSE_OK.png\",\"contentUrl\":\"https:\\\/\\\/pulse-beziers.fr\\\/wp-content\\\/uploads\\\/2023\\\/10\\\/PULSE_OK.png\",\"width\":1490,\"height\":506,\"caption\":\"PULSE\"},\"image\":{\"@id\":\"https:\\\/\\\/pulse-beziers.fr\\\/#\\\/schema\\\/logo\\\/image\\\/\"}},{\"@type\":\"Person\",\"@id\":\"https:\\\/\\\/pulse-beziers.fr\\\/#\\\/schema\\\/person\\\/ce4160d5785562dc30723e520933e8e9\",\"name\":\"Jordan\",\"image\":{\"@type\":\"ImageObject\",\"inLanguage\":\"fr-FR\",\"@id\":\"https:\\\/\\\/secure.gravatar.com\\\/avatar\\\/ae88e378bde730769fc25248bfc128d509bc64fc2fad4d6455517f85742a87fd?s=96&d=mm&r=g\",\"url\":\"https:\\\/\\\/secure.gravatar.com\\\/avatar\\\/ae88e378bde730769fc25248bfc128d509bc64fc2fad4d6455517f85742a87fd?s=96&d=mm&r=g\",\"contentUrl\":\"https:\\\/\\\/secure.gravatar.com\\\/avatar\\\/ae88e378bde730769fc25248bfc128d509bc64fc2fad4d6455517f85742a87fd?s=96&d=mm&r=g\",\"caption\":\"Jordan\"},\"url\":\"https:\\\/\\\/pulse-beziers.fr\\\/index.php\\\/author\\\/jordan\\\/\"}]}<\/script>\n<!-- \/ Yoast SEO plugin. -->","yoast_head_json":{"title":"PULSE lance des formations IA r\u00e9serv\u00e9es aux adh\u00e9rents","robots":{"index":"index","follow":"follow","max-snippet":"max-snippet:-1","max-image-preview":"max-image-preview:large","max-video-preview":"max-video-preview:-1"},"canonical":"https:\/\/pulse-beziers.fr\/index.php\/2025\/12\/04\/pulse-lance-des-formations-ia-reservees-aux-adherents\/","og_locale":"fr_FR","og_type":"article","og_title":"PULSE lance des formations IA r\u00e9serv\u00e9es aux adh\u00e9rents","og_description":"Formations gratuites r\u00e9serv\u00e9es aux adh\u00e9rents sur la th\u00e9matique de l&#8217;Intelligence Artificielle. Possibilit\u00e9 d&#8217;adh\u00e9rer pour 2026 au r\u00e9seau PULSE directement \u00e0 l&#8217;inscription (50\u20ac). Au programme &#8211; 9h \u2013 17h Une journ\u00e9e rythm\u00e9e, accessible et ax\u00e9e sur la pratique :\ud83d\udd35 Introduction \u00e0 l\u2019IA g\u00e9n\u00e9rative : fonctionnement, limites, risques, place de l\u2019humain.\ud83d\udd35 Panorama des usages en entreprise : [&hellip;]","og_url":"https:\/\/pulse-beziers.fr\/index.php\/2025\/12\/04\/pulse-lance-des-formations-ia-reservees-aux-adherents\/","og_site_name":"PULSE","article_published_time":"2025-12-04T15:25:13+00:00","article_modified_time":"2025-12-15T09:05:03+00:00","og_image":[{"width":2048,"height":1448,"url":"https:\/\/pulse-beziers.fr\/wp-content\/uploads\/2025\/12\/IATELIERS.png","type":"image\/png"}],"author":"Jordan","twitter_card":"summary_large_image","twitter_misc":{"\u00c9crit par":"Jordan","Dur\u00e9e de lecture estim\u00e9e":"1 minute"},"schema":{"@context":"https:\/\/schema.org","@graph":[{"@type":"Article","@id":"https:\/\/pulse-beziers.fr\/index.php\/2025\/12\/04\/pulse-lance-des-formations-ia-reservees-aux-adherents\/#article","isPartOf":{"@id":"https:\/\/pulse-beziers.fr\/index.php\/2025\/12\/04\/pulse-lance-des-formations-ia-reservees-aux-adherents\/"},"author":{"name":"Jordan","@id":"https:\/\/pulse-beziers.fr\/#\/schema\/person\/ce4160d5785562dc30723e520933e8e9"},"headline":"PULSE lance des formations IA r\u00e9serv\u00e9es aux adh\u00e9rents","datePublished":"2025-12-04T15:25:13+00:00","dateModified":"2025-12-15T09:05:03+00:00","mainEntityOfPage":{"@id":"https:\/\/pulse-beziers.fr\/index.php\/2025\/12\/04\/pulse-lance-des-formations-ia-reservees-aux-adherents\/"},"wordCount":163,"publisher":{"@id":"https:\/\/pulse-beziers.fr\/#organization"},"image":{"@id":"https:\/\/pulse-beziers.fr\/index.php\/2025\/12\/04\/pulse-lance-des-formations-ia-reservees-aux-adherents\/#primaryimage"},"thumbnailUrl":"https:\/\/pulse-beziers.fr\/wp-content\/uploads\/2025\/12\/IATELIERS.png","articleSection":["FORMATION","MEMBRES"],"inLanguage":"fr-FR"},{"@type":"WebPage","@id":"https:\/\/pulse-beziers.fr\/index.php\/2025\/12\/04\/pulse-lance-des-formations-ia-reservees-aux-adherents\/","url":"https:\/\/pulse-beziers.fr\/index.php\/2025\/12\/04\/pulse-lance-des-formations-ia-reservees-aux-adherents\/","name":"PULSE lance des formations IA r\u00e9serv\u00e9es aux adh\u00e9rents","isPartOf":{"@id":"https:\/\/pulse-beziers.fr\/#website"},"primaryImageOfPage":{"@id":"https:\/\/pulse-beziers.fr\/index.php\/2025\/12\/04\/pulse-lance-des-formations-ia-reservees-aux-adherents\/#primaryimage"},"image":{"@id":"https:\/\/pulse-beziers.fr\/index.php\/2025\/12\/04\/pulse-lance-des-formations-ia-reservees-aux-adherents\/#primaryimage"},"thumbnailUrl":"https:\/\/pulse-beziers.fr\/wp-content\/uploads\/2025\/12\/IATELIERS.png","datePublished":"2025-12-04T15:25:13+00:00","dateModified":"2025-12-15T09:05:03+00:00","breadcrumb":{"@id":"https:\/\/pulse-beziers.fr\/index.php\/2025\/12\/04\/pulse-lance-des-formations-ia-reservees-aux-adherents\/#breadcrumb"},"inLanguage":"fr-FR","potentialAction":[{"@type":"ReadAction","target":["https:\/\/pulse-beziers.fr\/index.php\/2025\/12\/04\/pulse-lance-des-formations-ia-reservees-aux-adherents\/"]}]},{"@type":"ImageObject","inLanguage":"fr-FR","@id":"https:\/\/pulse-beziers.fr\/index.php\/2025\/12\/04\/pulse-lance-des-formations-ia-reservees-aux-adherents\/#primaryimage","url":"https:\/\/pulse-beziers.fr\/wp-content\/uploads\/2025\/12\/IATELIERS.png","contentUrl":"https:\/\/pulse-beziers.fr\/wp-content\/uploads\/2025\/12\/IATELIERS.png","width":2048,"height":1448},{"@type":"BreadcrumbList","@id":"https:\/\/pulse-beziers.fr\/index.php\/2025\/12\/04\/pulse-lance-des-formations-ia-reservees-aux-adherents\/#breadcrumb","itemListElement":[{"@type":"ListItem","position":1,"name":"Accueil","item":"https:\/\/pulse-beziers.fr\/"},{"@type":"ListItem","position":2,"name":"PULSE lance des formations IA r\u00e9serv\u00e9es aux adh\u00e9rents"}]},{"@type":"WebSite","@id":"https:\/\/pulse-beziers.fr\/#website","url":"https:\/\/pulse-beziers.fr\/","name":"PULSE","description":"B\u00e9ziers M\u00e9diterran\u00e9e","publisher":{"@id":"https:\/\/pulse-beziers.fr\/#organization"},"potentialAction":[{"@type":"SearchAction","target":{"@type":"EntryPoint","urlTemplate":"https:\/\/pulse-beziers.fr\/?s={search_term_string}"},"query-input":{"@type":"PropertyValueSpecification","valueRequired":true,"valueName":"search_term_string"}}],"inLanguage":"fr-FR"},{"@type":"Organization","@id":"https:\/\/pulse-beziers.fr\/#organization","name":"PULSE","url":"https:\/\/pulse-beziers.fr\/","logo":{"@type":"ImageObject","inLanguage":"fr-FR","@id":"https:\/\/pulse-beziers.fr\/#\/schema\/logo\/image\/","url":"https:\/\/pulse-beziers.fr\/wp-content\/uploads\/2023\/10\/PULSE_OK.png","contentUrl":"https:\/\/pulse-beziers.fr\/wp-content\/uploads\/2023\/10\/PULSE_OK.png","width":1490,"height":506,"caption":"PULSE"},"image":{"@id":"https:\/\/pulse-beziers.fr\/#\/schema\/logo\/image\/"}},{"@type":"Person","@id":"https:\/\/pulse-beziers.fr\/#\/schema\/person\/ce4160d5785562dc30723e520933e8e9","name":"Jordan","image":{"@type":"ImageObject","inLanguage":"fr-FR","@id":"https:\/\/secure.gravatar.com\/avatar\/ae88e378bde730769fc25248bfc128d509bc64fc2fad4d6455517f85742a87fd?s=96&d=mm&r=g","url":"https:\/\/secure.gravatar.com\/avatar\/ae88e378bde730769fc25248bfc128d509bc64fc2fad4d6455517f85742a87fd?s=96&d=mm&r=g","contentUrl":"https:\/\/secure.gravatar.com\/avatar\/ae88e378bde730769fc25248bfc128d509bc64fc2fad4d6455517f85742a87fd?s=96&d=mm&r=g","caption":"Jordan"},"url":"https:\/\/pulse-beziers.fr\/index.php\/author\/jordan\/"}]}},"jetpack_featured_media_url":"https:\/\/pulse-beziers.fr\/wp-content\/uploads\/2025\/12\/IATELIERS.png","jetpack_sharing_enabled":true,"_links":{"self":[{"href":"https:\/\/pulse-beziers.fr\/index.php\/wp-json\/wp\/v2\/posts\/8422","targetHints":{"allow":["GET"]}}],"collection":[{"href":"https:\/\/pulse-beziers.fr\/index.php\/wp-json\/wp\/v2\/posts"}],"about":[{"href":"https:\/\/pulse-beziers.fr\/index.php\/wp-json\/wp\/v2\/types\/post"}],"author":[{"embeddable":true,"href":"https:\/\/pulse-beziers.fr\/index.php\/wp-json\/wp\/v2\/users\/4"}],"replies":[{"embeddable":true,"href":"https:\/\/pulse-beziers.fr\/index.php\/wp-json\/wp\/v2\/comments?post=8422"}],"version-history":[{"count":3,"href":"https:\/\/pulse-beziers.fr\/index.php\/wp-json\/wp\/v2\/posts\/8422\/revisions"}],"predecessor-version":[{"id":8489,"href":"https:\/\/pulse-beziers.fr\/index.php\/wp-json\/wp\/v2\/posts\/8422\/revisions\/8489"}],"wp:featuredmedia":[{"embeddable":true,"href":"https:\/\/pulse-beziers.fr\/index.php\/wp-json\/wp\/v2\/media\/8424"}],"wp:attachment":[{"href":"https:\/\/pulse-beziers.fr\/index.php\/wp-json\/wp\/v2\/media?parent=8422"}],"wp:term":[{"taxonomy":"category","embeddable":true,"href":"https:\/\/pulse-beziers.fr\/index.php\/wp-json\/wp\/v2\/categories?post=8422"},{"taxonomy":"post_tag","embeddable":true,"href":"https:\/\/pulse-beziers.fr\/index.php\/wp-json\/wp\/v2\/tags?post=8422"}],"curies":[{"name":"wp","href":"https:\/\/api.w.org\/{rel}","templated":true}]}}