{"id":8986,"date":"2026-03-11T16:23:36","date_gmt":"2026-03-11T15:23:36","guid":{"rendered":"https:\/\/pulse-beziers.fr\/?p=8986"},"modified":"2026-03-11T16:23:37","modified_gmt":"2026-03-11T15:23:37","slug":"back-it-rejoint-econocom-factory-et-ouvre-une-nouvelle-etape-de-son-developpement","status":"publish","type":"post","link":"https:\/\/pulse-beziers.fr\/index.php\/2026\/03\/11\/back-it-rejoint-econocom-factory-et-ouvre-une-nouvelle-etape-de-son-developpement\/","title":{"rendered":"Back IT rejoint Econocom Factory et ouvre une nouvelle \u00e9tape de son d\u00e9veloppement"},"content":{"rendered":"\n<p><strong>Entreprise adapt\u00e9e implant\u00e9e \u00e0 B\u00e9ziers et sp\u00e9cialis\u00e9e dans la reprise et le reconditionnement de mat\u00e9riels informatiques, Back IT entame une nouvelle phase de son histoire. La soci\u00e9t\u00e9 biterroise vient en effet d\u2019\u00eatre acquise par Econocom Factory, filiale du groupe europ\u00e9en Econocom, renfor\u00e7ant ainsi un mod\u00e8le industriel fond\u00e9 sur l\u2019\u00e9conomie circulaire et l\u2019inclusion.<\/strong><\/p>\n\n\n\n<p>Cette op\u00e9ration marque une \u00e9tape structurante pour l\u2019activit\u00e9 de reconditionnement num\u00e9rique port\u00e9e par l\u2019entreprise. Gr\u00e2ce \u00e0 cette acquisition, Econocom Factory pourra porter sa capacit\u00e9 industrielle \u00e0 pr\u00e8s de <strong>200 000 \u00e9quipements num\u00e9riques reconditionn\u00e9s par an<\/strong>, incluant ordinateurs, tablettes et smartphones.<\/p>\n\n\n\n<h4 class=\"wp-block-heading\">L\u2019inclusion au c\u0153ur de l\u2019activit\u00e9<\/h4>\n\n\n\n<p>Depuis sa cr\u00e9ation, Back IT s\u2019est distingu\u00e9e par un positionnement alliant performance industrielle et engagement social. En tant qu\u2019entreprise adapt\u00e9e, la soci\u00e9t\u00e9 emploie aujourd\u2019hui <strong>plus de 55 % de salari\u00e9s en situation de handicap<\/strong>, faisant de l\u2019inclusion un pilier de son organisation.<\/p>\n\n\n\n<p>L\u2019int\u00e9gration au sein du groupe Econocom vise ainsi \u00e0 consolider ce mod\u00e8le. Pour les partenaires et clients de Back IT, cette \u00e9volution s\u2019inscrit dans une logique de continuit\u00e9 : les activit\u00e9s, les \u00e9quipes et l\u2019ADN inclusif de l\u2019entreprise demeurent inchang\u00e9s, tout comme les interlocuteurs et les engagements op\u00e9rationnels.<\/p>\n\n\n\n<h4 class=\"wp-block-heading\">Des perspectives de d\u00e9veloppement <\/h4>\n\n\n\n<p><strong>Son ancrage territorial \u00e0 B\u00e9ziers reste pleinement affirm\u00e9<\/strong>. Cette nouvelle dynamique doit m\u00eame permettre d\u2019acc\u00e9l\u00e9rer le d\u00e9veloppement local de la structure, avec <strong>un objectif de doublement des effectifs d\u2019ici la fin de l\u2019ann\u00e9e<\/strong>.<\/p>\n\n\n\n<p>Pour plus d&#8217;informations, contactez PULSE en cliquant ici : <a href=\"https:\/\/pulse-beziers.fr\/index.php\/contact\/\">https:\/\/pulse-beziers.fr\/index.php\/contact\/<\/a><\/p>\n","protected":false},"excerpt":{"rendered":"<p>Entreprise adapt\u00e9e implant\u00e9e \u00e0 B\u00e9ziers et sp\u00e9cialis\u00e9e dans la reprise et le reconditionnement de mat\u00e9riels informatiques, Back IT entame une nouvelle phase de son histoire. La soci\u00e9t\u00e9 biterroise vient en effet d\u2019\u00eatre acquise par Econocom Factory, filiale du groupe europ\u00e9en Econocom, renfor\u00e7ant ainsi un mod\u00e8le industriel fond\u00e9 sur l\u2019\u00e9conomie circulaire et l\u2019inclusion. Cette op\u00e9ration marque [&hellip;]<\/p>\n","protected":false},"author":4,"featured_media":8987,"comment_status":"closed","ping_status":"open","sticky":false,"template":"","format":"standard","meta":{"_jetpack_memberships_contains_paid_content":false,"footnotes":""},"categories":[9],"tags":[],"class_list":["post-8986","post","type-post","status-publish","format-standard","has-post-thumbnail","hentry","category-information"],"yoast_head":"<!-- This site is optimized with the Yoast SEO plugin v27.3 - https:\/\/yoast.com\/product\/yoast-seo-wordpress\/ -->\n<title>Back IT rejoint Econocom Factory et ouvre une nouvelle \u00e9tape de son d\u00e9veloppement - PULSE<\/title>\n<meta name=\"robots\" content=\"index, follow, max-snippet:-1, max-image-preview:large, max-video-preview:-1\" \/>\n<link rel=\"canonical\" href=\"https:\/\/pulse-beziers.fr\/index.php\/2026\/03\/11\/back-it-rejoint-econocom-factory-et-ouvre-une-nouvelle-etape-de-son-developpement\/\" \/>\n<meta property=\"og:locale\" content=\"fr_FR\" \/>\n<meta property=\"og:type\" content=\"article\" \/>\n<meta property=\"og:title\" content=\"Back IT rejoint Econocom Factory et ouvre une nouvelle \u00e9tape de son d\u00e9veloppement - PULSE\" \/>\n<meta property=\"og:description\" content=\"Entreprise adapt\u00e9e implant\u00e9e \u00e0 B\u00e9ziers et sp\u00e9cialis\u00e9e dans la reprise et le reconditionnement de mat\u00e9riels informatiques, Back IT entame une nouvelle phase de son histoire. La soci\u00e9t\u00e9 biterroise vient en effet d\u2019\u00eatre acquise par Econocom Factory, filiale du groupe europ\u00e9en Econocom, renfor\u00e7ant ainsi un mod\u00e8le industriel fond\u00e9 sur l\u2019\u00e9conomie circulaire et l\u2019inclusion. Cette op\u00e9ration marque [&hellip;]\" \/>\n<meta property=\"og:url\" content=\"https:\/\/pulse-beziers.fr\/index.php\/2026\/03\/11\/back-it-rejoint-econocom-factory-et-ouvre-une-nouvelle-etape-de-son-developpement\/\" \/>\n<meta property=\"og:site_name\" content=\"PULSE\" \/>\n<meta property=\"article:published_time\" content=\"2026-03-11T15:23:36+00:00\" \/>\n<meta property=\"article:modified_time\" content=\"2026-03-11T15:23:37+00:00\" \/>\n<meta property=\"og:image\" content=\"https:\/\/pulse-beziers.fr\/wp-content\/uploads\/2026\/03\/ECONOCOM-BACK-IT.png\" \/>\n\t<meta property=\"og:image:width\" content=\"2048\" \/>\n\t<meta property=\"og:image:height\" content=\"1448\" \/>\n\t<meta property=\"og:image:type\" content=\"image\/png\" \/>\n<meta name=\"author\" content=\"Jordan\" \/>\n<meta name=\"twitter:card\" content=\"summary_large_image\" \/>\n<meta name=\"twitter:label1\" content=\"\u00c9crit par\" \/>\n\t<meta name=\"twitter:data1\" content=\"Jordan\" \/>\n\t<meta name=\"twitter:label2\" content=\"Dur\u00e9e de lecture estim\u00e9e\" \/>\n\t<meta name=\"twitter:data2\" content=\"2 minutes\" \/>\n<script type=\"application\/ld+json\" class=\"yoast-schema-graph\">{\"@context\":\"https:\\\/\\\/schema.org\",\"@graph\":[{\"@type\":\"Article\",\"@id\":\"https:\\\/\\\/pulse-beziers.fr\\\/index.php\\\/2026\\\/03\\\/11\\\/back-it-rejoint-econocom-factory-et-ouvre-une-nouvelle-etape-de-son-developpement\\\/#article\",\"isPartOf\":{\"@id\":\"https:\\\/\\\/pulse-beziers.fr\\\/index.php\\\/2026\\\/03\\\/11\\\/back-it-rejoint-econocom-factory-et-ouvre-une-nouvelle-etape-de-son-developpement\\\/\"},\"author\":{\"name\":\"Jordan\",\"@id\":\"https:\\\/\\\/pulse-beziers.fr\\\/#\\\/schema\\\/person\\\/ce4160d5785562dc30723e520933e8e9\"},\"headline\":\"Back IT rejoint Econocom Factory et ouvre une nouvelle \u00e9tape de son d\u00e9veloppement\",\"datePublished\":\"2026-03-11T15:23:36+00:00\",\"dateModified\":\"2026-03-11T15:23:37+00:00\",\"mainEntityOfPage\":{\"@id\":\"https:\\\/\\\/pulse-beziers.fr\\\/index.php\\\/2026\\\/03\\\/11\\\/back-it-rejoint-econocom-factory-et-ouvre-une-nouvelle-etape-de-son-developpement\\\/\"},\"wordCount\":295,\"publisher\":{\"@id\":\"https:\\\/\\\/pulse-beziers.fr\\\/#organization\"},\"image\":{\"@id\":\"https:\\\/\\\/pulse-beziers.fr\\\/index.php\\\/2026\\\/03\\\/11\\\/back-it-rejoint-econocom-factory-et-ouvre-une-nouvelle-etape-de-son-developpement\\\/#primaryimage\"},\"thumbnailUrl\":\"https:\\\/\\\/pulse-beziers.fr\\\/wp-content\\\/uploads\\\/2026\\\/03\\\/ECONOCOM-BACK-IT.png\",\"articleSection\":[\"INFORMATION\"],\"inLanguage\":\"fr-FR\"},{\"@type\":\"WebPage\",\"@id\":\"https:\\\/\\\/pulse-beziers.fr\\\/index.php\\\/2026\\\/03\\\/11\\\/back-it-rejoint-econocom-factory-et-ouvre-une-nouvelle-etape-de-son-developpement\\\/\",\"url\":\"https:\\\/\\\/pulse-beziers.fr\\\/index.php\\\/2026\\\/03\\\/11\\\/back-it-rejoint-econocom-factory-et-ouvre-une-nouvelle-etape-de-son-developpement\\\/\",\"name\":\"Back IT rejoint Econocom Factory et ouvre une nouvelle \u00e9tape de son d\u00e9veloppement - PULSE\",\"isPartOf\":{\"@id\":\"https:\\\/\\\/pulse-beziers.fr\\\/#website\"},\"primaryImageOfPage\":{\"@id\":\"https:\\\/\\\/pulse-beziers.fr\\\/index.php\\\/2026\\\/03\\\/11\\\/back-it-rejoint-econocom-factory-et-ouvre-une-nouvelle-etape-de-son-developpement\\\/#primaryimage\"},\"image\":{\"@id\":\"https:\\\/\\\/pulse-beziers.fr\\\/index.php\\\/2026\\\/03\\\/11\\\/back-it-rejoint-econocom-factory-et-ouvre-une-nouvelle-etape-de-son-developpement\\\/#primaryimage\"},\"thumbnailUrl\":\"https:\\\/\\\/pulse-beziers.fr\\\/wp-content\\\/uploads\\\/2026\\\/03\\\/ECONOCOM-BACK-IT.png\",\"datePublished\":\"2026-03-11T15:23:36+00:00\",\"dateModified\":\"2026-03-11T15:23:37+00:00\",\"breadcrumb\":{\"@id\":\"https:\\\/\\\/pulse-beziers.fr\\\/index.php\\\/2026\\\/03\\\/11\\\/back-it-rejoint-econocom-factory-et-ouvre-une-nouvelle-etape-de-son-developpement\\\/#breadcrumb\"},\"inLanguage\":\"fr-FR\",\"potentialAction\":[{\"@type\":\"ReadAction\",\"target\":[\"https:\\\/\\\/pulse-beziers.fr\\\/index.php\\\/2026\\\/03\\\/11\\\/back-it-rejoint-econocom-factory-et-ouvre-une-nouvelle-etape-de-son-developpement\\\/\"]}]},{\"@type\":\"ImageObject\",\"inLanguage\":\"fr-FR\",\"@id\":\"https:\\\/\\\/pulse-beziers.fr\\\/index.php\\\/2026\\\/03\\\/11\\\/back-it-rejoint-econocom-factory-et-ouvre-une-nouvelle-etape-de-son-developpement\\\/#primaryimage\",\"url\":\"https:\\\/\\\/pulse-beziers.fr\\\/wp-content\\\/uploads\\\/2026\\\/03\\\/ECONOCOM-BACK-IT.png\",\"contentUrl\":\"https:\\\/\\\/pulse-beziers.fr\\\/wp-content\\\/uploads\\\/2026\\\/03\\\/ECONOCOM-BACK-IT.png\",\"width\":2048,\"height\":1448,\"caption\":\"Photo : ECONOCOM\"},{\"@type\":\"BreadcrumbList\",\"@id\":\"https:\\\/\\\/pulse-beziers.fr\\\/index.php\\\/2026\\\/03\\\/11\\\/back-it-rejoint-econocom-factory-et-ouvre-une-nouvelle-etape-de-son-developpement\\\/#breadcrumb\",\"itemListElement\":[{\"@type\":\"ListItem\",\"position\":1,\"name\":\"Accueil\",\"item\":\"https:\\\/\\\/pulse-beziers.fr\\\/\"},{\"@type\":\"ListItem\",\"position\":2,\"name\":\"Back IT rejoint Econocom Factory et ouvre une nouvelle \u00e9tape de son d\u00e9veloppement\"}]},{\"@type\":\"WebSite\",\"@id\":\"https:\\\/\\\/pulse-beziers.fr\\\/#website\",\"url\":\"https:\\\/\\\/pulse-beziers.fr\\\/\",\"name\":\"PULSE\",\"description\":\"B\u00e9ziers M\u00e9diterran\u00e9e\",\"publisher\":{\"@id\":\"https:\\\/\\\/pulse-beziers.fr\\\/#organization\"},\"potentialAction\":[{\"@type\":\"SearchAction\",\"target\":{\"@type\":\"EntryPoint\",\"urlTemplate\":\"https:\\\/\\\/pulse-beziers.fr\\\/?s={search_term_string}\"},\"query-input\":{\"@type\":\"PropertyValueSpecification\",\"valueRequired\":true,\"valueName\":\"search_term_string\"}}],\"inLanguage\":\"fr-FR\"},{\"@type\":\"Organization\",\"@id\":\"https:\\\/\\\/pulse-beziers.fr\\\/#organization\",\"name\":\"PULSE\",\"url\":\"https:\\\/\\\/pulse-beziers.fr\\\/\",\"logo\":{\"@type\":\"ImageObject\",\"inLanguage\":\"fr-FR\",\"@id\":\"https:\\\/\\\/pulse-beziers.fr\\\/#\\\/schema\\\/logo\\\/image\\\/\",\"url\":\"https:\\\/\\\/pulse-beziers.fr\\\/wp-content\\\/uploads\\\/2023\\\/10\\\/PULSE_OK.png\",\"contentUrl\":\"https:\\\/\\\/pulse-beziers.fr\\\/wp-content\\\/uploads\\\/2023\\\/10\\\/PULSE_OK.png\",\"width\":1490,\"height\":506,\"caption\":\"PULSE\"},\"image\":{\"@id\":\"https:\\\/\\\/pulse-beziers.fr\\\/#\\\/schema\\\/logo\\\/image\\\/\"}},{\"@type\":\"Person\",\"@id\":\"https:\\\/\\\/pulse-beziers.fr\\\/#\\\/schema\\\/person\\\/ce4160d5785562dc30723e520933e8e9\",\"name\":\"Jordan\",\"image\":{\"@type\":\"ImageObject\",\"inLanguage\":\"fr-FR\",\"@id\":\"https:\\\/\\\/secure.gravatar.com\\\/avatar\\\/ae88e378bde730769fc25248bfc128d509bc64fc2fad4d6455517f85742a87fd?s=96&d=mm&r=g\",\"url\":\"https:\\\/\\\/secure.gravatar.com\\\/avatar\\\/ae88e378bde730769fc25248bfc128d509bc64fc2fad4d6455517f85742a87fd?s=96&d=mm&r=g\",\"contentUrl\":\"https:\\\/\\\/secure.gravatar.com\\\/avatar\\\/ae88e378bde730769fc25248bfc128d509bc64fc2fad4d6455517f85742a87fd?s=96&d=mm&r=g\",\"caption\":\"Jordan\"},\"url\":\"https:\\\/\\\/pulse-beziers.fr\\\/index.php\\\/author\\\/jordan\\\/\"}]}<\/script>\n<!-- \/ Yoast SEO plugin. -->","yoast_head_json":{"title":"Back IT rejoint Econocom Factory et ouvre une nouvelle \u00e9tape de son d\u00e9veloppement - PULSE","robots":{"index":"index","follow":"follow","max-snippet":"max-snippet:-1","max-image-preview":"max-image-preview:large","max-video-preview":"max-video-preview:-1"},"canonical":"https:\/\/pulse-beziers.fr\/index.php\/2026\/03\/11\/back-it-rejoint-econocom-factory-et-ouvre-une-nouvelle-etape-de-son-developpement\/","og_locale":"fr_FR","og_type":"article","og_title":"Back IT rejoint Econocom Factory et ouvre une nouvelle \u00e9tape de son d\u00e9veloppement - PULSE","og_description":"Entreprise adapt\u00e9e implant\u00e9e \u00e0 B\u00e9ziers et sp\u00e9cialis\u00e9e dans la reprise et le reconditionnement de mat\u00e9riels informatiques, Back IT entame une nouvelle phase de son histoire. La soci\u00e9t\u00e9 biterroise vient en effet d\u2019\u00eatre acquise par Econocom Factory, filiale du groupe europ\u00e9en Econocom, renfor\u00e7ant ainsi un mod\u00e8le industriel fond\u00e9 sur l\u2019\u00e9conomie circulaire et l\u2019inclusion. Cette op\u00e9ration marque [&hellip;]","og_url":"https:\/\/pulse-beziers.fr\/index.php\/2026\/03\/11\/back-it-rejoint-econocom-factory-et-ouvre-une-nouvelle-etape-de-son-developpement\/","og_site_name":"PULSE","article_published_time":"2026-03-11T15:23:36+00:00","article_modified_time":"2026-03-11T15:23:37+00:00","og_image":[{"width":2048,"height":1448,"url":"https:\/\/pulse-beziers.fr\/wp-content\/uploads\/2026\/03\/ECONOCOM-BACK-IT.png","type":"image\/png"}],"author":"Jordan","twitter_card":"summary_large_image","twitter_misc":{"\u00c9crit par":"Jordan","Dur\u00e9e de lecture estim\u00e9e":"2 minutes"},"schema":{"@context":"https:\/\/schema.org","@graph":[{"@type":"Article","@id":"https:\/\/pulse-beziers.fr\/index.php\/2026\/03\/11\/back-it-rejoint-econocom-factory-et-ouvre-une-nouvelle-etape-de-son-developpement\/#article","isPartOf":{"@id":"https:\/\/pulse-beziers.fr\/index.php\/2026\/03\/11\/back-it-rejoint-econocom-factory-et-ouvre-une-nouvelle-etape-de-son-developpement\/"},"author":{"name":"Jordan","@id":"https:\/\/pulse-beziers.fr\/#\/schema\/person\/ce4160d5785562dc30723e520933e8e9"},"headline":"Back IT rejoint Econocom Factory et ouvre une nouvelle \u00e9tape de son d\u00e9veloppement","datePublished":"2026-03-11T15:23:36+00:00","dateModified":"2026-03-11T15:23:37+00:00","mainEntityOfPage":{"@id":"https:\/\/pulse-beziers.fr\/index.php\/2026\/03\/11\/back-it-rejoint-econocom-factory-et-ouvre-une-nouvelle-etape-de-son-developpement\/"},"wordCount":295,"publisher":{"@id":"https:\/\/pulse-beziers.fr\/#organization"},"image":{"@id":"https:\/\/pulse-beziers.fr\/index.php\/2026\/03\/11\/back-it-rejoint-econocom-factory-et-ouvre-une-nouvelle-etape-de-son-developpement\/#primaryimage"},"thumbnailUrl":"https:\/\/pulse-beziers.fr\/wp-content\/uploads\/2026\/03\/ECONOCOM-BACK-IT.png","articleSection":["INFORMATION"],"inLanguage":"fr-FR"},{"@type":"WebPage","@id":"https:\/\/pulse-beziers.fr\/index.php\/2026\/03\/11\/back-it-rejoint-econocom-factory-et-ouvre-une-nouvelle-etape-de-son-developpement\/","url":"https:\/\/pulse-beziers.fr\/index.php\/2026\/03\/11\/back-it-rejoint-econocom-factory-et-ouvre-une-nouvelle-etape-de-son-developpement\/","name":"Back IT rejoint Econocom Factory et ouvre une nouvelle \u00e9tape de son d\u00e9veloppement - PULSE","isPartOf":{"@id":"https:\/\/pulse-beziers.fr\/#website"},"primaryImageOfPage":{"@id":"https:\/\/pulse-beziers.fr\/index.php\/2026\/03\/11\/back-it-rejoint-econocom-factory-et-ouvre-une-nouvelle-etape-de-son-developpement\/#primaryimage"},"image":{"@id":"https:\/\/pulse-beziers.fr\/index.php\/2026\/03\/11\/back-it-rejoint-econocom-factory-et-ouvre-une-nouvelle-etape-de-son-developpement\/#primaryimage"},"thumbnailUrl":"https:\/\/pulse-beziers.fr\/wp-content\/uploads\/2026\/03\/ECONOCOM-BACK-IT.png","datePublished":"2026-03-11T15:23:36+00:00","dateModified":"2026-03-11T15:23:37+00:00","breadcrumb":{"@id":"https:\/\/pulse-beziers.fr\/index.php\/2026\/03\/11\/back-it-rejoint-econocom-factory-et-ouvre-une-nouvelle-etape-de-son-developpement\/#breadcrumb"},"inLanguage":"fr-FR","potentialAction":[{"@type":"ReadAction","target":["https:\/\/pulse-beziers.fr\/index.php\/2026\/03\/11\/back-it-rejoint-econocom-factory-et-ouvre-une-nouvelle-etape-de-son-developpement\/"]}]},{"@type":"ImageObject","inLanguage":"fr-FR","@id":"https:\/\/pulse-beziers.fr\/index.php\/2026\/03\/11\/back-it-rejoint-econocom-factory-et-ouvre-une-nouvelle-etape-de-son-developpement\/#primaryimage","url":"https:\/\/pulse-beziers.fr\/wp-content\/uploads\/2026\/03\/ECONOCOM-BACK-IT.png","contentUrl":"https:\/\/pulse-beziers.fr\/wp-content\/uploads\/2026\/03\/ECONOCOM-BACK-IT.png","width":2048,"height":1448,"caption":"Photo : ECONOCOM"},{"@type":"BreadcrumbList","@id":"https:\/\/pulse-beziers.fr\/index.php\/2026\/03\/11\/back-it-rejoint-econocom-factory-et-ouvre-une-nouvelle-etape-de-son-developpement\/#breadcrumb","itemListElement":[{"@type":"ListItem","position":1,"name":"Accueil","item":"https:\/\/pulse-beziers.fr\/"},{"@type":"ListItem","position":2,"name":"Back IT rejoint Econocom Factory et ouvre une nouvelle \u00e9tape de son d\u00e9veloppement"}]},{"@type":"WebSite","@id":"https:\/\/pulse-beziers.fr\/#website","url":"https:\/\/pulse-beziers.fr\/","name":"PULSE","description":"B\u00e9ziers M\u00e9diterran\u00e9e","publisher":{"@id":"https:\/\/pulse-beziers.fr\/#organization"},"potentialAction":[{"@type":"SearchAction","target":{"@type":"EntryPoint","urlTemplate":"https:\/\/pulse-beziers.fr\/?s={search_term_string}"},"query-input":{"@type":"PropertyValueSpecification","valueRequired":true,"valueName":"search_term_string"}}],"inLanguage":"fr-FR"},{"@type":"Organization","@id":"https:\/\/pulse-beziers.fr\/#organization","name":"PULSE","url":"https:\/\/pulse-beziers.fr\/","logo":{"@type":"ImageObject","inLanguage":"fr-FR","@id":"https:\/\/pulse-beziers.fr\/#\/schema\/logo\/image\/","url":"https:\/\/pulse-beziers.fr\/wp-content\/uploads\/2023\/10\/PULSE_OK.png","contentUrl":"https:\/\/pulse-beziers.fr\/wp-content\/uploads\/2023\/10\/PULSE_OK.png","width":1490,"height":506,"caption":"PULSE"},"image":{"@id":"https:\/\/pulse-beziers.fr\/#\/schema\/logo\/image\/"}},{"@type":"Person","@id":"https:\/\/pulse-beziers.fr\/#\/schema\/person\/ce4160d5785562dc30723e520933e8e9","name":"Jordan","image":{"@type":"ImageObject","inLanguage":"fr-FR","@id":"https:\/\/secure.gravatar.com\/avatar\/ae88e378bde730769fc25248bfc128d509bc64fc2fad4d6455517f85742a87fd?s=96&d=mm&r=g","url":"https:\/\/secure.gravatar.com\/avatar\/ae88e378bde730769fc25248bfc128d509bc64fc2fad4d6455517f85742a87fd?s=96&d=mm&r=g","contentUrl":"https:\/\/secure.gravatar.com\/avatar\/ae88e378bde730769fc25248bfc128d509bc64fc2fad4d6455517f85742a87fd?s=96&d=mm&r=g","caption":"Jordan"},"url":"https:\/\/pulse-beziers.fr\/index.php\/author\/jordan\/"}]}},"jetpack_featured_media_url":"https:\/\/pulse-beziers.fr\/wp-content\/uploads\/2026\/03\/ECONOCOM-BACK-IT.png","jetpack_sharing_enabled":true,"_links":{"self":[{"href":"https:\/\/pulse-beziers.fr\/index.php\/wp-json\/wp\/v2\/posts\/8986","targetHints":{"allow":["GET"]}}],"collection":[{"href":"https:\/\/pulse-beziers.fr\/index.php\/wp-json\/wp\/v2\/posts"}],"about":[{"href":"https:\/\/pulse-beziers.fr\/index.php\/wp-json\/wp\/v2\/types\/post"}],"author":[{"embeddable":true,"href":"https:\/\/pulse-beziers.fr\/index.php\/wp-json\/wp\/v2\/users\/4"}],"replies":[{"embeddable":true,"href":"https:\/\/pulse-beziers.fr\/index.php\/wp-json\/wp\/v2\/comments?post=8986"}],"version-history":[{"count":1,"href":"https:\/\/pulse-beziers.fr\/index.php\/wp-json\/wp\/v2\/posts\/8986\/revisions"}],"predecessor-version":[{"id":8988,"href":"https:\/\/pulse-beziers.fr\/index.php\/wp-json\/wp\/v2\/posts\/8986\/revisions\/8988"}],"wp:featuredmedia":[{"embeddable":true,"href":"https:\/\/pulse-beziers.fr\/index.php\/wp-json\/wp\/v2\/media\/8987"}],"wp:attachment":[{"href":"https:\/\/pulse-beziers.fr\/index.php\/wp-json\/wp\/v2\/media?parent=8986"}],"wp:term":[{"taxonomy":"category","embeddable":true,"href":"https:\/\/pulse-beziers.fr\/index.php\/wp-json\/wp\/v2\/categories?post=8986"},{"taxonomy":"post_tag","embeddable":true,"href":"https:\/\/pulse-beziers.fr\/index.php\/wp-json\/wp\/v2\/tags?post=8986"}],"curies":[{"name":"wp","href":"https:\/\/api.w.org\/{rel}","templated":true}]}}