{"id":9256,"date":"2026-04-27T14:32:12","date_gmt":"2026-04-27T12:32:12","guid":{"rendered":"https:\/\/pulse-beziers.fr\/?p=9256"},"modified":"2026-04-27T14:32:13","modified_gmt":"2026-04-27T12:32:13","slug":"matinale-du-financement-les-entreprises-invitees-par-innovosud","status":"publish","type":"post","link":"https:\/\/pulse-beziers.fr\/index.php\/2026\/04\/27\/matinale-du-financement-les-entreprises-invitees-par-innovosud\/","title":{"rendered":"Matinale du Financement : les entreprises invit\u00e9es par Innovosud"},"content":{"rendered":"\n<p>Innovosud organise une nouvelle \u00e9dition de sa Matinale du Financement, un rendez-vous d\u00e9di\u00e9 aux entreprises, start-ups et porteurs de projets innovants.<\/p>\n\n\n\n<p>L\u2019objectif : permettre aux entrepreneurs de d\u00e9couvrir les solutions de financement de l\u2019innovation disponibles en r\u00e9gion et d\u2019\u00e9changer directement avec des acteurs cl\u00e9s de l\u2019accompagnement et du financement.<\/p>\n\n\n\n<p>\ud83d\udcc5 Mardi 19 mai<br>\u23f0 De 8h30 \u00e0 14h00<br>\ud83d\udccd Bureaux &amp; Co \u2013 B\u00e9ziers<\/p>\n\n\n\n<p><strong>Au programme : <\/strong><\/p>\n\n\n\n<ul class=\"wp-block-list\">\n<li>Echanges avec des financeurs publics (La R\u00e9gion Occitanie, Pyr\u00e9n\u00e9es-M\u00e9diterran\u00e9e, Cr\u00e9alia Occitanie, Bpifrance, l&#8217;ADEME Occitanie, AD&#8217;OCC Innovation et Le R\u00e9seau Entreprendre) et partenaires bancaires (Cr\u00e9dit Agricole du Languedoc, Banque Populaire du Sud, BNP Paribas et CIC Sud Ouest)<\/li>\n<\/ul>\n\n\n\n<ul class=\"wp-block-list\">\n<li>Rendez-vous personnalis\u00e9s avec des experts (avocat, comptable, designer industriel, assureur&#8230;) et temps de networking autour d\u2019un cocktail convivial.<\/li>\n<\/ul>\n\n\n\n<p>\ud83d\udc49 Innovosud invite les entreprises du territoire \u00e0 participer \u00e0 cette matin\u00e9e pour obtenir des conseils concrets, d\u00e9velopper leur r\u00e9seau et identifier les opportunit\u00e9s de financement adapt\u00e9es \u00e0 leurs projets.<\/p>\n\n\n\n<p>Pour s&#8217;inscrire : <a href=\"https:\/\/static.teoola.com\/mailing-innovosud-15761.html\">Votre invitation personnelle \u00e0 notre matinale du 19 MAI !<\/a><\/p>\n\n\n\n<p>Pour plus d\u2019informations, contactez PULSE en cliquant ici :\u00a0<a href=\"https:\/\/pulse-beziers.fr\/index.php\/contact\/\">https:\/\/pulse-beziers.fr\/index.php\/contact\/<\/a><\/p>\n","protected":false},"excerpt":{"rendered":"<p>Innovosud organise une nouvelle \u00e9dition de sa Matinale du Financement, un rendez-vous d\u00e9di\u00e9 aux entreprises, start-ups et porteurs de projets innovants. L\u2019objectif : permettre aux entrepreneurs de d\u00e9couvrir les solutions de financement de l\u2019innovation disponibles en r\u00e9gion et d\u2019\u00e9changer directement avec des acteurs cl\u00e9s de l\u2019accompagnement et du financement. \ud83d\udcc5 Mardi 19 mai\u23f0 De 8h30 [&hellip;]<\/p>\n","protected":false},"author":4,"featured_media":9257,"comment_status":"open","ping_status":"open","sticky":false,"template":"","format":"standard","meta":{"_jetpack_memberships_contains_paid_content":false,"footnotes":""},"categories":[6,4,175,9],"tags":[],"class_list":["post-9256","post","type-post","status-publish","format-standard","has-post-thumbnail","hentry","category-economie","category-evenement","category-financement","category-information"],"yoast_head":"<!-- This site is optimized with the Yoast SEO plugin v27.3 - https:\/\/yoast.com\/product\/yoast-seo-wordpress\/ -->\n<title>Matinale du Financement : les entreprises invit\u00e9es par Innovosud - PULSE<\/title>\n<meta name=\"robots\" content=\"index, follow, max-snippet:-1, max-image-preview:large, max-video-preview:-1\" \/>\n<link rel=\"canonical\" href=\"https:\/\/pulse-beziers.fr\/index.php\/2026\/04\/27\/matinale-du-financement-les-entreprises-invitees-par-innovosud\/\" \/>\n<meta property=\"og:locale\" content=\"fr_FR\" \/>\n<meta property=\"og:type\" content=\"article\" \/>\n<meta property=\"og:title\" content=\"Matinale du Financement : les entreprises invit\u00e9es par Innovosud - PULSE\" \/>\n<meta property=\"og:description\" content=\"Innovosud organise une nouvelle \u00e9dition de sa Matinale du Financement, un rendez-vous d\u00e9di\u00e9 aux entreprises, start-ups et porteurs de projets innovants. L\u2019objectif : permettre aux entrepreneurs de d\u00e9couvrir les solutions de financement de l\u2019innovation disponibles en r\u00e9gion et d\u2019\u00e9changer directement avec des acteurs cl\u00e9s de l\u2019accompagnement et du financement. \ud83d\udcc5 Mardi 19 mai\u23f0 De 8h30 [&hellip;]\" \/>\n<meta property=\"og:url\" content=\"https:\/\/pulse-beziers.fr\/index.php\/2026\/04\/27\/matinale-du-financement-les-entreprises-invitees-par-innovosud\/\" \/>\n<meta property=\"og:site_name\" content=\"PULSE\" \/>\n<meta property=\"article:published_time\" content=\"2026-04-27T12:32:12+00:00\" \/>\n<meta property=\"article:modified_time\" content=\"2026-04-27T12:32:13+00:00\" \/>\n<meta property=\"og:image\" content=\"https:\/\/pulse-beziers.fr\/wp-content\/uploads\/2026\/04\/img-69e1f85bdaf93.jpg\" \/>\n\t<meta property=\"og:image:width\" content=\"1080\" \/>\n\t<meta property=\"og:image:height\" content=\"607\" \/>\n\t<meta property=\"og:image:type\" content=\"image\/jpeg\" \/>\n<meta name=\"author\" content=\"Jordan\" \/>\n<meta name=\"twitter:card\" content=\"summary_large_image\" \/>\n<meta name=\"twitter:label1\" content=\"\u00c9crit par\" \/>\n\t<meta name=\"twitter:data1\" content=\"Jordan\" \/>\n\t<meta name=\"twitter:label2\" content=\"Dur\u00e9e de lecture estim\u00e9e\" \/>\n\t<meta name=\"twitter:data2\" content=\"2 minutes\" \/>\n<script type=\"application\/ld+json\" class=\"yoast-schema-graph\">{\"@context\":\"https:\\\/\\\/schema.org\",\"@graph\":[{\"@type\":\"Article\",\"@id\":\"https:\\\/\\\/pulse-beziers.fr\\\/index.php\\\/2026\\\/04\\\/27\\\/matinale-du-financement-les-entreprises-invitees-par-innovosud\\\/#article\",\"isPartOf\":{\"@id\":\"https:\\\/\\\/pulse-beziers.fr\\\/index.php\\\/2026\\\/04\\\/27\\\/matinale-du-financement-les-entreprises-invitees-par-innovosud\\\/\"},\"author\":{\"name\":\"Jordan\",\"@id\":\"https:\\\/\\\/pulse-beziers.fr\\\/#\\\/schema\\\/person\\\/ce4160d5785562dc30723e520933e8e9\"},\"headline\":\"Matinale du Financement : les entreprises invit\u00e9es par Innovosud\",\"datePublished\":\"2026-04-27T12:32:12+00:00\",\"dateModified\":\"2026-04-27T12:32:13+00:00\",\"mainEntityOfPage\":{\"@id\":\"https:\\\/\\\/pulse-beziers.fr\\\/index.php\\\/2026\\\/04\\\/27\\\/matinale-du-financement-les-entreprises-invitees-par-innovosud\\\/\"},\"wordCount\":197,\"commentCount\":0,\"publisher\":{\"@id\":\"https:\\\/\\\/pulse-beziers.fr\\\/#organization\"},\"image\":{\"@id\":\"https:\\\/\\\/pulse-beziers.fr\\\/index.php\\\/2026\\\/04\\\/27\\\/matinale-du-financement-les-entreprises-invitees-par-innovosud\\\/#primaryimage\"},\"thumbnailUrl\":\"https:\\\/\\\/pulse-beziers.fr\\\/wp-content\\\/uploads\\\/2026\\\/04\\\/img-69e1f85bdaf93.jpg\",\"articleSection\":[\"ECONOMIE\",\"EVENEMENT\",\"FINANCEMENT\",\"INFORMATION\"],\"inLanguage\":\"fr-FR\",\"potentialAction\":[{\"@type\":\"CommentAction\",\"name\":\"Comment\",\"target\":[\"https:\\\/\\\/pulse-beziers.fr\\\/index.php\\\/2026\\\/04\\\/27\\\/matinale-du-financement-les-entreprises-invitees-par-innovosud\\\/#respond\"]}]},{\"@type\":\"WebPage\",\"@id\":\"https:\\\/\\\/pulse-beziers.fr\\\/index.php\\\/2026\\\/04\\\/27\\\/matinale-du-financement-les-entreprises-invitees-par-innovosud\\\/\",\"url\":\"https:\\\/\\\/pulse-beziers.fr\\\/index.php\\\/2026\\\/04\\\/27\\\/matinale-du-financement-les-entreprises-invitees-par-innovosud\\\/\",\"name\":\"Matinale du Financement : les entreprises invit\u00e9es par Innovosud - PULSE\",\"isPartOf\":{\"@id\":\"https:\\\/\\\/pulse-beziers.fr\\\/#website\"},\"primaryImageOfPage\":{\"@id\":\"https:\\\/\\\/pulse-beziers.fr\\\/index.php\\\/2026\\\/04\\\/27\\\/matinale-du-financement-les-entreprises-invitees-par-innovosud\\\/#primaryimage\"},\"image\":{\"@id\":\"https:\\\/\\\/pulse-beziers.fr\\\/index.php\\\/2026\\\/04\\\/27\\\/matinale-du-financement-les-entreprises-invitees-par-innovosud\\\/#primaryimage\"},\"thumbnailUrl\":\"https:\\\/\\\/pulse-beziers.fr\\\/wp-content\\\/uploads\\\/2026\\\/04\\\/img-69e1f85bdaf93.jpg\",\"datePublished\":\"2026-04-27T12:32:12+00:00\",\"dateModified\":\"2026-04-27T12:32:13+00:00\",\"breadcrumb\":{\"@id\":\"https:\\\/\\\/pulse-beziers.fr\\\/index.php\\\/2026\\\/04\\\/27\\\/matinale-du-financement-les-entreprises-invitees-par-innovosud\\\/#breadcrumb\"},\"inLanguage\":\"fr-FR\",\"potentialAction\":[{\"@type\":\"ReadAction\",\"target\":[\"https:\\\/\\\/pulse-beziers.fr\\\/index.php\\\/2026\\\/04\\\/27\\\/matinale-du-financement-les-entreprises-invitees-par-innovosud\\\/\"]}]},{\"@type\":\"ImageObject\",\"inLanguage\":\"fr-FR\",\"@id\":\"https:\\\/\\\/pulse-beziers.fr\\\/index.php\\\/2026\\\/04\\\/27\\\/matinale-du-financement-les-entreprises-invitees-par-innovosud\\\/#primaryimage\",\"url\":\"https:\\\/\\\/pulse-beziers.fr\\\/wp-content\\\/uploads\\\/2026\\\/04\\\/img-69e1f85bdaf93.jpg\",\"contentUrl\":\"https:\\\/\\\/pulse-beziers.fr\\\/wp-content\\\/uploads\\\/2026\\\/04\\\/img-69e1f85bdaf93.jpg\",\"width\":1080,\"height\":607},{\"@type\":\"BreadcrumbList\",\"@id\":\"https:\\\/\\\/pulse-beziers.fr\\\/index.php\\\/2026\\\/04\\\/27\\\/matinale-du-financement-les-entreprises-invitees-par-innovosud\\\/#breadcrumb\",\"itemListElement\":[{\"@type\":\"ListItem\",\"position\":1,\"name\":\"Accueil\",\"item\":\"https:\\\/\\\/pulse-beziers.fr\\\/\"},{\"@type\":\"ListItem\",\"position\":2,\"name\":\"Matinale du Financement : les entreprises invit\u00e9es par Innovosud\"}]},{\"@type\":\"WebSite\",\"@id\":\"https:\\\/\\\/pulse-beziers.fr\\\/#website\",\"url\":\"https:\\\/\\\/pulse-beziers.fr\\\/\",\"name\":\"PULSE\",\"description\":\"B\u00e9ziers M\u00e9diterran\u00e9e\",\"publisher\":{\"@id\":\"https:\\\/\\\/pulse-beziers.fr\\\/#organization\"},\"potentialAction\":[{\"@type\":\"SearchAction\",\"target\":{\"@type\":\"EntryPoint\",\"urlTemplate\":\"https:\\\/\\\/pulse-beziers.fr\\\/?s={search_term_string}\"},\"query-input\":{\"@type\":\"PropertyValueSpecification\",\"valueRequired\":true,\"valueName\":\"search_term_string\"}}],\"inLanguage\":\"fr-FR\"},{\"@type\":\"Organization\",\"@id\":\"https:\\\/\\\/pulse-beziers.fr\\\/#organization\",\"name\":\"PULSE\",\"url\":\"https:\\\/\\\/pulse-beziers.fr\\\/\",\"logo\":{\"@type\":\"ImageObject\",\"inLanguage\":\"fr-FR\",\"@id\":\"https:\\\/\\\/pulse-beziers.fr\\\/#\\\/schema\\\/logo\\\/image\\\/\",\"url\":\"https:\\\/\\\/pulse-beziers.fr\\\/wp-content\\\/uploads\\\/2023\\\/10\\\/PULSE_OK.png\",\"contentUrl\":\"https:\\\/\\\/pulse-beziers.fr\\\/wp-content\\\/uploads\\\/2023\\\/10\\\/PULSE_OK.png\",\"width\":1490,\"height\":506,\"caption\":\"PULSE\"},\"image\":{\"@id\":\"https:\\\/\\\/pulse-beziers.fr\\\/#\\\/schema\\\/logo\\\/image\\\/\"}},{\"@type\":\"Person\",\"@id\":\"https:\\\/\\\/pulse-beziers.fr\\\/#\\\/schema\\\/person\\\/ce4160d5785562dc30723e520933e8e9\",\"name\":\"Jordan\",\"image\":{\"@type\":\"ImageObject\",\"inLanguage\":\"fr-FR\",\"@id\":\"https:\\\/\\\/secure.gravatar.com\\\/avatar\\\/ae88e378bde730769fc25248bfc128d509bc64fc2fad4d6455517f85742a87fd?s=96&d=mm&r=g\",\"url\":\"https:\\\/\\\/secure.gravatar.com\\\/avatar\\\/ae88e378bde730769fc25248bfc128d509bc64fc2fad4d6455517f85742a87fd?s=96&d=mm&r=g\",\"contentUrl\":\"https:\\\/\\\/secure.gravatar.com\\\/avatar\\\/ae88e378bde730769fc25248bfc128d509bc64fc2fad4d6455517f85742a87fd?s=96&d=mm&r=g\",\"caption\":\"Jordan\"},\"url\":\"https:\\\/\\\/pulse-beziers.fr\\\/index.php\\\/author\\\/jordan\\\/\"}]}<\/script>\n<!-- \/ Yoast SEO plugin. -->","yoast_head_json":{"title":"Matinale du Financement : les entreprises invit\u00e9es par Innovosud - PULSE","robots":{"index":"index","follow":"follow","max-snippet":"max-snippet:-1","max-image-preview":"max-image-preview:large","max-video-preview":"max-video-preview:-1"},"canonical":"https:\/\/pulse-beziers.fr\/index.php\/2026\/04\/27\/matinale-du-financement-les-entreprises-invitees-par-innovosud\/","og_locale":"fr_FR","og_type":"article","og_title":"Matinale du Financement : les entreprises invit\u00e9es par Innovosud - PULSE","og_description":"Innovosud organise une nouvelle \u00e9dition de sa Matinale du Financement, un rendez-vous d\u00e9di\u00e9 aux entreprises, start-ups et porteurs de projets innovants. L\u2019objectif : permettre aux entrepreneurs de d\u00e9couvrir les solutions de financement de l\u2019innovation disponibles en r\u00e9gion et d\u2019\u00e9changer directement avec des acteurs cl\u00e9s de l\u2019accompagnement et du financement. \ud83d\udcc5 Mardi 19 mai\u23f0 De 8h30 [&hellip;]","og_url":"https:\/\/pulse-beziers.fr\/index.php\/2026\/04\/27\/matinale-du-financement-les-entreprises-invitees-par-innovosud\/","og_site_name":"PULSE","article_published_time":"2026-04-27T12:32:12+00:00","article_modified_time":"2026-04-27T12:32:13+00:00","og_image":[{"width":1080,"height":607,"url":"https:\/\/pulse-beziers.fr\/wp-content\/uploads\/2026\/04\/img-69e1f85bdaf93.jpg","type":"image\/jpeg"}],"author":"Jordan","twitter_card":"summary_large_image","twitter_misc":{"\u00c9crit par":"Jordan","Dur\u00e9e de lecture estim\u00e9e":"2 minutes"},"schema":{"@context":"https:\/\/schema.org","@graph":[{"@type":"Article","@id":"https:\/\/pulse-beziers.fr\/index.php\/2026\/04\/27\/matinale-du-financement-les-entreprises-invitees-par-innovosud\/#article","isPartOf":{"@id":"https:\/\/pulse-beziers.fr\/index.php\/2026\/04\/27\/matinale-du-financement-les-entreprises-invitees-par-innovosud\/"},"author":{"name":"Jordan","@id":"https:\/\/pulse-beziers.fr\/#\/schema\/person\/ce4160d5785562dc30723e520933e8e9"},"headline":"Matinale du Financement : les entreprises invit\u00e9es par Innovosud","datePublished":"2026-04-27T12:32:12+00:00","dateModified":"2026-04-27T12:32:13+00:00","mainEntityOfPage":{"@id":"https:\/\/pulse-beziers.fr\/index.php\/2026\/04\/27\/matinale-du-financement-les-entreprises-invitees-par-innovosud\/"},"wordCount":197,"commentCount":0,"publisher":{"@id":"https:\/\/pulse-beziers.fr\/#organization"},"image":{"@id":"https:\/\/pulse-beziers.fr\/index.php\/2026\/04\/27\/matinale-du-financement-les-entreprises-invitees-par-innovosud\/#primaryimage"},"thumbnailUrl":"https:\/\/pulse-beziers.fr\/wp-content\/uploads\/2026\/04\/img-69e1f85bdaf93.jpg","articleSection":["ECONOMIE","EVENEMENT","FINANCEMENT","INFORMATION"],"inLanguage":"fr-FR","potentialAction":[{"@type":"CommentAction","name":"Comment","target":["https:\/\/pulse-beziers.fr\/index.php\/2026\/04\/27\/matinale-du-financement-les-entreprises-invitees-par-innovosud\/#respond"]}]},{"@type":"WebPage","@id":"https:\/\/pulse-beziers.fr\/index.php\/2026\/04\/27\/matinale-du-financement-les-entreprises-invitees-par-innovosud\/","url":"https:\/\/pulse-beziers.fr\/index.php\/2026\/04\/27\/matinale-du-financement-les-entreprises-invitees-par-innovosud\/","name":"Matinale du Financement : les entreprises invit\u00e9es par Innovosud - PULSE","isPartOf":{"@id":"https:\/\/pulse-beziers.fr\/#website"},"primaryImageOfPage":{"@id":"https:\/\/pulse-beziers.fr\/index.php\/2026\/04\/27\/matinale-du-financement-les-entreprises-invitees-par-innovosud\/#primaryimage"},"image":{"@id":"https:\/\/pulse-beziers.fr\/index.php\/2026\/04\/27\/matinale-du-financement-les-entreprises-invitees-par-innovosud\/#primaryimage"},"thumbnailUrl":"https:\/\/pulse-beziers.fr\/wp-content\/uploads\/2026\/04\/img-69e1f85bdaf93.jpg","datePublished":"2026-04-27T12:32:12+00:00","dateModified":"2026-04-27T12:32:13+00:00","breadcrumb":{"@id":"https:\/\/pulse-beziers.fr\/index.php\/2026\/04\/27\/matinale-du-financement-les-entreprises-invitees-par-innovosud\/#breadcrumb"},"inLanguage":"fr-FR","potentialAction":[{"@type":"ReadAction","target":["https:\/\/pulse-beziers.fr\/index.php\/2026\/04\/27\/matinale-du-financement-les-entreprises-invitees-par-innovosud\/"]}]},{"@type":"ImageObject","inLanguage":"fr-FR","@id":"https:\/\/pulse-beziers.fr\/index.php\/2026\/04\/27\/matinale-du-financement-les-entreprises-invitees-par-innovosud\/#primaryimage","url":"https:\/\/pulse-beziers.fr\/wp-content\/uploads\/2026\/04\/img-69e1f85bdaf93.jpg","contentUrl":"https:\/\/pulse-beziers.fr\/wp-content\/uploads\/2026\/04\/img-69e1f85bdaf93.jpg","width":1080,"height":607},{"@type":"BreadcrumbList","@id":"https:\/\/pulse-beziers.fr\/index.php\/2026\/04\/27\/matinale-du-financement-les-entreprises-invitees-par-innovosud\/#breadcrumb","itemListElement":[{"@type":"ListItem","position":1,"name":"Accueil","item":"https:\/\/pulse-beziers.fr\/"},{"@type":"ListItem","position":2,"name":"Matinale du Financement : les entreprises invit\u00e9es par Innovosud"}]},{"@type":"WebSite","@id":"https:\/\/pulse-beziers.fr\/#website","url":"https:\/\/pulse-beziers.fr\/","name":"PULSE","description":"B\u00e9ziers M\u00e9diterran\u00e9e","publisher":{"@id":"https:\/\/pulse-beziers.fr\/#organization"},"potentialAction":[{"@type":"SearchAction","target":{"@type":"EntryPoint","urlTemplate":"https:\/\/pulse-beziers.fr\/?s={search_term_string}"},"query-input":{"@type":"PropertyValueSpecification","valueRequired":true,"valueName":"search_term_string"}}],"inLanguage":"fr-FR"},{"@type":"Organization","@id":"https:\/\/pulse-beziers.fr\/#organization","name":"PULSE","url":"https:\/\/pulse-beziers.fr\/","logo":{"@type":"ImageObject","inLanguage":"fr-FR","@id":"https:\/\/pulse-beziers.fr\/#\/schema\/logo\/image\/","url":"https:\/\/pulse-beziers.fr\/wp-content\/uploads\/2023\/10\/PULSE_OK.png","contentUrl":"https:\/\/pulse-beziers.fr\/wp-content\/uploads\/2023\/10\/PULSE_OK.png","width":1490,"height":506,"caption":"PULSE"},"image":{"@id":"https:\/\/pulse-beziers.fr\/#\/schema\/logo\/image\/"}},{"@type":"Person","@id":"https:\/\/pulse-beziers.fr\/#\/schema\/person\/ce4160d5785562dc30723e520933e8e9","name":"Jordan","image":{"@type":"ImageObject","inLanguage":"fr-FR","@id":"https:\/\/secure.gravatar.com\/avatar\/ae88e378bde730769fc25248bfc128d509bc64fc2fad4d6455517f85742a87fd?s=96&d=mm&r=g","url":"https:\/\/secure.gravatar.com\/avatar\/ae88e378bde730769fc25248bfc128d509bc64fc2fad4d6455517f85742a87fd?s=96&d=mm&r=g","contentUrl":"https:\/\/secure.gravatar.com\/avatar\/ae88e378bde730769fc25248bfc128d509bc64fc2fad4d6455517f85742a87fd?s=96&d=mm&r=g","caption":"Jordan"},"url":"https:\/\/pulse-beziers.fr\/index.php\/author\/jordan\/"}]}},"jetpack_featured_media_url":"https:\/\/pulse-beziers.fr\/wp-content\/uploads\/2026\/04\/img-69e1f85bdaf93.jpg","jetpack_sharing_enabled":true,"_links":{"self":[{"href":"https:\/\/pulse-beziers.fr\/index.php\/wp-json\/wp\/v2\/posts\/9256","targetHints":{"allow":["GET"]}}],"collection":[{"href":"https:\/\/pulse-beziers.fr\/index.php\/wp-json\/wp\/v2\/posts"}],"about":[{"href":"https:\/\/pulse-beziers.fr\/index.php\/wp-json\/wp\/v2\/types\/post"}],"author":[{"embeddable":true,"href":"https:\/\/pulse-beziers.fr\/index.php\/wp-json\/wp\/v2\/users\/4"}],"replies":[{"embeddable":true,"href":"https:\/\/pulse-beziers.fr\/index.php\/wp-json\/wp\/v2\/comments?post=9256"}],"version-history":[{"count":1,"href":"https:\/\/pulse-beziers.fr\/index.php\/wp-json\/wp\/v2\/posts\/9256\/revisions"}],"predecessor-version":[{"id":9258,"href":"https:\/\/pulse-beziers.fr\/index.php\/wp-json\/wp\/v2\/posts\/9256\/revisions\/9258"}],"wp:featuredmedia":[{"embeddable":true,"href":"https:\/\/pulse-beziers.fr\/index.php\/wp-json\/wp\/v2\/media\/9257"}],"wp:attachment":[{"href":"https:\/\/pulse-beziers.fr\/index.php\/wp-json\/wp\/v2\/media?parent=9256"}],"wp:term":[{"taxonomy":"category","embeddable":true,"href":"https:\/\/pulse-beziers.fr\/index.php\/wp-json\/wp\/v2\/categories?post=9256"},{"taxonomy":"post_tag","embeddable":true,"href":"https:\/\/pulse-beziers.fr\/index.php\/wp-json\/wp\/v2\/tags?post=9256"}],"curies":[{"name":"wp","href":"https:\/\/api.w.org\/{rel}","templated":true}]}}